{"id":141855,"date":"2026-02-03T11:11:26","date_gmt":"2026-02-03T10:11:26","guid":{"rendered":"https:\/\/castelldor.com\/castell-dor-arrenca-amb-exit-la-seva-participacio-a-la-barcelona-wine-week-2026\/"},"modified":"2026-02-06T09:16:49","modified_gmt":"2026-02-06T08:16:49","slug":"castell-dor-arranca-con-exito-su-participacion-en-la-bcna-wine-week-2026","status":"publish","type":"post","link":"https:\/\/castelldor.com\/es\/castell-dor-arranca-con-exito-su-participacion-en-la-bcna-wine-week-2026\/","title":{"rendered":"Castell d&#8217;Or se despide de la BWW con un balance muy positivo"},"content":{"rendered":"<p data-start=\"109\" data-end=\"275\">El nuevo concepto de estand ha simbolizado un momento clave para Castell d\u2019Or, consolidando su presencia en una de las \u00e1reas m\u00e1s destacadas de la Barcelona Wine Week.<\/p>\n<p data-start=\"277\" data-end=\"847\">Una vez finalizada la feria, la participaci\u00f3n de Castell d\u2019Or en la BWW se cierra con un balance muy positivo. A lo largo de los tres d\u00edas, la feria ha sido el escenario ideal para reencontrarnos con clientes y amigos del sector, conocer a nuevos profesionales, establecer contactos y compartir conversaciones en un ambiente inmejorable, marcado por el buen ambiente, la complicidad y el entusiasmo por el mundo del vino y el cava. Esta experiencia ha reforzado el paso adelante que el grupo ha dado en esta edici\u00f3n de la BWW, situ\u00e1ndose por primera vez en este espacio.<\/p>\n<p data-start=\"893\" data-end=\"1347\">Castell d\u2019Or ha vuelto a estar presente en la Barcelona Wine Week, que se celebra del 2 al 4 de febrero de 2026 en el Recinto de Montju\u00efc de Fira de Barcelona, con un estand m\u00e1s amplio, moderno y personalizado, ubicado en el <strong data-start=\"1115\" data-end=\"1158\">Pabell\u00f3n 8, Nivel 0, Calle D, Stand 188<\/strong>. Este nuevo espacio, dise\u00f1ado a medida, permite mostrar de forma integral el proyecto del grupo, poner en valor su identidad visual y destacar la calidad y diversidad de sus vinos y cavas.<\/p>\n<p><iframe title=\"YouTube video player\" src=\"https:\/\/www.youtube.com\/embed\/Tfouble0sxU?si=ualhb0iWhWeFNDpZ\" width=\"560\" height=\"315\" frameborder=\"0\" allowfullscreen=\"allowfullscreen\"><\/iframe><\/p>\n<p data-start=\"1349\" data-end=\"2025\">El nuevo concepto de estand simboliza un momento clave para Castell d\u2019Or, consolidando su presencia en una de las \u00e1reas m\u00e1s destacadas de la feria y reforzando su proyecci\u00f3n tanto en el mercado nacional como en el internacional. Durante los tres d\u00edas del sal\u00f3n, el equipo comercial de Castell d\u2019Or atender\u00e1 a profesionales del sector para presentar las \u00faltimas a\u00f1adas listas para su lanzamiento, as\u00ed como su amplia gama de vinos y cavas elaborados bajo distintas denominaciones de origen. La participaci\u00f3n en la BWW se convierte, un a\u00f1o m\u00e1s, en una oportunidad estrat\u00e9gica para generar nuevas oportunidades de negocio y consolidar relaciones con distribuidores e importadores.<\/p>\n<p data-start=\"1349\" data-end=\"2025\">Durante el primer d\u00eda de feria, el grupo cont\u00f3 con una propuesta de c\u00f3cteles de la mano de <strong data-start=\"174\" data-end=\"197\">Bar Costa Barcelona<\/strong>, que apost\u00f3 por un <strong data-start=\"217\" data-end=\"275\">mojito de fresa elaborado con cava Castell d\u2019Or Rosado<\/strong>, acompa\u00f1ado por la sesi\u00f3n musical de <strong data-start=\"313\" data-end=\"323\">DJ Lia<\/strong>, creando un ambiente distendido y sofisticado.<\/p>\n<h3 data-start=\"2027\" data-end=\"2061\">NOVEDADES Y APUESTAS PARA 2026<\/h3>\n<p data-start=\"2063\" data-end=\"2417\">En el marco de la feria, Castell d\u2019Or da a conocer diversas novedades que refuerzan su compromiso con la calidad, la sostenibilidad y el arraigo al territorio. Entre estas innovaciones destaca un <strong data-start=\"2259\" data-end=\"2311\">cava monovarietal con m\u00e1s de 24 meses de crianza<\/strong>, una propuesta singular y diferencial concebida para cautivar a los visitantes de la Barcelona Wine Week.<\/p>\n<p data-start=\"2419\" data-end=\"2990\">Esta novedad se suma a otras propuestas relevantes como el <strong data-start=\"2478\" data-end=\"2512\">Vino Tinto DO Conca de Barber\u00e0<\/strong>, elaborado a partir de la variedad aut\u00f3ctona <strong data-start=\"2558\" data-end=\"2568\">Trepat<\/strong>, con una crianza superior a los cuatro meses en barrica de roble, que le aporta una personalidad marcada y un car\u00e1cter distintivo. Por otro lado, en sinton\u00eda con las nuevas tendencias de consumo y con una clara apuesta por los productos de baja graduaci\u00f3n o desalcoholizados, el grupo ampl\u00eda su gama con el <strong data-start=\"2876\" data-end=\"2901\">Sparkling Cabaret 0,0<\/strong>, una propuesta que mantiene la frescura, el equilibrio y la calidad propios de la marca.<\/p>\n<h3 data-start=\"2992\" data-end=\"3027\">PLAN DE PROMOCI\u00d3N INTERNACIONAL<\/h3>\n<p data-start=\"3029\" data-end=\"3516\">La participaci\u00f3n en la Barcelona Wine Week marca tambi\u00e9n el inicio de un intenso plan de promoci\u00f3n internacional de cara a 2026, que incluye misiones comerciales y la presencia en ferias y salones especializados de todo el mundo. En este contexto, Castell d\u2019Or estar\u00e1 presente en <strong data-start=\"3309\" data-end=\"3323\">Wine Paris<\/strong> y <strong data-start=\"3326\" data-end=\"3348\">Prowein D\u00fcsseldorf<\/strong> el pr\u00f3ximo mes de marzo, con el objetivo de seguir acercando sus vinos y cavas a distribuidores, importadores, cadenas de retail y profesionales del sector <strong data-start=\"3505\" data-end=\"3515\">Horeca<\/strong>.<\/p>\n","protected":false},"excerpt":{"rendered":"<p>El nuevo concepto de estand ha simbolizado un momento clave para Castell d\u2019Or, consolidando su presencia en una de las \u00e1reas m\u00e1s destacadas de la Barcelona Wine Week. Una vez finalizada la feria, la participaci\u00f3n de Castell d\u2019Or en la BWW se cierra con un balance muy positivo. A lo largo de los tres d\u00edas,&hellip;&nbsp;<a href=\"https:\/\/castelldor.com\/es\/castell-dor-arranca-con-exito-su-participacion-en-la-bcna-wine-week-2026\/\" rel=\"bookmark\">Read More &raquo;<span class=\"screen-reader-text\">Castell d&#8217;Or se despide de la BWW con un balance muy positivo<\/span><\/a><\/p>\n","protected":false},"author":2,"featured_media":141857,"comment_status":"closed","ping_status":"closed","sticky":false,"template":"","format":"standard","meta":{"_acf_changed":false,"inline_featured_image":false,"neve_meta_sidebar":"","neve_meta_container":"","neve_meta_enable_content_width":"off","neve_meta_content_width":70,"neve_meta_title_alignment":"","neve_meta_author_avatar":"","neve_post_elements_order":"","neve_meta_disable_header":"","neve_meta_disable_footer":"","neve_meta_disable_title":"","neve_meta_reading_time":"","footnotes":""},"categories":[44],"tags":[],"class_list":["post-141855","post","type-post","status-publish","format-standard","has-post-thumbnail","hentry","category-actualidad"],"acf":[],"yoast_head":"<!-- This site is optimized with the Yoast SEO plugin v27.4 - https:\/\/yoast.com\/product\/yoast-seo-wordpress\/ -->\n<title>Castell d\u2019Or arranca su participaci\u00f3n en la BCNA Wine Week 2026| Castell d&#039;Or<\/title>\n<meta name=\"description\" content=\"Castell d\u2019Or arranca con \u00e9xito su participaci\u00f3n en la Barcelona Wine Week 2026 con un nuevo estand en el \u00e1rea de Brands.\" \/>\n<meta name=\"robots\" content=\"index, follow, max-snippet:-1, max-image-preview:large, max-video-preview:-1\" \/>\n<link rel=\"canonical\" href=\"https:\/\/castelldor.com\/es\/castell-dor-arranca-con-exito-su-participacion-en-la-bcna-wine-week-2026\/\" \/>\n<meta property=\"og:locale\" content=\"es_ES\" \/>\n<meta property=\"og:type\" content=\"article\" \/>\n<meta property=\"og:title\" content=\"Castell d\u2019Or arranca su participaci\u00f3n en la BCNA Wine Week 2026| Castell d&#039;Or\" \/>\n<meta property=\"og:description\" content=\"Castell d\u2019Or arranca con \u00e9xito su participaci\u00f3n en la Barcelona Wine Week 2026 con un nuevo estand en el \u00e1rea de Brands.\" \/>\n<meta property=\"og:url\" content=\"https:\/\/castelldor.com\/es\/castell-dor-arranca-con-exito-su-participacion-en-la-bcna-wine-week-2026\/\" \/>\n<meta property=\"og:site_name\" content=\"Castell d&#039;Or\" \/>\n<meta property=\"article:published_time\" content=\"2026-02-03T10:11:26+00:00\" \/>\n<meta property=\"article:modified_time\" content=\"2026-02-06T08:16:49+00:00\" \/>\n<meta property=\"og:image\" content=\"https:\/\/castelldor.com\/wp-content\/uploads\/2026\/02\/bww-castelldor-16-of-16b.jpg\" \/>\n\t<meta property=\"og:image:width\" content=\"2000\" \/>\n\t<meta property=\"og:image:height\" content=\"1363\" \/>\n\t<meta property=\"og:image:type\" content=\"image\/jpeg\" \/>\n<meta name=\"author\" content=\"Cristina\" \/>\n<meta name=\"twitter:card\" content=\"summary_large_image\" \/>\n<meta name=\"twitter:label1\" content=\"Escrito por\" \/>\n\t<meta name=\"twitter:data1\" content=\"Cristina\" \/>\n\t<meta name=\"twitter:label2\" content=\"Tiempo de lectura\" \/>\n\t<meta name=\"twitter:data2\" content=\"4 minutos\" \/>\n<script type=\"application\/ld+json\" class=\"yoast-schema-graph\">{\"@context\":\"https:\\\/\\\/schema.org\",\"@graph\":[{\"@type\":\"Article\",\"@id\":\"https:\\\/\\\/castelldor.com\\\/es\\\/castell-dor-arranca-con-exito-su-participacion-en-la-bcna-wine-week-2026\\\/#article\",\"isPartOf\":{\"@id\":\"https:\\\/\\\/castelldor.com\\\/es\\\/castell-dor-arranca-con-exito-su-participacion-en-la-bcna-wine-week-2026\\\/\"},\"author\":{\"name\":\"Cristina\",\"@id\":\"https:\\\/\\\/castelldor.com\\\/es\\\/#\\\/schema\\\/person\\\/3800fc91546b8fea5812fe762dd57eab\"},\"headline\":\"Castell d&#8217;Or se despide de la BWW con un balance muy positivo\",\"datePublished\":\"2026-02-03T10:11:26+00:00\",\"dateModified\":\"2026-02-06T08:16:49+00:00\",\"mainEntityOfPage\":{\"@id\":\"https:\\\/\\\/castelldor.com\\\/es\\\/castell-dor-arranca-con-exito-su-participacion-en-la-bcna-wine-week-2026\\\/\"},\"wordCount\":646,\"publisher\":{\"@id\":\"https:\\\/\\\/castelldor.com\\\/es\\\/#organization\"},\"image\":{\"@id\":\"https:\\\/\\\/castelldor.com\\\/es\\\/castell-dor-arranca-con-exito-su-participacion-en-la-bcna-wine-week-2026\\\/#primaryimage\"},\"thumbnailUrl\":\"https:\\\/\\\/castelldor.com\\\/wp-content\\\/uploads\\\/2026\\\/02\\\/bww-castelldor-16-of-16b.jpg\",\"articleSection\":[\"Actualidad\"],\"inLanguage\":\"es\"},{\"@type\":\"WebPage\",\"@id\":\"https:\\\/\\\/castelldor.com\\\/es\\\/castell-dor-arranca-con-exito-su-participacion-en-la-bcna-wine-week-2026\\\/\",\"url\":\"https:\\\/\\\/castelldor.com\\\/es\\\/castell-dor-arranca-con-exito-su-participacion-en-la-bcna-wine-week-2026\\\/\",\"name\":\"Castell d\u2019Or arranca su participaci\u00f3n en la BCNA Wine Week 2026| Castell d&#039;Or\",\"isPartOf\":{\"@id\":\"https:\\\/\\\/castelldor.com\\\/es\\\/#website\"},\"primaryImageOfPage\":{\"@id\":\"https:\\\/\\\/castelldor.com\\\/es\\\/castell-dor-arranca-con-exito-su-participacion-en-la-bcna-wine-week-2026\\\/#primaryimage\"},\"image\":{\"@id\":\"https:\\\/\\\/castelldor.com\\\/es\\\/castell-dor-arranca-con-exito-su-participacion-en-la-bcna-wine-week-2026\\\/#primaryimage\"},\"thumbnailUrl\":\"https:\\\/\\\/castelldor.com\\\/wp-content\\\/uploads\\\/2026\\\/02\\\/bww-castelldor-16-of-16b.jpg\",\"datePublished\":\"2026-02-03T10:11:26+00:00\",\"dateModified\":\"2026-02-06T08:16:49+00:00\",\"description\":\"Castell d\u2019Or arranca con \u00e9xito su participaci\u00f3n en la Barcelona Wine Week 2026 con un nuevo estand en el \u00e1rea de Brands.\",\"breadcrumb\":{\"@id\":\"https:\\\/\\\/castelldor.com\\\/es\\\/castell-dor-arranca-con-exito-su-participacion-en-la-bcna-wine-week-2026\\\/#breadcrumb\"},\"inLanguage\":\"es\",\"potentialAction\":[{\"@type\":\"ReadAction\",\"target\":[\"https:\\\/\\\/castelldor.com\\\/es\\\/castell-dor-arranca-con-exito-su-participacion-en-la-bcna-wine-week-2026\\\/\"]}]},{\"@type\":\"ImageObject\",\"inLanguage\":\"es\",\"@id\":\"https:\\\/\\\/castelldor.com\\\/es\\\/castell-dor-arranca-con-exito-su-participacion-en-la-bcna-wine-week-2026\\\/#primaryimage\",\"url\":\"https:\\\/\\\/castelldor.com\\\/wp-content\\\/uploads\\\/2026\\\/02\\\/bww-castelldor-16-of-16b.jpg\",\"contentUrl\":\"https:\\\/\\\/castelldor.com\\\/wp-content\\\/uploads\\\/2026\\\/02\\\/bww-castelldor-16-of-16b.jpg\",\"width\":2000,\"height\":1363},{\"@type\":\"BreadcrumbList\",\"@id\":\"https:\\\/\\\/castelldor.com\\\/es\\\/castell-dor-arranca-con-exito-su-participacion-en-la-bcna-wine-week-2026\\\/#breadcrumb\",\"itemListElement\":[{\"@type\":\"ListItem\",\"position\":1,\"name\":\"Inici\",\"item\":\"https:\\\/\\\/castelldor.com\\\/es\\\/\"},{\"@type\":\"ListItem\",\"position\":2,\"name\":\"Castell d&#8217;Or se despide de la BWW con un balance muy positivo\"}]},{\"@type\":\"WebSite\",\"@id\":\"https:\\\/\\\/castelldor.com\\\/es\\\/#website\",\"url\":\"https:\\\/\\\/castelldor.com\\\/es\\\/\",\"name\":\"Castell d&#039;Or\",\"description\":\"Love people, Love wine\",\"publisher\":{\"@id\":\"https:\\\/\\\/castelldor.com\\\/es\\\/#organization\"},\"potentialAction\":[{\"@type\":\"SearchAction\",\"target\":{\"@type\":\"EntryPoint\",\"urlTemplate\":\"https:\\\/\\\/castelldor.com\\\/es\\\/?s={search_term_string}\"},\"query-input\":{\"@type\":\"PropertyValueSpecification\",\"valueRequired\":true,\"valueName\":\"search_term_string\"}}],\"inLanguage\":\"es\"},{\"@type\":\"Organization\",\"@id\":\"https:\\\/\\\/castelldor.com\\\/es\\\/#organization\",\"name\":\"Castell d'Or\",\"url\":\"https:\\\/\\\/castelldor.com\\\/es\\\/\",\"logo\":{\"@type\":\"ImageObject\",\"inLanguage\":\"es\",\"@id\":\"https:\\\/\\\/castelldor.com\\\/es\\\/#\\\/schema\\\/logo\\\/image\\\/\",\"url\":\"https:\\\/\\\/castelldor.com\\\/wp-content\\\/uploads\\\/2022\\\/08\\\/Castell-dor-blanc.svg\",\"contentUrl\":\"https:\\\/\\\/castelldor.com\\\/wp-content\\\/uploads\\\/2022\\\/08\\\/Castell-dor-blanc.svg\",\"width\":169,\"height\":61,\"caption\":\"Castell d'Or\"},\"image\":{\"@id\":\"https:\\\/\\\/castelldor.com\\\/es\\\/#\\\/schema\\\/logo\\\/image\\\/\"}},{\"@type\":\"Person\",\"@id\":\"https:\\\/\\\/castelldor.com\\\/es\\\/#\\\/schema\\\/person\\\/3800fc91546b8fea5812fe762dd57eab\",\"name\":\"Cristina\",\"image\":{\"@type\":\"ImageObject\",\"inLanguage\":\"es\",\"@id\":\"https:\\\/\\\/secure.gravatar.com\\\/avatar\\\/579c1860b6ddac6d2d774a241f04090d5c13b826525a5d2ed1cf72ca0cce4a17?s=96&d=mm&r=g\",\"url\":\"https:\\\/\\\/secure.gravatar.com\\\/avatar\\\/579c1860b6ddac6d2d774a241f04090d5c13b826525a5d2ed1cf72ca0cce4a17?s=96&d=mm&r=g\",\"contentUrl\":\"https:\\\/\\\/secure.gravatar.com\\\/avatar\\\/579c1860b6ddac6d2d774a241f04090d5c13b826525a5d2ed1cf72ca0cce4a17?s=96&d=mm&r=g\",\"caption\":\"Cristina\"}}]}<\/script>\n<!-- \/ Yoast SEO plugin. -->","yoast_head_json":{"title":"Castell d\u2019Or arranca su participaci\u00f3n en la BCNA Wine Week 2026| Castell d&#039;Or","description":"Castell d\u2019Or arranca con \u00e9xito su participaci\u00f3n en la Barcelona Wine Week 2026 con un nuevo estand en el \u00e1rea de Brands.","robots":{"index":"index","follow":"follow","max-snippet":"max-snippet:-1","max-image-preview":"max-image-preview:large","max-video-preview":"max-video-preview:-1"},"canonical":"https:\/\/castelldor.com\/es\/castell-dor-arranca-con-exito-su-participacion-en-la-bcna-wine-week-2026\/","og_locale":"es_ES","og_type":"article","og_title":"Castell d\u2019Or arranca su participaci\u00f3n en la BCNA Wine Week 2026| Castell d&#039;Or","og_description":"Castell d\u2019Or arranca con \u00e9xito su participaci\u00f3n en la Barcelona Wine Week 2026 con un nuevo estand en el \u00e1rea de Brands.","og_url":"https:\/\/castelldor.com\/es\/castell-dor-arranca-con-exito-su-participacion-en-la-bcna-wine-week-2026\/","og_site_name":"Castell d&#039;Or","article_published_time":"2026-02-03T10:11:26+00:00","article_modified_time":"2026-02-06T08:16:49+00:00","og_image":[{"width":2000,"height":1363,"url":"https:\/\/castelldor.com\/wp-content\/uploads\/2026\/02\/bww-castelldor-16-of-16b.jpg","type":"image\/jpeg"}],"author":"Cristina","twitter_card":"summary_large_image","twitter_misc":{"Escrito por":"Cristina","Tiempo de lectura":"4 minutos"},"schema":{"@context":"https:\/\/schema.org","@graph":[{"@type":"Article","@id":"https:\/\/castelldor.com\/es\/castell-dor-arranca-con-exito-su-participacion-en-la-bcna-wine-week-2026\/#article","isPartOf":{"@id":"https:\/\/castelldor.com\/es\/castell-dor-arranca-con-exito-su-participacion-en-la-bcna-wine-week-2026\/"},"author":{"name":"Cristina","@id":"https:\/\/castelldor.com\/es\/#\/schema\/person\/3800fc91546b8fea5812fe762dd57eab"},"headline":"Castell d&#8217;Or se despide de la BWW con un balance muy positivo","datePublished":"2026-02-03T10:11:26+00:00","dateModified":"2026-02-06T08:16:49+00:00","mainEntityOfPage":{"@id":"https:\/\/castelldor.com\/es\/castell-dor-arranca-con-exito-su-participacion-en-la-bcna-wine-week-2026\/"},"wordCount":646,"publisher":{"@id":"https:\/\/castelldor.com\/es\/#organization"},"image":{"@id":"https:\/\/castelldor.com\/es\/castell-dor-arranca-con-exito-su-participacion-en-la-bcna-wine-week-2026\/#primaryimage"},"thumbnailUrl":"https:\/\/castelldor.com\/wp-content\/uploads\/2026\/02\/bww-castelldor-16-of-16b.jpg","articleSection":["Actualidad"],"inLanguage":"es"},{"@type":"WebPage","@id":"https:\/\/castelldor.com\/es\/castell-dor-arranca-con-exito-su-participacion-en-la-bcna-wine-week-2026\/","url":"https:\/\/castelldor.com\/es\/castell-dor-arranca-con-exito-su-participacion-en-la-bcna-wine-week-2026\/","name":"Castell d\u2019Or arranca su participaci\u00f3n en la BCNA Wine Week 2026| Castell d&#039;Or","isPartOf":{"@id":"https:\/\/castelldor.com\/es\/#website"},"primaryImageOfPage":{"@id":"https:\/\/castelldor.com\/es\/castell-dor-arranca-con-exito-su-participacion-en-la-bcna-wine-week-2026\/#primaryimage"},"image":{"@id":"https:\/\/castelldor.com\/es\/castell-dor-arranca-con-exito-su-participacion-en-la-bcna-wine-week-2026\/#primaryimage"},"thumbnailUrl":"https:\/\/castelldor.com\/wp-content\/uploads\/2026\/02\/bww-castelldor-16-of-16b.jpg","datePublished":"2026-02-03T10:11:26+00:00","dateModified":"2026-02-06T08:16:49+00:00","description":"Castell d\u2019Or arranca con \u00e9xito su participaci\u00f3n en la Barcelona Wine Week 2026 con un nuevo estand en el \u00e1rea de Brands.","breadcrumb":{"@id":"https:\/\/castelldor.com\/es\/castell-dor-arranca-con-exito-su-participacion-en-la-bcna-wine-week-2026\/#breadcrumb"},"inLanguage":"es","potentialAction":[{"@type":"ReadAction","target":["https:\/\/castelldor.com\/es\/castell-dor-arranca-con-exito-su-participacion-en-la-bcna-wine-week-2026\/"]}]},{"@type":"ImageObject","inLanguage":"es","@id":"https:\/\/castelldor.com\/es\/castell-dor-arranca-con-exito-su-participacion-en-la-bcna-wine-week-2026\/#primaryimage","url":"https:\/\/castelldor.com\/wp-content\/uploads\/2026\/02\/bww-castelldor-16-of-16b.jpg","contentUrl":"https:\/\/castelldor.com\/wp-content\/uploads\/2026\/02\/bww-castelldor-16-of-16b.jpg","width":2000,"height":1363},{"@type":"BreadcrumbList","@id":"https:\/\/castelldor.com\/es\/castell-dor-arranca-con-exito-su-participacion-en-la-bcna-wine-week-2026\/#breadcrumb","itemListElement":[{"@type":"ListItem","position":1,"name":"Inici","item":"https:\/\/castelldor.com\/es\/"},{"@type":"ListItem","position":2,"name":"Castell d&#8217;Or se despide de la BWW con un balance muy positivo"}]},{"@type":"WebSite","@id":"https:\/\/castelldor.com\/es\/#website","url":"https:\/\/castelldor.com\/es\/","name":"Castell d&#039;Or","description":"Love people, Love wine","publisher":{"@id":"https:\/\/castelldor.com\/es\/#organization"},"potentialAction":[{"@type":"SearchAction","target":{"@type":"EntryPoint","urlTemplate":"https:\/\/castelldor.com\/es\/?s={search_term_string}"},"query-input":{"@type":"PropertyValueSpecification","valueRequired":true,"valueName":"search_term_string"}}],"inLanguage":"es"},{"@type":"Organization","@id":"https:\/\/castelldor.com\/es\/#organization","name":"Castell d'Or","url":"https:\/\/castelldor.com\/es\/","logo":{"@type":"ImageObject","inLanguage":"es","@id":"https:\/\/castelldor.com\/es\/#\/schema\/logo\/image\/","url":"https:\/\/castelldor.com\/wp-content\/uploads\/2022\/08\/Castell-dor-blanc.svg","contentUrl":"https:\/\/castelldor.com\/wp-content\/uploads\/2022\/08\/Castell-dor-blanc.svg","width":169,"height":61,"caption":"Castell d'Or"},"image":{"@id":"https:\/\/castelldor.com\/es\/#\/schema\/logo\/image\/"}},{"@type":"Person","@id":"https:\/\/castelldor.com\/es\/#\/schema\/person\/3800fc91546b8fea5812fe762dd57eab","name":"Cristina","image":{"@type":"ImageObject","inLanguage":"es","@id":"https:\/\/secure.gravatar.com\/avatar\/579c1860b6ddac6d2d774a241f04090d5c13b826525a5d2ed1cf72ca0cce4a17?s=96&d=mm&r=g","url":"https:\/\/secure.gravatar.com\/avatar\/579c1860b6ddac6d2d774a241f04090d5c13b826525a5d2ed1cf72ca0cce4a17?s=96&d=mm&r=g","contentUrl":"https:\/\/secure.gravatar.com\/avatar\/579c1860b6ddac6d2d774a241f04090d5c13b826525a5d2ed1cf72ca0cce4a17?s=96&d=mm&r=g","caption":"Cristina"}}]}},"_links":{"self":[{"href":"https:\/\/castelldor.com\/es\/wp-json\/wp\/v2\/posts\/141855","targetHints":{"allow":["GET"]}}],"collection":[{"href":"https:\/\/castelldor.com\/es\/wp-json\/wp\/v2\/posts"}],"about":[{"href":"https:\/\/castelldor.com\/es\/wp-json\/wp\/v2\/types\/post"}],"author":[{"embeddable":true,"href":"https:\/\/castelldor.com\/es\/wp-json\/wp\/v2\/users\/2"}],"replies":[{"embeddable":true,"href":"https:\/\/castelldor.com\/es\/wp-json\/wp\/v2\/comments?post=141855"}],"version-history":[{"count":12,"href":"https:\/\/castelldor.com\/es\/wp-json\/wp\/v2\/posts\/141855\/revisions"}],"predecessor-version":[{"id":141932,"href":"https:\/\/castelldor.com\/es\/wp-json\/wp\/v2\/posts\/141855\/revisions\/141932"}],"wp:featuredmedia":[{"embeddable":true,"href":"https:\/\/castelldor.com\/es\/wp-json\/wp\/v2\/media\/141857"}],"wp:attachment":[{"href":"https:\/\/castelldor.com\/es\/wp-json\/wp\/v2\/media?parent=141855"}],"wp:term":[{"taxonomy":"category","embeddable":true,"href":"https:\/\/castelldor.com\/es\/wp-json\/wp\/v2\/categories?post=141855"},{"taxonomy":"post_tag","embeddable":true,"href":"https:\/\/castelldor.com\/es\/wp-json\/wp\/v2\/tags?post=141855"}],"curies":[{"name":"wp","href":"https:\/\/api.w.org\/{rel}","templated":true}]}}