{"id":138755,"date":"2024-12-11T14:05:14","date_gmt":"2024-12-11T13:05:14","guid":{"rendered":"https:\/\/castelldor.com\/?p=138755"},"modified":"2024-12-12T11:44:32","modified_gmt":"2024-12-12T10:44:32","slug":"castell-dor-reafirma-el-apoyo-a-lassociacion-afanoc","status":"publish","type":"post","link":"https:\/\/castelldor.com\/es\/castell-dor-reafirma-el-apoyo-a-lassociacion-afanoc\/","title":{"rendered":"Castell d\u2019Or reafirma su apoyo a la asociaci\u00f3n AFANOC"},"content":{"rendered":"<p><strong>El grupo colabora con la entidad dedicada a mejorar la calidad de vida de ni\u00f1os y adolescentes con c\u00e1ncer de la provincia de Tarragona y de toda Catalu\u00f1a.<\/strong><\/p>\n<p>Castell d\u2019Or vuelve a colaborar con la <a href=\"https:\/\/afanoc.org\/es\/\">Asociaci\u00f3n de Familiares y Amigos de Ni\u00f1os Oncol\u00f3gicos de Catalu\u00f1a<\/a> (AFANOC) con una nueva donaci\u00f3n coincidiendo con las fiestas de Navidad. Esta acci\u00f3n solidaria pretende contribuir a las iniciativas de AFANOC para mejorar el bienestar de los ni\u00f1os y adolescentes con c\u00e1ncer, as\u00ed como el de sus familias, especialmente en estas fechas tan se\u00f1aladas.<\/p>\n<p>El objetivo de esta colaboraci\u00f3n es reforzar el apoyo que AFANOC ofrece, desde la atenci\u00f3n psicosocial integral hasta la gesti\u00f3n de recursos como La Casa dels Xuklis, un espacio de acogida para familias que deben desplazarse para recibir tratamiento en los hospitales de referencia. Con esta nueva donaci\u00f3n, Castell d\u2019Or reafirma su compromiso con las causas sociales de su entorno, sum\u00e1ndose a la gran labor de tejer solidaridad y proximidad.<\/p>\n<p>El grupo, formado por 16 cooperativas, mantiene su apuesta por fortalecer el tejido social a trav\u00e9s de colaboraciones con entidades como AFANOC, contribuyendo as\u00ed al bienestar de la comunidad y reafirmando su faceta m\u00e1s solidaria.<\/p>\n<p><strong>Castell d\u2019Or desea a todas las familias unas fiestas llenas de esperanza y solidaridad.<\/strong><\/p>\n","protected":false},"excerpt":{"rendered":"<p>El grupo colabora con la entidad dedicada a mejorar la calidad de vida de ni\u00f1os y adolescentes con c\u00e1ncer de la provincia de Tarragona y de toda Catalu\u00f1a. Castell d\u2019Or vuelve a colaborar con la Asociaci\u00f3n de Familiares y Amigos de Ni\u00f1os Oncol\u00f3gicos de Catalu\u00f1a (AFANOC) con una nueva donaci\u00f3n coincidiendo con las fiestas de&hellip;&nbsp;<a href=\"https:\/\/castelldor.com\/es\/castell-dor-reafirma-el-apoyo-a-lassociacion-afanoc\/\" rel=\"bookmark\">Read More &raquo;<span class=\"screen-reader-text\">Castell d\u2019Or reafirma su apoyo a la asociaci\u00f3n AFANOC<\/span><\/a><\/p>\n","protected":false},"author":2,"featured_media":138758,"comment_status":"closed","ping_status":"closed","sticky":false,"template":"","format":"standard","meta":{"_acf_changed":false,"inline_featured_image":false,"neve_meta_sidebar":"","neve_meta_container":"","neve_meta_enable_content_width":"off","neve_meta_content_width":70,"neve_meta_title_alignment":"","neve_meta_author_avatar":"","neve_post_elements_order":"","neve_meta_disable_header":"","neve_meta_disable_footer":"","neve_meta_disable_title":"","neve_meta_reading_time":"","footnotes":""},"categories":[44],"tags":[498,497,496],"class_list":["post-138755","post","type-post","status-publish","format-standard","has-post-thumbnail","hentry","category-actualidad","tag-castell-dor-es-2","tag-infancia","tag-solidaritat"],"acf":[],"yoast_head":"<!-- This site is optimized with the Yoast SEO plugin v27.4 - https:\/\/yoast.com\/product\/yoast-seo-wordpress\/ -->\n<title>Castell d\u2019Or reafirma su apoyo a la asociaci\u00f3n AFANOC | Castell d&#039;Or<\/title>\n<meta name=\"description\" content=\"Castell d\u2019Or reafirma su apoyo a la Asociaci\u00f3n AFANOC con una donaci\u00f3n para el programa de actividades de esta Navidad.\" \/>\n<meta name=\"robots\" content=\"index, follow, max-snippet:-1, max-image-preview:large, max-video-preview:-1\" \/>\n<link rel=\"canonical\" href=\"https:\/\/castelldor.com\/es\/castell-dor-reafirma-el-apoyo-a-lassociacion-afanoc\/\" \/>\n<meta property=\"og:locale\" content=\"es_ES\" \/>\n<meta property=\"og:type\" content=\"article\" \/>\n<meta property=\"og:title\" content=\"Castell d\u2019Or reafirma su apoyo a la asociaci\u00f3n AFANOC | Castell d&#039;Or\" \/>\n<meta property=\"og:description\" content=\"Castell d\u2019Or reafirma su apoyo a la Asociaci\u00f3n AFANOC con una donaci\u00f3n para el programa de actividades de esta Navidad.\" \/>\n<meta property=\"og:url\" content=\"https:\/\/castelldor.com\/es\/castell-dor-reafirma-el-apoyo-a-lassociacion-afanoc\/\" \/>\n<meta property=\"og:site_name\" content=\"Castell d&#039;Or\" \/>\n<meta property=\"article:published_time\" content=\"2024-12-11T13:05:14+00:00\" \/>\n<meta property=\"article:modified_time\" content=\"2024-12-12T10:44:32+00:00\" \/>\n<meta property=\"og:image\" content=\"https:\/\/castelldor.com\/wp-content\/uploads\/2024\/12\/afanoc-scaled.jpg\" \/>\n\t<meta property=\"og:image:width\" content=\"2560\" \/>\n\t<meta property=\"og:image:height\" content=\"1920\" \/>\n\t<meta property=\"og:image:type\" content=\"image\/jpeg\" \/>\n<meta name=\"author\" content=\"Cristina\" \/>\n<meta name=\"twitter:card\" content=\"summary_large_image\" \/>\n<meta name=\"twitter:label1\" content=\"Escrito por\" \/>\n\t<meta name=\"twitter:data1\" content=\"Cristina\" \/>\n\t<meta name=\"twitter:label2\" content=\"Tiempo de lectura\" \/>\n\t<meta name=\"twitter:data2\" content=\"2 minutos\" \/>\n<script type=\"application\/ld+json\" class=\"yoast-schema-graph\">{\"@context\":\"https:\\\/\\\/schema.org\",\"@graph\":[{\"@type\":\"Article\",\"@id\":\"https:\\\/\\\/castelldor.com\\\/es\\\/castell-dor-reafirma-el-apoyo-a-lassociacion-afanoc\\\/#article\",\"isPartOf\":{\"@id\":\"https:\\\/\\\/castelldor.com\\\/es\\\/castell-dor-reafirma-el-apoyo-a-lassociacion-afanoc\\\/\"},\"author\":{\"name\":\"Cristina\",\"@id\":\"https:\\\/\\\/castelldor.com\\\/es\\\/#\\\/schema\\\/person\\\/3800fc91546b8fea5812fe762dd57eab\"},\"headline\":\"Castell d\u2019Or reafirma su apoyo a la asociaci\u00f3n AFANOC\",\"datePublished\":\"2024-12-11T13:05:14+00:00\",\"dateModified\":\"2024-12-12T10:44:32+00:00\",\"mainEntityOfPage\":{\"@id\":\"https:\\\/\\\/castelldor.com\\\/es\\\/castell-dor-reafirma-el-apoyo-a-lassociacion-afanoc\\\/\"},\"wordCount\":240,\"publisher\":{\"@id\":\"https:\\\/\\\/castelldor.com\\\/es\\\/#organization\"},\"image\":{\"@id\":\"https:\\\/\\\/castelldor.com\\\/es\\\/castell-dor-reafirma-el-apoyo-a-lassociacion-afanoc\\\/#primaryimage\"},\"thumbnailUrl\":\"https:\\\/\\\/castelldor.com\\\/wp-content\\\/uploads\\\/2024\\\/12\\\/afanoc-scaled.jpg\",\"keywords\":[\"Castell d'Or\",\"inf\u00e0ncia\",\"Solidaritat\"],\"articleSection\":[\"Actualidad\"],\"inLanguage\":\"es\"},{\"@type\":\"WebPage\",\"@id\":\"https:\\\/\\\/castelldor.com\\\/es\\\/castell-dor-reafirma-el-apoyo-a-lassociacion-afanoc\\\/\",\"url\":\"https:\\\/\\\/castelldor.com\\\/es\\\/castell-dor-reafirma-el-apoyo-a-lassociacion-afanoc\\\/\",\"name\":\"Castell d\u2019Or reafirma su apoyo a la asociaci\u00f3n AFANOC | Castell d&#039;Or\",\"isPartOf\":{\"@id\":\"https:\\\/\\\/castelldor.com\\\/es\\\/#website\"},\"primaryImageOfPage\":{\"@id\":\"https:\\\/\\\/castelldor.com\\\/es\\\/castell-dor-reafirma-el-apoyo-a-lassociacion-afanoc\\\/#primaryimage\"},\"image\":{\"@id\":\"https:\\\/\\\/castelldor.com\\\/es\\\/castell-dor-reafirma-el-apoyo-a-lassociacion-afanoc\\\/#primaryimage\"},\"thumbnailUrl\":\"https:\\\/\\\/castelldor.com\\\/wp-content\\\/uploads\\\/2024\\\/12\\\/afanoc-scaled.jpg\",\"datePublished\":\"2024-12-11T13:05:14+00:00\",\"dateModified\":\"2024-12-12T10:44:32+00:00\",\"description\":\"Castell d\u2019Or reafirma su apoyo a la Asociaci\u00f3n AFANOC con una donaci\u00f3n para el programa de actividades de esta Navidad.\",\"breadcrumb\":{\"@id\":\"https:\\\/\\\/castelldor.com\\\/es\\\/castell-dor-reafirma-el-apoyo-a-lassociacion-afanoc\\\/#breadcrumb\"},\"inLanguage\":\"es\",\"potentialAction\":[{\"@type\":\"ReadAction\",\"target\":[\"https:\\\/\\\/castelldor.com\\\/es\\\/castell-dor-reafirma-el-apoyo-a-lassociacion-afanoc\\\/\"]}]},{\"@type\":\"ImageObject\",\"inLanguage\":\"es\",\"@id\":\"https:\\\/\\\/castelldor.com\\\/es\\\/castell-dor-reafirma-el-apoyo-a-lassociacion-afanoc\\\/#primaryimage\",\"url\":\"https:\\\/\\\/castelldor.com\\\/wp-content\\\/uploads\\\/2024\\\/12\\\/afanoc-scaled.jpg\",\"contentUrl\":\"https:\\\/\\\/castelldor.com\\\/wp-content\\\/uploads\\\/2024\\\/12\\\/afanoc-scaled.jpg\",\"width\":2560,\"height\":1920},{\"@type\":\"BreadcrumbList\",\"@id\":\"https:\\\/\\\/castelldor.com\\\/es\\\/castell-dor-reafirma-el-apoyo-a-lassociacion-afanoc\\\/#breadcrumb\",\"itemListElement\":[{\"@type\":\"ListItem\",\"position\":1,\"name\":\"Inici\",\"item\":\"https:\\\/\\\/castelldor.com\\\/es\\\/\"},{\"@type\":\"ListItem\",\"position\":2,\"name\":\"Castell d\u2019Or reafirma su apoyo a la asociaci\u00f3n AFANOC\"}]},{\"@type\":\"WebSite\",\"@id\":\"https:\\\/\\\/castelldor.com\\\/es\\\/#website\",\"url\":\"https:\\\/\\\/castelldor.com\\\/es\\\/\",\"name\":\"Castell d&#039;Or\",\"description\":\"Love people, Love wine\",\"publisher\":{\"@id\":\"https:\\\/\\\/castelldor.com\\\/es\\\/#organization\"},\"potentialAction\":[{\"@type\":\"SearchAction\",\"target\":{\"@type\":\"EntryPoint\",\"urlTemplate\":\"https:\\\/\\\/castelldor.com\\\/es\\\/?s={search_term_string}\"},\"query-input\":{\"@type\":\"PropertyValueSpecification\",\"valueRequired\":true,\"valueName\":\"search_term_string\"}}],\"inLanguage\":\"es\"},{\"@type\":\"Organization\",\"@id\":\"https:\\\/\\\/castelldor.com\\\/es\\\/#organization\",\"name\":\"Castell d'Or\",\"url\":\"https:\\\/\\\/castelldor.com\\\/es\\\/\",\"logo\":{\"@type\":\"ImageObject\",\"inLanguage\":\"es\",\"@id\":\"https:\\\/\\\/castelldor.com\\\/es\\\/#\\\/schema\\\/logo\\\/image\\\/\",\"url\":\"https:\\\/\\\/castelldor.com\\\/wp-content\\\/uploads\\\/2022\\\/08\\\/Castell-dor-blanc.svg\",\"contentUrl\":\"https:\\\/\\\/castelldor.com\\\/wp-content\\\/uploads\\\/2022\\\/08\\\/Castell-dor-blanc.svg\",\"width\":169,\"height\":61,\"caption\":\"Castell d'Or\"},\"image\":{\"@id\":\"https:\\\/\\\/castelldor.com\\\/es\\\/#\\\/schema\\\/logo\\\/image\\\/\"}},{\"@type\":\"Person\",\"@id\":\"https:\\\/\\\/castelldor.com\\\/es\\\/#\\\/schema\\\/person\\\/3800fc91546b8fea5812fe762dd57eab\",\"name\":\"Cristina\",\"image\":{\"@type\":\"ImageObject\",\"inLanguage\":\"es\",\"@id\":\"https:\\\/\\\/secure.gravatar.com\\\/avatar\\\/579c1860b6ddac6d2d774a241f04090d5c13b826525a5d2ed1cf72ca0cce4a17?s=96&d=mm&r=g\",\"url\":\"https:\\\/\\\/secure.gravatar.com\\\/avatar\\\/579c1860b6ddac6d2d774a241f04090d5c13b826525a5d2ed1cf72ca0cce4a17?s=96&d=mm&r=g\",\"contentUrl\":\"https:\\\/\\\/secure.gravatar.com\\\/avatar\\\/579c1860b6ddac6d2d774a241f04090d5c13b826525a5d2ed1cf72ca0cce4a17?s=96&d=mm&r=g\",\"caption\":\"Cristina\"}}]}<\/script>\n<!-- \/ Yoast SEO plugin. -->","yoast_head_json":{"title":"Castell d\u2019Or reafirma su apoyo a la asociaci\u00f3n AFANOC | Castell d&#039;Or","description":"Castell d\u2019Or reafirma su apoyo a la Asociaci\u00f3n AFANOC con una donaci\u00f3n para el programa de actividades de esta Navidad.","robots":{"index":"index","follow":"follow","max-snippet":"max-snippet:-1","max-image-preview":"max-image-preview:large","max-video-preview":"max-video-preview:-1"},"canonical":"https:\/\/castelldor.com\/es\/castell-dor-reafirma-el-apoyo-a-lassociacion-afanoc\/","og_locale":"es_ES","og_type":"article","og_title":"Castell d\u2019Or reafirma su apoyo a la asociaci\u00f3n AFANOC | Castell d&#039;Or","og_description":"Castell d\u2019Or reafirma su apoyo a la Asociaci\u00f3n AFANOC con una donaci\u00f3n para el programa de actividades de esta Navidad.","og_url":"https:\/\/castelldor.com\/es\/castell-dor-reafirma-el-apoyo-a-lassociacion-afanoc\/","og_site_name":"Castell d&#039;Or","article_published_time":"2024-12-11T13:05:14+00:00","article_modified_time":"2024-12-12T10:44:32+00:00","og_image":[{"width":2560,"height":1920,"url":"https:\/\/castelldor.com\/wp-content\/uploads\/2024\/12\/afanoc-scaled.jpg","type":"image\/jpeg"}],"author":"Cristina","twitter_card":"summary_large_image","twitter_misc":{"Escrito por":"Cristina","Tiempo de lectura":"2 minutos"},"schema":{"@context":"https:\/\/schema.org","@graph":[{"@type":"Article","@id":"https:\/\/castelldor.com\/es\/castell-dor-reafirma-el-apoyo-a-lassociacion-afanoc\/#article","isPartOf":{"@id":"https:\/\/castelldor.com\/es\/castell-dor-reafirma-el-apoyo-a-lassociacion-afanoc\/"},"author":{"name":"Cristina","@id":"https:\/\/castelldor.com\/es\/#\/schema\/person\/3800fc91546b8fea5812fe762dd57eab"},"headline":"Castell d\u2019Or reafirma su apoyo a la asociaci\u00f3n AFANOC","datePublished":"2024-12-11T13:05:14+00:00","dateModified":"2024-12-12T10:44:32+00:00","mainEntityOfPage":{"@id":"https:\/\/castelldor.com\/es\/castell-dor-reafirma-el-apoyo-a-lassociacion-afanoc\/"},"wordCount":240,"publisher":{"@id":"https:\/\/castelldor.com\/es\/#organization"},"image":{"@id":"https:\/\/castelldor.com\/es\/castell-dor-reafirma-el-apoyo-a-lassociacion-afanoc\/#primaryimage"},"thumbnailUrl":"https:\/\/castelldor.com\/wp-content\/uploads\/2024\/12\/afanoc-scaled.jpg","keywords":["Castell d'Or","inf\u00e0ncia","Solidaritat"],"articleSection":["Actualidad"],"inLanguage":"es"},{"@type":"WebPage","@id":"https:\/\/castelldor.com\/es\/castell-dor-reafirma-el-apoyo-a-lassociacion-afanoc\/","url":"https:\/\/castelldor.com\/es\/castell-dor-reafirma-el-apoyo-a-lassociacion-afanoc\/","name":"Castell d\u2019Or reafirma su apoyo a la asociaci\u00f3n AFANOC | Castell d&#039;Or","isPartOf":{"@id":"https:\/\/castelldor.com\/es\/#website"},"primaryImageOfPage":{"@id":"https:\/\/castelldor.com\/es\/castell-dor-reafirma-el-apoyo-a-lassociacion-afanoc\/#primaryimage"},"image":{"@id":"https:\/\/castelldor.com\/es\/castell-dor-reafirma-el-apoyo-a-lassociacion-afanoc\/#primaryimage"},"thumbnailUrl":"https:\/\/castelldor.com\/wp-content\/uploads\/2024\/12\/afanoc-scaled.jpg","datePublished":"2024-12-11T13:05:14+00:00","dateModified":"2024-12-12T10:44:32+00:00","description":"Castell d\u2019Or reafirma su apoyo a la Asociaci\u00f3n AFANOC con una donaci\u00f3n para el programa de actividades de esta Navidad.","breadcrumb":{"@id":"https:\/\/castelldor.com\/es\/castell-dor-reafirma-el-apoyo-a-lassociacion-afanoc\/#breadcrumb"},"inLanguage":"es","potentialAction":[{"@type":"ReadAction","target":["https:\/\/castelldor.com\/es\/castell-dor-reafirma-el-apoyo-a-lassociacion-afanoc\/"]}]},{"@type":"ImageObject","inLanguage":"es","@id":"https:\/\/castelldor.com\/es\/castell-dor-reafirma-el-apoyo-a-lassociacion-afanoc\/#primaryimage","url":"https:\/\/castelldor.com\/wp-content\/uploads\/2024\/12\/afanoc-scaled.jpg","contentUrl":"https:\/\/castelldor.com\/wp-content\/uploads\/2024\/12\/afanoc-scaled.jpg","width":2560,"height":1920},{"@type":"BreadcrumbList","@id":"https:\/\/castelldor.com\/es\/castell-dor-reafirma-el-apoyo-a-lassociacion-afanoc\/#breadcrumb","itemListElement":[{"@type":"ListItem","position":1,"name":"Inici","item":"https:\/\/castelldor.com\/es\/"},{"@type":"ListItem","position":2,"name":"Castell d\u2019Or reafirma su apoyo a la asociaci\u00f3n AFANOC"}]},{"@type":"WebSite","@id":"https:\/\/castelldor.com\/es\/#website","url":"https:\/\/castelldor.com\/es\/","name":"Castell d&#039;Or","description":"Love people, Love wine","publisher":{"@id":"https:\/\/castelldor.com\/es\/#organization"},"potentialAction":[{"@type":"SearchAction","target":{"@type":"EntryPoint","urlTemplate":"https:\/\/castelldor.com\/es\/?s={search_term_string}"},"query-input":{"@type":"PropertyValueSpecification","valueRequired":true,"valueName":"search_term_string"}}],"inLanguage":"es"},{"@type":"Organization","@id":"https:\/\/castelldor.com\/es\/#organization","name":"Castell d'Or","url":"https:\/\/castelldor.com\/es\/","logo":{"@type":"ImageObject","inLanguage":"es","@id":"https:\/\/castelldor.com\/es\/#\/schema\/logo\/image\/","url":"https:\/\/castelldor.com\/wp-content\/uploads\/2022\/08\/Castell-dor-blanc.svg","contentUrl":"https:\/\/castelldor.com\/wp-content\/uploads\/2022\/08\/Castell-dor-blanc.svg","width":169,"height":61,"caption":"Castell d'Or"},"image":{"@id":"https:\/\/castelldor.com\/es\/#\/schema\/logo\/image\/"}},{"@type":"Person","@id":"https:\/\/castelldor.com\/es\/#\/schema\/person\/3800fc91546b8fea5812fe762dd57eab","name":"Cristina","image":{"@type":"ImageObject","inLanguage":"es","@id":"https:\/\/secure.gravatar.com\/avatar\/579c1860b6ddac6d2d774a241f04090d5c13b826525a5d2ed1cf72ca0cce4a17?s=96&d=mm&r=g","url":"https:\/\/secure.gravatar.com\/avatar\/579c1860b6ddac6d2d774a241f04090d5c13b826525a5d2ed1cf72ca0cce4a17?s=96&d=mm&r=g","contentUrl":"https:\/\/secure.gravatar.com\/avatar\/579c1860b6ddac6d2d774a241f04090d5c13b826525a5d2ed1cf72ca0cce4a17?s=96&d=mm&r=g","caption":"Cristina"}}]}},"_links":{"self":[{"href":"https:\/\/castelldor.com\/es\/wp-json\/wp\/v2\/posts\/138755","targetHints":{"allow":["GET"]}}],"collection":[{"href":"https:\/\/castelldor.com\/es\/wp-json\/wp\/v2\/posts"}],"about":[{"href":"https:\/\/castelldor.com\/es\/wp-json\/wp\/v2\/types\/post"}],"author":[{"embeddable":true,"href":"https:\/\/castelldor.com\/es\/wp-json\/wp\/v2\/users\/2"}],"replies":[{"embeddable":true,"href":"https:\/\/castelldor.com\/es\/wp-json\/wp\/v2\/comments?post=138755"}],"version-history":[{"count":6,"href":"https:\/\/castelldor.com\/es\/wp-json\/wp\/v2\/posts\/138755\/revisions"}],"predecessor-version":[{"id":138769,"href":"https:\/\/castelldor.com\/es\/wp-json\/wp\/v2\/posts\/138755\/revisions\/138769"}],"wp:featuredmedia":[{"embeddable":true,"href":"https:\/\/castelldor.com\/es\/wp-json\/wp\/v2\/media\/138758"}],"wp:attachment":[{"href":"https:\/\/castelldor.com\/es\/wp-json\/wp\/v2\/media?parent=138755"}],"wp:term":[{"taxonomy":"category","embeddable":true,"href":"https:\/\/castelldor.com\/es\/wp-json\/wp\/v2\/categories?post=138755"},{"taxonomy":"post_tag","embeddable":true,"href":"https:\/\/castelldor.com\/es\/wp-json\/wp\/v2\/tags?post=138755"}],"curies":[{"name":"wp","href":"https:\/\/api.w.org\/{rel}","templated":true}]}}