{"id":138245,"date":"2024-10-23T11:41:03","date_gmt":"2024-10-23T09:41:03","guid":{"rendered":"https:\/\/castelldor.com\/un-any-mes-castell-dor-amb-la-calcotada-de-valls-i-el-territori\/"},"modified":"2024-10-23T13:05:40","modified_gmt":"2024-10-23T11:05:40","slug":"un-ano-mas-castell-dor-con-la-fiesta-calcotada-de-valls","status":"publish","type":"post","link":"https:\/\/castelldor.com\/es\/un-ano-mas-castell-dor-con-la-fiesta-calcotada-de-valls\/","title":{"rendered":"Un a\u00f1o m\u00e1s, Castell d&#8217;Or con la Fiesta Cal\u00e7otada de Valls y el territorio"},"content":{"rendered":"<p><strong>Castell d&#8217;Or refuerza su compromiso con el territorio participando, por cuarto a\u00f1o consecutivo, como uno de los patrocinadores principales de la Gran Fiesta de la Cal\u00e7otada de Valls, que tendr\u00e1 lugar el domingo 26 de enero de 2025.<\/strong><\/p>\n<p>La C\u00e1mara de Comercio de Valls ha presentado esta ma\u00f1ana la imagen oficial de la fiesta, acompa\u00f1ada de los otros patrocinadores, Europastry y Salses Fruits, y con la colaboraci\u00f3n del Ayuntamiento de Valls, la IGP Cal\u00e7ot de Valls y la Cooperativa Agr\u00edcola de Valls.<\/p>\n<p>La Gran Fiesta de la Cal\u00e7otada es el evento gastron\u00f3mico por excelencia de Catalu\u00f1a, y Castell d&#8217;Or est\u00e1 presente como parte de su firme apoyo a la cultura y los productos locales. Como una de las principales empresas patrocinadoras, Castell d&#8217;Or tendr\u00e1 una presencia destacada en la promoci\u00f3n de la fiesta, reforzando el v\u00ednculo con el territorio y su apuesta por los valores de calidad, tradici\u00f3n y proximidad.<\/p>\n<p><strong>DETALLES DE LA PR\u00d3XIMA EDICI\u00d3N<\/strong><\/p>\n<p>Adem\u00e1s de la presentaci\u00f3n oficial, en los pr\u00f3ximos d\u00edas se revelar\u00e1n m\u00e1s detalles sobre la programaci\u00f3n de actividades que incluir\u00e1 pasacalles, demostraciones de cocina de cal\u00e7ots a la parrilla y los populares concursos de comer cal\u00e7ots y de elaboraci\u00f3n de salsa. La degustaci\u00f3n popular es uno de los momentos m\u00e1s esperados, donde se espera repartir 3.500 bolsas de degustaci\u00f3n, disponibles a trav\u00e9s de venta anticipada y tambi\u00e9n el mismo d\u00eda de la fiesta.<\/p>\n<p>El acto se ha realizado en la C\u00e1mara y ha contado con la presencia del presidente de la C\u00e1mara de Comercio de Valls, Josep M. Rovira; el concejal de Turismo del Ayuntamiento de Valls, Joan Ibarra; los patrocinadores de la Gran Fiesta, el gerente de Salses Fruits, Francesc Sans; el gerente de Castell d&#8217;Or, Jordi Amell; el director de la planta de Europastry, Albert Llovera; el vicepresidente de la IGP Cal\u00e7ot de Valls, Isidre Coll; y el presidente de la Cooperativa Agr\u00edcola de Valls, Josep M. Aubareda.<\/p>\n<p>En Valls se celebran cal\u00e7otadas de noviembre a abril, pero la Fiesta de la Cal\u00e7otada representa el inicio de la temporada alta de cal\u00e7otadas. En los pr\u00f3ximos d\u00edas se llevar\u00e1n a cabo diversas acciones vinculadas a la Fiesta, y se dar\u00e1 a conocer el programa de actos tradicionales, festivos y concursos relacionados con el mundo del cal\u00e7ot: pasacalles, demostraciones de asado de cal\u00e7ots a la parrilla, mercado de la cal\u00e7otada, concursos de cultivadores de cal\u00e7ots, de elaboraci\u00f3n de salsa de la cal\u00e7otada y de comer cal\u00e7ots, degustaci\u00f3n popular, entre otras actividades.<\/p>\n","protected":false},"excerpt":{"rendered":"<p>Castell d&#8217;Or refuerza su compromiso con el territorio participando, por cuarto a\u00f1o consecutivo, como uno de los patrocinadores principales de la Gran Fiesta de la Cal\u00e7otada de Valls, que tendr\u00e1 lugar el domingo 26 de enero de 2025. La C\u00e1mara de Comercio de Valls ha presentado esta ma\u00f1ana la imagen oficial de la fiesta, acompa\u00f1ada&hellip;&nbsp;<a href=\"https:\/\/castelldor.com\/es\/un-ano-mas-castell-dor-con-la-fiesta-calcotada-de-valls\/\" rel=\"bookmark\">Read More &raquo;<span class=\"screen-reader-text\">Un a\u00f1o m\u00e1s, Castell d&#8217;Or con la Fiesta Cal\u00e7otada de Valls y el territorio<\/span><\/a><\/p>\n","protected":false},"author":2,"featured_media":138236,"comment_status":"closed","ping_status":"closed","sticky":false,"template":"","format":"standard","meta":{"_acf_changed":false,"inline_featured_image":false,"neve_meta_sidebar":"","neve_meta_container":"","neve_meta_enable_content_width":"off","neve_meta_content_width":70,"neve_meta_title_alignment":"","neve_meta_author_avatar":"","neve_post_elements_order":"","neve_meta_disable_header":"","neve_meta_disable_footer":"","neve_meta_disable_title":"","neve_meta_reading_time":"","footnotes":""},"categories":[44],"tags":[],"class_list":["post-138245","post","type-post","status-publish","format-standard","has-post-thumbnail","hentry","category-actualidad"],"acf":[],"yoast_head":"<!-- This site is optimized with the Yoast SEO plugin v27.4 - https:\/\/yoast.com\/product\/yoast-seo-wordpress\/ -->\n<title>Castell d&#039;Or con la Fiesta Cal\u00e7otada de Valls| Castell d&#039;Or<\/title>\n<meta name=\"description\" content=\"Castell d&#039;Or participa por tercer a\u00f1o consecutivo en la Fiesta de la Cal\u00e7otada de Valls que tendr\u00e1 lugar el pr\u00f3ximo 26 de enero de 2025.\" \/>\n<meta name=\"robots\" content=\"index, follow, max-snippet:-1, max-image-preview:large, max-video-preview:-1\" \/>\n<link rel=\"canonical\" href=\"https:\/\/castelldor.com\/es\/un-ano-mas-castell-dor-con-la-fiesta-calcotada-de-valls\/\" \/>\n<meta property=\"og:locale\" content=\"es_ES\" \/>\n<meta property=\"og:type\" content=\"article\" \/>\n<meta property=\"og:title\" content=\"Castell d&#039;Or con la Fiesta Cal\u00e7otada de Valls| Castell d&#039;Or\" \/>\n<meta property=\"og:description\" content=\"Castell d&#039;Or participa por tercer a\u00f1o consecutivo en la Fiesta de la Cal\u00e7otada de Valls que tendr\u00e1 lugar el pr\u00f3ximo 26 de enero de 2025.\" \/>\n<meta property=\"og:url\" content=\"https:\/\/castelldor.com\/es\/un-ano-mas-castell-dor-con-la-fiesta-calcotada-de-valls\/\" \/>\n<meta property=\"og:site_name\" content=\"Castell d&#039;Or\" \/>\n<meta property=\"article:published_time\" content=\"2024-10-23T09:41:03+00:00\" \/>\n<meta property=\"article:modified_time\" content=\"2024-10-23T11:05:40+00:00\" \/>\n<meta property=\"og:image\" content=\"https:\/\/castelldor.com\/wp-content\/uploads\/2024\/10\/FOTO2.jpg\" \/>\n\t<meta property=\"og:image:width\" content=\"1926\" \/>\n\t<meta property=\"og:image:height\" content=\"1260\" \/>\n\t<meta property=\"og:image:type\" content=\"image\/jpeg\" \/>\n<meta name=\"author\" content=\"Cristina\" \/>\n<meta name=\"twitter:card\" content=\"summary_large_image\" \/>\n<meta name=\"twitter:label1\" content=\"Escrito por\" \/>\n\t<meta name=\"twitter:data1\" content=\"Cristina\" \/>\n\t<meta name=\"twitter:label2\" content=\"Tiempo de lectura\" \/>\n\t<meta name=\"twitter:data2\" content=\"3 minutos\" \/>\n<script type=\"application\/ld+json\" class=\"yoast-schema-graph\">{\"@context\":\"https:\\\/\\\/schema.org\",\"@graph\":[{\"@type\":\"Article\",\"@id\":\"https:\\\/\\\/castelldor.com\\\/es\\\/un-ano-mas-castell-dor-con-la-fiesta-calcotada-de-valls\\\/#article\",\"isPartOf\":{\"@id\":\"https:\\\/\\\/castelldor.com\\\/es\\\/un-ano-mas-castell-dor-con-la-fiesta-calcotada-de-valls\\\/\"},\"author\":{\"name\":\"Cristina\",\"@id\":\"https:\\\/\\\/castelldor.com\\\/es\\\/#\\\/schema\\\/person\\\/3800fc91546b8fea5812fe762dd57eab\"},\"headline\":\"Un a\u00f1o m\u00e1s, Castell d&#8217;Or con la Fiesta Cal\u00e7otada de Valls y el territorio\",\"datePublished\":\"2024-10-23T09:41:03+00:00\",\"dateModified\":\"2024-10-23T11:05:40+00:00\",\"mainEntityOfPage\":{\"@id\":\"https:\\\/\\\/castelldor.com\\\/es\\\/un-ano-mas-castell-dor-con-la-fiesta-calcotada-de-valls\\\/\"},\"wordCount\":475,\"publisher\":{\"@id\":\"https:\\\/\\\/castelldor.com\\\/es\\\/#organization\"},\"image\":{\"@id\":\"https:\\\/\\\/castelldor.com\\\/es\\\/un-ano-mas-castell-dor-con-la-fiesta-calcotada-de-valls\\\/#primaryimage\"},\"thumbnailUrl\":\"https:\\\/\\\/castelldor.com\\\/wp-content\\\/uploads\\\/2024\\\/10\\\/FOTO2.jpg\",\"articleSection\":[\"Actualidad\"],\"inLanguage\":\"es\"},{\"@type\":\"WebPage\",\"@id\":\"https:\\\/\\\/castelldor.com\\\/es\\\/un-ano-mas-castell-dor-con-la-fiesta-calcotada-de-valls\\\/\",\"url\":\"https:\\\/\\\/castelldor.com\\\/es\\\/un-ano-mas-castell-dor-con-la-fiesta-calcotada-de-valls\\\/\",\"name\":\"Castell d'Or con la Fiesta Cal\u00e7otada de Valls| Castell d&#039;Or\",\"isPartOf\":{\"@id\":\"https:\\\/\\\/castelldor.com\\\/es\\\/#website\"},\"primaryImageOfPage\":{\"@id\":\"https:\\\/\\\/castelldor.com\\\/es\\\/un-ano-mas-castell-dor-con-la-fiesta-calcotada-de-valls\\\/#primaryimage\"},\"image\":{\"@id\":\"https:\\\/\\\/castelldor.com\\\/es\\\/un-ano-mas-castell-dor-con-la-fiesta-calcotada-de-valls\\\/#primaryimage\"},\"thumbnailUrl\":\"https:\\\/\\\/castelldor.com\\\/wp-content\\\/uploads\\\/2024\\\/10\\\/FOTO2.jpg\",\"datePublished\":\"2024-10-23T09:41:03+00:00\",\"dateModified\":\"2024-10-23T11:05:40+00:00\",\"description\":\"Castell d'Or participa por tercer a\u00f1o consecutivo en la Fiesta de la Cal\u00e7otada de Valls que tendr\u00e1 lugar el pr\u00f3ximo 26 de enero de 2025.\",\"breadcrumb\":{\"@id\":\"https:\\\/\\\/castelldor.com\\\/es\\\/un-ano-mas-castell-dor-con-la-fiesta-calcotada-de-valls\\\/#breadcrumb\"},\"inLanguage\":\"es\",\"potentialAction\":[{\"@type\":\"ReadAction\",\"target\":[\"https:\\\/\\\/castelldor.com\\\/es\\\/un-ano-mas-castell-dor-con-la-fiesta-calcotada-de-valls\\\/\"]}]},{\"@type\":\"ImageObject\",\"inLanguage\":\"es\",\"@id\":\"https:\\\/\\\/castelldor.com\\\/es\\\/un-ano-mas-castell-dor-con-la-fiesta-calcotada-de-valls\\\/#primaryimage\",\"url\":\"https:\\\/\\\/castelldor.com\\\/wp-content\\\/uploads\\\/2024\\\/10\\\/FOTO2.jpg\",\"contentUrl\":\"https:\\\/\\\/castelldor.com\\\/wp-content\\\/uploads\\\/2024\\\/10\\\/FOTO2.jpg\",\"width\":1926,\"height\":1260},{\"@type\":\"BreadcrumbList\",\"@id\":\"https:\\\/\\\/castelldor.com\\\/es\\\/un-ano-mas-castell-dor-con-la-fiesta-calcotada-de-valls\\\/#breadcrumb\",\"itemListElement\":[{\"@type\":\"ListItem\",\"position\":1,\"name\":\"Inici\",\"item\":\"https:\\\/\\\/castelldor.com\\\/es\\\/\"},{\"@type\":\"ListItem\",\"position\":2,\"name\":\"Un a\u00f1o m\u00e1s, Castell d&#8217;Or con la Fiesta Cal\u00e7otada de Valls y el territorio\"}]},{\"@type\":\"WebSite\",\"@id\":\"https:\\\/\\\/castelldor.com\\\/es\\\/#website\",\"url\":\"https:\\\/\\\/castelldor.com\\\/es\\\/\",\"name\":\"Castell d&#039;Or\",\"description\":\"Love people, Love wine\",\"publisher\":{\"@id\":\"https:\\\/\\\/castelldor.com\\\/es\\\/#organization\"},\"potentialAction\":[{\"@type\":\"SearchAction\",\"target\":{\"@type\":\"EntryPoint\",\"urlTemplate\":\"https:\\\/\\\/castelldor.com\\\/es\\\/?s={search_term_string}\"},\"query-input\":{\"@type\":\"PropertyValueSpecification\",\"valueRequired\":true,\"valueName\":\"search_term_string\"}}],\"inLanguage\":\"es\"},{\"@type\":\"Organization\",\"@id\":\"https:\\\/\\\/castelldor.com\\\/es\\\/#organization\",\"name\":\"Castell d'Or\",\"url\":\"https:\\\/\\\/castelldor.com\\\/es\\\/\",\"logo\":{\"@type\":\"ImageObject\",\"inLanguage\":\"es\",\"@id\":\"https:\\\/\\\/castelldor.com\\\/es\\\/#\\\/schema\\\/logo\\\/image\\\/\",\"url\":\"https:\\\/\\\/castelldor.com\\\/wp-content\\\/uploads\\\/2022\\\/08\\\/Castell-dor-blanc.svg\",\"contentUrl\":\"https:\\\/\\\/castelldor.com\\\/wp-content\\\/uploads\\\/2022\\\/08\\\/Castell-dor-blanc.svg\",\"width\":169,\"height\":61,\"caption\":\"Castell d'Or\"},\"image\":{\"@id\":\"https:\\\/\\\/castelldor.com\\\/es\\\/#\\\/schema\\\/logo\\\/image\\\/\"}},{\"@type\":\"Person\",\"@id\":\"https:\\\/\\\/castelldor.com\\\/es\\\/#\\\/schema\\\/person\\\/3800fc91546b8fea5812fe762dd57eab\",\"name\":\"Cristina\",\"image\":{\"@type\":\"ImageObject\",\"inLanguage\":\"es\",\"@id\":\"https:\\\/\\\/secure.gravatar.com\\\/avatar\\\/579c1860b6ddac6d2d774a241f04090d5c13b826525a5d2ed1cf72ca0cce4a17?s=96&d=mm&r=g\",\"url\":\"https:\\\/\\\/secure.gravatar.com\\\/avatar\\\/579c1860b6ddac6d2d774a241f04090d5c13b826525a5d2ed1cf72ca0cce4a17?s=96&d=mm&r=g\",\"contentUrl\":\"https:\\\/\\\/secure.gravatar.com\\\/avatar\\\/579c1860b6ddac6d2d774a241f04090d5c13b826525a5d2ed1cf72ca0cce4a17?s=96&d=mm&r=g\",\"caption\":\"Cristina\"}}]}<\/script>\n<!-- \/ Yoast SEO plugin. -->","yoast_head_json":{"title":"Castell d'Or con la Fiesta Cal\u00e7otada de Valls| Castell d&#039;Or","description":"Castell d'Or participa por tercer a\u00f1o consecutivo en la Fiesta de la Cal\u00e7otada de Valls que tendr\u00e1 lugar el pr\u00f3ximo 26 de enero de 2025.","robots":{"index":"index","follow":"follow","max-snippet":"max-snippet:-1","max-image-preview":"max-image-preview:large","max-video-preview":"max-video-preview:-1"},"canonical":"https:\/\/castelldor.com\/es\/un-ano-mas-castell-dor-con-la-fiesta-calcotada-de-valls\/","og_locale":"es_ES","og_type":"article","og_title":"Castell d'Or con la Fiesta Cal\u00e7otada de Valls| Castell d&#039;Or","og_description":"Castell d'Or participa por tercer a\u00f1o consecutivo en la Fiesta de la Cal\u00e7otada de Valls que tendr\u00e1 lugar el pr\u00f3ximo 26 de enero de 2025.","og_url":"https:\/\/castelldor.com\/es\/un-ano-mas-castell-dor-con-la-fiesta-calcotada-de-valls\/","og_site_name":"Castell d&#039;Or","article_published_time":"2024-10-23T09:41:03+00:00","article_modified_time":"2024-10-23T11:05:40+00:00","og_image":[{"width":1926,"height":1260,"url":"https:\/\/castelldor.com\/wp-content\/uploads\/2024\/10\/FOTO2.jpg","type":"image\/jpeg"}],"author":"Cristina","twitter_card":"summary_large_image","twitter_misc":{"Escrito por":"Cristina","Tiempo de lectura":"3 minutos"},"schema":{"@context":"https:\/\/schema.org","@graph":[{"@type":"Article","@id":"https:\/\/castelldor.com\/es\/un-ano-mas-castell-dor-con-la-fiesta-calcotada-de-valls\/#article","isPartOf":{"@id":"https:\/\/castelldor.com\/es\/un-ano-mas-castell-dor-con-la-fiesta-calcotada-de-valls\/"},"author":{"name":"Cristina","@id":"https:\/\/castelldor.com\/es\/#\/schema\/person\/3800fc91546b8fea5812fe762dd57eab"},"headline":"Un a\u00f1o m\u00e1s, Castell d&#8217;Or con la Fiesta Cal\u00e7otada de Valls y el territorio","datePublished":"2024-10-23T09:41:03+00:00","dateModified":"2024-10-23T11:05:40+00:00","mainEntityOfPage":{"@id":"https:\/\/castelldor.com\/es\/un-ano-mas-castell-dor-con-la-fiesta-calcotada-de-valls\/"},"wordCount":475,"publisher":{"@id":"https:\/\/castelldor.com\/es\/#organization"},"image":{"@id":"https:\/\/castelldor.com\/es\/un-ano-mas-castell-dor-con-la-fiesta-calcotada-de-valls\/#primaryimage"},"thumbnailUrl":"https:\/\/castelldor.com\/wp-content\/uploads\/2024\/10\/FOTO2.jpg","articleSection":["Actualidad"],"inLanguage":"es"},{"@type":"WebPage","@id":"https:\/\/castelldor.com\/es\/un-ano-mas-castell-dor-con-la-fiesta-calcotada-de-valls\/","url":"https:\/\/castelldor.com\/es\/un-ano-mas-castell-dor-con-la-fiesta-calcotada-de-valls\/","name":"Castell d'Or con la Fiesta Cal\u00e7otada de Valls| Castell d&#039;Or","isPartOf":{"@id":"https:\/\/castelldor.com\/es\/#website"},"primaryImageOfPage":{"@id":"https:\/\/castelldor.com\/es\/un-ano-mas-castell-dor-con-la-fiesta-calcotada-de-valls\/#primaryimage"},"image":{"@id":"https:\/\/castelldor.com\/es\/un-ano-mas-castell-dor-con-la-fiesta-calcotada-de-valls\/#primaryimage"},"thumbnailUrl":"https:\/\/castelldor.com\/wp-content\/uploads\/2024\/10\/FOTO2.jpg","datePublished":"2024-10-23T09:41:03+00:00","dateModified":"2024-10-23T11:05:40+00:00","description":"Castell d'Or participa por tercer a\u00f1o consecutivo en la Fiesta de la Cal\u00e7otada de Valls que tendr\u00e1 lugar el pr\u00f3ximo 26 de enero de 2025.","breadcrumb":{"@id":"https:\/\/castelldor.com\/es\/un-ano-mas-castell-dor-con-la-fiesta-calcotada-de-valls\/#breadcrumb"},"inLanguage":"es","potentialAction":[{"@type":"ReadAction","target":["https:\/\/castelldor.com\/es\/un-ano-mas-castell-dor-con-la-fiesta-calcotada-de-valls\/"]}]},{"@type":"ImageObject","inLanguage":"es","@id":"https:\/\/castelldor.com\/es\/un-ano-mas-castell-dor-con-la-fiesta-calcotada-de-valls\/#primaryimage","url":"https:\/\/castelldor.com\/wp-content\/uploads\/2024\/10\/FOTO2.jpg","contentUrl":"https:\/\/castelldor.com\/wp-content\/uploads\/2024\/10\/FOTO2.jpg","width":1926,"height":1260},{"@type":"BreadcrumbList","@id":"https:\/\/castelldor.com\/es\/un-ano-mas-castell-dor-con-la-fiesta-calcotada-de-valls\/#breadcrumb","itemListElement":[{"@type":"ListItem","position":1,"name":"Inici","item":"https:\/\/castelldor.com\/es\/"},{"@type":"ListItem","position":2,"name":"Un a\u00f1o m\u00e1s, Castell d&#8217;Or con la Fiesta Cal\u00e7otada de Valls y el territorio"}]},{"@type":"WebSite","@id":"https:\/\/castelldor.com\/es\/#website","url":"https:\/\/castelldor.com\/es\/","name":"Castell d&#039;Or","description":"Love people, Love wine","publisher":{"@id":"https:\/\/castelldor.com\/es\/#organization"},"potentialAction":[{"@type":"SearchAction","target":{"@type":"EntryPoint","urlTemplate":"https:\/\/castelldor.com\/es\/?s={search_term_string}"},"query-input":{"@type":"PropertyValueSpecification","valueRequired":true,"valueName":"search_term_string"}}],"inLanguage":"es"},{"@type":"Organization","@id":"https:\/\/castelldor.com\/es\/#organization","name":"Castell d'Or","url":"https:\/\/castelldor.com\/es\/","logo":{"@type":"ImageObject","inLanguage":"es","@id":"https:\/\/castelldor.com\/es\/#\/schema\/logo\/image\/","url":"https:\/\/castelldor.com\/wp-content\/uploads\/2022\/08\/Castell-dor-blanc.svg","contentUrl":"https:\/\/castelldor.com\/wp-content\/uploads\/2022\/08\/Castell-dor-blanc.svg","width":169,"height":61,"caption":"Castell d'Or"},"image":{"@id":"https:\/\/castelldor.com\/es\/#\/schema\/logo\/image\/"}},{"@type":"Person","@id":"https:\/\/castelldor.com\/es\/#\/schema\/person\/3800fc91546b8fea5812fe762dd57eab","name":"Cristina","image":{"@type":"ImageObject","inLanguage":"es","@id":"https:\/\/secure.gravatar.com\/avatar\/579c1860b6ddac6d2d774a241f04090d5c13b826525a5d2ed1cf72ca0cce4a17?s=96&d=mm&r=g","url":"https:\/\/secure.gravatar.com\/avatar\/579c1860b6ddac6d2d774a241f04090d5c13b826525a5d2ed1cf72ca0cce4a17?s=96&d=mm&r=g","contentUrl":"https:\/\/secure.gravatar.com\/avatar\/579c1860b6ddac6d2d774a241f04090d5c13b826525a5d2ed1cf72ca0cce4a17?s=96&d=mm&r=g","caption":"Cristina"}}]}},"_links":{"self":[{"href":"https:\/\/castelldor.com\/es\/wp-json\/wp\/v2\/posts\/138245","targetHints":{"allow":["GET"]}}],"collection":[{"href":"https:\/\/castelldor.com\/es\/wp-json\/wp\/v2\/posts"}],"about":[{"href":"https:\/\/castelldor.com\/es\/wp-json\/wp\/v2\/types\/post"}],"author":[{"embeddable":true,"href":"https:\/\/castelldor.com\/es\/wp-json\/wp\/v2\/users\/2"}],"replies":[{"embeddable":true,"href":"https:\/\/castelldor.com\/es\/wp-json\/wp\/v2\/comments?post=138245"}],"version-history":[{"count":3,"href":"https:\/\/castelldor.com\/es\/wp-json\/wp\/v2\/posts\/138245\/revisions"}],"predecessor-version":[{"id":138253,"href":"https:\/\/castelldor.com\/es\/wp-json\/wp\/v2\/posts\/138245\/revisions\/138253"}],"wp:featuredmedia":[{"embeddable":true,"href":"https:\/\/castelldor.com\/es\/wp-json\/wp\/v2\/media\/138236"}],"wp:attachment":[{"href":"https:\/\/castelldor.com\/es\/wp-json\/wp\/v2\/media?parent=138245"}],"wp:term":[{"taxonomy":"category","embeddable":true,"href":"https:\/\/castelldor.com\/es\/wp-json\/wp\/v2\/categories?post=138245"},{"taxonomy":"post_tag","embeddable":true,"href":"https:\/\/castelldor.com\/es\/wp-json\/wp\/v2\/tags?post=138245"}],"curies":[{"name":"wp","href":"https:\/\/api.w.org\/{rel}","templated":true}]}}