{"id":137797,"date":"2024-10-02T09:42:11","date_gmt":"2024-10-02T07:42:11","guid":{"rendered":"https:\/\/castelldor.com\/les-cooperatives-del-grup-castell-dor-i-cevipe-posen-punt-i-final-a-una-verema-complexa\/"},"modified":"2024-10-01T12:12:57","modified_gmt":"2024-10-01T10:12:57","slug":"les-cooperatives-del-grup-castell-dor-i-cevipe-posen-punt-i-final-a-una-verema-complexa","status":"publish","type":"post","link":"https:\/\/castelldor.com\/es\/les-cooperatives-del-grup-castell-dor-i-cevipe-posen-punt-i-final-a-una-verema-complexa\/","title":{"rendered":"Las cooperativas del grupo Castell d\u2019Or i CEVIPE ponen punto y final a una vendimia compleja"},"content":{"rendered":"<p><strong>La calidad de la uva logra niveles \u00f3ptimos, con una excelente acidez y grado alcoh\u00f3lico<\/strong><\/p>\n<p>Las cooperativas que forman parte del grupo Castell d&#8217;Or y del grupo <a href=\"https:\/\/www.cevipe.cat\/\">CEVIPE<\/a> ponen punto y final a la vendimia 2024 que, este a\u00f1o, dio el pistoletazo de salida a mediados de agosto. A pesar de la vendimia ha sido ligeramente mejor que el a\u00f1o pasado, las condiciones adversas marcadas por la sequ\u00eda han reducido el volumen de uva respecto a las vendimias previas a 2021. El total de 20 pueblos que agrupa el proyecto cooperativo\u00a0 <a href=\"https:\/\/www.cevipe.cat\/\">Cevipe\u00a0<\/a>y Castell d&#8217;Or\u00a0 todos han visto una reducci\u00f3n en la cantidad de uva que oscila entre 35%-40% respecto a las cosechas previas a 2021.<\/p>\n<p>A pesar de este contexto de dificultad, los agricultores han conseguido mantener la calidad del fruto a niveles \u00f3ptimos, con una excelente acidez y grado alcoh\u00f3lico y el grupo Castell d&#8217;Or augura que podr\u00e1 mantener la calidad de sus propuestas enol\u00f3gicas.<\/p>\n<p>Castell d&#8217;Or y Cevipe quieren poner en valor el esfuerzo de todos los campesinos que cuidan la vi\u00f1a y protegen la cepa para poder afrontar las pr\u00f3ximas vendimias. Con el objetivo de encaminarnos hacia un nuevo escenario climatol\u00f3gico, el \u00a0grupo reafirma su compromiso con la sostenibilidad, el origen y la excelencia, y continuar\u00e1 trabajando para aplicar medidas que permitan incrementar estos valores en el futuro.<\/p>\n","protected":false},"excerpt":{"rendered":"<p>La calidad de la uva logra niveles \u00f3ptimos, con una excelente acidez y grado alcoh\u00f3lico Las cooperativas que forman parte del grupo Castell d&#8217;Or y del grupo CEVIPE ponen punto y final a la vendimia 2024 que, este a\u00f1o, dio el pistoletazo de salida a mediados de agosto. A pesar de la vendimia ha sido&hellip;&nbsp;<a href=\"https:\/\/castelldor.com\/es\/les-cooperatives-del-grup-castell-dor-i-cevipe-posen-punt-i-final-a-una-verema-complexa\/\" rel=\"bookmark\">Read More &raquo;<span class=\"screen-reader-text\">Las cooperativas del grupo Castell d\u2019Or i CEVIPE ponen punto y final a una vendimia compleja<\/span><\/a><\/p>\n","protected":false},"author":2,"featured_media":137783,"comment_status":"closed","ping_status":"closed","sticky":false,"template":"","format":"standard","meta":{"_acf_changed":false,"inline_featured_image":false,"neve_meta_sidebar":"","neve_meta_container":"","neve_meta_enable_content_width":"off","neve_meta_content_width":70,"neve_meta_title_alignment":"","neve_meta_author_avatar":"","neve_post_elements_order":"","neve_meta_disable_header":"","neve_meta_disable_footer":"","neve_meta_disable_title":"","neve_meta_reading_time":"","footnotes":""},"categories":[44],"tags":[],"class_list":["post-137797","post","type-post","status-publish","format-standard","has-post-thumbnail","hentry","category-actualidad"],"acf":[],"yoast_head":"<!-- This site is optimized with the Yoast SEO plugin v27.4 - https:\/\/yoast.com\/product\/yoast-seo-wordpress\/ -->\n<title>Las cooperativas de Castell d&#039;Or y CEVIPE finalizan la vendimia | Castell d&#039;Or<\/title>\n<meta name=\"description\" content=\"Las cooperativas de Castell d&#039;Or y CEVIPE finalizan la vendimia. La calidad de la uva logra niveles \u00f3ptimos.\" \/>\n<meta name=\"robots\" content=\"index, follow, max-snippet:-1, max-image-preview:large, max-video-preview:-1\" \/>\n<link rel=\"canonical\" href=\"https:\/\/castelldor.com\/es\/les-cooperatives-del-grup-castell-dor-i-cevipe-posen-punt-i-final-a-una-verema-complexa\/\" \/>\n<meta property=\"og:locale\" content=\"es_ES\" \/>\n<meta property=\"og:type\" content=\"article\" \/>\n<meta property=\"og:title\" content=\"Las cooperativas de Castell d&#039;Or y CEVIPE finalizan la vendimia | Castell d&#039;Or\" \/>\n<meta property=\"og:description\" content=\"Las cooperativas de Castell d&#039;Or y CEVIPE finalizan la vendimia. La calidad de la uva logra niveles \u00f3ptimos.\" \/>\n<meta property=\"og:url\" content=\"https:\/\/castelldor.com\/es\/les-cooperatives-del-grup-castell-dor-i-cevipe-posen-punt-i-final-a-una-verema-complexa\/\" \/>\n<meta property=\"og:site_name\" content=\"Castell d&#039;Or\" \/>\n<meta property=\"article:published_time\" content=\"2024-10-02T07:42:11+00:00\" \/>\n<meta property=\"og:image\" content=\"https:\/\/castelldor.com\/wp-content\/uploads\/2024\/09\/verema-vila-rodona-2024_1-e1727423001236.jpg\" \/>\n\t<meta property=\"og:image:width\" content=\"1536\" \/>\n\t<meta property=\"og:image:height\" content=\"2048\" \/>\n\t<meta property=\"og:image:type\" content=\"image\/jpeg\" \/>\n<meta name=\"author\" content=\"Cristina\" \/>\n<meta name=\"twitter:card\" content=\"summary_large_image\" \/>\n<meta name=\"twitter:label1\" content=\"Escrito por\" \/>\n\t<meta name=\"twitter:data1\" content=\"Cristina\" \/>\n\t<meta name=\"twitter:label2\" content=\"Tiempo de lectura\" \/>\n\t<meta name=\"twitter:data2\" content=\"2 minutos\" \/>\n<script type=\"application\/ld+json\" class=\"yoast-schema-graph\">{\"@context\":\"https:\\\/\\\/schema.org\",\"@graph\":[{\"@type\":\"Article\",\"@id\":\"https:\\\/\\\/castelldor.com\\\/es\\\/les-cooperatives-del-grup-castell-dor-i-cevipe-posen-punt-i-final-a-una-verema-complexa\\\/#article\",\"isPartOf\":{\"@id\":\"https:\\\/\\\/castelldor.com\\\/es\\\/les-cooperatives-del-grup-castell-dor-i-cevipe-posen-punt-i-final-a-una-verema-complexa\\\/\"},\"author\":{\"name\":\"Cristina\",\"@id\":\"https:\\\/\\\/castelldor.com\\\/es\\\/#\\\/schema\\\/person\\\/3800fc91546b8fea5812fe762dd57eab\"},\"headline\":\"Las cooperativas del grupo Castell d\u2019Or i CEVIPE ponen punto y final a una vendimia compleja\",\"datePublished\":\"2024-10-02T07:42:11+00:00\",\"mainEntityOfPage\":{\"@id\":\"https:\\\/\\\/castelldor.com\\\/es\\\/les-cooperatives-del-grup-castell-dor-i-cevipe-posen-punt-i-final-a-una-verema-complexa\\\/\"},\"wordCount\":249,\"publisher\":{\"@id\":\"https:\\\/\\\/castelldor.com\\\/es\\\/#organization\"},\"image\":{\"@id\":\"https:\\\/\\\/castelldor.com\\\/es\\\/les-cooperatives-del-grup-castell-dor-i-cevipe-posen-punt-i-final-a-una-verema-complexa\\\/#primaryimage\"},\"thumbnailUrl\":\"https:\\\/\\\/castelldor.com\\\/wp-content\\\/uploads\\\/2024\\\/09\\\/verema-vila-rodona-2024_1-e1727423001236.jpg\",\"articleSection\":[\"Actualidad\"],\"inLanguage\":\"es\"},{\"@type\":\"WebPage\",\"@id\":\"https:\\\/\\\/castelldor.com\\\/es\\\/les-cooperatives-del-grup-castell-dor-i-cevipe-posen-punt-i-final-a-una-verema-complexa\\\/\",\"url\":\"https:\\\/\\\/castelldor.com\\\/es\\\/les-cooperatives-del-grup-castell-dor-i-cevipe-posen-punt-i-final-a-una-verema-complexa\\\/\",\"name\":\"Las cooperativas de Castell d'Or y CEVIPE finalizan la vendimia | Castell d&#039;Or\",\"isPartOf\":{\"@id\":\"https:\\\/\\\/castelldor.com\\\/es\\\/#website\"},\"primaryImageOfPage\":{\"@id\":\"https:\\\/\\\/castelldor.com\\\/es\\\/les-cooperatives-del-grup-castell-dor-i-cevipe-posen-punt-i-final-a-una-verema-complexa\\\/#primaryimage\"},\"image\":{\"@id\":\"https:\\\/\\\/castelldor.com\\\/es\\\/les-cooperatives-del-grup-castell-dor-i-cevipe-posen-punt-i-final-a-una-verema-complexa\\\/#primaryimage\"},\"thumbnailUrl\":\"https:\\\/\\\/castelldor.com\\\/wp-content\\\/uploads\\\/2024\\\/09\\\/verema-vila-rodona-2024_1-e1727423001236.jpg\",\"datePublished\":\"2024-10-02T07:42:11+00:00\",\"description\":\"Las cooperativas de Castell d'Or y CEVIPE finalizan la vendimia. La calidad de la uva logra niveles \u00f3ptimos.\",\"breadcrumb\":{\"@id\":\"https:\\\/\\\/castelldor.com\\\/es\\\/les-cooperatives-del-grup-castell-dor-i-cevipe-posen-punt-i-final-a-una-verema-complexa\\\/#breadcrumb\"},\"inLanguage\":\"es\",\"potentialAction\":[{\"@type\":\"ReadAction\",\"target\":[\"https:\\\/\\\/castelldor.com\\\/es\\\/les-cooperatives-del-grup-castell-dor-i-cevipe-posen-punt-i-final-a-una-verema-complexa\\\/\"]}]},{\"@type\":\"ImageObject\",\"inLanguage\":\"es\",\"@id\":\"https:\\\/\\\/castelldor.com\\\/es\\\/les-cooperatives-del-grup-castell-dor-i-cevipe-posen-punt-i-final-a-una-verema-complexa\\\/#primaryimage\",\"url\":\"https:\\\/\\\/castelldor.com\\\/wp-content\\\/uploads\\\/2024\\\/09\\\/verema-vila-rodona-2024_1-e1727423001236.jpg\",\"contentUrl\":\"https:\\\/\\\/castelldor.com\\\/wp-content\\\/uploads\\\/2024\\\/09\\\/verema-vila-rodona-2024_1-e1727423001236.jpg\",\"width\":1536,\"height\":2048},{\"@type\":\"BreadcrumbList\",\"@id\":\"https:\\\/\\\/castelldor.com\\\/es\\\/les-cooperatives-del-grup-castell-dor-i-cevipe-posen-punt-i-final-a-una-verema-complexa\\\/#breadcrumb\",\"itemListElement\":[{\"@type\":\"ListItem\",\"position\":1,\"name\":\"Inici\",\"item\":\"https:\\\/\\\/castelldor.com\\\/es\\\/\"},{\"@type\":\"ListItem\",\"position\":2,\"name\":\"Las cooperativas del grupo Castell d\u2019Or i CEVIPE ponen punto y final a una vendimia compleja\"}]},{\"@type\":\"WebSite\",\"@id\":\"https:\\\/\\\/castelldor.com\\\/es\\\/#website\",\"url\":\"https:\\\/\\\/castelldor.com\\\/es\\\/\",\"name\":\"Castell d&#039;Or\",\"description\":\"Love people, Love wine\",\"publisher\":{\"@id\":\"https:\\\/\\\/castelldor.com\\\/es\\\/#organization\"},\"potentialAction\":[{\"@type\":\"SearchAction\",\"target\":{\"@type\":\"EntryPoint\",\"urlTemplate\":\"https:\\\/\\\/castelldor.com\\\/es\\\/?s={search_term_string}\"},\"query-input\":{\"@type\":\"PropertyValueSpecification\",\"valueRequired\":true,\"valueName\":\"search_term_string\"}}],\"inLanguage\":\"es\"},{\"@type\":\"Organization\",\"@id\":\"https:\\\/\\\/castelldor.com\\\/es\\\/#organization\",\"name\":\"Castell d'Or\",\"url\":\"https:\\\/\\\/castelldor.com\\\/es\\\/\",\"logo\":{\"@type\":\"ImageObject\",\"inLanguage\":\"es\",\"@id\":\"https:\\\/\\\/castelldor.com\\\/es\\\/#\\\/schema\\\/logo\\\/image\\\/\",\"url\":\"https:\\\/\\\/castelldor.com\\\/wp-content\\\/uploads\\\/2022\\\/08\\\/Castell-dor-blanc.svg\",\"contentUrl\":\"https:\\\/\\\/castelldor.com\\\/wp-content\\\/uploads\\\/2022\\\/08\\\/Castell-dor-blanc.svg\",\"width\":169,\"height\":61,\"caption\":\"Castell d'Or\"},\"image\":{\"@id\":\"https:\\\/\\\/castelldor.com\\\/es\\\/#\\\/schema\\\/logo\\\/image\\\/\"}},{\"@type\":\"Person\",\"@id\":\"https:\\\/\\\/castelldor.com\\\/es\\\/#\\\/schema\\\/person\\\/3800fc91546b8fea5812fe762dd57eab\",\"name\":\"Cristina\",\"image\":{\"@type\":\"ImageObject\",\"inLanguage\":\"es\",\"@id\":\"https:\\\/\\\/secure.gravatar.com\\\/avatar\\\/579c1860b6ddac6d2d774a241f04090d5c13b826525a5d2ed1cf72ca0cce4a17?s=96&d=mm&r=g\",\"url\":\"https:\\\/\\\/secure.gravatar.com\\\/avatar\\\/579c1860b6ddac6d2d774a241f04090d5c13b826525a5d2ed1cf72ca0cce4a17?s=96&d=mm&r=g\",\"contentUrl\":\"https:\\\/\\\/secure.gravatar.com\\\/avatar\\\/579c1860b6ddac6d2d774a241f04090d5c13b826525a5d2ed1cf72ca0cce4a17?s=96&d=mm&r=g\",\"caption\":\"Cristina\"}}]}<\/script>\n<!-- \/ Yoast SEO plugin. -->","yoast_head_json":{"title":"Las cooperativas de Castell d'Or y CEVIPE finalizan la vendimia | Castell d&#039;Or","description":"Las cooperativas de Castell d'Or y CEVIPE finalizan la vendimia. La calidad de la uva logra niveles \u00f3ptimos.","robots":{"index":"index","follow":"follow","max-snippet":"max-snippet:-1","max-image-preview":"max-image-preview:large","max-video-preview":"max-video-preview:-1"},"canonical":"https:\/\/castelldor.com\/es\/les-cooperatives-del-grup-castell-dor-i-cevipe-posen-punt-i-final-a-una-verema-complexa\/","og_locale":"es_ES","og_type":"article","og_title":"Las cooperativas de Castell d'Or y CEVIPE finalizan la vendimia | Castell d&#039;Or","og_description":"Las cooperativas de Castell d'Or y CEVIPE finalizan la vendimia. La calidad de la uva logra niveles \u00f3ptimos.","og_url":"https:\/\/castelldor.com\/es\/les-cooperatives-del-grup-castell-dor-i-cevipe-posen-punt-i-final-a-una-verema-complexa\/","og_site_name":"Castell d&#039;Or","article_published_time":"2024-10-02T07:42:11+00:00","og_image":[{"width":1536,"height":2048,"url":"https:\/\/castelldor.com\/wp-content\/uploads\/2024\/09\/verema-vila-rodona-2024_1-e1727423001236.jpg","type":"image\/jpeg"}],"author":"Cristina","twitter_card":"summary_large_image","twitter_misc":{"Escrito por":"Cristina","Tiempo de lectura":"2 minutos"},"schema":{"@context":"https:\/\/schema.org","@graph":[{"@type":"Article","@id":"https:\/\/castelldor.com\/es\/les-cooperatives-del-grup-castell-dor-i-cevipe-posen-punt-i-final-a-una-verema-complexa\/#article","isPartOf":{"@id":"https:\/\/castelldor.com\/es\/les-cooperatives-del-grup-castell-dor-i-cevipe-posen-punt-i-final-a-una-verema-complexa\/"},"author":{"name":"Cristina","@id":"https:\/\/castelldor.com\/es\/#\/schema\/person\/3800fc91546b8fea5812fe762dd57eab"},"headline":"Las cooperativas del grupo Castell d\u2019Or i CEVIPE ponen punto y final a una vendimia compleja","datePublished":"2024-10-02T07:42:11+00:00","mainEntityOfPage":{"@id":"https:\/\/castelldor.com\/es\/les-cooperatives-del-grup-castell-dor-i-cevipe-posen-punt-i-final-a-una-verema-complexa\/"},"wordCount":249,"publisher":{"@id":"https:\/\/castelldor.com\/es\/#organization"},"image":{"@id":"https:\/\/castelldor.com\/es\/les-cooperatives-del-grup-castell-dor-i-cevipe-posen-punt-i-final-a-una-verema-complexa\/#primaryimage"},"thumbnailUrl":"https:\/\/castelldor.com\/wp-content\/uploads\/2024\/09\/verema-vila-rodona-2024_1-e1727423001236.jpg","articleSection":["Actualidad"],"inLanguage":"es"},{"@type":"WebPage","@id":"https:\/\/castelldor.com\/es\/les-cooperatives-del-grup-castell-dor-i-cevipe-posen-punt-i-final-a-una-verema-complexa\/","url":"https:\/\/castelldor.com\/es\/les-cooperatives-del-grup-castell-dor-i-cevipe-posen-punt-i-final-a-una-verema-complexa\/","name":"Las cooperativas de Castell d'Or y CEVIPE finalizan la vendimia | Castell d&#039;Or","isPartOf":{"@id":"https:\/\/castelldor.com\/es\/#website"},"primaryImageOfPage":{"@id":"https:\/\/castelldor.com\/es\/les-cooperatives-del-grup-castell-dor-i-cevipe-posen-punt-i-final-a-una-verema-complexa\/#primaryimage"},"image":{"@id":"https:\/\/castelldor.com\/es\/les-cooperatives-del-grup-castell-dor-i-cevipe-posen-punt-i-final-a-una-verema-complexa\/#primaryimage"},"thumbnailUrl":"https:\/\/castelldor.com\/wp-content\/uploads\/2024\/09\/verema-vila-rodona-2024_1-e1727423001236.jpg","datePublished":"2024-10-02T07:42:11+00:00","description":"Las cooperativas de Castell d'Or y CEVIPE finalizan la vendimia. La calidad de la uva logra niveles \u00f3ptimos.","breadcrumb":{"@id":"https:\/\/castelldor.com\/es\/les-cooperatives-del-grup-castell-dor-i-cevipe-posen-punt-i-final-a-una-verema-complexa\/#breadcrumb"},"inLanguage":"es","potentialAction":[{"@type":"ReadAction","target":["https:\/\/castelldor.com\/es\/les-cooperatives-del-grup-castell-dor-i-cevipe-posen-punt-i-final-a-una-verema-complexa\/"]}]},{"@type":"ImageObject","inLanguage":"es","@id":"https:\/\/castelldor.com\/es\/les-cooperatives-del-grup-castell-dor-i-cevipe-posen-punt-i-final-a-una-verema-complexa\/#primaryimage","url":"https:\/\/castelldor.com\/wp-content\/uploads\/2024\/09\/verema-vila-rodona-2024_1-e1727423001236.jpg","contentUrl":"https:\/\/castelldor.com\/wp-content\/uploads\/2024\/09\/verema-vila-rodona-2024_1-e1727423001236.jpg","width":1536,"height":2048},{"@type":"BreadcrumbList","@id":"https:\/\/castelldor.com\/es\/les-cooperatives-del-grup-castell-dor-i-cevipe-posen-punt-i-final-a-una-verema-complexa\/#breadcrumb","itemListElement":[{"@type":"ListItem","position":1,"name":"Inici","item":"https:\/\/castelldor.com\/es\/"},{"@type":"ListItem","position":2,"name":"Las cooperativas del grupo Castell d\u2019Or i CEVIPE ponen punto y final a una vendimia compleja"}]},{"@type":"WebSite","@id":"https:\/\/castelldor.com\/es\/#website","url":"https:\/\/castelldor.com\/es\/","name":"Castell d&#039;Or","description":"Love people, Love wine","publisher":{"@id":"https:\/\/castelldor.com\/es\/#organization"},"potentialAction":[{"@type":"SearchAction","target":{"@type":"EntryPoint","urlTemplate":"https:\/\/castelldor.com\/es\/?s={search_term_string}"},"query-input":{"@type":"PropertyValueSpecification","valueRequired":true,"valueName":"search_term_string"}}],"inLanguage":"es"},{"@type":"Organization","@id":"https:\/\/castelldor.com\/es\/#organization","name":"Castell d'Or","url":"https:\/\/castelldor.com\/es\/","logo":{"@type":"ImageObject","inLanguage":"es","@id":"https:\/\/castelldor.com\/es\/#\/schema\/logo\/image\/","url":"https:\/\/castelldor.com\/wp-content\/uploads\/2022\/08\/Castell-dor-blanc.svg","contentUrl":"https:\/\/castelldor.com\/wp-content\/uploads\/2022\/08\/Castell-dor-blanc.svg","width":169,"height":61,"caption":"Castell d'Or"},"image":{"@id":"https:\/\/castelldor.com\/es\/#\/schema\/logo\/image\/"}},{"@type":"Person","@id":"https:\/\/castelldor.com\/es\/#\/schema\/person\/3800fc91546b8fea5812fe762dd57eab","name":"Cristina","image":{"@type":"ImageObject","inLanguage":"es","@id":"https:\/\/secure.gravatar.com\/avatar\/579c1860b6ddac6d2d774a241f04090d5c13b826525a5d2ed1cf72ca0cce4a17?s=96&d=mm&r=g","url":"https:\/\/secure.gravatar.com\/avatar\/579c1860b6ddac6d2d774a241f04090d5c13b826525a5d2ed1cf72ca0cce4a17?s=96&d=mm&r=g","contentUrl":"https:\/\/secure.gravatar.com\/avatar\/579c1860b6ddac6d2d774a241f04090d5c13b826525a5d2ed1cf72ca0cce4a17?s=96&d=mm&r=g","caption":"Cristina"}}]}},"_links":{"self":[{"href":"https:\/\/castelldor.com\/es\/wp-json\/wp\/v2\/posts\/137797","targetHints":{"allow":["GET"]}}],"collection":[{"href":"https:\/\/castelldor.com\/es\/wp-json\/wp\/v2\/posts"}],"about":[{"href":"https:\/\/castelldor.com\/es\/wp-json\/wp\/v2\/types\/post"}],"author":[{"embeddable":true,"href":"https:\/\/castelldor.com\/es\/wp-json\/wp\/v2\/users\/2"}],"replies":[{"embeddable":true,"href":"https:\/\/castelldor.com\/es\/wp-json\/wp\/v2\/comments?post=137797"}],"version-history":[{"count":7,"href":"https:\/\/castelldor.com\/es\/wp-json\/wp\/v2\/posts\/137797\/revisions"}],"predecessor-version":[{"id":137827,"href":"https:\/\/castelldor.com\/es\/wp-json\/wp\/v2\/posts\/137797\/revisions\/137827"}],"wp:featuredmedia":[{"embeddable":true,"href":"https:\/\/castelldor.com\/es\/wp-json\/wp\/v2\/media\/137783"}],"wp:attachment":[{"href":"https:\/\/castelldor.com\/es\/wp-json\/wp\/v2\/media?parent=137797"}],"wp:term":[{"taxonomy":"category","embeddable":true,"href":"https:\/\/castelldor.com\/es\/wp-json\/wp\/v2\/categories?post=137797"},{"taxonomy":"post_tag","embeddable":true,"href":"https:\/\/castelldor.com\/es\/wp-json\/wp\/v2\/tags?post=137797"}],"curies":[{"name":"wp","href":"https:\/\/api.w.org\/{rel}","templated":true}]}}