{"id":137285,"date":"2024-07-09T13:29:21","date_gmt":"2024-07-09T11:29:21","guid":{"rendered":"https:\/\/castelldor.com\/el-dimecres-tapa-sesten-a-tota-la-comarca\/"},"modified":"2024-07-10T11:27:31","modified_gmt":"2024-07-10T09:27:31","slug":"empieza-dimecres-de-tapa-con-la-do-conca-de-barbera","status":"publish","type":"post","link":"https:\/\/castelldor.com\/es\/empieza-dimecres-de-tapa-con-la-do-conca-de-barbera\/","title":{"rendered":"Empieza el &#8216;Dimecres de Tapa&#8217; con la DO Conca de Barber\u00e0"},"content":{"rendered":"<p><strong>Castell d&#8217;Or estar\u00e1 presente con su vino Francol\u00ed de la DO Conca de Barber\u00e0.<\/strong><\/p>\n<p>Castell d&#8217;Or estar\u00e1 presente con su vino Francol\u00ed de la DO Conca de Barber\u00e0.<\/p>\n<p>Hoy se ha presentado la 11\u00aa edici\u00f3n de la Ruta Gastron\u00f3mica Dimecres Tapa. Ruta de Tapas en La Conca de Barber\u00e0 en el Ayuntamiento de Montblanc. La presentaci\u00f3n ha contado con la presencia de Oriol Palliss\u00f3, Alcalde de Montblanc; Ruth Ceperuelo, presidenta de la AEH Conca de Barber\u00e0; Ricard Sebasti\u00e0 Forast\u00e9, Presidente de la DO Conca de Barber\u00e0, Joan Canela, Presidente del Consejo Comarcal de la Conca de Barber\u00e0 y representantes de los establecimientos y bodegas participantes.<\/p>\n<p>Durante su intervenci\u00f3n, todos ellos han destacado la oportunidad que ofrece una ruta como esta para descubrir restaurantes y vinos del territorio; as\u00ed como la consolidaci\u00f3n y arraigo que ha conseguido despu\u00e9s de once ediciones, convirti\u00e9ndose en un imprescindible de los veranos de Montblanc y ahora tambi\u00e9n, de La Conca de Barber\u00e0.<\/p>\n<p>As\u00ed pues, la ruta comenzar\u00e1 el pr\u00f3ximo 17 de julio y se alargar\u00e1 hasta el 28 de agosto. Durante casi todo el verano, 16 restaurantes servir\u00e1n, cada mi\u00e9rcoles a partir de las 19:30 h, tapas a 5 \u20ac acompa\u00f1adas de una copa de vino de la D.O Conca de Barber\u00e0.<\/p>\n<p>Una ruta que atrae, desde hace 11 a\u00f1os, tanto a la gente de la Conca y alrededores, como a turistas, ya que permite completar la experiencia tur\u00edstica con una actividad gastron\u00f3mica. Y que tambi\u00e9n sirve como revulsivo para dinamizar la comarca y su tejido empresarial y social, y este a\u00f1o, tambi\u00e9n, para descubrir La Conca.<\/p>\n<p>Otra de las novedades es que este 2024, con el objetivo de fomentar la visita a las diferentes poblaciones participantes, todos aquellos que degusten las tapas de 3 establecimientos de 3 poblaciones diferentes, entrar\u00e1n en el sorteo de estancias, visitas o experiencias gastron\u00f3micas en establecimientos y\/o empresas de la Conca de Barber\u00e0.<\/p>\n","protected":false},"excerpt":{"rendered":"<p>Castell d&#8217;Or estar\u00e1 presente con su vino Francol\u00ed de la DO Conca de Barber\u00e0. Castell d&#8217;Or estar\u00e1 presente con su vino Francol\u00ed de la DO Conca de Barber\u00e0. Hoy se ha presentado la 11\u00aa edici\u00f3n de la Ruta Gastron\u00f3mica Dimecres Tapa. Ruta de Tapas en La Conca de Barber\u00e0 en el Ayuntamiento de Montblanc. La&hellip;&nbsp;<a href=\"https:\/\/castelldor.com\/es\/empieza-dimecres-de-tapa-con-la-do-conca-de-barbera\/\" rel=\"bookmark\">Read More &raquo;<span class=\"screen-reader-text\">Empieza el &#8216;Dimecres de Tapa&#8217; con la DO Conca de Barber\u00e0<\/span><\/a><\/p>\n","protected":false},"author":2,"featured_media":137276,"comment_status":"closed","ping_status":"closed","sticky":false,"template":"","format":"standard","meta":{"_acf_changed":false,"inline_featured_image":false,"neve_meta_sidebar":"","neve_meta_container":"","neve_meta_enable_content_width":"off","neve_meta_content_width":70,"neve_meta_title_alignment":"","neve_meta_author_avatar":"","neve_post_elements_order":"","neve_meta_disable_header":"","neve_meta_disable_footer":"","neve_meta_disable_title":"","neve_meta_reading_time":"","footnotes":""},"categories":[44],"tags":[],"class_list":["post-137285","post","type-post","status-publish","format-standard","has-post-thumbnail","hentry","category-actualidad"],"acf":[],"yoast_head":"<!-- This site is optimized with the Yoast SEO plugin v27.4 - https:\/\/yoast.com\/product\/yoast-seo-wordpress\/ -->\n<title>Empieza el &#039;Dimecres de Tapa&#039; con la DO Conca de Barber\u00e0 | Castell d&#039;Or<\/title>\n<meta name=\"description\" content=\"Mi\u00e9rcoles de Tapa empezar\u00e1 el pr\u00f3ximo 17 de julio y se alargar\u00e1 hasta 28 de agosto con la DO Conca de Barber\u00e0.\" \/>\n<meta name=\"robots\" content=\"index, follow, max-snippet:-1, max-image-preview:large, max-video-preview:-1\" \/>\n<link rel=\"canonical\" href=\"https:\/\/castelldor.com\/es\/empieza-dimecres-de-tapa-con-la-do-conca-de-barbera\/\" \/>\n<meta property=\"og:locale\" content=\"es_ES\" \/>\n<meta property=\"og:type\" content=\"article\" \/>\n<meta property=\"og:title\" content=\"Empieza el &#039;Dimecres de Tapa&#039; con la DO Conca de Barber\u00e0 | Castell d&#039;Or\" \/>\n<meta property=\"og:description\" content=\"Mi\u00e9rcoles de Tapa empezar\u00e1 el pr\u00f3ximo 17 de julio y se alargar\u00e1 hasta 28 de agosto con la DO Conca de Barber\u00e0.\" \/>\n<meta property=\"og:url\" content=\"https:\/\/castelldor.com\/es\/empieza-dimecres-de-tapa-con-la-do-conca-de-barbera\/\" \/>\n<meta property=\"og:site_name\" content=\"Castell d&#039;Or\" \/>\n<meta property=\"article:published_time\" content=\"2024-07-09T11:29:21+00:00\" \/>\n<meta property=\"article:modified_time\" content=\"2024-07-10T09:27:31+00:00\" \/>\n<meta property=\"og:image\" content=\"https:\/\/castelldor.com\/wp-content\/uploads\/2024\/07\/2beb69e7-e0ac-433e-bfdb-cc1c95a94817.jpg\" \/>\n\t<meta property=\"og:image:width\" content=\"2048\" \/>\n\t<meta property=\"og:image:height\" content=\"1658\" \/>\n\t<meta property=\"og:image:type\" content=\"image\/jpeg\" \/>\n<meta name=\"author\" content=\"Cristina\" \/>\n<meta name=\"twitter:card\" content=\"summary_large_image\" \/>\n<meta name=\"twitter:label1\" content=\"Escrito por\" \/>\n\t<meta name=\"twitter:data1\" content=\"Cristina\" \/>\n\t<meta name=\"twitter:label2\" content=\"Tiempo de lectura\" \/>\n\t<meta name=\"twitter:data2\" content=\"2 minutos\" \/>\n<script type=\"application\/ld+json\" class=\"yoast-schema-graph\">{\"@context\":\"https:\\\/\\\/schema.org\",\"@graph\":[{\"@type\":\"Article\",\"@id\":\"https:\\\/\\\/castelldor.com\\\/es\\\/empieza-dimecres-de-tapa-con-la-do-conca-de-barbera\\\/#article\",\"isPartOf\":{\"@id\":\"https:\\\/\\\/castelldor.com\\\/es\\\/empieza-dimecres-de-tapa-con-la-do-conca-de-barbera\\\/\"},\"author\":{\"name\":\"Cristina\",\"@id\":\"https:\\\/\\\/castelldor.com\\\/es\\\/#\\\/schema\\\/person\\\/3800fc91546b8fea5812fe762dd57eab\"},\"headline\":\"Empieza el &#8216;Dimecres de Tapa&#8217; con la DO Conca de Barber\u00e0\",\"datePublished\":\"2024-07-09T11:29:21+00:00\",\"dateModified\":\"2024-07-10T09:27:31+00:00\",\"mainEntityOfPage\":{\"@id\":\"https:\\\/\\\/castelldor.com\\\/es\\\/empieza-dimecres-de-tapa-con-la-do-conca-de-barbera\\\/\"},\"wordCount\":338,\"publisher\":{\"@id\":\"https:\\\/\\\/castelldor.com\\\/es\\\/#organization\"},\"image\":{\"@id\":\"https:\\\/\\\/castelldor.com\\\/es\\\/empieza-dimecres-de-tapa-con-la-do-conca-de-barbera\\\/#primaryimage\"},\"thumbnailUrl\":\"https:\\\/\\\/castelldor.com\\\/wp-content\\\/uploads\\\/2024\\\/07\\\/2beb69e7-e0ac-433e-bfdb-cc1c95a94817.jpg\",\"articleSection\":[\"Actualidad\"],\"inLanguage\":\"es\"},{\"@type\":\"WebPage\",\"@id\":\"https:\\\/\\\/castelldor.com\\\/es\\\/empieza-dimecres-de-tapa-con-la-do-conca-de-barbera\\\/\",\"url\":\"https:\\\/\\\/castelldor.com\\\/es\\\/empieza-dimecres-de-tapa-con-la-do-conca-de-barbera\\\/\",\"name\":\"Empieza el 'Dimecres de Tapa' con la DO Conca de Barber\u00e0 | Castell d&#039;Or\",\"isPartOf\":{\"@id\":\"https:\\\/\\\/castelldor.com\\\/es\\\/#website\"},\"primaryImageOfPage\":{\"@id\":\"https:\\\/\\\/castelldor.com\\\/es\\\/empieza-dimecres-de-tapa-con-la-do-conca-de-barbera\\\/#primaryimage\"},\"image\":{\"@id\":\"https:\\\/\\\/castelldor.com\\\/es\\\/empieza-dimecres-de-tapa-con-la-do-conca-de-barbera\\\/#primaryimage\"},\"thumbnailUrl\":\"https:\\\/\\\/castelldor.com\\\/wp-content\\\/uploads\\\/2024\\\/07\\\/2beb69e7-e0ac-433e-bfdb-cc1c95a94817.jpg\",\"datePublished\":\"2024-07-09T11:29:21+00:00\",\"dateModified\":\"2024-07-10T09:27:31+00:00\",\"description\":\"Mi\u00e9rcoles de Tapa empezar\u00e1 el pr\u00f3ximo 17 de julio y se alargar\u00e1 hasta 28 de agosto con la DO Conca de Barber\u00e0.\",\"breadcrumb\":{\"@id\":\"https:\\\/\\\/castelldor.com\\\/es\\\/empieza-dimecres-de-tapa-con-la-do-conca-de-barbera\\\/#breadcrumb\"},\"inLanguage\":\"es\",\"potentialAction\":[{\"@type\":\"ReadAction\",\"target\":[\"https:\\\/\\\/castelldor.com\\\/es\\\/empieza-dimecres-de-tapa-con-la-do-conca-de-barbera\\\/\"]}]},{\"@type\":\"ImageObject\",\"inLanguage\":\"es\",\"@id\":\"https:\\\/\\\/castelldor.com\\\/es\\\/empieza-dimecres-de-tapa-con-la-do-conca-de-barbera\\\/#primaryimage\",\"url\":\"https:\\\/\\\/castelldor.com\\\/wp-content\\\/uploads\\\/2024\\\/07\\\/2beb69e7-e0ac-433e-bfdb-cc1c95a94817.jpg\",\"contentUrl\":\"https:\\\/\\\/castelldor.com\\\/wp-content\\\/uploads\\\/2024\\\/07\\\/2beb69e7-e0ac-433e-bfdb-cc1c95a94817.jpg\",\"width\":2048,\"height\":1658},{\"@type\":\"BreadcrumbList\",\"@id\":\"https:\\\/\\\/castelldor.com\\\/es\\\/empieza-dimecres-de-tapa-con-la-do-conca-de-barbera\\\/#breadcrumb\",\"itemListElement\":[{\"@type\":\"ListItem\",\"position\":1,\"name\":\"Inici\",\"item\":\"https:\\\/\\\/castelldor.com\\\/es\\\/\"},{\"@type\":\"ListItem\",\"position\":2,\"name\":\"Empieza el &#8216;Dimecres de Tapa&#8217; con la DO Conca de Barber\u00e0\"}]},{\"@type\":\"WebSite\",\"@id\":\"https:\\\/\\\/castelldor.com\\\/es\\\/#website\",\"url\":\"https:\\\/\\\/castelldor.com\\\/es\\\/\",\"name\":\"Castell d&#039;Or\",\"description\":\"Love people, Love wine\",\"publisher\":{\"@id\":\"https:\\\/\\\/castelldor.com\\\/es\\\/#organization\"},\"potentialAction\":[{\"@type\":\"SearchAction\",\"target\":{\"@type\":\"EntryPoint\",\"urlTemplate\":\"https:\\\/\\\/castelldor.com\\\/es\\\/?s={search_term_string}\"},\"query-input\":{\"@type\":\"PropertyValueSpecification\",\"valueRequired\":true,\"valueName\":\"search_term_string\"}}],\"inLanguage\":\"es\"},{\"@type\":\"Organization\",\"@id\":\"https:\\\/\\\/castelldor.com\\\/es\\\/#organization\",\"name\":\"Castell d'Or\",\"url\":\"https:\\\/\\\/castelldor.com\\\/es\\\/\",\"logo\":{\"@type\":\"ImageObject\",\"inLanguage\":\"es\",\"@id\":\"https:\\\/\\\/castelldor.com\\\/es\\\/#\\\/schema\\\/logo\\\/image\\\/\",\"url\":\"https:\\\/\\\/castelldor.com\\\/wp-content\\\/uploads\\\/2022\\\/08\\\/Castell-dor-blanc.svg\",\"contentUrl\":\"https:\\\/\\\/castelldor.com\\\/wp-content\\\/uploads\\\/2022\\\/08\\\/Castell-dor-blanc.svg\",\"width\":169,\"height\":61,\"caption\":\"Castell d'Or\"},\"image\":{\"@id\":\"https:\\\/\\\/castelldor.com\\\/es\\\/#\\\/schema\\\/logo\\\/image\\\/\"}},{\"@type\":\"Person\",\"@id\":\"https:\\\/\\\/castelldor.com\\\/es\\\/#\\\/schema\\\/person\\\/3800fc91546b8fea5812fe762dd57eab\",\"name\":\"Cristina\",\"image\":{\"@type\":\"ImageObject\",\"inLanguage\":\"es\",\"@id\":\"https:\\\/\\\/secure.gravatar.com\\\/avatar\\\/579c1860b6ddac6d2d774a241f04090d5c13b826525a5d2ed1cf72ca0cce4a17?s=96&d=mm&r=g\",\"url\":\"https:\\\/\\\/secure.gravatar.com\\\/avatar\\\/579c1860b6ddac6d2d774a241f04090d5c13b826525a5d2ed1cf72ca0cce4a17?s=96&d=mm&r=g\",\"contentUrl\":\"https:\\\/\\\/secure.gravatar.com\\\/avatar\\\/579c1860b6ddac6d2d774a241f04090d5c13b826525a5d2ed1cf72ca0cce4a17?s=96&d=mm&r=g\",\"caption\":\"Cristina\"}}]}<\/script>\n<!-- \/ Yoast SEO plugin. -->","yoast_head_json":{"title":"Empieza el 'Dimecres de Tapa' con la DO Conca de Barber\u00e0 | Castell d&#039;Or","description":"Mi\u00e9rcoles de Tapa empezar\u00e1 el pr\u00f3ximo 17 de julio y se alargar\u00e1 hasta 28 de agosto con la DO Conca de Barber\u00e0.","robots":{"index":"index","follow":"follow","max-snippet":"max-snippet:-1","max-image-preview":"max-image-preview:large","max-video-preview":"max-video-preview:-1"},"canonical":"https:\/\/castelldor.com\/es\/empieza-dimecres-de-tapa-con-la-do-conca-de-barbera\/","og_locale":"es_ES","og_type":"article","og_title":"Empieza el 'Dimecres de Tapa' con la DO Conca de Barber\u00e0 | Castell d&#039;Or","og_description":"Mi\u00e9rcoles de Tapa empezar\u00e1 el pr\u00f3ximo 17 de julio y se alargar\u00e1 hasta 28 de agosto con la DO Conca de Barber\u00e0.","og_url":"https:\/\/castelldor.com\/es\/empieza-dimecres-de-tapa-con-la-do-conca-de-barbera\/","og_site_name":"Castell d&#039;Or","article_published_time":"2024-07-09T11:29:21+00:00","article_modified_time":"2024-07-10T09:27:31+00:00","og_image":[{"width":2048,"height":1658,"url":"https:\/\/castelldor.com\/wp-content\/uploads\/2024\/07\/2beb69e7-e0ac-433e-bfdb-cc1c95a94817.jpg","type":"image\/jpeg"}],"author":"Cristina","twitter_card":"summary_large_image","twitter_misc":{"Escrito por":"Cristina","Tiempo de lectura":"2 minutos"},"schema":{"@context":"https:\/\/schema.org","@graph":[{"@type":"Article","@id":"https:\/\/castelldor.com\/es\/empieza-dimecres-de-tapa-con-la-do-conca-de-barbera\/#article","isPartOf":{"@id":"https:\/\/castelldor.com\/es\/empieza-dimecres-de-tapa-con-la-do-conca-de-barbera\/"},"author":{"name":"Cristina","@id":"https:\/\/castelldor.com\/es\/#\/schema\/person\/3800fc91546b8fea5812fe762dd57eab"},"headline":"Empieza el &#8216;Dimecres de Tapa&#8217; con la DO Conca de Barber\u00e0","datePublished":"2024-07-09T11:29:21+00:00","dateModified":"2024-07-10T09:27:31+00:00","mainEntityOfPage":{"@id":"https:\/\/castelldor.com\/es\/empieza-dimecres-de-tapa-con-la-do-conca-de-barbera\/"},"wordCount":338,"publisher":{"@id":"https:\/\/castelldor.com\/es\/#organization"},"image":{"@id":"https:\/\/castelldor.com\/es\/empieza-dimecres-de-tapa-con-la-do-conca-de-barbera\/#primaryimage"},"thumbnailUrl":"https:\/\/castelldor.com\/wp-content\/uploads\/2024\/07\/2beb69e7-e0ac-433e-bfdb-cc1c95a94817.jpg","articleSection":["Actualidad"],"inLanguage":"es"},{"@type":"WebPage","@id":"https:\/\/castelldor.com\/es\/empieza-dimecres-de-tapa-con-la-do-conca-de-barbera\/","url":"https:\/\/castelldor.com\/es\/empieza-dimecres-de-tapa-con-la-do-conca-de-barbera\/","name":"Empieza el 'Dimecres de Tapa' con la DO Conca de Barber\u00e0 | Castell d&#039;Or","isPartOf":{"@id":"https:\/\/castelldor.com\/es\/#website"},"primaryImageOfPage":{"@id":"https:\/\/castelldor.com\/es\/empieza-dimecres-de-tapa-con-la-do-conca-de-barbera\/#primaryimage"},"image":{"@id":"https:\/\/castelldor.com\/es\/empieza-dimecres-de-tapa-con-la-do-conca-de-barbera\/#primaryimage"},"thumbnailUrl":"https:\/\/castelldor.com\/wp-content\/uploads\/2024\/07\/2beb69e7-e0ac-433e-bfdb-cc1c95a94817.jpg","datePublished":"2024-07-09T11:29:21+00:00","dateModified":"2024-07-10T09:27:31+00:00","description":"Mi\u00e9rcoles de Tapa empezar\u00e1 el pr\u00f3ximo 17 de julio y se alargar\u00e1 hasta 28 de agosto con la DO Conca de Barber\u00e0.","breadcrumb":{"@id":"https:\/\/castelldor.com\/es\/empieza-dimecres-de-tapa-con-la-do-conca-de-barbera\/#breadcrumb"},"inLanguage":"es","potentialAction":[{"@type":"ReadAction","target":["https:\/\/castelldor.com\/es\/empieza-dimecres-de-tapa-con-la-do-conca-de-barbera\/"]}]},{"@type":"ImageObject","inLanguage":"es","@id":"https:\/\/castelldor.com\/es\/empieza-dimecres-de-tapa-con-la-do-conca-de-barbera\/#primaryimage","url":"https:\/\/castelldor.com\/wp-content\/uploads\/2024\/07\/2beb69e7-e0ac-433e-bfdb-cc1c95a94817.jpg","contentUrl":"https:\/\/castelldor.com\/wp-content\/uploads\/2024\/07\/2beb69e7-e0ac-433e-bfdb-cc1c95a94817.jpg","width":2048,"height":1658},{"@type":"BreadcrumbList","@id":"https:\/\/castelldor.com\/es\/empieza-dimecres-de-tapa-con-la-do-conca-de-barbera\/#breadcrumb","itemListElement":[{"@type":"ListItem","position":1,"name":"Inici","item":"https:\/\/castelldor.com\/es\/"},{"@type":"ListItem","position":2,"name":"Empieza el &#8216;Dimecres de Tapa&#8217; con la DO Conca de Barber\u00e0"}]},{"@type":"WebSite","@id":"https:\/\/castelldor.com\/es\/#website","url":"https:\/\/castelldor.com\/es\/","name":"Castell d&#039;Or","description":"Love people, Love wine","publisher":{"@id":"https:\/\/castelldor.com\/es\/#organization"},"potentialAction":[{"@type":"SearchAction","target":{"@type":"EntryPoint","urlTemplate":"https:\/\/castelldor.com\/es\/?s={search_term_string}"},"query-input":{"@type":"PropertyValueSpecification","valueRequired":true,"valueName":"search_term_string"}}],"inLanguage":"es"},{"@type":"Organization","@id":"https:\/\/castelldor.com\/es\/#organization","name":"Castell d'Or","url":"https:\/\/castelldor.com\/es\/","logo":{"@type":"ImageObject","inLanguage":"es","@id":"https:\/\/castelldor.com\/es\/#\/schema\/logo\/image\/","url":"https:\/\/castelldor.com\/wp-content\/uploads\/2022\/08\/Castell-dor-blanc.svg","contentUrl":"https:\/\/castelldor.com\/wp-content\/uploads\/2022\/08\/Castell-dor-blanc.svg","width":169,"height":61,"caption":"Castell d'Or"},"image":{"@id":"https:\/\/castelldor.com\/es\/#\/schema\/logo\/image\/"}},{"@type":"Person","@id":"https:\/\/castelldor.com\/es\/#\/schema\/person\/3800fc91546b8fea5812fe762dd57eab","name":"Cristina","image":{"@type":"ImageObject","inLanguage":"es","@id":"https:\/\/secure.gravatar.com\/avatar\/579c1860b6ddac6d2d774a241f04090d5c13b826525a5d2ed1cf72ca0cce4a17?s=96&d=mm&r=g","url":"https:\/\/secure.gravatar.com\/avatar\/579c1860b6ddac6d2d774a241f04090d5c13b826525a5d2ed1cf72ca0cce4a17?s=96&d=mm&r=g","contentUrl":"https:\/\/secure.gravatar.com\/avatar\/579c1860b6ddac6d2d774a241f04090d5c13b826525a5d2ed1cf72ca0cce4a17?s=96&d=mm&r=g","caption":"Cristina"}}]}},"_links":{"self":[{"href":"https:\/\/castelldor.com\/es\/wp-json\/wp\/v2\/posts\/137285","targetHints":{"allow":["GET"]}}],"collection":[{"href":"https:\/\/castelldor.com\/es\/wp-json\/wp\/v2\/posts"}],"about":[{"href":"https:\/\/castelldor.com\/es\/wp-json\/wp\/v2\/types\/post"}],"author":[{"embeddable":true,"href":"https:\/\/castelldor.com\/es\/wp-json\/wp\/v2\/users\/2"}],"replies":[{"embeddable":true,"href":"https:\/\/castelldor.com\/es\/wp-json\/wp\/v2\/comments?post=137285"}],"version-history":[{"count":6,"href":"https:\/\/castelldor.com\/es\/wp-json\/wp\/v2\/posts\/137285\/revisions"}],"predecessor-version":[{"id":137303,"href":"https:\/\/castelldor.com\/es\/wp-json\/wp\/v2\/posts\/137285\/revisions\/137303"}],"wp:featuredmedia":[{"embeddable":true,"href":"https:\/\/castelldor.com\/es\/wp-json\/wp\/v2\/media\/137276"}],"wp:attachment":[{"href":"https:\/\/castelldor.com\/es\/wp-json\/wp\/v2\/media?parent=137285"}],"wp:term":[{"taxonomy":"category","embeddable":true,"href":"https:\/\/castelldor.com\/es\/wp-json\/wp\/v2\/categories?post=137285"},{"taxonomy":"post_tag","embeddable":true,"href":"https:\/\/castelldor.com\/es\/wp-json\/wp\/v2\/tags?post=137285"}],"curies":[{"name":"wp","href":"https:\/\/api.w.org\/{rel}","templated":true}]}}