{"id":136998,"date":"2024-06-18T13:32:32","date_gmt":"2024-06-18T11:32:32","guid":{"rendered":"https:\/\/castelldor.com\/castell-dor-collabora-amb-posat-la-gorra-dafanoc\/"},"modified":"2024-07-01T12:15:31","modified_gmt":"2024-07-01T10:15:31","slug":"castell-dor-colabora-con-afanoc","status":"publish","type":"post","link":"https:\/\/castelldor.com\/es\/castell-dor-colabora-con-afanoc\/","title":{"rendered":"Castell d&#8217;Or colabora con Posa&#8217;t la Gorra d&#8217;Afanoc"},"content":{"rendered":"<p><strong>Los trabajadores tambi\u00e9n colaboraron con la compra de un total de 33 gorras, donaci\u00f3n que se libr\u00f3 en las oficinas de la entidad.<\/strong><\/p>\n<p>La empresa Castell d&#8217;Or se realiz\u00f3 una aportaci\u00f3n de 600 euros por la campa\u00f1a <a href=\"https:\/\/afanoc.org\/es\/\">Posa&#8217;t la Gorra de la Asociaci\u00f3n de Familiares y Amigos de ni\u00f1os Oncol\u00f3gicos de Catalu\u00f1a<\/a>, entidad privada que ofrece atenci\u00f3n psicosocial integral a los ni\u00f1os y adolescentes con c\u00e1ncer y sus familias. Los trabajadores tambi\u00e9n colaboraron con la compra de un total de 33 gorras, donaci\u00f3n que se a\u00f1adea la realizada por la corporaci\u00f3 y que se entreg\u00f3 en las oficinas de la entidad.<\/p>\n<p>El pasado 16 de junio, y despu\u00e9s de\u00a020\u00a0a\u00f1os de funcionamiento de la entidad, la fiesta del \u00abPonte la Gorra!\u00bb de Tarragona tuvo lugar en el Campo de Marte. La fiesta, coorganizada con la Conseller\u00eda de Salud del Ayuntamiento de Tarragona, cont\u00f3 con la asistencia de un millar de personas.<\/p>\n<p>El objetivo principal es mejorar la calidad de vida de las familias y ni\u00f1os que se encuentran en el proceso de la enfermedad as\u00ed como colaborar al mejor conocimiento de este proceso y sus tratamientos. Castell d&#8217;Or , des de su vertiente m\u00e1s social, <a href=\"https:\/\/castelldor.com\/es\/castell-dor-signa-un-conveni-de-collaboracio-amb-afanoc\/\">quiere apoyar a este proyecto y a las actividades que la entidad salga adelante pr\u00f3ximamente<\/a>. Castell d&#8217;Or quiere a\u00f1adir su granito de arena de la mano de asociaciones de su entorno m\u00e1s pr\u00f3ximo, reforzando as\u00ed el tejido social y contribuyendo al bienestar de la comunidad.<\/p>\n<p>Afanoc\u00a0desarrolla su tarea desde Barcelona, Lleida, Tarragona y Girona. Tambi\u00e9n tienen presencia en los hospitales referentes, San Juan de Dios y Vall Hebr\u00f3n.\u00a0Igualmente\u00a0cuentan con La Casa de los\u00a0Xuklis, para acoger familias que se tienen que desplazar lejos de sus hogares para recibir tratamiento en los hospitales referentes de\u00a0Barcelona.<\/p>\n","protected":false},"excerpt":{"rendered":"<p>Los trabajadores tambi\u00e9n colaboraron con la compra de un total de 33 gorras, donaci\u00f3n que se libr\u00f3 en las oficinas de la entidad. La empresa Castell d&#8217;Or se realiz\u00f3 una aportaci\u00f3n de 600 euros por la campa\u00f1a Posa&#8217;t la Gorra de la Asociaci\u00f3n de Familiares y Amigos de ni\u00f1os Oncol\u00f3gicos de Catalu\u00f1a, entidad privada que&hellip;&nbsp;<a href=\"https:\/\/castelldor.com\/es\/castell-dor-colabora-con-afanoc\/\" rel=\"bookmark\">Read More &raquo;<span class=\"screen-reader-text\">Castell d&#8217;Or colabora con Posa&#8217;t la Gorra d&#8217;Afanoc<\/span><\/a><\/p>\n","protected":false},"author":2,"featured_media":136989,"comment_status":"closed","ping_status":"closed","sticky":false,"template":"","format":"standard","meta":{"_acf_changed":false,"inline_featured_image":false,"neve_meta_sidebar":"","neve_meta_container":"","neve_meta_enable_content_width":"off","neve_meta_content_width":70,"neve_meta_title_alignment":"","neve_meta_author_avatar":"","neve_post_elements_order":"","neve_meta_disable_header":"","neve_meta_disable_footer":"","neve_meta_disable_title":"","neve_meta_reading_time":"","footnotes":""},"categories":[44],"tags":[],"class_list":["post-136998","post","type-post","status-publish","format-standard","has-post-thumbnail","hentry","category-actualidad"],"acf":[],"yoast_head":"<!-- This site is optimized with the Yoast SEO plugin v27.4 - https:\/\/yoast.com\/product\/yoast-seo-wordpress\/ -->\n<title>Castell d&#039;Or colabora con Posa&#039;t la Gorra d&#039;Afanoc | Castell d&#039;Or<\/title>\n<meta name=\"description\" content=\"Los trabajadores tambi\u00e9n colaboraron con la compra de 33 gorras, donaci\u00f3n que se entreg\u00f3 en las oficinas de la entidad.\" \/>\n<meta name=\"robots\" content=\"index, follow, max-snippet:-1, max-image-preview:large, max-video-preview:-1\" \/>\n<link rel=\"canonical\" href=\"https:\/\/castelldor.com\/es\/castell-dor-colabora-con-afanoc\/\" \/>\n<meta property=\"og:locale\" content=\"es_ES\" \/>\n<meta property=\"og:type\" content=\"article\" \/>\n<meta property=\"og:title\" content=\"Castell d&#039;Or colabora con Posa&#039;t la Gorra d&#039;Afanoc | Castell d&#039;Or\" \/>\n<meta property=\"og:description\" content=\"Los trabajadores tambi\u00e9n colaboraron con la compra de 33 gorras, donaci\u00f3n que se entreg\u00f3 en las oficinas de la entidad.\" \/>\n<meta property=\"og:url\" content=\"https:\/\/castelldor.com\/es\/castell-dor-colabora-con-afanoc\/\" \/>\n<meta property=\"og:site_name\" content=\"Castell d&#039;Or\" \/>\n<meta property=\"article:published_time\" content=\"2024-06-18T11:32:32+00:00\" \/>\n<meta property=\"article:modified_time\" content=\"2024-07-01T10:15:31+00:00\" \/>\n<meta property=\"og:image\" content=\"https:\/\/castelldor.com\/wp-content\/uploads\/2024\/06\/237864ea-3144-4b8b-999d-93a2d37c82bb-e1718710426804.jpg\" \/>\n\t<meta property=\"og:image:width\" content=\"740\" \/>\n\t<meta property=\"og:image:height\" content=\"800\" \/>\n\t<meta property=\"og:image:type\" content=\"image\/jpeg\" \/>\n<meta name=\"author\" content=\"Cristina\" \/>\n<meta name=\"twitter:card\" content=\"summary_large_image\" \/>\n<meta name=\"twitter:label1\" content=\"Escrito por\" \/>\n\t<meta name=\"twitter:data1\" content=\"Cristina\" \/>\n\t<meta name=\"twitter:label2\" content=\"Tiempo de lectura\" \/>\n\t<meta name=\"twitter:data2\" content=\"2 minutos\" \/>\n<script type=\"application\/ld+json\" class=\"yoast-schema-graph\">{\"@context\":\"https:\\\/\\\/schema.org\",\"@graph\":[{\"@type\":\"Article\",\"@id\":\"https:\\\/\\\/castelldor.com\\\/es\\\/castell-dor-colabora-con-afanoc\\\/#article\",\"isPartOf\":{\"@id\":\"https:\\\/\\\/castelldor.com\\\/es\\\/castell-dor-colabora-con-afanoc\\\/\"},\"author\":{\"name\":\"Cristina\",\"@id\":\"https:\\\/\\\/castelldor.com\\\/es\\\/#\\\/schema\\\/person\\\/3800fc91546b8fea5812fe762dd57eab\"},\"headline\":\"Castell d&#8217;Or colabora con Posa&#8217;t la Gorra d&#8217;Afanoc\",\"datePublished\":\"2024-06-18T11:32:32+00:00\",\"dateModified\":\"2024-07-01T10:15:31+00:00\",\"mainEntityOfPage\":{\"@id\":\"https:\\\/\\\/castelldor.com\\\/es\\\/castell-dor-colabora-con-afanoc\\\/\"},\"wordCount\":328,\"publisher\":{\"@id\":\"https:\\\/\\\/castelldor.com\\\/es\\\/#organization\"},\"image\":{\"@id\":\"https:\\\/\\\/castelldor.com\\\/es\\\/castell-dor-colabora-con-afanoc\\\/#primaryimage\"},\"thumbnailUrl\":\"https:\\\/\\\/castelldor.com\\\/wp-content\\\/uploads\\\/2024\\\/06\\\/237864ea-3144-4b8b-999d-93a2d37c82bb-e1718710426804.jpg\",\"articleSection\":[\"Actualidad\"],\"inLanguage\":\"es\"},{\"@type\":\"WebPage\",\"@id\":\"https:\\\/\\\/castelldor.com\\\/es\\\/castell-dor-colabora-con-afanoc\\\/\",\"url\":\"https:\\\/\\\/castelldor.com\\\/es\\\/castell-dor-colabora-con-afanoc\\\/\",\"name\":\"Castell d'Or colabora con Posa't la Gorra d'Afanoc | Castell d&#039;Or\",\"isPartOf\":{\"@id\":\"https:\\\/\\\/castelldor.com\\\/es\\\/#website\"},\"primaryImageOfPage\":{\"@id\":\"https:\\\/\\\/castelldor.com\\\/es\\\/castell-dor-colabora-con-afanoc\\\/#primaryimage\"},\"image\":{\"@id\":\"https:\\\/\\\/castelldor.com\\\/es\\\/castell-dor-colabora-con-afanoc\\\/#primaryimage\"},\"thumbnailUrl\":\"https:\\\/\\\/castelldor.com\\\/wp-content\\\/uploads\\\/2024\\\/06\\\/237864ea-3144-4b8b-999d-93a2d37c82bb-e1718710426804.jpg\",\"datePublished\":\"2024-06-18T11:32:32+00:00\",\"dateModified\":\"2024-07-01T10:15:31+00:00\",\"description\":\"Los trabajadores tambi\u00e9n colaboraron con la compra de 33 gorras, donaci\u00f3n que se entreg\u00f3 en las oficinas de la entidad.\",\"breadcrumb\":{\"@id\":\"https:\\\/\\\/castelldor.com\\\/es\\\/castell-dor-colabora-con-afanoc\\\/#breadcrumb\"},\"inLanguage\":\"es\",\"potentialAction\":[{\"@type\":\"ReadAction\",\"target\":[\"https:\\\/\\\/castelldor.com\\\/es\\\/castell-dor-colabora-con-afanoc\\\/\"]}]},{\"@type\":\"ImageObject\",\"inLanguage\":\"es\",\"@id\":\"https:\\\/\\\/castelldor.com\\\/es\\\/castell-dor-colabora-con-afanoc\\\/#primaryimage\",\"url\":\"https:\\\/\\\/castelldor.com\\\/wp-content\\\/uploads\\\/2024\\\/06\\\/237864ea-3144-4b8b-999d-93a2d37c82bb-e1718710426804.jpg\",\"contentUrl\":\"https:\\\/\\\/castelldor.com\\\/wp-content\\\/uploads\\\/2024\\\/06\\\/237864ea-3144-4b8b-999d-93a2d37c82bb-e1718710426804.jpg\",\"width\":740,\"height\":800},{\"@type\":\"BreadcrumbList\",\"@id\":\"https:\\\/\\\/castelldor.com\\\/es\\\/castell-dor-colabora-con-afanoc\\\/#breadcrumb\",\"itemListElement\":[{\"@type\":\"ListItem\",\"position\":1,\"name\":\"Inici\",\"item\":\"https:\\\/\\\/castelldor.com\\\/es\\\/\"},{\"@type\":\"ListItem\",\"position\":2,\"name\":\"Castell d&#8217;Or colabora con Posa&#8217;t la Gorra d&#8217;Afanoc\"}]},{\"@type\":\"WebSite\",\"@id\":\"https:\\\/\\\/castelldor.com\\\/es\\\/#website\",\"url\":\"https:\\\/\\\/castelldor.com\\\/es\\\/\",\"name\":\"Castell d&#039;Or\",\"description\":\"Love people, Love wine\",\"publisher\":{\"@id\":\"https:\\\/\\\/castelldor.com\\\/es\\\/#organization\"},\"potentialAction\":[{\"@type\":\"SearchAction\",\"target\":{\"@type\":\"EntryPoint\",\"urlTemplate\":\"https:\\\/\\\/castelldor.com\\\/es\\\/?s={search_term_string}\"},\"query-input\":{\"@type\":\"PropertyValueSpecification\",\"valueRequired\":true,\"valueName\":\"search_term_string\"}}],\"inLanguage\":\"es\"},{\"@type\":\"Organization\",\"@id\":\"https:\\\/\\\/castelldor.com\\\/es\\\/#organization\",\"name\":\"Castell d'Or\",\"url\":\"https:\\\/\\\/castelldor.com\\\/es\\\/\",\"logo\":{\"@type\":\"ImageObject\",\"inLanguage\":\"es\",\"@id\":\"https:\\\/\\\/castelldor.com\\\/es\\\/#\\\/schema\\\/logo\\\/image\\\/\",\"url\":\"https:\\\/\\\/castelldor.com\\\/wp-content\\\/uploads\\\/2022\\\/08\\\/Castell-dor-blanc.svg\",\"contentUrl\":\"https:\\\/\\\/castelldor.com\\\/wp-content\\\/uploads\\\/2022\\\/08\\\/Castell-dor-blanc.svg\",\"width\":169,\"height\":61,\"caption\":\"Castell d'Or\"},\"image\":{\"@id\":\"https:\\\/\\\/castelldor.com\\\/es\\\/#\\\/schema\\\/logo\\\/image\\\/\"}},{\"@type\":\"Person\",\"@id\":\"https:\\\/\\\/castelldor.com\\\/es\\\/#\\\/schema\\\/person\\\/3800fc91546b8fea5812fe762dd57eab\",\"name\":\"Cristina\",\"image\":{\"@type\":\"ImageObject\",\"inLanguage\":\"es\",\"@id\":\"https:\\\/\\\/secure.gravatar.com\\\/avatar\\\/579c1860b6ddac6d2d774a241f04090d5c13b826525a5d2ed1cf72ca0cce4a17?s=96&d=mm&r=g\",\"url\":\"https:\\\/\\\/secure.gravatar.com\\\/avatar\\\/579c1860b6ddac6d2d774a241f04090d5c13b826525a5d2ed1cf72ca0cce4a17?s=96&d=mm&r=g\",\"contentUrl\":\"https:\\\/\\\/secure.gravatar.com\\\/avatar\\\/579c1860b6ddac6d2d774a241f04090d5c13b826525a5d2ed1cf72ca0cce4a17?s=96&d=mm&r=g\",\"caption\":\"Cristina\"}}]}<\/script>\n<!-- \/ Yoast SEO plugin. -->","yoast_head_json":{"title":"Castell d'Or colabora con Posa't la Gorra d'Afanoc | Castell d&#039;Or","description":"Los trabajadores tambi\u00e9n colaboraron con la compra de 33 gorras, donaci\u00f3n que se entreg\u00f3 en las oficinas de la entidad.","robots":{"index":"index","follow":"follow","max-snippet":"max-snippet:-1","max-image-preview":"max-image-preview:large","max-video-preview":"max-video-preview:-1"},"canonical":"https:\/\/castelldor.com\/es\/castell-dor-colabora-con-afanoc\/","og_locale":"es_ES","og_type":"article","og_title":"Castell d'Or colabora con Posa't la Gorra d'Afanoc | Castell d&#039;Or","og_description":"Los trabajadores tambi\u00e9n colaboraron con la compra de 33 gorras, donaci\u00f3n que se entreg\u00f3 en las oficinas de la entidad.","og_url":"https:\/\/castelldor.com\/es\/castell-dor-colabora-con-afanoc\/","og_site_name":"Castell d&#039;Or","article_published_time":"2024-06-18T11:32:32+00:00","article_modified_time":"2024-07-01T10:15:31+00:00","og_image":[{"width":740,"height":800,"url":"https:\/\/castelldor.com\/wp-content\/uploads\/2024\/06\/237864ea-3144-4b8b-999d-93a2d37c82bb-e1718710426804.jpg","type":"image\/jpeg"}],"author":"Cristina","twitter_card":"summary_large_image","twitter_misc":{"Escrito por":"Cristina","Tiempo de lectura":"2 minutos"},"schema":{"@context":"https:\/\/schema.org","@graph":[{"@type":"Article","@id":"https:\/\/castelldor.com\/es\/castell-dor-colabora-con-afanoc\/#article","isPartOf":{"@id":"https:\/\/castelldor.com\/es\/castell-dor-colabora-con-afanoc\/"},"author":{"name":"Cristina","@id":"https:\/\/castelldor.com\/es\/#\/schema\/person\/3800fc91546b8fea5812fe762dd57eab"},"headline":"Castell d&#8217;Or colabora con Posa&#8217;t la Gorra d&#8217;Afanoc","datePublished":"2024-06-18T11:32:32+00:00","dateModified":"2024-07-01T10:15:31+00:00","mainEntityOfPage":{"@id":"https:\/\/castelldor.com\/es\/castell-dor-colabora-con-afanoc\/"},"wordCount":328,"publisher":{"@id":"https:\/\/castelldor.com\/es\/#organization"},"image":{"@id":"https:\/\/castelldor.com\/es\/castell-dor-colabora-con-afanoc\/#primaryimage"},"thumbnailUrl":"https:\/\/castelldor.com\/wp-content\/uploads\/2024\/06\/237864ea-3144-4b8b-999d-93a2d37c82bb-e1718710426804.jpg","articleSection":["Actualidad"],"inLanguage":"es"},{"@type":"WebPage","@id":"https:\/\/castelldor.com\/es\/castell-dor-colabora-con-afanoc\/","url":"https:\/\/castelldor.com\/es\/castell-dor-colabora-con-afanoc\/","name":"Castell d'Or colabora con Posa't la Gorra d'Afanoc | Castell d&#039;Or","isPartOf":{"@id":"https:\/\/castelldor.com\/es\/#website"},"primaryImageOfPage":{"@id":"https:\/\/castelldor.com\/es\/castell-dor-colabora-con-afanoc\/#primaryimage"},"image":{"@id":"https:\/\/castelldor.com\/es\/castell-dor-colabora-con-afanoc\/#primaryimage"},"thumbnailUrl":"https:\/\/castelldor.com\/wp-content\/uploads\/2024\/06\/237864ea-3144-4b8b-999d-93a2d37c82bb-e1718710426804.jpg","datePublished":"2024-06-18T11:32:32+00:00","dateModified":"2024-07-01T10:15:31+00:00","description":"Los trabajadores tambi\u00e9n colaboraron con la compra de 33 gorras, donaci\u00f3n que se entreg\u00f3 en las oficinas de la entidad.","breadcrumb":{"@id":"https:\/\/castelldor.com\/es\/castell-dor-colabora-con-afanoc\/#breadcrumb"},"inLanguage":"es","potentialAction":[{"@type":"ReadAction","target":["https:\/\/castelldor.com\/es\/castell-dor-colabora-con-afanoc\/"]}]},{"@type":"ImageObject","inLanguage":"es","@id":"https:\/\/castelldor.com\/es\/castell-dor-colabora-con-afanoc\/#primaryimage","url":"https:\/\/castelldor.com\/wp-content\/uploads\/2024\/06\/237864ea-3144-4b8b-999d-93a2d37c82bb-e1718710426804.jpg","contentUrl":"https:\/\/castelldor.com\/wp-content\/uploads\/2024\/06\/237864ea-3144-4b8b-999d-93a2d37c82bb-e1718710426804.jpg","width":740,"height":800},{"@type":"BreadcrumbList","@id":"https:\/\/castelldor.com\/es\/castell-dor-colabora-con-afanoc\/#breadcrumb","itemListElement":[{"@type":"ListItem","position":1,"name":"Inici","item":"https:\/\/castelldor.com\/es\/"},{"@type":"ListItem","position":2,"name":"Castell d&#8217;Or colabora con Posa&#8217;t la Gorra d&#8217;Afanoc"}]},{"@type":"WebSite","@id":"https:\/\/castelldor.com\/es\/#website","url":"https:\/\/castelldor.com\/es\/","name":"Castell d&#039;Or","description":"Love people, Love wine","publisher":{"@id":"https:\/\/castelldor.com\/es\/#organization"},"potentialAction":[{"@type":"SearchAction","target":{"@type":"EntryPoint","urlTemplate":"https:\/\/castelldor.com\/es\/?s={search_term_string}"},"query-input":{"@type":"PropertyValueSpecification","valueRequired":true,"valueName":"search_term_string"}}],"inLanguage":"es"},{"@type":"Organization","@id":"https:\/\/castelldor.com\/es\/#organization","name":"Castell d'Or","url":"https:\/\/castelldor.com\/es\/","logo":{"@type":"ImageObject","inLanguage":"es","@id":"https:\/\/castelldor.com\/es\/#\/schema\/logo\/image\/","url":"https:\/\/castelldor.com\/wp-content\/uploads\/2022\/08\/Castell-dor-blanc.svg","contentUrl":"https:\/\/castelldor.com\/wp-content\/uploads\/2022\/08\/Castell-dor-blanc.svg","width":169,"height":61,"caption":"Castell d'Or"},"image":{"@id":"https:\/\/castelldor.com\/es\/#\/schema\/logo\/image\/"}},{"@type":"Person","@id":"https:\/\/castelldor.com\/es\/#\/schema\/person\/3800fc91546b8fea5812fe762dd57eab","name":"Cristina","image":{"@type":"ImageObject","inLanguage":"es","@id":"https:\/\/secure.gravatar.com\/avatar\/579c1860b6ddac6d2d774a241f04090d5c13b826525a5d2ed1cf72ca0cce4a17?s=96&d=mm&r=g","url":"https:\/\/secure.gravatar.com\/avatar\/579c1860b6ddac6d2d774a241f04090d5c13b826525a5d2ed1cf72ca0cce4a17?s=96&d=mm&r=g","contentUrl":"https:\/\/secure.gravatar.com\/avatar\/579c1860b6ddac6d2d774a241f04090d5c13b826525a5d2ed1cf72ca0cce4a17?s=96&d=mm&r=g","caption":"Cristina"}}]}},"_links":{"self":[{"href":"https:\/\/castelldor.com\/es\/wp-json\/wp\/v2\/posts\/136998","targetHints":{"allow":["GET"]}}],"collection":[{"href":"https:\/\/castelldor.com\/es\/wp-json\/wp\/v2\/posts"}],"about":[{"href":"https:\/\/castelldor.com\/es\/wp-json\/wp\/v2\/types\/post"}],"author":[{"embeddable":true,"href":"https:\/\/castelldor.com\/es\/wp-json\/wp\/v2\/users\/2"}],"replies":[{"embeddable":true,"href":"https:\/\/castelldor.com\/es\/wp-json\/wp\/v2\/comments?post=136998"}],"version-history":[{"count":5,"href":"https:\/\/castelldor.com\/es\/wp-json\/wp\/v2\/posts\/136998\/revisions"}],"predecessor-version":[{"id":137048,"href":"https:\/\/castelldor.com\/es\/wp-json\/wp\/v2\/posts\/136998\/revisions\/137048"}],"wp:featuredmedia":[{"embeddable":true,"href":"https:\/\/castelldor.com\/es\/wp-json\/wp\/v2\/media\/136989"}],"wp:attachment":[{"href":"https:\/\/castelldor.com\/es\/wp-json\/wp\/v2\/media?parent=136998"}],"wp:term":[{"taxonomy":"category","embeddable":true,"href":"https:\/\/castelldor.com\/es\/wp-json\/wp\/v2\/categories?post=136998"},{"taxonomy":"post_tag","embeddable":true,"href":"https:\/\/castelldor.com\/es\/wp-json\/wp\/v2\/tags?post=136998"}],"curies":[{"name":"wp","href":"https:\/\/api.w.org\/{rel}","templated":true}]}}