{"id":136666,"date":"2024-05-20T15:40:32","date_gmt":"2024-05-20T13:40:32","guid":{"rendered":"https:\/\/castelldor.com\/castell-dor-acull-una-nova-activitat-dins-de-la-primavera-del-cava\/"},"modified":"2024-07-01T12:15:31","modified_gmt":"2024-07-01T10:15:31","slug":"castell-dor-acull-una-nova-activitat-dins-de-la-primavera-del-cava","status":"publish","type":"post","link":"https:\/\/castelldor.com\/es\/castell-dor-acull-una-nova-activitat-dins-de-la-primavera-del-cava\/","title":{"rendered":"Castell d\u2019Or acull una nova activitat dins de la Primavera del Cava"},"content":{"rendered":"<header class=\"interior-header\">Castell d&#8217;Or ha acogido este domingo 19 de mayo, una nueva edici\u00f3n de<a href=\"https:\/\/laprimaveradelcava.com\/es\/\"><strong> La Primavera del Cava<\/strong><\/a>, en la cual los asistente han podido disfrutar de una cata de tres cavas de la firma con el acompa\u00f1amiento de un aperitivo con quesos y embutidos gourmets. Adem\u00e1s, la propuesta <strong>Rhythm &amp; Cava<\/strong> tambi\u00e9n ha incluido una sesi\u00f3n musical del d\u00fao ac\u00fastico <strong>Pepper and Soul<\/strong>, con un repertorio de los temas de las grandes estrellas musicales de todos los tiempos. Durante el acontecimiento, hubo un ambiente festivo y la gente disfrut\u00f3 tanto de la m\u00fasica como del ambiente, creando una experiencia agradable para todos los presentes.<\/header>\n<header><\/header>\n<header><\/header>\n<header><\/header>\n<header><img fetchpriority=\"high\" decoding=\"async\" class=\"wp-image-136733 size-large aligncenter\" src=\"https:\/\/castelldor.com\/wp-content\/uploads\/2024\/05\/1000038943-01-1024x682.jpeg\" alt=\"\" width=\"1024\" height=\"682\" srcset=\"https:\/\/castelldor.com\/wp-content\/uploads\/2024\/05\/1000038943-01-1024x682.jpeg 1024w, https:\/\/castelldor.com\/wp-content\/uploads\/2024\/05\/1000038943-01-300x200.jpeg 300w, https:\/\/castelldor.com\/wp-content\/uploads\/2024\/05\/1000038943-01-768x512.jpeg 768w, https:\/\/castelldor.com\/wp-content\/uploads\/2024\/05\/1000038943-01-1536x1023.jpeg 1536w, https:\/\/castelldor.com\/wp-content\/uploads\/2024\/05\/1000038943-01-930x620.jpeg 930w, https:\/\/castelldor.com\/wp-content\/uploads\/2024\/05\/1000038943-01-600x400.jpeg 600w, https:\/\/castelldor.com\/wp-content\/uploads\/2024\/05\/1000038943-01.jpeg 1600w\" sizes=\"(max-width: 1024px) 100vw, 1024px\" \/><\/header>\n<header><\/header>\n<header><\/header>\n<header><\/header>\n<header><\/header>\n<header><\/header>\n<header class=\"interior-header\">Hay que destacar que esta iniciativa se enmarca en la propuesta que impulsa la\u00a0<a href=\"https:\/\/aecava.com\/\">AECAVA<\/a>, la Asociaci\u00f3n de Elaboradores de Cava, donde han participado un total de diecis\u00e9is bodegas con actividades diversas de la comarca del Alt Camp, Conca de Barber\u00e0, Alt Pened\u00e8s y Alella. Las actividades de La Primavera del Cava, pensadas para todos los p\u00fablicos, cerca de las vi\u00f1as, con aforos reducidos y reserva previa.\u00a0<\/header>\n<div class=\"interior-main\">\n<div class=\"interior-main__content\">\n<p>&nbsp;<\/p>\n<\/div>\n<\/div>\n","protected":false},"excerpt":{"rendered":"<p>Castell d&#8217;Or ha acogido este domingo 19 de mayo, una nueva edici\u00f3n de La Primavera del Cava, en la cual los asistente han podido disfrutar de una cata de tres cavas de la firma con el acompa\u00f1amiento de un aperitivo con quesos y embutidos gourmets. Adem\u00e1s, la propuesta Rhythm &amp; Cava tambi\u00e9n ha incluido una&hellip;&nbsp;<a href=\"https:\/\/castelldor.com\/es\/castell-dor-acull-una-nova-activitat-dins-de-la-primavera-del-cava\/\" rel=\"bookmark\">Read More &raquo;<span class=\"screen-reader-text\">Castell d\u2019Or acull una nova activitat dins de la Primavera del Cava<\/span><\/a><\/p>\n","protected":false},"author":2,"featured_media":136727,"comment_status":"closed","ping_status":"closed","sticky":false,"template":"","format":"standard","meta":{"_acf_changed":false,"inline_featured_image":false,"neve_meta_sidebar":"","neve_meta_container":"","neve_meta_enable_content_width":"off","neve_meta_content_width":70,"neve_meta_title_alignment":"","neve_meta_author_avatar":"","neve_post_elements_order":"","neve_meta_disable_header":"","neve_meta_disable_footer":"","neve_meta_disable_title":"","neve_meta_reading_time":"","footnotes":""},"categories":[44],"tags":[],"class_list":["post-136666","post","type-post","status-publish","format-standard","has-post-thumbnail","hentry","category-actualidad"],"acf":[],"yoast_head":"<!-- This site is optimized with the Yoast SEO plugin v27.4 - https:\/\/yoast.com\/product\/yoast-seo-wordpress\/ -->\n<title>Castell d\u2019Or acull una nova activitat dins de la Primavera del Cava | Castell d&#039;Or<\/title>\n<meta name=\"description\" content=\"Castell d\u2019Or ha acollit una nova edici\u00f3 de La Primavera del Cava, en la qual els assistents han pogut gaudir d\u2019un tast de tres caves.\" \/>\n<meta name=\"robots\" content=\"index, follow, max-snippet:-1, max-image-preview:large, max-video-preview:-1\" \/>\n<link rel=\"canonical\" href=\"https:\/\/castelldor.com\/es\/castell-dor-acull-una-nova-activitat-dins-de-la-primavera-del-cava\/\" \/>\n<meta property=\"og:locale\" content=\"es_ES\" \/>\n<meta property=\"og:type\" content=\"article\" \/>\n<meta property=\"og:title\" content=\"Castell d\u2019Or acull una nova activitat dins de la Primavera del Cava | Castell d&#039;Or\" \/>\n<meta property=\"og:description\" content=\"Castell d\u2019Or ha acollit una nova edici\u00f3 de La Primavera del Cava, en la qual els assistents han pogut gaudir d\u2019un tast de tres caves.\" \/>\n<meta property=\"og:url\" content=\"https:\/\/castelldor.com\/es\/castell-dor-acull-una-nova-activitat-dins-de-la-primavera-del-cava\/\" \/>\n<meta property=\"og:site_name\" content=\"Castell d&#039;Or\" \/>\n<meta property=\"article:published_time\" content=\"2024-05-20T13:40:32+00:00\" \/>\n<meta property=\"article:modified_time\" content=\"2024-07-01T10:15:31+00:00\" \/>\n<meta property=\"og:image\" content=\"https:\/\/castelldor.com\/wp-content\/uploads\/2024\/05\/MG_3608.jpg\" \/>\n\t<meta property=\"og:image:width\" content=\"1600\" \/>\n\t<meta property=\"og:image:height\" content=\"1066\" \/>\n\t<meta property=\"og:image:type\" content=\"image\/jpeg\" \/>\n<meta name=\"author\" content=\"Cristina\" \/>\n<meta name=\"twitter:card\" content=\"summary_large_image\" \/>\n<meta name=\"twitter:label1\" content=\"Escrito por\" \/>\n\t<meta name=\"twitter:data1\" content=\"Cristina\" \/>\n\t<meta name=\"twitter:label2\" content=\"Tiempo de lectura\" \/>\n\t<meta name=\"twitter:data2\" content=\"2 minutos\" \/>\n<script type=\"application\/ld+json\" class=\"yoast-schema-graph\">{\"@context\":\"https:\\\/\\\/schema.org\",\"@graph\":[{\"@type\":\"Article\",\"@id\":\"https:\\\/\\\/castelldor.com\\\/es\\\/castell-dor-acull-una-nova-activitat-dins-de-la-primavera-del-cava\\\/#article\",\"isPartOf\":{\"@id\":\"https:\\\/\\\/castelldor.com\\\/es\\\/castell-dor-acull-una-nova-activitat-dins-de-la-primavera-del-cava\\\/\"},\"author\":{\"name\":\"Cristina\",\"@id\":\"https:\\\/\\\/castelldor.com\\\/es\\\/#\\\/schema\\\/person\\\/3800fc91546b8fea5812fe762dd57eab\"},\"headline\":\"Castell d\u2019Or acull una nova activitat dins de la Primavera del Cava\",\"datePublished\":\"2024-05-20T13:40:32+00:00\",\"dateModified\":\"2024-07-01T10:15:31+00:00\",\"mainEntityOfPage\":{\"@id\":\"https:\\\/\\\/castelldor.com\\\/es\\\/castell-dor-acull-una-nova-activitat-dins-de-la-primavera-del-cava\\\/\"},\"wordCount\":198,\"publisher\":{\"@id\":\"https:\\\/\\\/castelldor.com\\\/es\\\/#organization\"},\"image\":{\"@id\":\"https:\\\/\\\/castelldor.com\\\/es\\\/castell-dor-acull-una-nova-activitat-dins-de-la-primavera-del-cava\\\/#primaryimage\"},\"thumbnailUrl\":\"https:\\\/\\\/castelldor.com\\\/wp-content\\\/uploads\\\/2024\\\/05\\\/MG_3608.jpg\",\"articleSection\":[\"Actualidad\"],\"inLanguage\":\"es\"},{\"@type\":\"WebPage\",\"@id\":\"https:\\\/\\\/castelldor.com\\\/es\\\/castell-dor-acull-una-nova-activitat-dins-de-la-primavera-del-cava\\\/\",\"url\":\"https:\\\/\\\/castelldor.com\\\/es\\\/castell-dor-acull-una-nova-activitat-dins-de-la-primavera-del-cava\\\/\",\"name\":\"Castell d\u2019Or acull una nova activitat dins de la Primavera del Cava | Castell d&#039;Or\",\"isPartOf\":{\"@id\":\"https:\\\/\\\/castelldor.com\\\/es\\\/#website\"},\"primaryImageOfPage\":{\"@id\":\"https:\\\/\\\/castelldor.com\\\/es\\\/castell-dor-acull-una-nova-activitat-dins-de-la-primavera-del-cava\\\/#primaryimage\"},\"image\":{\"@id\":\"https:\\\/\\\/castelldor.com\\\/es\\\/castell-dor-acull-una-nova-activitat-dins-de-la-primavera-del-cava\\\/#primaryimage\"},\"thumbnailUrl\":\"https:\\\/\\\/castelldor.com\\\/wp-content\\\/uploads\\\/2024\\\/05\\\/MG_3608.jpg\",\"datePublished\":\"2024-05-20T13:40:32+00:00\",\"dateModified\":\"2024-07-01T10:15:31+00:00\",\"description\":\"Castell d\u2019Or ha acollit una nova edici\u00f3 de La Primavera del Cava, en la qual els assistents han pogut gaudir d\u2019un tast de tres caves.\",\"breadcrumb\":{\"@id\":\"https:\\\/\\\/castelldor.com\\\/es\\\/castell-dor-acull-una-nova-activitat-dins-de-la-primavera-del-cava\\\/#breadcrumb\"},\"inLanguage\":\"es\",\"potentialAction\":[{\"@type\":\"ReadAction\",\"target\":[\"https:\\\/\\\/castelldor.com\\\/es\\\/castell-dor-acull-una-nova-activitat-dins-de-la-primavera-del-cava\\\/\"]}]},{\"@type\":\"ImageObject\",\"inLanguage\":\"es\",\"@id\":\"https:\\\/\\\/castelldor.com\\\/es\\\/castell-dor-acull-una-nova-activitat-dins-de-la-primavera-del-cava\\\/#primaryimage\",\"url\":\"https:\\\/\\\/castelldor.com\\\/wp-content\\\/uploads\\\/2024\\\/05\\\/MG_3608.jpg\",\"contentUrl\":\"https:\\\/\\\/castelldor.com\\\/wp-content\\\/uploads\\\/2024\\\/05\\\/MG_3608.jpg\",\"width\":1600,\"height\":1066},{\"@type\":\"BreadcrumbList\",\"@id\":\"https:\\\/\\\/castelldor.com\\\/es\\\/castell-dor-acull-una-nova-activitat-dins-de-la-primavera-del-cava\\\/#breadcrumb\",\"itemListElement\":[{\"@type\":\"ListItem\",\"position\":1,\"name\":\"Inici\",\"item\":\"https:\\\/\\\/castelldor.com\\\/es\\\/\"},{\"@type\":\"ListItem\",\"position\":2,\"name\":\"Castell d\u2019Or acull una nova activitat dins de la Primavera del Cava\"}]},{\"@type\":\"WebSite\",\"@id\":\"https:\\\/\\\/castelldor.com\\\/es\\\/#website\",\"url\":\"https:\\\/\\\/castelldor.com\\\/es\\\/\",\"name\":\"Castell d&#039;Or\",\"description\":\"Love people, Love wine\",\"publisher\":{\"@id\":\"https:\\\/\\\/castelldor.com\\\/es\\\/#organization\"},\"potentialAction\":[{\"@type\":\"SearchAction\",\"target\":{\"@type\":\"EntryPoint\",\"urlTemplate\":\"https:\\\/\\\/castelldor.com\\\/es\\\/?s={search_term_string}\"},\"query-input\":{\"@type\":\"PropertyValueSpecification\",\"valueRequired\":true,\"valueName\":\"search_term_string\"}}],\"inLanguage\":\"es\"},{\"@type\":\"Organization\",\"@id\":\"https:\\\/\\\/castelldor.com\\\/es\\\/#organization\",\"name\":\"Castell d'Or\",\"url\":\"https:\\\/\\\/castelldor.com\\\/es\\\/\",\"logo\":{\"@type\":\"ImageObject\",\"inLanguage\":\"es\",\"@id\":\"https:\\\/\\\/castelldor.com\\\/es\\\/#\\\/schema\\\/logo\\\/image\\\/\",\"url\":\"https:\\\/\\\/castelldor.com\\\/wp-content\\\/uploads\\\/2022\\\/08\\\/Castell-dor-blanc.svg\",\"contentUrl\":\"https:\\\/\\\/castelldor.com\\\/wp-content\\\/uploads\\\/2022\\\/08\\\/Castell-dor-blanc.svg\",\"width\":169,\"height\":61,\"caption\":\"Castell d'Or\"},\"image\":{\"@id\":\"https:\\\/\\\/castelldor.com\\\/es\\\/#\\\/schema\\\/logo\\\/image\\\/\"}},{\"@type\":\"Person\",\"@id\":\"https:\\\/\\\/castelldor.com\\\/es\\\/#\\\/schema\\\/person\\\/3800fc91546b8fea5812fe762dd57eab\",\"name\":\"Cristina\",\"image\":{\"@type\":\"ImageObject\",\"inLanguage\":\"es\",\"@id\":\"https:\\\/\\\/secure.gravatar.com\\\/avatar\\\/579c1860b6ddac6d2d774a241f04090d5c13b826525a5d2ed1cf72ca0cce4a17?s=96&d=mm&r=g\",\"url\":\"https:\\\/\\\/secure.gravatar.com\\\/avatar\\\/579c1860b6ddac6d2d774a241f04090d5c13b826525a5d2ed1cf72ca0cce4a17?s=96&d=mm&r=g\",\"contentUrl\":\"https:\\\/\\\/secure.gravatar.com\\\/avatar\\\/579c1860b6ddac6d2d774a241f04090d5c13b826525a5d2ed1cf72ca0cce4a17?s=96&d=mm&r=g\",\"caption\":\"Cristina\"}}]}<\/script>\n<!-- \/ Yoast SEO plugin. -->","yoast_head_json":{"title":"Castell d\u2019Or acull una nova activitat dins de la Primavera del Cava | Castell d&#039;Or","description":"Castell d\u2019Or ha acollit una nova edici\u00f3 de La Primavera del Cava, en la qual els assistents han pogut gaudir d\u2019un tast de tres caves.","robots":{"index":"index","follow":"follow","max-snippet":"max-snippet:-1","max-image-preview":"max-image-preview:large","max-video-preview":"max-video-preview:-1"},"canonical":"https:\/\/castelldor.com\/es\/castell-dor-acull-una-nova-activitat-dins-de-la-primavera-del-cava\/","og_locale":"es_ES","og_type":"article","og_title":"Castell d\u2019Or acull una nova activitat dins de la Primavera del Cava | Castell d&#039;Or","og_description":"Castell d\u2019Or ha acollit una nova edici\u00f3 de La Primavera del Cava, en la qual els assistents han pogut gaudir d\u2019un tast de tres caves.","og_url":"https:\/\/castelldor.com\/es\/castell-dor-acull-una-nova-activitat-dins-de-la-primavera-del-cava\/","og_site_name":"Castell d&#039;Or","article_published_time":"2024-05-20T13:40:32+00:00","article_modified_time":"2024-07-01T10:15:31+00:00","og_image":[{"width":1600,"height":1066,"url":"https:\/\/castelldor.com\/wp-content\/uploads\/2024\/05\/MG_3608.jpg","type":"image\/jpeg"}],"author":"Cristina","twitter_card":"summary_large_image","twitter_misc":{"Escrito por":"Cristina","Tiempo de lectura":"2 minutos"},"schema":{"@context":"https:\/\/schema.org","@graph":[{"@type":"Article","@id":"https:\/\/castelldor.com\/es\/castell-dor-acull-una-nova-activitat-dins-de-la-primavera-del-cava\/#article","isPartOf":{"@id":"https:\/\/castelldor.com\/es\/castell-dor-acull-una-nova-activitat-dins-de-la-primavera-del-cava\/"},"author":{"name":"Cristina","@id":"https:\/\/castelldor.com\/es\/#\/schema\/person\/3800fc91546b8fea5812fe762dd57eab"},"headline":"Castell d\u2019Or acull una nova activitat dins de la Primavera del Cava","datePublished":"2024-05-20T13:40:32+00:00","dateModified":"2024-07-01T10:15:31+00:00","mainEntityOfPage":{"@id":"https:\/\/castelldor.com\/es\/castell-dor-acull-una-nova-activitat-dins-de-la-primavera-del-cava\/"},"wordCount":198,"publisher":{"@id":"https:\/\/castelldor.com\/es\/#organization"},"image":{"@id":"https:\/\/castelldor.com\/es\/castell-dor-acull-una-nova-activitat-dins-de-la-primavera-del-cava\/#primaryimage"},"thumbnailUrl":"https:\/\/castelldor.com\/wp-content\/uploads\/2024\/05\/MG_3608.jpg","articleSection":["Actualidad"],"inLanguage":"es"},{"@type":"WebPage","@id":"https:\/\/castelldor.com\/es\/castell-dor-acull-una-nova-activitat-dins-de-la-primavera-del-cava\/","url":"https:\/\/castelldor.com\/es\/castell-dor-acull-una-nova-activitat-dins-de-la-primavera-del-cava\/","name":"Castell d\u2019Or acull una nova activitat dins de la Primavera del Cava | Castell d&#039;Or","isPartOf":{"@id":"https:\/\/castelldor.com\/es\/#website"},"primaryImageOfPage":{"@id":"https:\/\/castelldor.com\/es\/castell-dor-acull-una-nova-activitat-dins-de-la-primavera-del-cava\/#primaryimage"},"image":{"@id":"https:\/\/castelldor.com\/es\/castell-dor-acull-una-nova-activitat-dins-de-la-primavera-del-cava\/#primaryimage"},"thumbnailUrl":"https:\/\/castelldor.com\/wp-content\/uploads\/2024\/05\/MG_3608.jpg","datePublished":"2024-05-20T13:40:32+00:00","dateModified":"2024-07-01T10:15:31+00:00","description":"Castell d\u2019Or ha acollit una nova edici\u00f3 de La Primavera del Cava, en la qual els assistents han pogut gaudir d\u2019un tast de tres caves.","breadcrumb":{"@id":"https:\/\/castelldor.com\/es\/castell-dor-acull-una-nova-activitat-dins-de-la-primavera-del-cava\/#breadcrumb"},"inLanguage":"es","potentialAction":[{"@type":"ReadAction","target":["https:\/\/castelldor.com\/es\/castell-dor-acull-una-nova-activitat-dins-de-la-primavera-del-cava\/"]}]},{"@type":"ImageObject","inLanguage":"es","@id":"https:\/\/castelldor.com\/es\/castell-dor-acull-una-nova-activitat-dins-de-la-primavera-del-cava\/#primaryimage","url":"https:\/\/castelldor.com\/wp-content\/uploads\/2024\/05\/MG_3608.jpg","contentUrl":"https:\/\/castelldor.com\/wp-content\/uploads\/2024\/05\/MG_3608.jpg","width":1600,"height":1066},{"@type":"BreadcrumbList","@id":"https:\/\/castelldor.com\/es\/castell-dor-acull-una-nova-activitat-dins-de-la-primavera-del-cava\/#breadcrumb","itemListElement":[{"@type":"ListItem","position":1,"name":"Inici","item":"https:\/\/castelldor.com\/es\/"},{"@type":"ListItem","position":2,"name":"Castell d\u2019Or acull una nova activitat dins de la Primavera del Cava"}]},{"@type":"WebSite","@id":"https:\/\/castelldor.com\/es\/#website","url":"https:\/\/castelldor.com\/es\/","name":"Castell d&#039;Or","description":"Love people, Love wine","publisher":{"@id":"https:\/\/castelldor.com\/es\/#organization"},"potentialAction":[{"@type":"SearchAction","target":{"@type":"EntryPoint","urlTemplate":"https:\/\/castelldor.com\/es\/?s={search_term_string}"},"query-input":{"@type":"PropertyValueSpecification","valueRequired":true,"valueName":"search_term_string"}}],"inLanguage":"es"},{"@type":"Organization","@id":"https:\/\/castelldor.com\/es\/#organization","name":"Castell d'Or","url":"https:\/\/castelldor.com\/es\/","logo":{"@type":"ImageObject","inLanguage":"es","@id":"https:\/\/castelldor.com\/es\/#\/schema\/logo\/image\/","url":"https:\/\/castelldor.com\/wp-content\/uploads\/2022\/08\/Castell-dor-blanc.svg","contentUrl":"https:\/\/castelldor.com\/wp-content\/uploads\/2022\/08\/Castell-dor-blanc.svg","width":169,"height":61,"caption":"Castell d'Or"},"image":{"@id":"https:\/\/castelldor.com\/es\/#\/schema\/logo\/image\/"}},{"@type":"Person","@id":"https:\/\/castelldor.com\/es\/#\/schema\/person\/3800fc91546b8fea5812fe762dd57eab","name":"Cristina","image":{"@type":"ImageObject","inLanguage":"es","@id":"https:\/\/secure.gravatar.com\/avatar\/579c1860b6ddac6d2d774a241f04090d5c13b826525a5d2ed1cf72ca0cce4a17?s=96&d=mm&r=g","url":"https:\/\/secure.gravatar.com\/avatar\/579c1860b6ddac6d2d774a241f04090d5c13b826525a5d2ed1cf72ca0cce4a17?s=96&d=mm&r=g","contentUrl":"https:\/\/secure.gravatar.com\/avatar\/579c1860b6ddac6d2d774a241f04090d5c13b826525a5d2ed1cf72ca0cce4a17?s=96&d=mm&r=g","caption":"Cristina"}}]}},"_links":{"self":[{"href":"https:\/\/castelldor.com\/es\/wp-json\/wp\/v2\/posts\/136666","targetHints":{"allow":["GET"]}}],"collection":[{"href":"https:\/\/castelldor.com\/es\/wp-json\/wp\/v2\/posts"}],"about":[{"href":"https:\/\/castelldor.com\/es\/wp-json\/wp\/v2\/types\/post"}],"author":[{"embeddable":true,"href":"https:\/\/castelldor.com\/es\/wp-json\/wp\/v2\/users\/2"}],"replies":[{"embeddable":true,"href":"https:\/\/castelldor.com\/es\/wp-json\/wp\/v2\/comments?post=136666"}],"version-history":[{"count":12,"href":"https:\/\/castelldor.com\/es\/wp-json\/wp\/v2\/posts\/136666\/revisions"}],"predecessor-version":[{"id":136745,"href":"https:\/\/castelldor.com\/es\/wp-json\/wp\/v2\/posts\/136666\/revisions\/136745"}],"wp:featuredmedia":[{"embeddable":true,"href":"https:\/\/castelldor.com\/es\/wp-json\/wp\/v2\/media\/136727"}],"wp:attachment":[{"href":"https:\/\/castelldor.com\/es\/wp-json\/wp\/v2\/media?parent=136666"}],"wp:term":[{"taxonomy":"category","embeddable":true,"href":"https:\/\/castelldor.com\/es\/wp-json\/wp\/v2\/categories?post=136666"},{"taxonomy":"post_tag","embeddable":true,"href":"https:\/\/castelldor.com\/es\/wp-json\/wp\/v2\/tags?post=136666"}],"curies":[{"name":"wp","href":"https:\/\/api.w.org\/{rel}","templated":true}]}}