{"id":136267,"date":"2024-04-15T12:37:13","date_gmt":"2024-04-15T10:37:13","guid":{"rendered":"https:\/\/castelldor.com\/?p=136267"},"modified":"2024-07-01T12:15:32","modified_gmt":"2024-07-01T10:15:32","slug":"castell-dor-signa-un-conveni-de-collaboracio-amb-afanoc","status":"publish","type":"post","link":"https:\/\/castelldor.com\/es\/castell-dor-signa-un-conveni-de-collaboracio-amb-afanoc\/","title":{"rendered":"Castell d\u2019Or firma un convenio con la Asociaci\u00f3n de Familiares de ni\u00f1os con c\u00e1ncer"},"content":{"rendered":"<p>El grupo colabora con la entidad dedicada a mejorar la calidad de vida de ni\u00f1os y adolescentes con C\u00e1ncer de la provincia de Tarragona y toda Catalu\u00f1a.<\/p>\n<p>La empresa Castell d&#8217;Or ha firmado hoy un convenio de colaboraci\u00f3n con la <a href=\"https:\/\/afanoc.org\/es\/formacion-tarragona\/\">Asociaci\u00f3n de Familiares y Amigos de ni\u00f1os Oncol\u00f3gicos de Catalu\u00f1a (AFANOC)<\/a>. Se trata de una entidad privada que ofrece atenci\u00f3n psicosocial integral a los ni\u00f1os y adolescentes con c\u00e1ncer y sus familias. El delegado de la entidad a Tarragona, Miguel Javaloy Serrano y lo CEO del grupo, Jordi Amell y Amell han firmado este documento con la intenci\u00f3n de sumar esfuerzos en esta causa.<\/p>\n<p>El objetivo principal es mejorar la calidad de vida de las familias y ni\u00f1os que se encuentran en el proceso de la enfermedad as\u00ed como colaborar al mejor conocimiento de estas enfermedades y sus tratamientos. Castell d&#8217;Or, desde su vertiente m\u00e1s social, quiere apoyar a este proyecto y a las actividades que la entidad salga adelante pr\u00f3ximamente. Castell d&#8217;Or quiere a\u00f1adir su granito de arena de la mano de asociaciones de su entorno m\u00e1s pr\u00f3ximo, reforzando as\u00ed el tejido social y contribuyendo al bienestar de la comunidad.<\/p>\n<h3>AFANOC, apoyo en los hospitales<\/h3>\n<p>Afanoc\u00a0desarrolla su tarea desde Barcelona, Lleida, Tarragona y Girona. Tambi\u00e9n tienen presencia en los hospitales referentes, San Juan de Dios y Vall Hebr\u00f3n.\u00a0Igualmente\u00a0cuentan con La Casa de los\u00a0Xuklis, para acoger familias que se tienen que desplazar lejos de sus hogares para recibir tratamiento en los hospitales referentes de\u00a0Barcelona.<\/p>\n<h3>Campa\u00f1a Ponte la Gorra!<\/h3>\n<p>Igualmente, el grupo formado por 16 cooperativas apoya a la campa\u00f1a \u00abPonte la Gorra!\u00bb campa\u00f1a de sensibilizaci\u00f3n para dar a conocer la existencia del c\u00e1ncer infantil, con el objetivo de normalizar la enfermedad y paliar las necesidades que surgen a partir de su diagn\u00f3stico. La gorra se puede adquirir contactando con <strong>comunicacio@castelldor.com<\/strong> a un precio de <strong>8 euros.<\/strong><\/p>\n<p class=\"p1\">El tono de la gorra siempre es festivo, alegre y positivo para reforzar los conceptos de uni\u00f3n de la sociedad para apoyar a los ni\u00f1os y adolescentes con c\u00e1ncer y sus familias. La gorra cambia de dise\u00f1o cada a\u00f1o, gracias a la colaboraci\u00f3n de marcas y dise\u00f1adores internacionales que aportan su visi\u00f3n a la campa\u00f1a, a\u00f1adiendo un plus cualitativo que las convierte en un art\u00edculo solidario de coleccionista.<\/p>\n<p><em>\u00a0<\/em><\/p>\n","protected":false},"excerpt":{"rendered":"<p>El grupo colabora con la entidad dedicada a mejorar la calidad de vida de ni\u00f1os y adolescentes con C\u00e1ncer de la provincia de Tarragona y toda Catalu\u00f1a. La empresa Castell d&#8217;Or ha firmado hoy un convenio de colaboraci\u00f3n con la Asociaci\u00f3n de Familiares y Amigos de ni\u00f1os Oncol\u00f3gicos de Catalu\u00f1a (AFANOC). Se trata de una&hellip;&nbsp;<a href=\"https:\/\/castelldor.com\/es\/castell-dor-signa-un-conveni-de-collaboracio-amb-afanoc\/\" rel=\"bookmark\">Read More &raquo;<span class=\"screen-reader-text\">Castell d\u2019Or firma un convenio con la Asociaci\u00f3n de Familiares de ni\u00f1os con c\u00e1ncer<\/span><\/a><\/p>\n","protected":false},"author":2,"featured_media":136304,"comment_status":"closed","ping_status":"closed","sticky":false,"template":"","format":"standard","meta":{"_acf_changed":false,"inline_featured_image":false,"neve_meta_sidebar":"","neve_meta_container":"","neve_meta_enable_content_width":"off","neve_meta_content_width":70,"neve_meta_title_alignment":"","neve_meta_author_avatar":"","neve_post_elements_order":"","neve_meta_disable_header":"","neve_meta_disable_footer":"","neve_meta_disable_title":"","neve_meta_reading_time":"","footnotes":""},"categories":[44],"tags":[],"class_list":["post-136267","post","type-post","status-publish","format-standard","has-post-thumbnail","hentry","category-actualidad"],"acf":[],"yoast_head":"<!-- This site is optimized with the Yoast SEO plugin v27.4 - https:\/\/yoast.com\/product\/yoast-seo-wordpress\/ -->\n<title>Castell d\u2019Or firma un convenio con la Asociaci\u00f3n de Familiares de ni\u00f1os con c\u00e1ncer | Castell d&#039;Or<\/title>\n<meta name=\"robots\" content=\"index, follow, max-snippet:-1, max-image-preview:large, max-video-preview:-1\" \/>\n<link rel=\"canonical\" href=\"https:\/\/castelldor.com\/es\/castell-dor-signa-un-conveni-de-collaboracio-amb-afanoc\/\" \/>\n<meta property=\"og:locale\" content=\"es_ES\" \/>\n<meta property=\"og:type\" content=\"article\" \/>\n<meta property=\"og:title\" content=\"Castell d\u2019Or firma un convenio con la Asociaci\u00f3n de Familiares de ni\u00f1os con c\u00e1ncer | Castell d&#039;Or\" \/>\n<meta property=\"og:description\" content=\"El grupo colabora con la entidad dedicada a mejorar la calidad de vida de ni\u00f1os y adolescentes con C\u00e1ncer de la provincia de Tarragona y toda Catalu\u00f1a. La empresa Castell d&#8217;Or ha firmado hoy un convenio de colaboraci\u00f3n con la Asociaci\u00f3n de Familiares y Amigos de ni\u00f1os Oncol\u00f3gicos de Catalu\u00f1a (AFANOC). Se trata de una&hellip;&nbsp;Read More &raquo;Castell d\u2019Or firma un convenio con la Asociaci\u00f3n de Familiares de ni\u00f1os con c\u00e1ncer\" \/>\n<meta property=\"og:url\" content=\"https:\/\/castelldor.com\/es\/castell-dor-signa-un-conveni-de-collaboracio-amb-afanoc\/\" \/>\n<meta property=\"og:site_name\" content=\"Castell d&#039;Or\" \/>\n<meta property=\"article:published_time\" content=\"2024-04-15T10:37:13+00:00\" \/>\n<meta property=\"article:modified_time\" content=\"2024-07-01T10:15:32+00:00\" \/>\n<meta property=\"og:image\" content=\"https:\/\/castelldor.com\/wp-content\/uploads\/2024\/04\/678a8604-6fdd-44d0-b280-7bcca6617f36.jpeg\" \/>\n\t<meta property=\"og:image:width\" content=\"2048\" \/>\n\t<meta property=\"og:image:height\" content=\"945\" \/>\n\t<meta property=\"og:image:type\" content=\"image\/jpeg\" \/>\n<meta name=\"author\" content=\"Cristina\" \/>\n<meta name=\"twitter:card\" content=\"summary_large_image\" \/>\n<meta name=\"twitter:label1\" content=\"Escrito por\" \/>\n\t<meta name=\"twitter:data1\" content=\"Cristina\" \/>\n\t<meta name=\"twitter:label2\" content=\"Tiempo de lectura\" \/>\n\t<meta name=\"twitter:data2\" content=\"3 minutos\" \/>\n<script type=\"application\/ld+json\" class=\"yoast-schema-graph\">{\"@context\":\"https:\\\/\\\/schema.org\",\"@graph\":[{\"@type\":\"Article\",\"@id\":\"https:\\\/\\\/castelldor.com\\\/es\\\/castell-dor-signa-un-conveni-de-collaboracio-amb-afanoc\\\/#article\",\"isPartOf\":{\"@id\":\"https:\\\/\\\/castelldor.com\\\/es\\\/castell-dor-signa-un-conveni-de-collaboracio-amb-afanoc\\\/\"},\"author\":{\"name\":\"Cristina\",\"@id\":\"https:\\\/\\\/castelldor.com\\\/es\\\/#\\\/schema\\\/person\\\/3800fc91546b8fea5812fe762dd57eab\"},\"headline\":\"Castell d\u2019Or firma un convenio con la Asociaci\u00f3n de Familiares de ni\u00f1os con c\u00e1ncer\",\"datePublished\":\"2024-04-15T10:37:13+00:00\",\"dateModified\":\"2024-07-01T10:15:32+00:00\",\"mainEntityOfPage\":{\"@id\":\"https:\\\/\\\/castelldor.com\\\/es\\\/castell-dor-signa-un-conveni-de-collaboracio-amb-afanoc\\\/\"},\"wordCount\":437,\"publisher\":{\"@id\":\"https:\\\/\\\/castelldor.com\\\/es\\\/#organization\"},\"image\":{\"@id\":\"https:\\\/\\\/castelldor.com\\\/es\\\/castell-dor-signa-un-conveni-de-collaboracio-amb-afanoc\\\/#primaryimage\"},\"thumbnailUrl\":\"https:\\\/\\\/castelldor.com\\\/wp-content\\\/uploads\\\/2024\\\/04\\\/678a8604-6fdd-44d0-b280-7bcca6617f36.jpeg\",\"articleSection\":[\"Actualidad\"],\"inLanguage\":\"es\"},{\"@type\":\"WebPage\",\"@id\":\"https:\\\/\\\/castelldor.com\\\/es\\\/castell-dor-signa-un-conveni-de-collaboracio-amb-afanoc\\\/\",\"url\":\"https:\\\/\\\/castelldor.com\\\/es\\\/castell-dor-signa-un-conveni-de-collaboracio-amb-afanoc\\\/\",\"name\":\"Castell d\u2019Or firma un convenio con la Asociaci\u00f3n de Familiares de ni\u00f1os con c\u00e1ncer | Castell d&#039;Or\",\"isPartOf\":{\"@id\":\"https:\\\/\\\/castelldor.com\\\/es\\\/#website\"},\"primaryImageOfPage\":{\"@id\":\"https:\\\/\\\/castelldor.com\\\/es\\\/castell-dor-signa-un-conveni-de-collaboracio-amb-afanoc\\\/#primaryimage\"},\"image\":{\"@id\":\"https:\\\/\\\/castelldor.com\\\/es\\\/castell-dor-signa-un-conveni-de-collaboracio-amb-afanoc\\\/#primaryimage\"},\"thumbnailUrl\":\"https:\\\/\\\/castelldor.com\\\/wp-content\\\/uploads\\\/2024\\\/04\\\/678a8604-6fdd-44d0-b280-7bcca6617f36.jpeg\",\"datePublished\":\"2024-04-15T10:37:13+00:00\",\"dateModified\":\"2024-07-01T10:15:32+00:00\",\"breadcrumb\":{\"@id\":\"https:\\\/\\\/castelldor.com\\\/es\\\/castell-dor-signa-un-conveni-de-collaboracio-amb-afanoc\\\/#breadcrumb\"},\"inLanguage\":\"es\",\"potentialAction\":[{\"@type\":\"ReadAction\",\"target\":[\"https:\\\/\\\/castelldor.com\\\/es\\\/castell-dor-signa-un-conveni-de-collaboracio-amb-afanoc\\\/\"]}]},{\"@type\":\"ImageObject\",\"inLanguage\":\"es\",\"@id\":\"https:\\\/\\\/castelldor.com\\\/es\\\/castell-dor-signa-un-conveni-de-collaboracio-amb-afanoc\\\/#primaryimage\",\"url\":\"https:\\\/\\\/castelldor.com\\\/wp-content\\\/uploads\\\/2024\\\/04\\\/678a8604-6fdd-44d0-b280-7bcca6617f36.jpeg\",\"contentUrl\":\"https:\\\/\\\/castelldor.com\\\/wp-content\\\/uploads\\\/2024\\\/04\\\/678a8604-6fdd-44d0-b280-7bcca6617f36.jpeg\",\"width\":2048,\"height\":945},{\"@type\":\"BreadcrumbList\",\"@id\":\"https:\\\/\\\/castelldor.com\\\/es\\\/castell-dor-signa-un-conveni-de-collaboracio-amb-afanoc\\\/#breadcrumb\",\"itemListElement\":[{\"@type\":\"ListItem\",\"position\":1,\"name\":\"Inici\",\"item\":\"https:\\\/\\\/castelldor.com\\\/es\\\/\"},{\"@type\":\"ListItem\",\"position\":2,\"name\":\"Castell d\u2019Or firma un convenio con la Asociaci\u00f3n de Familiares de ni\u00f1os con c\u00e1ncer\"}]},{\"@type\":\"WebSite\",\"@id\":\"https:\\\/\\\/castelldor.com\\\/es\\\/#website\",\"url\":\"https:\\\/\\\/castelldor.com\\\/es\\\/\",\"name\":\"Castell d&#039;Or\",\"description\":\"Love people, Love wine\",\"publisher\":{\"@id\":\"https:\\\/\\\/castelldor.com\\\/es\\\/#organization\"},\"potentialAction\":[{\"@type\":\"SearchAction\",\"target\":{\"@type\":\"EntryPoint\",\"urlTemplate\":\"https:\\\/\\\/castelldor.com\\\/es\\\/?s={search_term_string}\"},\"query-input\":{\"@type\":\"PropertyValueSpecification\",\"valueRequired\":true,\"valueName\":\"search_term_string\"}}],\"inLanguage\":\"es\"},{\"@type\":\"Organization\",\"@id\":\"https:\\\/\\\/castelldor.com\\\/es\\\/#organization\",\"name\":\"Castell d'Or\",\"url\":\"https:\\\/\\\/castelldor.com\\\/es\\\/\",\"logo\":{\"@type\":\"ImageObject\",\"inLanguage\":\"es\",\"@id\":\"https:\\\/\\\/castelldor.com\\\/es\\\/#\\\/schema\\\/logo\\\/image\\\/\",\"url\":\"https:\\\/\\\/castelldor.com\\\/wp-content\\\/uploads\\\/2022\\\/08\\\/Castell-dor-blanc.svg\",\"contentUrl\":\"https:\\\/\\\/castelldor.com\\\/wp-content\\\/uploads\\\/2022\\\/08\\\/Castell-dor-blanc.svg\",\"width\":169,\"height\":61,\"caption\":\"Castell d'Or\"},\"image\":{\"@id\":\"https:\\\/\\\/castelldor.com\\\/es\\\/#\\\/schema\\\/logo\\\/image\\\/\"}},{\"@type\":\"Person\",\"@id\":\"https:\\\/\\\/castelldor.com\\\/es\\\/#\\\/schema\\\/person\\\/3800fc91546b8fea5812fe762dd57eab\",\"name\":\"Cristina\",\"image\":{\"@type\":\"ImageObject\",\"inLanguage\":\"es\",\"@id\":\"https:\\\/\\\/secure.gravatar.com\\\/avatar\\\/579c1860b6ddac6d2d774a241f04090d5c13b826525a5d2ed1cf72ca0cce4a17?s=96&d=mm&r=g\",\"url\":\"https:\\\/\\\/secure.gravatar.com\\\/avatar\\\/579c1860b6ddac6d2d774a241f04090d5c13b826525a5d2ed1cf72ca0cce4a17?s=96&d=mm&r=g\",\"contentUrl\":\"https:\\\/\\\/secure.gravatar.com\\\/avatar\\\/579c1860b6ddac6d2d774a241f04090d5c13b826525a5d2ed1cf72ca0cce4a17?s=96&d=mm&r=g\",\"caption\":\"Cristina\"}}]}<\/script>\n<!-- \/ Yoast SEO plugin. -->","yoast_head_json":{"title":"Castell d\u2019Or firma un convenio con la Asociaci\u00f3n de Familiares de ni\u00f1os con c\u00e1ncer | Castell d&#039;Or","robots":{"index":"index","follow":"follow","max-snippet":"max-snippet:-1","max-image-preview":"max-image-preview:large","max-video-preview":"max-video-preview:-1"},"canonical":"https:\/\/castelldor.com\/es\/castell-dor-signa-un-conveni-de-collaboracio-amb-afanoc\/","og_locale":"es_ES","og_type":"article","og_title":"Castell d\u2019Or firma un convenio con la Asociaci\u00f3n de Familiares de ni\u00f1os con c\u00e1ncer | Castell d&#039;Or","og_description":"El grupo colabora con la entidad dedicada a mejorar la calidad de vida de ni\u00f1os y adolescentes con C\u00e1ncer de la provincia de Tarragona y toda Catalu\u00f1a. La empresa Castell d&#8217;Or ha firmado hoy un convenio de colaboraci\u00f3n con la Asociaci\u00f3n de Familiares y Amigos de ni\u00f1os Oncol\u00f3gicos de Catalu\u00f1a (AFANOC). Se trata de una&hellip;&nbsp;Read More &raquo;Castell d\u2019Or firma un convenio con la Asociaci\u00f3n de Familiares de ni\u00f1os con c\u00e1ncer","og_url":"https:\/\/castelldor.com\/es\/castell-dor-signa-un-conveni-de-collaboracio-amb-afanoc\/","og_site_name":"Castell d&#039;Or","article_published_time":"2024-04-15T10:37:13+00:00","article_modified_time":"2024-07-01T10:15:32+00:00","og_image":[{"width":2048,"height":945,"url":"https:\/\/castelldor.com\/wp-content\/uploads\/2024\/04\/678a8604-6fdd-44d0-b280-7bcca6617f36.jpeg","type":"image\/jpeg"}],"author":"Cristina","twitter_card":"summary_large_image","twitter_misc":{"Escrito por":"Cristina","Tiempo de lectura":"3 minutos"},"schema":{"@context":"https:\/\/schema.org","@graph":[{"@type":"Article","@id":"https:\/\/castelldor.com\/es\/castell-dor-signa-un-conveni-de-collaboracio-amb-afanoc\/#article","isPartOf":{"@id":"https:\/\/castelldor.com\/es\/castell-dor-signa-un-conveni-de-collaboracio-amb-afanoc\/"},"author":{"name":"Cristina","@id":"https:\/\/castelldor.com\/es\/#\/schema\/person\/3800fc91546b8fea5812fe762dd57eab"},"headline":"Castell d\u2019Or firma un convenio con la Asociaci\u00f3n de Familiares de ni\u00f1os con c\u00e1ncer","datePublished":"2024-04-15T10:37:13+00:00","dateModified":"2024-07-01T10:15:32+00:00","mainEntityOfPage":{"@id":"https:\/\/castelldor.com\/es\/castell-dor-signa-un-conveni-de-collaboracio-amb-afanoc\/"},"wordCount":437,"publisher":{"@id":"https:\/\/castelldor.com\/es\/#organization"},"image":{"@id":"https:\/\/castelldor.com\/es\/castell-dor-signa-un-conveni-de-collaboracio-amb-afanoc\/#primaryimage"},"thumbnailUrl":"https:\/\/castelldor.com\/wp-content\/uploads\/2024\/04\/678a8604-6fdd-44d0-b280-7bcca6617f36.jpeg","articleSection":["Actualidad"],"inLanguage":"es"},{"@type":"WebPage","@id":"https:\/\/castelldor.com\/es\/castell-dor-signa-un-conveni-de-collaboracio-amb-afanoc\/","url":"https:\/\/castelldor.com\/es\/castell-dor-signa-un-conveni-de-collaboracio-amb-afanoc\/","name":"Castell d\u2019Or firma un convenio con la Asociaci\u00f3n de Familiares de ni\u00f1os con c\u00e1ncer | Castell d&#039;Or","isPartOf":{"@id":"https:\/\/castelldor.com\/es\/#website"},"primaryImageOfPage":{"@id":"https:\/\/castelldor.com\/es\/castell-dor-signa-un-conveni-de-collaboracio-amb-afanoc\/#primaryimage"},"image":{"@id":"https:\/\/castelldor.com\/es\/castell-dor-signa-un-conveni-de-collaboracio-amb-afanoc\/#primaryimage"},"thumbnailUrl":"https:\/\/castelldor.com\/wp-content\/uploads\/2024\/04\/678a8604-6fdd-44d0-b280-7bcca6617f36.jpeg","datePublished":"2024-04-15T10:37:13+00:00","dateModified":"2024-07-01T10:15:32+00:00","breadcrumb":{"@id":"https:\/\/castelldor.com\/es\/castell-dor-signa-un-conveni-de-collaboracio-amb-afanoc\/#breadcrumb"},"inLanguage":"es","potentialAction":[{"@type":"ReadAction","target":["https:\/\/castelldor.com\/es\/castell-dor-signa-un-conveni-de-collaboracio-amb-afanoc\/"]}]},{"@type":"ImageObject","inLanguage":"es","@id":"https:\/\/castelldor.com\/es\/castell-dor-signa-un-conveni-de-collaboracio-amb-afanoc\/#primaryimage","url":"https:\/\/castelldor.com\/wp-content\/uploads\/2024\/04\/678a8604-6fdd-44d0-b280-7bcca6617f36.jpeg","contentUrl":"https:\/\/castelldor.com\/wp-content\/uploads\/2024\/04\/678a8604-6fdd-44d0-b280-7bcca6617f36.jpeg","width":2048,"height":945},{"@type":"BreadcrumbList","@id":"https:\/\/castelldor.com\/es\/castell-dor-signa-un-conveni-de-collaboracio-amb-afanoc\/#breadcrumb","itemListElement":[{"@type":"ListItem","position":1,"name":"Inici","item":"https:\/\/castelldor.com\/es\/"},{"@type":"ListItem","position":2,"name":"Castell d\u2019Or firma un convenio con la Asociaci\u00f3n de Familiares de ni\u00f1os con c\u00e1ncer"}]},{"@type":"WebSite","@id":"https:\/\/castelldor.com\/es\/#website","url":"https:\/\/castelldor.com\/es\/","name":"Castell d&#039;Or","description":"Love people, Love wine","publisher":{"@id":"https:\/\/castelldor.com\/es\/#organization"},"potentialAction":[{"@type":"SearchAction","target":{"@type":"EntryPoint","urlTemplate":"https:\/\/castelldor.com\/es\/?s={search_term_string}"},"query-input":{"@type":"PropertyValueSpecification","valueRequired":true,"valueName":"search_term_string"}}],"inLanguage":"es"},{"@type":"Organization","@id":"https:\/\/castelldor.com\/es\/#organization","name":"Castell d'Or","url":"https:\/\/castelldor.com\/es\/","logo":{"@type":"ImageObject","inLanguage":"es","@id":"https:\/\/castelldor.com\/es\/#\/schema\/logo\/image\/","url":"https:\/\/castelldor.com\/wp-content\/uploads\/2022\/08\/Castell-dor-blanc.svg","contentUrl":"https:\/\/castelldor.com\/wp-content\/uploads\/2022\/08\/Castell-dor-blanc.svg","width":169,"height":61,"caption":"Castell d'Or"},"image":{"@id":"https:\/\/castelldor.com\/es\/#\/schema\/logo\/image\/"}},{"@type":"Person","@id":"https:\/\/castelldor.com\/es\/#\/schema\/person\/3800fc91546b8fea5812fe762dd57eab","name":"Cristina","image":{"@type":"ImageObject","inLanguage":"es","@id":"https:\/\/secure.gravatar.com\/avatar\/579c1860b6ddac6d2d774a241f04090d5c13b826525a5d2ed1cf72ca0cce4a17?s=96&d=mm&r=g","url":"https:\/\/secure.gravatar.com\/avatar\/579c1860b6ddac6d2d774a241f04090d5c13b826525a5d2ed1cf72ca0cce4a17?s=96&d=mm&r=g","contentUrl":"https:\/\/secure.gravatar.com\/avatar\/579c1860b6ddac6d2d774a241f04090d5c13b826525a5d2ed1cf72ca0cce4a17?s=96&d=mm&r=g","caption":"Cristina"}}]}},"_links":{"self":[{"href":"https:\/\/castelldor.com\/es\/wp-json\/wp\/v2\/posts\/136267","targetHints":{"allow":["GET"]}}],"collection":[{"href":"https:\/\/castelldor.com\/es\/wp-json\/wp\/v2\/posts"}],"about":[{"href":"https:\/\/castelldor.com\/es\/wp-json\/wp\/v2\/types\/post"}],"author":[{"embeddable":true,"href":"https:\/\/castelldor.com\/es\/wp-json\/wp\/v2\/users\/2"}],"replies":[{"embeddable":true,"href":"https:\/\/castelldor.com\/es\/wp-json\/wp\/v2\/comments?post=136267"}],"version-history":[{"count":9,"href":"https:\/\/castelldor.com\/es\/wp-json\/wp\/v2\/posts\/136267\/revisions"}],"predecessor-version":[{"id":136343,"href":"https:\/\/castelldor.com\/es\/wp-json\/wp\/v2\/posts\/136267\/revisions\/136343"}],"wp:featuredmedia":[{"embeddable":true,"href":"https:\/\/castelldor.com\/es\/wp-json\/wp\/v2\/media\/136304"}],"wp:attachment":[{"href":"https:\/\/castelldor.com\/es\/wp-json\/wp\/v2\/media?parent=136267"}],"wp:term":[{"taxonomy":"category","embeddable":true,"href":"https:\/\/castelldor.com\/es\/wp-json\/wp\/v2\/categories?post=136267"},{"taxonomy":"post_tag","embeddable":true,"href":"https:\/\/castelldor.com\/es\/wp-json\/wp\/v2\/tags?post=136267"}],"curies":[{"name":"wp","href":"https:\/\/api.w.org\/{rel}","templated":true}]}}