{"id":135797,"date":"2024-03-27T12:30:16","date_gmt":"2024-03-27T11:30:16","guid":{"rendered":"https:\/\/castelldor.com\/rhythm-cava-a-castell-dor-per-una-nova-edicio-de-la-primavera-del-cava\/"},"modified":"2024-07-01T12:15:32","modified_gmt":"2024-07-01T10:15:32","slug":"rhythm-cava-en-castell-dor-para-una-nueva-edicion-de-la-primavera-del-cava","status":"publish","type":"post","link":"https:\/\/castelldor.com\/es\/rhythm-cava-en-castell-dor-para-una-nueva-edicion-de-la-primavera-del-cava\/","title":{"rendered":"Castell d&#8217;Or participa en una nueva edici\u00f3n de \u2018La Primavera del Cava\u2019"},"content":{"rendered":"<p>Con su m\u00fasica de fondo, disfrutaremos de una cata de tres cavas de Castell d&#8217;Or en el Wine Bar del grupo, acompa\u00f1ado de un aperitivo basado en quesos y embutidos gourmet.<\/p>\n<p>Castell d&#8217;Or se une por segundo a\u00f1o consecutivo a la iniciativa de <em>Enoturisme:<\/em> \u2018<a href=\"https:\/\/laprimaveradelcava.com\/\">La Primavera del Cava<\/a>\u2019 que impulsa la AECAVA, la Asociaci\u00f3n de Elaboradores con motivos de la llegada de la primavera y los primeros brotes de las vi\u00f1as. En particular, Castell d&#8217;Or propone \u2018<strong>Rhythm &amp; Cava<\/strong>\u2019. Ser\u00e1 una sesi\u00f3n musical con el grupo <a href=\"https:\/\/www.youtube.com\/watch?v=9fDrWwKURbc\">\u00a0Pepper and Soul<\/a>. Se trata de un d\u00fao ac\u00fastico que hacen una propuesta musical de fusi\u00f3n pop, soul y fusi\u00f3n. <strong>Pepper and Soul<\/strong> presenta un repertorio sofisticado y de alta calidad que repasa las grandes estrellas musicales de antes y de ahora: Michael Jackson, Whitney Houston, Amy Winehouse, Seal o Prince. Con su m\u00fasica de fondo, disfrutaremos de una cata de tres cavas de Castell d&#8217;Or en el Wine Bar del grupo, acompa\u00f1ado de un aperitivo basado en quesos y embutidos gourmet.<\/p>\n<p><strong>CASTELL D&#8217;OR<\/strong><\/p>\n<p><strong>Rhythm &amp; Cava<\/strong><\/p>\n<p>Domingo 19 de mayo, de 12:00 a 14:00h<\/p>\n<p>Lugar: Wine Bar de Castell d&#8217;Or!<\/p>\n<p>Precio: 20\u20ac\/persona<\/p>\n<p>Contacto: 97 745 98 60 \/ comunicacio@castelldor.com<\/p>\n<p>M\u00e1s informaci\u00f3n: <a href=\"https:\/\/laprimaveradelcava.com\/\">https:\/\/laprimaveradelcava.com\/<\/a><\/p>\n<p>Las actividades de La Primavera del Cava, pensada para todos los p\u00fablicos, cerca de las vi\u00f1as, con aforos reducidos y reserva previa. Para tener m\u00e1s informaci\u00f3n y comprar entradas: <strong>www.laprimaveradelcava.com<\/strong>. \u00a0En esta edici\u00f3n, un total de 16 bodegas elaboradoras de Cava ubicadas en el Alt Pened\u00e8s, el Alt Camp, Alella y la Conca de Barber\u00e0, participan en la s\u00e9ptima edici\u00f3n de La Primavera del Cava. Bajo la coordinaci\u00f3n de AECAVA, la Asociaci\u00f3n de Elaboradores de Cava, los fines de semana del 4 al 26 de mayo, las bodegas celebrar\u00e1n la llegada de la primavera con un amplio abanico de actividades creadas especialmente para la ocasi\u00f3n.<\/p>\n","protected":false},"excerpt":{"rendered":"<p>Con su m\u00fasica de fondo, disfrutaremos de una cata de tres cavas de Castell d&#8217;Or en el Wine Bar del grupo, acompa\u00f1ado de un aperitivo basado en quesos y embutidos gourmet. Castell d&#8217;Or se une por segundo a\u00f1o consecutivo a la iniciativa de Enoturisme: \u2018La Primavera del Cava\u2019 que impulsa la AECAVA, la Asociaci\u00f3n de&hellip;&nbsp;<a href=\"https:\/\/castelldor.com\/es\/rhythm-cava-en-castell-dor-para-una-nueva-edicion-de-la-primavera-del-cava\/\" rel=\"bookmark\">Read More &raquo;<span class=\"screen-reader-text\">Castell d&#8217;Or participa en una nueva edici\u00f3n de \u2018La Primavera del Cava\u2019<\/span><\/a><\/p>\n","protected":false},"author":2,"featured_media":136207,"comment_status":"closed","ping_status":"closed","sticky":false,"template":"","format":"standard","meta":{"_acf_changed":false,"inline_featured_image":false,"neve_meta_sidebar":"","neve_meta_container":"","neve_meta_enable_content_width":"off","neve_meta_content_width":70,"neve_meta_title_alignment":"","neve_meta_author_avatar":"","neve_post_elements_order":"","neve_meta_disable_header":"","neve_meta_disable_footer":"","neve_meta_disable_title":"","neve_meta_reading_time":"","footnotes":""},"categories":[44],"tags":[],"class_list":["post-135797","post","type-post","status-publish","format-standard","has-post-thumbnail","hentry","category-actualidad"],"acf":[],"yoast_head":"<!-- This site is optimized with the Yoast SEO plugin v27.4 - https:\/\/yoast.com\/product\/yoast-seo-wordpress\/ -->\n<title>\u2018Rhythm &amp; Cava&#039; en Castell d\u2019Or por \u2018La Primavera del Cava\u2019| Castell d&#039;Or<\/title>\n<meta name=\"description\" content=\"Castell d&#039;Or se une a la iniciativa de Enoturismo &#039;La Primavera del Cava&#039;, impulsada por AECAVA con motivo de la llegada de la primavera.\" \/>\n<meta name=\"robots\" content=\"index, follow, max-snippet:-1, max-image-preview:large, max-video-preview:-1\" \/>\n<link rel=\"canonical\" href=\"https:\/\/castelldor.com\/es\/rhythm-cava-en-castell-dor-para-una-nueva-edicion-de-la-primavera-del-cava\/\" \/>\n<meta property=\"og:locale\" content=\"es_ES\" \/>\n<meta property=\"og:type\" content=\"article\" \/>\n<meta property=\"og:title\" content=\"\u2018Rhythm &amp; Cava&#039; en Castell d\u2019Or por \u2018La Primavera del Cava\u2019| Castell d&#039;Or\" \/>\n<meta property=\"og:description\" content=\"Castell d&#039;Or se une a la iniciativa de Enoturismo &#039;La Primavera del Cava&#039;, impulsada por AECAVA con motivo de la llegada de la primavera.\" \/>\n<meta property=\"og:url\" content=\"https:\/\/castelldor.com\/es\/rhythm-cava-en-castell-dor-para-una-nueva-edicion-de-la-primavera-del-cava\/\" \/>\n<meta property=\"og:site_name\" content=\"Castell d&#039;Or\" \/>\n<meta property=\"article:published_time\" content=\"2024-03-27T11:30:16+00:00\" \/>\n<meta property=\"article:modified_time\" content=\"2024-07-01T10:15:32+00:00\" \/>\n<meta property=\"og:image\" content=\"https:\/\/castelldor.com\/wp-content\/uploads\/2024\/03\/1677762867533-1.png\" \/>\n\t<meta property=\"og:image:width\" content=\"960\" \/>\n\t<meta property=\"og:image:height\" content=\"540\" \/>\n\t<meta property=\"og:image:type\" content=\"image\/png\" \/>\n<meta name=\"author\" content=\"Cristina\" \/>\n<meta name=\"twitter:card\" content=\"summary_large_image\" \/>\n<meta name=\"twitter:label1\" content=\"Escrito por\" \/>\n\t<meta name=\"twitter:data1\" content=\"Cristina\" \/>\n\t<meta name=\"twitter:label2\" content=\"Tiempo de lectura\" \/>\n\t<meta name=\"twitter:data2\" content=\"2 minutos\" \/>\n<script type=\"application\/ld+json\" class=\"yoast-schema-graph\">{\"@context\":\"https:\\\/\\\/schema.org\",\"@graph\":[{\"@type\":\"Article\",\"@id\":\"https:\\\/\\\/castelldor.com\\\/es\\\/rhythm-cava-en-castell-dor-para-una-nueva-edicion-de-la-primavera-del-cava\\\/#article\",\"isPartOf\":{\"@id\":\"https:\\\/\\\/castelldor.com\\\/es\\\/rhythm-cava-en-castell-dor-para-una-nueva-edicion-de-la-primavera-del-cava\\\/\"},\"author\":{\"name\":\"Cristina\",\"@id\":\"https:\\\/\\\/castelldor.com\\\/es\\\/#\\\/schema\\\/person\\\/3800fc91546b8fea5812fe762dd57eab\"},\"headline\":\"Castell d&#8217;Or participa en una nueva edici\u00f3n de \u2018La Primavera del Cava\u2019\",\"datePublished\":\"2024-03-27T11:30:16+00:00\",\"dateModified\":\"2024-07-01T10:15:32+00:00\",\"mainEntityOfPage\":{\"@id\":\"https:\\\/\\\/castelldor.com\\\/es\\\/rhythm-cava-en-castell-dor-para-una-nueva-edicion-de-la-primavera-del-cava\\\/\"},\"wordCount\":346,\"publisher\":{\"@id\":\"https:\\\/\\\/castelldor.com\\\/es\\\/#organization\"},\"image\":{\"@id\":\"https:\\\/\\\/castelldor.com\\\/es\\\/rhythm-cava-en-castell-dor-para-una-nueva-edicion-de-la-primavera-del-cava\\\/#primaryimage\"},\"thumbnailUrl\":\"https:\\\/\\\/castelldor.com\\\/wp-content\\\/uploads\\\/2024\\\/03\\\/1677762867533-1.png\",\"articleSection\":[\"Actualidad\"],\"inLanguage\":\"es\"},{\"@type\":\"WebPage\",\"@id\":\"https:\\\/\\\/castelldor.com\\\/es\\\/rhythm-cava-en-castell-dor-para-una-nueva-edicion-de-la-primavera-del-cava\\\/\",\"url\":\"https:\\\/\\\/castelldor.com\\\/es\\\/rhythm-cava-en-castell-dor-para-una-nueva-edicion-de-la-primavera-del-cava\\\/\",\"name\":\"\u2018Rhythm & Cava' en Castell d\u2019Or por \u2018La Primavera del Cava\u2019| Castell d&#039;Or\",\"isPartOf\":{\"@id\":\"https:\\\/\\\/castelldor.com\\\/es\\\/#website\"},\"primaryImageOfPage\":{\"@id\":\"https:\\\/\\\/castelldor.com\\\/es\\\/rhythm-cava-en-castell-dor-para-una-nueva-edicion-de-la-primavera-del-cava\\\/#primaryimage\"},\"image\":{\"@id\":\"https:\\\/\\\/castelldor.com\\\/es\\\/rhythm-cava-en-castell-dor-para-una-nueva-edicion-de-la-primavera-del-cava\\\/#primaryimage\"},\"thumbnailUrl\":\"https:\\\/\\\/castelldor.com\\\/wp-content\\\/uploads\\\/2024\\\/03\\\/1677762867533-1.png\",\"datePublished\":\"2024-03-27T11:30:16+00:00\",\"dateModified\":\"2024-07-01T10:15:32+00:00\",\"description\":\"Castell d'Or se une a la iniciativa de Enoturismo 'La Primavera del Cava', impulsada por AECAVA con motivo de la llegada de la primavera.\",\"breadcrumb\":{\"@id\":\"https:\\\/\\\/castelldor.com\\\/es\\\/rhythm-cava-en-castell-dor-para-una-nueva-edicion-de-la-primavera-del-cava\\\/#breadcrumb\"},\"inLanguage\":\"es\",\"potentialAction\":[{\"@type\":\"ReadAction\",\"target\":[\"https:\\\/\\\/castelldor.com\\\/es\\\/rhythm-cava-en-castell-dor-para-una-nueva-edicion-de-la-primavera-del-cava\\\/\"]}]},{\"@type\":\"ImageObject\",\"inLanguage\":\"es\",\"@id\":\"https:\\\/\\\/castelldor.com\\\/es\\\/rhythm-cava-en-castell-dor-para-una-nueva-edicion-de-la-primavera-del-cava\\\/#primaryimage\",\"url\":\"https:\\\/\\\/castelldor.com\\\/wp-content\\\/uploads\\\/2024\\\/03\\\/1677762867533-1.png\",\"contentUrl\":\"https:\\\/\\\/castelldor.com\\\/wp-content\\\/uploads\\\/2024\\\/03\\\/1677762867533-1.png\",\"width\":960,\"height\":540},{\"@type\":\"BreadcrumbList\",\"@id\":\"https:\\\/\\\/castelldor.com\\\/es\\\/rhythm-cava-en-castell-dor-para-una-nueva-edicion-de-la-primavera-del-cava\\\/#breadcrumb\",\"itemListElement\":[{\"@type\":\"ListItem\",\"position\":1,\"name\":\"Inici\",\"item\":\"https:\\\/\\\/castelldor.com\\\/es\\\/\"},{\"@type\":\"ListItem\",\"position\":2,\"name\":\"Castell d&#8217;Or participa en una nueva edici\u00f3n de \u2018La Primavera del Cava\u2019\"}]},{\"@type\":\"WebSite\",\"@id\":\"https:\\\/\\\/castelldor.com\\\/es\\\/#website\",\"url\":\"https:\\\/\\\/castelldor.com\\\/es\\\/\",\"name\":\"Castell d&#039;Or\",\"description\":\"Love people, Love wine\",\"publisher\":{\"@id\":\"https:\\\/\\\/castelldor.com\\\/es\\\/#organization\"},\"potentialAction\":[{\"@type\":\"SearchAction\",\"target\":{\"@type\":\"EntryPoint\",\"urlTemplate\":\"https:\\\/\\\/castelldor.com\\\/es\\\/?s={search_term_string}\"},\"query-input\":{\"@type\":\"PropertyValueSpecification\",\"valueRequired\":true,\"valueName\":\"search_term_string\"}}],\"inLanguage\":\"es\"},{\"@type\":\"Organization\",\"@id\":\"https:\\\/\\\/castelldor.com\\\/es\\\/#organization\",\"name\":\"Castell d'Or\",\"url\":\"https:\\\/\\\/castelldor.com\\\/es\\\/\",\"logo\":{\"@type\":\"ImageObject\",\"inLanguage\":\"es\",\"@id\":\"https:\\\/\\\/castelldor.com\\\/es\\\/#\\\/schema\\\/logo\\\/image\\\/\",\"url\":\"https:\\\/\\\/castelldor.com\\\/wp-content\\\/uploads\\\/2022\\\/08\\\/Castell-dor-blanc.svg\",\"contentUrl\":\"https:\\\/\\\/castelldor.com\\\/wp-content\\\/uploads\\\/2022\\\/08\\\/Castell-dor-blanc.svg\",\"width\":169,\"height\":61,\"caption\":\"Castell d'Or\"},\"image\":{\"@id\":\"https:\\\/\\\/castelldor.com\\\/es\\\/#\\\/schema\\\/logo\\\/image\\\/\"}},{\"@type\":\"Person\",\"@id\":\"https:\\\/\\\/castelldor.com\\\/es\\\/#\\\/schema\\\/person\\\/3800fc91546b8fea5812fe762dd57eab\",\"name\":\"Cristina\",\"image\":{\"@type\":\"ImageObject\",\"inLanguage\":\"es\",\"@id\":\"https:\\\/\\\/secure.gravatar.com\\\/avatar\\\/579c1860b6ddac6d2d774a241f04090d5c13b826525a5d2ed1cf72ca0cce4a17?s=96&d=mm&r=g\",\"url\":\"https:\\\/\\\/secure.gravatar.com\\\/avatar\\\/579c1860b6ddac6d2d774a241f04090d5c13b826525a5d2ed1cf72ca0cce4a17?s=96&d=mm&r=g\",\"contentUrl\":\"https:\\\/\\\/secure.gravatar.com\\\/avatar\\\/579c1860b6ddac6d2d774a241f04090d5c13b826525a5d2ed1cf72ca0cce4a17?s=96&d=mm&r=g\",\"caption\":\"Cristina\"}}]}<\/script>\n<!-- \/ Yoast SEO plugin. -->","yoast_head_json":{"title":"\u2018Rhythm & Cava' en Castell d\u2019Or por \u2018La Primavera del Cava\u2019| Castell d&#039;Or","description":"Castell d'Or se une a la iniciativa de Enoturismo 'La Primavera del Cava', impulsada por AECAVA con motivo de la llegada de la primavera.","robots":{"index":"index","follow":"follow","max-snippet":"max-snippet:-1","max-image-preview":"max-image-preview:large","max-video-preview":"max-video-preview:-1"},"canonical":"https:\/\/castelldor.com\/es\/rhythm-cava-en-castell-dor-para-una-nueva-edicion-de-la-primavera-del-cava\/","og_locale":"es_ES","og_type":"article","og_title":"\u2018Rhythm & Cava' en Castell d\u2019Or por \u2018La Primavera del Cava\u2019| Castell d&#039;Or","og_description":"Castell d'Or se une a la iniciativa de Enoturismo 'La Primavera del Cava', impulsada por AECAVA con motivo de la llegada de la primavera.","og_url":"https:\/\/castelldor.com\/es\/rhythm-cava-en-castell-dor-para-una-nueva-edicion-de-la-primavera-del-cava\/","og_site_name":"Castell d&#039;Or","article_published_time":"2024-03-27T11:30:16+00:00","article_modified_time":"2024-07-01T10:15:32+00:00","og_image":[{"width":960,"height":540,"url":"https:\/\/castelldor.com\/wp-content\/uploads\/2024\/03\/1677762867533-1.png","type":"image\/png"}],"author":"Cristina","twitter_card":"summary_large_image","twitter_misc":{"Escrito por":"Cristina","Tiempo de lectura":"2 minutos"},"schema":{"@context":"https:\/\/schema.org","@graph":[{"@type":"Article","@id":"https:\/\/castelldor.com\/es\/rhythm-cava-en-castell-dor-para-una-nueva-edicion-de-la-primavera-del-cava\/#article","isPartOf":{"@id":"https:\/\/castelldor.com\/es\/rhythm-cava-en-castell-dor-para-una-nueva-edicion-de-la-primavera-del-cava\/"},"author":{"name":"Cristina","@id":"https:\/\/castelldor.com\/es\/#\/schema\/person\/3800fc91546b8fea5812fe762dd57eab"},"headline":"Castell d&#8217;Or participa en una nueva edici\u00f3n de \u2018La Primavera del Cava\u2019","datePublished":"2024-03-27T11:30:16+00:00","dateModified":"2024-07-01T10:15:32+00:00","mainEntityOfPage":{"@id":"https:\/\/castelldor.com\/es\/rhythm-cava-en-castell-dor-para-una-nueva-edicion-de-la-primavera-del-cava\/"},"wordCount":346,"publisher":{"@id":"https:\/\/castelldor.com\/es\/#organization"},"image":{"@id":"https:\/\/castelldor.com\/es\/rhythm-cava-en-castell-dor-para-una-nueva-edicion-de-la-primavera-del-cava\/#primaryimage"},"thumbnailUrl":"https:\/\/castelldor.com\/wp-content\/uploads\/2024\/03\/1677762867533-1.png","articleSection":["Actualidad"],"inLanguage":"es"},{"@type":"WebPage","@id":"https:\/\/castelldor.com\/es\/rhythm-cava-en-castell-dor-para-una-nueva-edicion-de-la-primavera-del-cava\/","url":"https:\/\/castelldor.com\/es\/rhythm-cava-en-castell-dor-para-una-nueva-edicion-de-la-primavera-del-cava\/","name":"\u2018Rhythm & Cava' en Castell d\u2019Or por \u2018La Primavera del Cava\u2019| Castell d&#039;Or","isPartOf":{"@id":"https:\/\/castelldor.com\/es\/#website"},"primaryImageOfPage":{"@id":"https:\/\/castelldor.com\/es\/rhythm-cava-en-castell-dor-para-una-nueva-edicion-de-la-primavera-del-cava\/#primaryimage"},"image":{"@id":"https:\/\/castelldor.com\/es\/rhythm-cava-en-castell-dor-para-una-nueva-edicion-de-la-primavera-del-cava\/#primaryimage"},"thumbnailUrl":"https:\/\/castelldor.com\/wp-content\/uploads\/2024\/03\/1677762867533-1.png","datePublished":"2024-03-27T11:30:16+00:00","dateModified":"2024-07-01T10:15:32+00:00","description":"Castell d'Or se une a la iniciativa de Enoturismo 'La Primavera del Cava', impulsada por AECAVA con motivo de la llegada de la primavera.","breadcrumb":{"@id":"https:\/\/castelldor.com\/es\/rhythm-cava-en-castell-dor-para-una-nueva-edicion-de-la-primavera-del-cava\/#breadcrumb"},"inLanguage":"es","potentialAction":[{"@type":"ReadAction","target":["https:\/\/castelldor.com\/es\/rhythm-cava-en-castell-dor-para-una-nueva-edicion-de-la-primavera-del-cava\/"]}]},{"@type":"ImageObject","inLanguage":"es","@id":"https:\/\/castelldor.com\/es\/rhythm-cava-en-castell-dor-para-una-nueva-edicion-de-la-primavera-del-cava\/#primaryimage","url":"https:\/\/castelldor.com\/wp-content\/uploads\/2024\/03\/1677762867533-1.png","contentUrl":"https:\/\/castelldor.com\/wp-content\/uploads\/2024\/03\/1677762867533-1.png","width":960,"height":540},{"@type":"BreadcrumbList","@id":"https:\/\/castelldor.com\/es\/rhythm-cava-en-castell-dor-para-una-nueva-edicion-de-la-primavera-del-cava\/#breadcrumb","itemListElement":[{"@type":"ListItem","position":1,"name":"Inici","item":"https:\/\/castelldor.com\/es\/"},{"@type":"ListItem","position":2,"name":"Castell d&#8217;Or participa en una nueva edici\u00f3n de \u2018La Primavera del Cava\u2019"}]},{"@type":"WebSite","@id":"https:\/\/castelldor.com\/es\/#website","url":"https:\/\/castelldor.com\/es\/","name":"Castell d&#039;Or","description":"Love people, Love wine","publisher":{"@id":"https:\/\/castelldor.com\/es\/#organization"},"potentialAction":[{"@type":"SearchAction","target":{"@type":"EntryPoint","urlTemplate":"https:\/\/castelldor.com\/es\/?s={search_term_string}"},"query-input":{"@type":"PropertyValueSpecification","valueRequired":true,"valueName":"search_term_string"}}],"inLanguage":"es"},{"@type":"Organization","@id":"https:\/\/castelldor.com\/es\/#organization","name":"Castell d'Or","url":"https:\/\/castelldor.com\/es\/","logo":{"@type":"ImageObject","inLanguage":"es","@id":"https:\/\/castelldor.com\/es\/#\/schema\/logo\/image\/","url":"https:\/\/castelldor.com\/wp-content\/uploads\/2022\/08\/Castell-dor-blanc.svg","contentUrl":"https:\/\/castelldor.com\/wp-content\/uploads\/2022\/08\/Castell-dor-blanc.svg","width":169,"height":61,"caption":"Castell d'Or"},"image":{"@id":"https:\/\/castelldor.com\/es\/#\/schema\/logo\/image\/"}},{"@type":"Person","@id":"https:\/\/castelldor.com\/es\/#\/schema\/person\/3800fc91546b8fea5812fe762dd57eab","name":"Cristina","image":{"@type":"ImageObject","inLanguage":"es","@id":"https:\/\/secure.gravatar.com\/avatar\/579c1860b6ddac6d2d774a241f04090d5c13b826525a5d2ed1cf72ca0cce4a17?s=96&d=mm&r=g","url":"https:\/\/secure.gravatar.com\/avatar\/579c1860b6ddac6d2d774a241f04090d5c13b826525a5d2ed1cf72ca0cce4a17?s=96&d=mm&r=g","contentUrl":"https:\/\/secure.gravatar.com\/avatar\/579c1860b6ddac6d2d774a241f04090d5c13b826525a5d2ed1cf72ca0cce4a17?s=96&d=mm&r=g","caption":"Cristina"}}]}},"_links":{"self":[{"href":"https:\/\/castelldor.com\/es\/wp-json\/wp\/v2\/posts\/135797","targetHints":{"allow":["GET"]}}],"collection":[{"href":"https:\/\/castelldor.com\/es\/wp-json\/wp\/v2\/posts"}],"about":[{"href":"https:\/\/castelldor.com\/es\/wp-json\/wp\/v2\/types\/post"}],"author":[{"embeddable":true,"href":"https:\/\/castelldor.com\/es\/wp-json\/wp\/v2\/users\/2"}],"replies":[{"embeddable":true,"href":"https:\/\/castelldor.com\/es\/wp-json\/wp\/v2\/comments?post=135797"}],"version-history":[{"count":7,"href":"https:\/\/castelldor.com\/es\/wp-json\/wp\/v2\/posts\/135797\/revisions"}],"predecessor-version":[{"id":135945,"href":"https:\/\/castelldor.com\/es\/wp-json\/wp\/v2\/posts\/135797\/revisions\/135945"}],"wp:featuredmedia":[{"embeddable":true,"href":"https:\/\/castelldor.com\/es\/wp-json\/wp\/v2\/media\/136207"}],"wp:attachment":[{"href":"https:\/\/castelldor.com\/es\/wp-json\/wp\/v2\/media?parent=135797"}],"wp:term":[{"taxonomy":"category","embeddable":true,"href":"https:\/\/castelldor.com\/es\/wp-json\/wp\/v2\/categories?post=135797"},{"taxonomy":"post_tag","embeddable":true,"href":"https:\/\/castelldor.com\/es\/wp-json\/wp\/v2\/tags?post=135797"}],"curies":[{"name":"wp","href":"https:\/\/api.w.org\/{rel}","templated":true}]}}