{"id":135750,"date":"2024-03-25T14:10:28","date_gmt":"2024-03-25T13:10:28","guid":{"rendered":"https:\/\/castelldor.com\/el-president-de-la-generalitat-visita-les-installacions-de-castell-dor\/"},"modified":"2024-07-01T12:15:32","modified_gmt":"2024-07-01T10:15:32","slug":"el-president-de-la-generalitat-visita-les-installacions-de-castell-dor","status":"publish","type":"post","link":"https:\/\/castelldor.com\/es\/el-president-de-la-generalitat-visita-les-installacions-de-castell-dor\/","title":{"rendered":"El President de la Generalitat visita las instalaciones de Castell d\u2019Or"},"content":{"rendered":"<p><strong>El presidente del grupo ha destacado la importancia de la colaboraci\u00f3n del Gobierno para hacer frente a los retos que se enfrenta el sector vitivin\u00edcola<\/strong><\/p>\n<p>El presidente de la Generalitat, Pere Aragon\u00e8s y Garcia, ha visitado hoy las instalaciones de Castell d&#8217;Or en Vila-rodona (Alt Camp) acompa\u00f1ado del Presidente de Castell d&#8217;Or, Adri\u00e0 Rabad\u00e0 y el CEO del grupo, Jordi Amell. En esta visita, tambi\u00e9n han estado presentes otros miembros destacados como el delegado territorial del Gobierno en Tarragona, \u00c0ngel Xifr\u00e8, la directora de los Servicios Territoriales a Tarragona, Gl\u00f2ria Tibau o el vicepresidente de la FCAC, Xavier Pi\u00e9 junto con el alcalde de Vila-rodona, representantes de la C\u00e1mara de Valls y otras autoridades. Tambi\u00e9n los representantes de las cooperativas que forman Castell d&#8217;Or.<\/p>\n<p>Durante la visita, el Presidente Aragon\u00e9s ha hecho un recorrido por las instalaciones y ha tenido la oportunidad de conocer de primera mano el proceso de elaboraci\u00f3n de los productos del grupo, as\u00ed como sus objetivos, valores y filosof\u00eda. En la actualidad, Castell d&#8217;Or tiene una capacidad productiva de 20 millones de botellas, as\u00ed como un almac\u00e9n log\u00edstico de 1.840 metros cuadrados.<\/p>\n<p>El Presidente de Castell d&#8217;Or, Adri\u00e0 Rabad\u00e0 ha querido destacar \u201cla importancia del proyecto cooperativo para el territorio y para el sector vitivin\u00edcola\u201d, y ha a\u00f1adido \u201cque el principal objetivo es generar valor para que los viticultores puedan vivir dignamente de la tierra\u201d. El Presidente ha remarcado el esp\u00edritu cooperativo que caracteriza Castell d&#8217;Or, destacando su papel en la modernizaci\u00f3n y avance del sector agr\u00edcola.<\/p>\n<p><strong>Castell d&#8217;Or, la uni\u00f3n de 16 bodegas<\/strong><\/p>\n<p>Castell d&#8217;Or es la herencia de las primeras cooperativas fundadas a finales del s. XIX y principios del s. XX . En la actualidad, somos un total de 16 cooperativas, que representan a m\u00e1s de 2.200 familias campesinas que trabajan con amor y respeto la tierra. Desde 2005, en Castell d&#8217;Or, seleccionamos las mejores vi\u00f1as y contamos con modernas instalaciones para crear un producto exclusivo, con personalidad y de categor\u00eda Premium.<\/p>\n<p>El Cava Castell d&#8217;Or se ubica en la zona de Condados de Barcelona, una zona con paisajes diversos, principalmente caracterizados por bellos valles o depresiones entre sierras no muy elevadas. Con una larga tradici\u00f3n como regi\u00f3n vitivin\u00edcola que se remonta adem\u00e1s de 2.000 a\u00f1os, la uva del Cava Castell d&#8217;Or procede de parcelas que disfrutan de diversidad de microclimas, a consecuencia de la proximidad a la costa y la altitud de algunas vi\u00f1as &#8211; hasta 750 m sobre el nivel del mar dan lugar a un cava con personalidad \u00fanica. Adem\u00e1s la gran extensi\u00f3n de tierra que trabajan nuestros agricultores, permite una selecci\u00f3n exclusiva de los mejores racimos de cada subzona.<\/p>\n","protected":false},"excerpt":{"rendered":"<p>El presidente del grupo ha destacado la importancia de la colaboraci\u00f3n del Gobierno para hacer frente a los retos que se enfrenta el sector vitivin\u00edcola El presidente de la Generalitat, Pere Aragon\u00e8s y Garcia, ha visitado hoy las instalaciones de Castell d&#8217;Or en Vila-rodona (Alt Camp) acompa\u00f1ado del Presidente de Castell d&#8217;Or, Adri\u00e0 Rabad\u00e0 y&hellip;&nbsp;<a href=\"https:\/\/castelldor.com\/es\/el-president-de-la-generalitat-visita-les-installacions-de-castell-dor\/\" rel=\"bookmark\">Read More &raquo;<span class=\"screen-reader-text\">El President de la Generalitat visita las instalaciones de Castell d\u2019Or<\/span><\/a><\/p>\n","protected":false},"author":2,"featured_media":135730,"comment_status":"closed","ping_status":"closed","sticky":false,"template":"","format":"standard","meta":{"_acf_changed":false,"inline_featured_image":false,"neve_meta_sidebar":"","neve_meta_container":"","neve_meta_enable_content_width":"off","neve_meta_content_width":70,"neve_meta_title_alignment":"","neve_meta_author_avatar":"","neve_post_elements_order":"","neve_meta_disable_header":"","neve_meta_disable_footer":"","neve_meta_disable_title":"","neve_meta_reading_time":"","footnotes":""},"categories":[44],"tags":[],"class_list":["post-135750","post","type-post","status-publish","format-standard","has-post-thumbnail","hentry","category-actualidad"],"acf":[],"yoast_head":"<!-- This site is optimized with the Yoast SEO plugin v27.4 - https:\/\/yoast.com\/product\/yoast-seo-wordpress\/ -->\n<title>El President de la Generalitat visita Castell d\u2019Or| Castell d&#039;Or<\/title>\n<meta name=\"description\" content=\"El President de la Generalitat visita las instalaciones de Castell d\u2019Or para conocer de primera mano el proyecto formado por cooperativas.\" \/>\n<meta name=\"robots\" content=\"index, follow, max-snippet:-1, max-image-preview:large, max-video-preview:-1\" \/>\n<link rel=\"canonical\" href=\"https:\/\/castelldor.com\/es\/el-president-de-la-generalitat-visita-les-installacions-de-castell-dor\/\" \/>\n<meta property=\"og:locale\" content=\"es_ES\" \/>\n<meta property=\"og:type\" content=\"article\" \/>\n<meta property=\"og:title\" content=\"El President de la Generalitat visita Castell d\u2019Or| Castell d&#039;Or\" \/>\n<meta property=\"og:description\" content=\"El President de la Generalitat visita las instalaciones de Castell d\u2019Or para conocer de primera mano el proyecto formado por cooperativas.\" \/>\n<meta property=\"og:url\" content=\"https:\/\/castelldor.com\/es\/el-president-de-la-generalitat-visita-les-installacions-de-castell-dor\/\" \/>\n<meta property=\"og:site_name\" content=\"Castell d&#039;Or\" \/>\n<meta property=\"article:published_time\" content=\"2024-03-25T13:10:28+00:00\" \/>\n<meta property=\"article:modified_time\" content=\"2024-07-01T10:15:32+00:00\" \/>\n<meta property=\"og:image\" content=\"https:\/\/castelldor.com\/wp-content\/uploads\/2024\/03\/47059ed3-271e-4d99-b0b3-c275c81dc9a8.jpeg\" \/>\n\t<meta property=\"og:image:width\" content=\"1280\" \/>\n\t<meta property=\"og:image:height\" content=\"853\" \/>\n\t<meta property=\"og:image:type\" content=\"image\/jpeg\" \/>\n<meta name=\"author\" content=\"Cristina\" \/>\n<meta name=\"twitter:card\" content=\"summary_large_image\" \/>\n<meta name=\"twitter:label1\" content=\"Escrito por\" \/>\n\t<meta name=\"twitter:data1\" content=\"Cristina\" \/>\n\t<meta name=\"twitter:label2\" content=\"Tiempo de lectura\" \/>\n\t<meta name=\"twitter:data2\" content=\"3 minutos\" \/>\n<script type=\"application\/ld+json\" class=\"yoast-schema-graph\">{\"@context\":\"https:\\\/\\\/schema.org\",\"@graph\":[{\"@type\":\"Article\",\"@id\":\"https:\\\/\\\/castelldor.com\\\/es\\\/el-president-de-la-generalitat-visita-les-installacions-de-castell-dor\\\/#article\",\"isPartOf\":{\"@id\":\"https:\\\/\\\/castelldor.com\\\/es\\\/el-president-de-la-generalitat-visita-les-installacions-de-castell-dor\\\/\"},\"author\":{\"name\":\"Cristina\",\"@id\":\"https:\\\/\\\/castelldor.com\\\/es\\\/#\\\/schema\\\/person\\\/3800fc91546b8fea5812fe762dd57eab\"},\"headline\":\"El President de la Generalitat visita las instalaciones de Castell d\u2019Or\",\"datePublished\":\"2024-03-25T13:10:28+00:00\",\"dateModified\":\"2024-07-01T10:15:32+00:00\",\"mainEntityOfPage\":{\"@id\":\"https:\\\/\\\/castelldor.com\\\/es\\\/el-president-de-la-generalitat-visita-les-installacions-de-castell-dor\\\/\"},\"wordCount\":485,\"publisher\":{\"@id\":\"https:\\\/\\\/castelldor.com\\\/es\\\/#organization\"},\"image\":{\"@id\":\"https:\\\/\\\/castelldor.com\\\/es\\\/el-president-de-la-generalitat-visita-les-installacions-de-castell-dor\\\/#primaryimage\"},\"thumbnailUrl\":\"https:\\\/\\\/castelldor.com\\\/wp-content\\\/uploads\\\/2024\\\/03\\\/47059ed3-271e-4d99-b0b3-c275c81dc9a8.jpeg\",\"articleSection\":[\"Actualidad\"],\"inLanguage\":\"es\"},{\"@type\":\"WebPage\",\"@id\":\"https:\\\/\\\/castelldor.com\\\/es\\\/el-president-de-la-generalitat-visita-les-installacions-de-castell-dor\\\/\",\"url\":\"https:\\\/\\\/castelldor.com\\\/es\\\/el-president-de-la-generalitat-visita-les-installacions-de-castell-dor\\\/\",\"name\":\"El President de la Generalitat visita Castell d\u2019Or| Castell d&#039;Or\",\"isPartOf\":{\"@id\":\"https:\\\/\\\/castelldor.com\\\/es\\\/#website\"},\"primaryImageOfPage\":{\"@id\":\"https:\\\/\\\/castelldor.com\\\/es\\\/el-president-de-la-generalitat-visita-les-installacions-de-castell-dor\\\/#primaryimage\"},\"image\":{\"@id\":\"https:\\\/\\\/castelldor.com\\\/es\\\/el-president-de-la-generalitat-visita-les-installacions-de-castell-dor\\\/#primaryimage\"},\"thumbnailUrl\":\"https:\\\/\\\/castelldor.com\\\/wp-content\\\/uploads\\\/2024\\\/03\\\/47059ed3-271e-4d99-b0b3-c275c81dc9a8.jpeg\",\"datePublished\":\"2024-03-25T13:10:28+00:00\",\"dateModified\":\"2024-07-01T10:15:32+00:00\",\"description\":\"El President de la Generalitat visita las instalaciones de Castell d\u2019Or para conocer de primera mano el proyecto formado por cooperativas.\",\"breadcrumb\":{\"@id\":\"https:\\\/\\\/castelldor.com\\\/es\\\/el-president-de-la-generalitat-visita-les-installacions-de-castell-dor\\\/#breadcrumb\"},\"inLanguage\":\"es\",\"potentialAction\":[{\"@type\":\"ReadAction\",\"target\":[\"https:\\\/\\\/castelldor.com\\\/es\\\/el-president-de-la-generalitat-visita-les-installacions-de-castell-dor\\\/\"]}]},{\"@type\":\"ImageObject\",\"inLanguage\":\"es\",\"@id\":\"https:\\\/\\\/castelldor.com\\\/es\\\/el-president-de-la-generalitat-visita-les-installacions-de-castell-dor\\\/#primaryimage\",\"url\":\"https:\\\/\\\/castelldor.com\\\/wp-content\\\/uploads\\\/2024\\\/03\\\/47059ed3-271e-4d99-b0b3-c275c81dc9a8.jpeg\",\"contentUrl\":\"https:\\\/\\\/castelldor.com\\\/wp-content\\\/uploads\\\/2024\\\/03\\\/47059ed3-271e-4d99-b0b3-c275c81dc9a8.jpeg\",\"width\":1280,\"height\":853},{\"@type\":\"BreadcrumbList\",\"@id\":\"https:\\\/\\\/castelldor.com\\\/es\\\/el-president-de-la-generalitat-visita-les-installacions-de-castell-dor\\\/#breadcrumb\",\"itemListElement\":[{\"@type\":\"ListItem\",\"position\":1,\"name\":\"Inici\",\"item\":\"https:\\\/\\\/castelldor.com\\\/es\\\/\"},{\"@type\":\"ListItem\",\"position\":2,\"name\":\"El President de la Generalitat visita las instalaciones de Castell d\u2019Or\"}]},{\"@type\":\"WebSite\",\"@id\":\"https:\\\/\\\/castelldor.com\\\/es\\\/#website\",\"url\":\"https:\\\/\\\/castelldor.com\\\/es\\\/\",\"name\":\"Castell d&#039;Or\",\"description\":\"Love people, Love wine\",\"publisher\":{\"@id\":\"https:\\\/\\\/castelldor.com\\\/es\\\/#organization\"},\"potentialAction\":[{\"@type\":\"SearchAction\",\"target\":{\"@type\":\"EntryPoint\",\"urlTemplate\":\"https:\\\/\\\/castelldor.com\\\/es\\\/?s={search_term_string}\"},\"query-input\":{\"@type\":\"PropertyValueSpecification\",\"valueRequired\":true,\"valueName\":\"search_term_string\"}}],\"inLanguage\":\"es\"},{\"@type\":\"Organization\",\"@id\":\"https:\\\/\\\/castelldor.com\\\/es\\\/#organization\",\"name\":\"Castell d'Or\",\"url\":\"https:\\\/\\\/castelldor.com\\\/es\\\/\",\"logo\":{\"@type\":\"ImageObject\",\"inLanguage\":\"es\",\"@id\":\"https:\\\/\\\/castelldor.com\\\/es\\\/#\\\/schema\\\/logo\\\/image\\\/\",\"url\":\"https:\\\/\\\/castelldor.com\\\/wp-content\\\/uploads\\\/2022\\\/08\\\/Castell-dor-blanc.svg\",\"contentUrl\":\"https:\\\/\\\/castelldor.com\\\/wp-content\\\/uploads\\\/2022\\\/08\\\/Castell-dor-blanc.svg\",\"width\":169,\"height\":61,\"caption\":\"Castell d'Or\"},\"image\":{\"@id\":\"https:\\\/\\\/castelldor.com\\\/es\\\/#\\\/schema\\\/logo\\\/image\\\/\"}},{\"@type\":\"Person\",\"@id\":\"https:\\\/\\\/castelldor.com\\\/es\\\/#\\\/schema\\\/person\\\/3800fc91546b8fea5812fe762dd57eab\",\"name\":\"Cristina\",\"image\":{\"@type\":\"ImageObject\",\"inLanguage\":\"es\",\"@id\":\"https:\\\/\\\/secure.gravatar.com\\\/avatar\\\/579c1860b6ddac6d2d774a241f04090d5c13b826525a5d2ed1cf72ca0cce4a17?s=96&d=mm&r=g\",\"url\":\"https:\\\/\\\/secure.gravatar.com\\\/avatar\\\/579c1860b6ddac6d2d774a241f04090d5c13b826525a5d2ed1cf72ca0cce4a17?s=96&d=mm&r=g\",\"contentUrl\":\"https:\\\/\\\/secure.gravatar.com\\\/avatar\\\/579c1860b6ddac6d2d774a241f04090d5c13b826525a5d2ed1cf72ca0cce4a17?s=96&d=mm&r=g\",\"caption\":\"Cristina\"}}]}<\/script>\n<!-- \/ Yoast SEO plugin. -->","yoast_head_json":{"title":"El President de la Generalitat visita Castell d\u2019Or| Castell d&#039;Or","description":"El President de la Generalitat visita las instalaciones de Castell d\u2019Or para conocer de primera mano el proyecto formado por cooperativas.","robots":{"index":"index","follow":"follow","max-snippet":"max-snippet:-1","max-image-preview":"max-image-preview:large","max-video-preview":"max-video-preview:-1"},"canonical":"https:\/\/castelldor.com\/es\/el-president-de-la-generalitat-visita-les-installacions-de-castell-dor\/","og_locale":"es_ES","og_type":"article","og_title":"El President de la Generalitat visita Castell d\u2019Or| Castell d&#039;Or","og_description":"El President de la Generalitat visita las instalaciones de Castell d\u2019Or para conocer de primera mano el proyecto formado por cooperativas.","og_url":"https:\/\/castelldor.com\/es\/el-president-de-la-generalitat-visita-les-installacions-de-castell-dor\/","og_site_name":"Castell d&#039;Or","article_published_time":"2024-03-25T13:10:28+00:00","article_modified_time":"2024-07-01T10:15:32+00:00","og_image":[{"width":1280,"height":853,"url":"https:\/\/castelldor.com\/wp-content\/uploads\/2024\/03\/47059ed3-271e-4d99-b0b3-c275c81dc9a8.jpeg","type":"image\/jpeg"}],"author":"Cristina","twitter_card":"summary_large_image","twitter_misc":{"Escrito por":"Cristina","Tiempo de lectura":"3 minutos"},"schema":{"@context":"https:\/\/schema.org","@graph":[{"@type":"Article","@id":"https:\/\/castelldor.com\/es\/el-president-de-la-generalitat-visita-les-installacions-de-castell-dor\/#article","isPartOf":{"@id":"https:\/\/castelldor.com\/es\/el-president-de-la-generalitat-visita-les-installacions-de-castell-dor\/"},"author":{"name":"Cristina","@id":"https:\/\/castelldor.com\/es\/#\/schema\/person\/3800fc91546b8fea5812fe762dd57eab"},"headline":"El President de la Generalitat visita las instalaciones de Castell d\u2019Or","datePublished":"2024-03-25T13:10:28+00:00","dateModified":"2024-07-01T10:15:32+00:00","mainEntityOfPage":{"@id":"https:\/\/castelldor.com\/es\/el-president-de-la-generalitat-visita-les-installacions-de-castell-dor\/"},"wordCount":485,"publisher":{"@id":"https:\/\/castelldor.com\/es\/#organization"},"image":{"@id":"https:\/\/castelldor.com\/es\/el-president-de-la-generalitat-visita-les-installacions-de-castell-dor\/#primaryimage"},"thumbnailUrl":"https:\/\/castelldor.com\/wp-content\/uploads\/2024\/03\/47059ed3-271e-4d99-b0b3-c275c81dc9a8.jpeg","articleSection":["Actualidad"],"inLanguage":"es"},{"@type":"WebPage","@id":"https:\/\/castelldor.com\/es\/el-president-de-la-generalitat-visita-les-installacions-de-castell-dor\/","url":"https:\/\/castelldor.com\/es\/el-president-de-la-generalitat-visita-les-installacions-de-castell-dor\/","name":"El President de la Generalitat visita Castell d\u2019Or| Castell d&#039;Or","isPartOf":{"@id":"https:\/\/castelldor.com\/es\/#website"},"primaryImageOfPage":{"@id":"https:\/\/castelldor.com\/es\/el-president-de-la-generalitat-visita-les-installacions-de-castell-dor\/#primaryimage"},"image":{"@id":"https:\/\/castelldor.com\/es\/el-president-de-la-generalitat-visita-les-installacions-de-castell-dor\/#primaryimage"},"thumbnailUrl":"https:\/\/castelldor.com\/wp-content\/uploads\/2024\/03\/47059ed3-271e-4d99-b0b3-c275c81dc9a8.jpeg","datePublished":"2024-03-25T13:10:28+00:00","dateModified":"2024-07-01T10:15:32+00:00","description":"El President de la Generalitat visita las instalaciones de Castell d\u2019Or para conocer de primera mano el proyecto formado por cooperativas.","breadcrumb":{"@id":"https:\/\/castelldor.com\/es\/el-president-de-la-generalitat-visita-les-installacions-de-castell-dor\/#breadcrumb"},"inLanguage":"es","potentialAction":[{"@type":"ReadAction","target":["https:\/\/castelldor.com\/es\/el-president-de-la-generalitat-visita-les-installacions-de-castell-dor\/"]}]},{"@type":"ImageObject","inLanguage":"es","@id":"https:\/\/castelldor.com\/es\/el-president-de-la-generalitat-visita-les-installacions-de-castell-dor\/#primaryimage","url":"https:\/\/castelldor.com\/wp-content\/uploads\/2024\/03\/47059ed3-271e-4d99-b0b3-c275c81dc9a8.jpeg","contentUrl":"https:\/\/castelldor.com\/wp-content\/uploads\/2024\/03\/47059ed3-271e-4d99-b0b3-c275c81dc9a8.jpeg","width":1280,"height":853},{"@type":"BreadcrumbList","@id":"https:\/\/castelldor.com\/es\/el-president-de-la-generalitat-visita-les-installacions-de-castell-dor\/#breadcrumb","itemListElement":[{"@type":"ListItem","position":1,"name":"Inici","item":"https:\/\/castelldor.com\/es\/"},{"@type":"ListItem","position":2,"name":"El President de la Generalitat visita las instalaciones de Castell d\u2019Or"}]},{"@type":"WebSite","@id":"https:\/\/castelldor.com\/es\/#website","url":"https:\/\/castelldor.com\/es\/","name":"Castell d&#039;Or","description":"Love people, Love wine","publisher":{"@id":"https:\/\/castelldor.com\/es\/#organization"},"potentialAction":[{"@type":"SearchAction","target":{"@type":"EntryPoint","urlTemplate":"https:\/\/castelldor.com\/es\/?s={search_term_string}"},"query-input":{"@type":"PropertyValueSpecification","valueRequired":true,"valueName":"search_term_string"}}],"inLanguage":"es"},{"@type":"Organization","@id":"https:\/\/castelldor.com\/es\/#organization","name":"Castell d'Or","url":"https:\/\/castelldor.com\/es\/","logo":{"@type":"ImageObject","inLanguage":"es","@id":"https:\/\/castelldor.com\/es\/#\/schema\/logo\/image\/","url":"https:\/\/castelldor.com\/wp-content\/uploads\/2022\/08\/Castell-dor-blanc.svg","contentUrl":"https:\/\/castelldor.com\/wp-content\/uploads\/2022\/08\/Castell-dor-blanc.svg","width":169,"height":61,"caption":"Castell d'Or"},"image":{"@id":"https:\/\/castelldor.com\/es\/#\/schema\/logo\/image\/"}},{"@type":"Person","@id":"https:\/\/castelldor.com\/es\/#\/schema\/person\/3800fc91546b8fea5812fe762dd57eab","name":"Cristina","image":{"@type":"ImageObject","inLanguage":"es","@id":"https:\/\/secure.gravatar.com\/avatar\/579c1860b6ddac6d2d774a241f04090d5c13b826525a5d2ed1cf72ca0cce4a17?s=96&d=mm&r=g","url":"https:\/\/secure.gravatar.com\/avatar\/579c1860b6ddac6d2d774a241f04090d5c13b826525a5d2ed1cf72ca0cce4a17?s=96&d=mm&r=g","contentUrl":"https:\/\/secure.gravatar.com\/avatar\/579c1860b6ddac6d2d774a241f04090d5c13b826525a5d2ed1cf72ca0cce4a17?s=96&d=mm&r=g","caption":"Cristina"}}]}},"_links":{"self":[{"href":"https:\/\/castelldor.com\/es\/wp-json\/wp\/v2\/posts\/135750","targetHints":{"allow":["GET"]}}],"collection":[{"href":"https:\/\/castelldor.com\/es\/wp-json\/wp\/v2\/posts"}],"about":[{"href":"https:\/\/castelldor.com\/es\/wp-json\/wp\/v2\/types\/post"}],"author":[{"embeddable":true,"href":"https:\/\/castelldor.com\/es\/wp-json\/wp\/v2\/users\/2"}],"replies":[{"embeddable":true,"href":"https:\/\/castelldor.com\/es\/wp-json\/wp\/v2\/comments?post=135750"}],"version-history":[{"count":6,"href":"https:\/\/castelldor.com\/es\/wp-json\/wp\/v2\/posts\/135750\/revisions"}],"predecessor-version":[{"id":136137,"href":"https:\/\/castelldor.com\/es\/wp-json\/wp\/v2\/posts\/135750\/revisions\/136137"}],"wp:featuredmedia":[{"embeddable":true,"href":"https:\/\/castelldor.com\/es\/wp-json\/wp\/v2\/media\/135730"}],"wp:attachment":[{"href":"https:\/\/castelldor.com\/es\/wp-json\/wp\/v2\/media?parent=135750"}],"wp:term":[{"taxonomy":"category","embeddable":true,"href":"https:\/\/castelldor.com\/es\/wp-json\/wp\/v2\/categories?post=135750"},{"taxonomy":"post_tag","embeddable":true,"href":"https:\/\/castelldor.com\/es\/wp-json\/wp\/v2\/tags?post=135750"}],"curies":[{"name":"wp","href":"https:\/\/api.w.org\/{rel}","templated":true}]}}