{"id":135579,"date":"2024-03-11T10:49:12","date_gmt":"2024-03-11T09:49:12","guid":{"rendered":"https:\/\/castelldor.com\/castell-dor-presenta-novetats-a-la-fira-internacional-de-prowein-2024\/"},"modified":"2024-07-01T12:15:32","modified_gmt":"2024-07-01T10:15:32","slug":"castell-dor-presenta-novetats-a-la-fira-internacional-de-prowein-2024","status":"publish","type":"post","link":"https:\/\/castelldor.com\/es\/castell-dor-presenta-novetats-a-la-fira-internacional-de-prowein-2024\/","title":{"rendered":"Castell d\u2019Or presenta novedades a la Feria Internacional de ProWein 2024"},"content":{"rendered":"<p>Castell d&#8217;Or est\u00e1 presente a la Feria Internacional de<a href=\"https:\/\/www.prowein.es\/\"> ProWein<\/a> que se celebrar\u00e1 entre el 10 y el 12 \u00a0de marzo de 2023 en D\u00fcsselford (Alemania). El Grupo, formado por 16 cooperativas, ubica su stand B-60 03 al HALL11 con el objetivo de llevar a cabo reuniones y acciones comerciales. Castell d&#8217;Or est\u00e1 presente en la cita con sus principales marcas y novedades como los vinos tranquilos recientemente presentados.<\/p>\n<p>El CEO de Castell d&#8217;Or, Jordi Amell, ha recalcado el impacto de la presencia en la Feria Internacional de ProWein, se\u00f1alando que \u00ab<strong>es una ocasi\u00f3n incomparable para exponer nuestros cavas y nuestros vinos con una audiencia altamente especializada y experta<\/strong>\u00ab. Adem\u00e1s, ha subrayado que \u00ab<strong>constituye una oportunidad excepcional para compartir la esencia de nuestros productos, el car\u00e1cter \u00fanico de los nuestro <em>terroir<\/em> y la filosof\u00eda de nuestro proyecto<\/strong>\u201d.<\/p>\n<p>ProWein contin\u00faa siendo una de las principales plataformas comerciales internacionales del sector, alcanzando el mercado mundial y manteni\u00e9ndose c\u00f3mo uno de los acontecimientos m\u00e1s relevantes e influyentes en el \u00e1mbito vin\u00edcola.<\/p>\n<p>Las m\u00e1s de 5.500 empresas expositoras procedentes de m\u00e1s de 60 pa\u00edses se distribuir\u00e1n en 13 pabellones feriales de D\u00fcsseldorf, los cuales se estructuran claramente por pa\u00edses y regiones. Por el n\u00famero de expositores, los principales pa\u00edses son Italia (m\u00e1s de 1420), Francia (alrededor de 1100), Alemania (unos 700), Espa\u00f1a (650), Portugal (m\u00e1s de 360), Austria (m\u00e1s de 260), Argentina (m\u00e1s de 120) y Grecia (m\u00e1s de 100). ProWein es uno de los principales acontecimientos del sector y la plataforma perfecta por excelencia para establecer contactos y descubrir nuevas tendencias y productos.<\/p>\n","protected":false},"excerpt":{"rendered":"<p>Castell d&#8217;Or est\u00e1 presente a la Feria Internacional de ProWein que se celebrar\u00e1 entre el 10 y el 12 \u00a0de marzo de 2023 en D\u00fcsselford (Alemania). El Grupo, formado por 16 cooperativas, ubica su stand B-60 03 al HALL11 con el objetivo de llevar a cabo reuniones y acciones comerciales. Castell d&#8217;Or est\u00e1 presente en&hellip;&nbsp;<a href=\"https:\/\/castelldor.com\/es\/castell-dor-presenta-novetats-a-la-fira-internacional-de-prowein-2024\/\" rel=\"bookmark\">Read More &raquo;<span class=\"screen-reader-text\">Castell d\u2019Or presenta novedades a la Feria Internacional de ProWein 2024<\/span><\/a><\/p>\n","protected":false},"author":2,"featured_media":135601,"comment_status":"closed","ping_status":"closed","sticky":false,"template":"","format":"standard","meta":{"_acf_changed":false,"inline_featured_image":false,"neve_meta_sidebar":"","neve_meta_container":"","neve_meta_enable_content_width":"off","neve_meta_content_width":70,"neve_meta_title_alignment":"","neve_meta_author_avatar":"","neve_post_elements_order":"","neve_meta_disable_header":"","neve_meta_disable_footer":"","neve_meta_disable_title":"","neve_meta_reading_time":"","footnotes":""},"categories":[44],"tags":[],"class_list":["post-135579","post","type-post","status-publish","format-standard","has-post-thumbnail","hentry","category-actualidad"],"acf":[],"yoast_head":"<!-- This site is optimized with the Yoast SEO plugin v27.4 - https:\/\/yoast.com\/product\/yoast-seo-wordpress\/ -->\n<title>Castell d\u2019Or presenta novedades en ProWein 2024| Castell d&#039;Or<\/title>\n<meta name=\"description\" content=\"Castell d&#039;Or est\u00e1 presente a la Feria Internacional de ProWein que se celebrar\u00e1 entre el 10 y el 12 de marzo en D\u00fcsselford (Alemania).\" \/>\n<meta name=\"robots\" content=\"index, follow, max-snippet:-1, max-image-preview:large, max-video-preview:-1\" \/>\n<link rel=\"canonical\" href=\"https:\/\/castelldor.com\/es\/castell-dor-presenta-novetats-a-la-fira-internacional-de-prowein-2024\/\" \/>\n<meta property=\"og:locale\" content=\"es_ES\" \/>\n<meta property=\"og:type\" content=\"article\" \/>\n<meta property=\"og:title\" content=\"Castell d\u2019Or presenta novedades en ProWein 2024| Castell d&#039;Or\" \/>\n<meta property=\"og:description\" content=\"Castell d&#039;Or est\u00e1 presente a la Feria Internacional de ProWein que se celebrar\u00e1 entre el 10 y el 12 de marzo en D\u00fcsselford (Alemania).\" \/>\n<meta property=\"og:url\" content=\"https:\/\/castelldor.com\/es\/castell-dor-presenta-novetats-a-la-fira-internacional-de-prowein-2024\/\" \/>\n<meta property=\"og:site_name\" content=\"Castell d&#039;Or\" \/>\n<meta property=\"article:published_time\" content=\"2024-03-11T09:49:12+00:00\" \/>\n<meta property=\"article:modified_time\" content=\"2024-07-01T10:15:32+00:00\" \/>\n<meta property=\"og:image\" content=\"https:\/\/castelldor.com\/wp-content\/uploads\/2024\/03\/4db64336-8e73-4c2f-8f93-ad9ce6aa94f3.jpg\" \/>\n\t<meta property=\"og:image:width\" content=\"845\" \/>\n\t<meta property=\"og:image:height\" content=\"752\" \/>\n\t<meta property=\"og:image:type\" content=\"image\/jpeg\" \/>\n<meta name=\"author\" content=\"Cristina\" \/>\n<meta name=\"twitter:card\" content=\"summary_large_image\" \/>\n<meta name=\"twitter:label1\" content=\"Escrito por\" \/>\n\t<meta name=\"twitter:data1\" content=\"Cristina\" \/>\n\t<meta name=\"twitter:label2\" content=\"Tiempo de lectura\" \/>\n\t<meta name=\"twitter:data2\" content=\"2 minutos\" \/>\n<script type=\"application\/ld+json\" class=\"yoast-schema-graph\">{\"@context\":\"https:\\\/\\\/schema.org\",\"@graph\":[{\"@type\":\"Article\",\"@id\":\"https:\\\/\\\/castelldor.com\\\/es\\\/castell-dor-presenta-novetats-a-la-fira-internacional-de-prowein-2024\\\/#article\",\"isPartOf\":{\"@id\":\"https:\\\/\\\/castelldor.com\\\/es\\\/castell-dor-presenta-novetats-a-la-fira-internacional-de-prowein-2024\\\/\"},\"author\":{\"name\":\"Cristina\",\"@id\":\"https:\\\/\\\/castelldor.com\\\/es\\\/#\\\/schema\\\/person\\\/3800fc91546b8fea5812fe762dd57eab\"},\"headline\":\"Castell d\u2019Or presenta novedades a la Feria Internacional de ProWein 2024\",\"datePublished\":\"2024-03-11T09:49:12+00:00\",\"dateModified\":\"2024-07-01T10:15:32+00:00\",\"mainEntityOfPage\":{\"@id\":\"https:\\\/\\\/castelldor.com\\\/es\\\/castell-dor-presenta-novetats-a-la-fira-internacional-de-prowein-2024\\\/\"},\"wordCount\":283,\"publisher\":{\"@id\":\"https:\\\/\\\/castelldor.com\\\/es\\\/#organization\"},\"image\":{\"@id\":\"https:\\\/\\\/castelldor.com\\\/es\\\/castell-dor-presenta-novetats-a-la-fira-internacional-de-prowein-2024\\\/#primaryimage\"},\"thumbnailUrl\":\"https:\\\/\\\/castelldor.com\\\/wp-content\\\/uploads\\\/2024\\\/03\\\/4db64336-8e73-4c2f-8f93-ad9ce6aa94f3.jpg\",\"articleSection\":[\"Actualidad\"],\"inLanguage\":\"es\"},{\"@type\":\"WebPage\",\"@id\":\"https:\\\/\\\/castelldor.com\\\/es\\\/castell-dor-presenta-novetats-a-la-fira-internacional-de-prowein-2024\\\/\",\"url\":\"https:\\\/\\\/castelldor.com\\\/es\\\/castell-dor-presenta-novetats-a-la-fira-internacional-de-prowein-2024\\\/\",\"name\":\"Castell d\u2019Or presenta novedades en ProWein 2024| Castell d'Or\",\"isPartOf\":{\"@id\":\"https:\\\/\\\/castelldor.com\\\/es\\\/#website\"},\"primaryImageOfPage\":{\"@id\":\"https:\\\/\\\/castelldor.com\\\/es\\\/castell-dor-presenta-novetats-a-la-fira-internacional-de-prowein-2024\\\/#primaryimage\"},\"image\":{\"@id\":\"https:\\\/\\\/castelldor.com\\\/es\\\/castell-dor-presenta-novetats-a-la-fira-internacional-de-prowein-2024\\\/#primaryimage\"},\"thumbnailUrl\":\"https:\\\/\\\/castelldor.com\\\/wp-content\\\/uploads\\\/2024\\\/03\\\/4db64336-8e73-4c2f-8f93-ad9ce6aa94f3.jpg\",\"datePublished\":\"2024-03-11T09:49:12+00:00\",\"dateModified\":\"2024-07-01T10:15:32+00:00\",\"description\":\"Castell d'Or est\u00e1 presente a la Feria Internacional de ProWein que se celebrar\u00e1 entre el 10 y el 12 de marzo en D\u00fcsselford (Alemania).\",\"breadcrumb\":{\"@id\":\"https:\\\/\\\/castelldor.com\\\/es\\\/castell-dor-presenta-novetats-a-la-fira-internacional-de-prowein-2024\\\/#breadcrumb\"},\"inLanguage\":\"es\",\"potentialAction\":[{\"@type\":\"ReadAction\",\"target\":[\"https:\\\/\\\/castelldor.com\\\/es\\\/castell-dor-presenta-novetats-a-la-fira-internacional-de-prowein-2024\\\/\"]}]},{\"@type\":\"ImageObject\",\"inLanguage\":\"es\",\"@id\":\"https:\\\/\\\/castelldor.com\\\/es\\\/castell-dor-presenta-novetats-a-la-fira-internacional-de-prowein-2024\\\/#primaryimage\",\"url\":\"https:\\\/\\\/castelldor.com\\\/wp-content\\\/uploads\\\/2024\\\/03\\\/4db64336-8e73-4c2f-8f93-ad9ce6aa94f3.jpg\",\"contentUrl\":\"https:\\\/\\\/castelldor.com\\\/wp-content\\\/uploads\\\/2024\\\/03\\\/4db64336-8e73-4c2f-8f93-ad9ce6aa94f3.jpg\",\"width\":845,\"height\":752},{\"@type\":\"BreadcrumbList\",\"@id\":\"https:\\\/\\\/castelldor.com\\\/es\\\/castell-dor-presenta-novetats-a-la-fira-internacional-de-prowein-2024\\\/#breadcrumb\",\"itemListElement\":[{\"@type\":\"ListItem\",\"position\":1,\"name\":\"Inici\",\"item\":\"https:\\\/\\\/castelldor.com\\\/es\\\/\"},{\"@type\":\"ListItem\",\"position\":2,\"name\":\"Castell d\u2019Or presenta novedades a la Feria Internacional de ProWein 2024\"}]},{\"@type\":\"WebSite\",\"@id\":\"https:\\\/\\\/castelldor.com\\\/es\\\/#website\",\"url\":\"https:\\\/\\\/castelldor.com\\\/es\\\/\",\"name\":\"Castell d&#039;Or\",\"description\":\"Love people, Love wine\",\"publisher\":{\"@id\":\"https:\\\/\\\/castelldor.com\\\/es\\\/#organization\"},\"potentialAction\":[{\"@type\":\"SearchAction\",\"target\":{\"@type\":\"EntryPoint\",\"urlTemplate\":\"https:\\\/\\\/castelldor.com\\\/es\\\/?s={search_term_string}\"},\"query-input\":{\"@type\":\"PropertyValueSpecification\",\"valueRequired\":true,\"valueName\":\"search_term_string\"}}],\"inLanguage\":\"es\"},{\"@type\":\"Organization\",\"@id\":\"https:\\\/\\\/castelldor.com\\\/es\\\/#organization\",\"name\":\"Castell d'Or\",\"url\":\"https:\\\/\\\/castelldor.com\\\/es\\\/\",\"logo\":{\"@type\":\"ImageObject\",\"inLanguage\":\"es\",\"@id\":\"https:\\\/\\\/castelldor.com\\\/es\\\/#\\\/schema\\\/logo\\\/image\\\/\",\"url\":\"https:\\\/\\\/castelldor.com\\\/wp-content\\\/uploads\\\/2022\\\/08\\\/Castell-dor-blanc.svg\",\"contentUrl\":\"https:\\\/\\\/castelldor.com\\\/wp-content\\\/uploads\\\/2022\\\/08\\\/Castell-dor-blanc.svg\",\"width\":169,\"height\":61,\"caption\":\"Castell d'Or\"},\"image\":{\"@id\":\"https:\\\/\\\/castelldor.com\\\/es\\\/#\\\/schema\\\/logo\\\/image\\\/\"}},{\"@type\":\"Person\",\"@id\":\"https:\\\/\\\/castelldor.com\\\/es\\\/#\\\/schema\\\/person\\\/3800fc91546b8fea5812fe762dd57eab\",\"name\":\"Cristina\",\"image\":{\"@type\":\"ImageObject\",\"inLanguage\":\"es\",\"@id\":\"https:\\\/\\\/secure.gravatar.com\\\/avatar\\\/579c1860b6ddac6d2d774a241f04090d5c13b826525a5d2ed1cf72ca0cce4a17?s=96&d=mm&r=g\",\"url\":\"https:\\\/\\\/secure.gravatar.com\\\/avatar\\\/579c1860b6ddac6d2d774a241f04090d5c13b826525a5d2ed1cf72ca0cce4a17?s=96&d=mm&r=g\",\"contentUrl\":\"https:\\\/\\\/secure.gravatar.com\\\/avatar\\\/579c1860b6ddac6d2d774a241f04090d5c13b826525a5d2ed1cf72ca0cce4a17?s=96&d=mm&r=g\",\"caption\":\"Cristina\"}}]}<\/script>\n<!-- \/ Yoast SEO plugin. -->","yoast_head_json":{"title":"Castell d\u2019Or presenta novedades en ProWein 2024| Castell d'Or","description":"Castell d'Or est\u00e1 presente a la Feria Internacional de ProWein que se celebrar\u00e1 entre el 10 y el 12 de marzo en D\u00fcsselford (Alemania).","robots":{"index":"index","follow":"follow","max-snippet":"max-snippet:-1","max-image-preview":"max-image-preview:large","max-video-preview":"max-video-preview:-1"},"canonical":"https:\/\/castelldor.com\/es\/castell-dor-presenta-novetats-a-la-fira-internacional-de-prowein-2024\/","og_locale":"es_ES","og_type":"article","og_title":"Castell d\u2019Or presenta novedades en ProWein 2024| Castell d'Or","og_description":"Castell d'Or est\u00e1 presente a la Feria Internacional de ProWein que se celebrar\u00e1 entre el 10 y el 12 de marzo en D\u00fcsselford (Alemania).","og_url":"https:\/\/castelldor.com\/es\/castell-dor-presenta-novetats-a-la-fira-internacional-de-prowein-2024\/","og_site_name":"Castell d&#039;Or","article_published_time":"2024-03-11T09:49:12+00:00","article_modified_time":"2024-07-01T10:15:32+00:00","og_image":[{"width":845,"height":752,"url":"https:\/\/castelldor.com\/wp-content\/uploads\/2024\/03\/4db64336-8e73-4c2f-8f93-ad9ce6aa94f3.jpg","type":"image\/jpeg"}],"author":"Cristina","twitter_card":"summary_large_image","twitter_misc":{"Escrito por":"Cristina","Tiempo de lectura":"2 minutos"},"schema":{"@context":"https:\/\/schema.org","@graph":[{"@type":"Article","@id":"https:\/\/castelldor.com\/es\/castell-dor-presenta-novetats-a-la-fira-internacional-de-prowein-2024\/#article","isPartOf":{"@id":"https:\/\/castelldor.com\/es\/castell-dor-presenta-novetats-a-la-fira-internacional-de-prowein-2024\/"},"author":{"name":"Cristina","@id":"https:\/\/castelldor.com\/es\/#\/schema\/person\/3800fc91546b8fea5812fe762dd57eab"},"headline":"Castell d\u2019Or presenta novedades a la Feria Internacional de ProWein 2024","datePublished":"2024-03-11T09:49:12+00:00","dateModified":"2024-07-01T10:15:32+00:00","mainEntityOfPage":{"@id":"https:\/\/castelldor.com\/es\/castell-dor-presenta-novetats-a-la-fira-internacional-de-prowein-2024\/"},"wordCount":283,"publisher":{"@id":"https:\/\/castelldor.com\/es\/#organization"},"image":{"@id":"https:\/\/castelldor.com\/es\/castell-dor-presenta-novetats-a-la-fira-internacional-de-prowein-2024\/#primaryimage"},"thumbnailUrl":"https:\/\/castelldor.com\/wp-content\/uploads\/2024\/03\/4db64336-8e73-4c2f-8f93-ad9ce6aa94f3.jpg","articleSection":["Actualidad"],"inLanguage":"es"},{"@type":"WebPage","@id":"https:\/\/castelldor.com\/es\/castell-dor-presenta-novetats-a-la-fira-internacional-de-prowein-2024\/","url":"https:\/\/castelldor.com\/es\/castell-dor-presenta-novetats-a-la-fira-internacional-de-prowein-2024\/","name":"Castell d\u2019Or presenta novedades en ProWein 2024| Castell d'Or","isPartOf":{"@id":"https:\/\/castelldor.com\/es\/#website"},"primaryImageOfPage":{"@id":"https:\/\/castelldor.com\/es\/castell-dor-presenta-novetats-a-la-fira-internacional-de-prowein-2024\/#primaryimage"},"image":{"@id":"https:\/\/castelldor.com\/es\/castell-dor-presenta-novetats-a-la-fira-internacional-de-prowein-2024\/#primaryimage"},"thumbnailUrl":"https:\/\/castelldor.com\/wp-content\/uploads\/2024\/03\/4db64336-8e73-4c2f-8f93-ad9ce6aa94f3.jpg","datePublished":"2024-03-11T09:49:12+00:00","dateModified":"2024-07-01T10:15:32+00:00","description":"Castell d'Or est\u00e1 presente a la Feria Internacional de ProWein que se celebrar\u00e1 entre el 10 y el 12 de marzo en D\u00fcsselford (Alemania).","breadcrumb":{"@id":"https:\/\/castelldor.com\/es\/castell-dor-presenta-novetats-a-la-fira-internacional-de-prowein-2024\/#breadcrumb"},"inLanguage":"es","potentialAction":[{"@type":"ReadAction","target":["https:\/\/castelldor.com\/es\/castell-dor-presenta-novetats-a-la-fira-internacional-de-prowein-2024\/"]}]},{"@type":"ImageObject","inLanguage":"es","@id":"https:\/\/castelldor.com\/es\/castell-dor-presenta-novetats-a-la-fira-internacional-de-prowein-2024\/#primaryimage","url":"https:\/\/castelldor.com\/wp-content\/uploads\/2024\/03\/4db64336-8e73-4c2f-8f93-ad9ce6aa94f3.jpg","contentUrl":"https:\/\/castelldor.com\/wp-content\/uploads\/2024\/03\/4db64336-8e73-4c2f-8f93-ad9ce6aa94f3.jpg","width":845,"height":752},{"@type":"BreadcrumbList","@id":"https:\/\/castelldor.com\/es\/castell-dor-presenta-novetats-a-la-fira-internacional-de-prowein-2024\/#breadcrumb","itemListElement":[{"@type":"ListItem","position":1,"name":"Inici","item":"https:\/\/castelldor.com\/es\/"},{"@type":"ListItem","position":2,"name":"Castell d\u2019Or presenta novedades a la Feria Internacional de ProWein 2024"}]},{"@type":"WebSite","@id":"https:\/\/castelldor.com\/es\/#website","url":"https:\/\/castelldor.com\/es\/","name":"Castell d&#039;Or","description":"Love people, Love wine","publisher":{"@id":"https:\/\/castelldor.com\/es\/#organization"},"potentialAction":[{"@type":"SearchAction","target":{"@type":"EntryPoint","urlTemplate":"https:\/\/castelldor.com\/es\/?s={search_term_string}"},"query-input":{"@type":"PropertyValueSpecification","valueRequired":true,"valueName":"search_term_string"}}],"inLanguage":"es"},{"@type":"Organization","@id":"https:\/\/castelldor.com\/es\/#organization","name":"Castell d'Or","url":"https:\/\/castelldor.com\/es\/","logo":{"@type":"ImageObject","inLanguage":"es","@id":"https:\/\/castelldor.com\/es\/#\/schema\/logo\/image\/","url":"https:\/\/castelldor.com\/wp-content\/uploads\/2022\/08\/Castell-dor-blanc.svg","contentUrl":"https:\/\/castelldor.com\/wp-content\/uploads\/2022\/08\/Castell-dor-blanc.svg","width":169,"height":61,"caption":"Castell d'Or"},"image":{"@id":"https:\/\/castelldor.com\/es\/#\/schema\/logo\/image\/"}},{"@type":"Person","@id":"https:\/\/castelldor.com\/es\/#\/schema\/person\/3800fc91546b8fea5812fe762dd57eab","name":"Cristina","image":{"@type":"ImageObject","inLanguage":"es","@id":"https:\/\/secure.gravatar.com\/avatar\/579c1860b6ddac6d2d774a241f04090d5c13b826525a5d2ed1cf72ca0cce4a17?s=96&d=mm&r=g","url":"https:\/\/secure.gravatar.com\/avatar\/579c1860b6ddac6d2d774a241f04090d5c13b826525a5d2ed1cf72ca0cce4a17?s=96&d=mm&r=g","contentUrl":"https:\/\/secure.gravatar.com\/avatar\/579c1860b6ddac6d2d774a241f04090d5c13b826525a5d2ed1cf72ca0cce4a17?s=96&d=mm&r=g","caption":"Cristina"}}]}},"_links":{"self":[{"href":"https:\/\/castelldor.com\/es\/wp-json\/wp\/v2\/posts\/135579","targetHints":{"allow":["GET"]}}],"collection":[{"href":"https:\/\/castelldor.com\/es\/wp-json\/wp\/v2\/posts"}],"about":[{"href":"https:\/\/castelldor.com\/es\/wp-json\/wp\/v2\/types\/post"}],"author":[{"embeddable":true,"href":"https:\/\/castelldor.com\/es\/wp-json\/wp\/v2\/users\/2"}],"replies":[{"embeddable":true,"href":"https:\/\/castelldor.com\/es\/wp-json\/wp\/v2\/comments?post=135579"}],"version-history":[{"count":5,"href":"https:\/\/castelldor.com\/es\/wp-json\/wp\/v2\/posts\/135579\/revisions"}],"predecessor-version":[{"id":135605,"href":"https:\/\/castelldor.com\/es\/wp-json\/wp\/v2\/posts\/135579\/revisions\/135605"}],"wp:featuredmedia":[{"embeddable":true,"href":"https:\/\/castelldor.com\/es\/wp-json\/wp\/v2\/media\/135601"}],"wp:attachment":[{"href":"https:\/\/castelldor.com\/es\/wp-json\/wp\/v2\/media?parent=135579"}],"wp:term":[{"taxonomy":"category","embeddable":true,"href":"https:\/\/castelldor.com\/es\/wp-json\/wp\/v2\/categories?post=135579"},{"taxonomy":"post_tag","embeddable":true,"href":"https:\/\/castelldor.com\/es\/wp-json\/wp\/v2\/tags?post=135579"}],"curies":[{"name":"wp","href":"https:\/\/api.w.org\/{rel}","templated":true}]}}