{"id":135288,"date":"2024-02-13T11:38:44","date_gmt":"2024-02-13T10:38:44","guid":{"rendered":"https:\/\/castelldor.com\/suport-a-les-reivindicacions-dels-pagesos\/"},"modified":"2024-07-01T12:15:32","modified_gmt":"2024-07-01T10:15:32","slug":"suport-a-les-reivindicacions-dels-pagesos","status":"publish","type":"post","link":"https:\/\/castelldor.com\/es\/suport-a-les-reivindicacions-dels-pagesos\/","title":{"rendered":"Castell d\u2019Or apoya las reivindicaciones de los agricultores"},"content":{"rendered":"<p>Castell d&#8217;Or se une con firmeza a las reivindicaciones que est\u00e1n sacudiendo el pa\u00eds por parte del sector agr\u00edcola, en un contexto de bajada de producci\u00f3n generalizada a causa de la sequ\u00eda y el encarecimiento de los costes de producci\u00f3n.<\/p>\n<p>Con un total de 16 cooperativas profundamente enraizadas en el territorio catal\u00e1n, Castell d&#8217;Or expresa su apoyo s\u00f3lido a las centenares de familias de agricultores que forman parte de estas entidades.<\/p>\n<p><img fetchpriority=\"high\" decoding=\"async\" class=\"aligncenter wp-image-134165 size-large\" src=\"https:\/\/castelldor.com\/wp-content\/uploads\/2023\/10\/premi-7-1-1-1024x682.jpg\" alt=\"\" width=\"1024\" height=\"682\" \/><\/p>\n<p>Es esencial reconocer los enormes esfuerzos que estas familias de campesinos hacen para superar los obst\u00e1culos que se presentan en el sector. Las cargas burocr\u00e1ticas y la reducci\u00f3n de la producci\u00f3n, exacerbada por las condiciones clim\u00e1ticas adversas, constituyen retos urgentes que tienen que ser abordados con celeridad.<\/p>\n<p>Castell d&#8217;Or insta a las autoridades pertinentes a tomar acciones inmediatas para abordar las preocupaciones del sector agr\u00edcola y proporcionar soluciones concretas que ayuden a mitigar estas dificultades. Es imprescindible trabajar de manera colectiva y decisiva para garantizar el bienestar de los campesinos y la sostenibilidad de nuestro entorno rural.<\/p>\n","protected":false},"excerpt":{"rendered":"<p>Castell d&#8217;Or se une con firmeza a las reivindicaciones que est\u00e1n sacudiendo el pa\u00eds por parte del sector agr\u00edcola, en un contexto de bajada de producci\u00f3n generalizada a causa de la sequ\u00eda y el encarecimiento de los costes de producci\u00f3n. Con un total de 16 cooperativas profundamente enraizadas en el territorio catal\u00e1n, Castell d&#8217;Or expresa&hellip;&nbsp;<a href=\"https:\/\/castelldor.com\/es\/suport-a-les-reivindicacions-dels-pagesos\/\" rel=\"bookmark\">Read More &raquo;<span class=\"screen-reader-text\">Castell d\u2019Or apoya las reivindicaciones de los agricultores<\/span><\/a><\/p>\n","protected":false},"author":2,"featured_media":135293,"comment_status":"closed","ping_status":"closed","sticky":false,"template":"","format":"standard","meta":{"_acf_changed":false,"inline_featured_image":false,"neve_meta_sidebar":"","neve_meta_container":"","neve_meta_enable_content_width":"off","neve_meta_content_width":70,"neve_meta_title_alignment":"","neve_meta_author_avatar":"","neve_post_elements_order":"","neve_meta_disable_header":"","neve_meta_disable_footer":"","neve_meta_disable_title":"","neve_meta_reading_time":"","footnotes":""},"categories":[44],"tags":[],"class_list":["post-135288","post","type-post","status-publish","format-standard","has-post-thumbnail","hentry","category-actualidad"],"acf":[],"yoast_head":"<!-- This site is optimized with the Yoast SEO plugin v27.4 - https:\/\/yoast.com\/product\/yoast-seo-wordpress\/ -->\n<title>Castell d\u2019Or apoya las reivindicaciones de los agricultores | Castell d&#039;Or<\/title>\n<meta name=\"description\" content=\"Castell d&#039;Or s&#039;uneix amb fermesa a les reivindicacions que estan sacsejant el pa\u00eds per part del sector agr\u00edcola.\" \/>\n<meta name=\"robots\" content=\"index, follow, max-snippet:-1, max-image-preview:large, max-video-preview:-1\" \/>\n<link rel=\"canonical\" href=\"https:\/\/castelldor.com\/es\/suport-a-les-reivindicacions-dels-pagesos\/\" \/>\n<meta property=\"og:locale\" content=\"es_ES\" \/>\n<meta property=\"og:type\" content=\"article\" \/>\n<meta property=\"og:title\" content=\"Castell d\u2019Or apoya las reivindicaciones de los agricultores | Castell d&#039;Or\" \/>\n<meta property=\"og:description\" content=\"Castell d&#039;Or s&#039;uneix amb fermesa a les reivindicacions que estan sacsejant el pa\u00eds per part del sector agr\u00edcola.\" \/>\n<meta property=\"og:url\" content=\"https:\/\/castelldor.com\/es\/suport-a-les-reivindicacions-dels-pagesos\/\" \/>\n<meta property=\"og:site_name\" content=\"Castell d&#039;Or\" \/>\n<meta property=\"article:published_time\" content=\"2024-02-13T10:38:44+00:00\" \/>\n<meta property=\"article:modified_time\" content=\"2024-07-01T10:15:32+00:00\" \/>\n<meta property=\"og:image\" content=\"https:\/\/castelldor.com\/wp-content\/uploads\/2024\/02\/424649452_18303749374182818_568944536178771956_n.jpg\" \/>\n\t<meta property=\"og:image:width\" content=\"1440\" \/>\n\t<meta property=\"og:image:height\" content=\"1800\" \/>\n\t<meta property=\"og:image:type\" content=\"image\/jpeg\" \/>\n<meta name=\"author\" content=\"Cristina\" \/>\n<meta name=\"twitter:card\" content=\"summary_large_image\" \/>\n<meta name=\"twitter:label1\" content=\"Escrito por\" \/>\n\t<meta name=\"twitter:data1\" content=\"Cristina\" \/>\n\t<meta name=\"twitter:label2\" content=\"Tiempo de lectura\" \/>\n\t<meta name=\"twitter:data2\" content=\"2 minutos\" \/>\n<script type=\"application\/ld+json\" class=\"yoast-schema-graph\">{\"@context\":\"https:\\\/\\\/schema.org\",\"@graph\":[{\"@type\":\"Article\",\"@id\":\"https:\\\/\\\/castelldor.com\\\/es\\\/suport-a-les-reivindicacions-dels-pagesos\\\/#article\",\"isPartOf\":{\"@id\":\"https:\\\/\\\/castelldor.com\\\/es\\\/suport-a-les-reivindicacions-dels-pagesos\\\/\"},\"author\":{\"name\":\"Cristina\",\"@id\":\"https:\\\/\\\/castelldor.com\\\/es\\\/#\\\/schema\\\/person\\\/3800fc91546b8fea5812fe762dd57eab\"},\"headline\":\"Castell d\u2019Or apoya las reivindicaciones de los agricultores\",\"datePublished\":\"2024-02-13T10:38:44+00:00\",\"dateModified\":\"2024-07-01T10:15:32+00:00\",\"mainEntityOfPage\":{\"@id\":\"https:\\\/\\\/castelldor.com\\\/es\\\/suport-a-les-reivindicacions-dels-pagesos\\\/\"},\"wordCount\":193,\"publisher\":{\"@id\":\"https:\\\/\\\/castelldor.com\\\/es\\\/#organization\"},\"image\":{\"@id\":\"https:\\\/\\\/castelldor.com\\\/es\\\/suport-a-les-reivindicacions-dels-pagesos\\\/#primaryimage\"},\"thumbnailUrl\":\"https:\\\/\\\/castelldor.com\\\/wp-content\\\/uploads\\\/2024\\\/02\\\/424649452_18303749374182818_568944536178771956_n.jpg\",\"articleSection\":[\"Actualidad\"],\"inLanguage\":\"es\"},{\"@type\":\"WebPage\",\"@id\":\"https:\\\/\\\/castelldor.com\\\/es\\\/suport-a-les-reivindicacions-dels-pagesos\\\/\",\"url\":\"https:\\\/\\\/castelldor.com\\\/es\\\/suport-a-les-reivindicacions-dels-pagesos\\\/\",\"name\":\"Castell d\u2019Or apoya las reivindicaciones de los agricultores | Castell d&#039;Or\",\"isPartOf\":{\"@id\":\"https:\\\/\\\/castelldor.com\\\/es\\\/#website\"},\"primaryImageOfPage\":{\"@id\":\"https:\\\/\\\/castelldor.com\\\/es\\\/suport-a-les-reivindicacions-dels-pagesos\\\/#primaryimage\"},\"image\":{\"@id\":\"https:\\\/\\\/castelldor.com\\\/es\\\/suport-a-les-reivindicacions-dels-pagesos\\\/#primaryimage\"},\"thumbnailUrl\":\"https:\\\/\\\/castelldor.com\\\/wp-content\\\/uploads\\\/2024\\\/02\\\/424649452_18303749374182818_568944536178771956_n.jpg\",\"datePublished\":\"2024-02-13T10:38:44+00:00\",\"dateModified\":\"2024-07-01T10:15:32+00:00\",\"description\":\"Castell d'Or s'uneix amb fermesa a les reivindicacions que estan sacsejant el pa\u00eds per part del sector agr\u00edcola.\",\"breadcrumb\":{\"@id\":\"https:\\\/\\\/castelldor.com\\\/es\\\/suport-a-les-reivindicacions-dels-pagesos\\\/#breadcrumb\"},\"inLanguage\":\"es\",\"potentialAction\":[{\"@type\":\"ReadAction\",\"target\":[\"https:\\\/\\\/castelldor.com\\\/es\\\/suport-a-les-reivindicacions-dels-pagesos\\\/\"]}]},{\"@type\":\"ImageObject\",\"inLanguage\":\"es\",\"@id\":\"https:\\\/\\\/castelldor.com\\\/es\\\/suport-a-les-reivindicacions-dels-pagesos\\\/#primaryimage\",\"url\":\"https:\\\/\\\/castelldor.com\\\/wp-content\\\/uploads\\\/2024\\\/02\\\/424649452_18303749374182818_568944536178771956_n.jpg\",\"contentUrl\":\"https:\\\/\\\/castelldor.com\\\/wp-content\\\/uploads\\\/2024\\\/02\\\/424649452_18303749374182818_568944536178771956_n.jpg\",\"width\":1440,\"height\":1800},{\"@type\":\"BreadcrumbList\",\"@id\":\"https:\\\/\\\/castelldor.com\\\/es\\\/suport-a-les-reivindicacions-dels-pagesos\\\/#breadcrumb\",\"itemListElement\":[{\"@type\":\"ListItem\",\"position\":1,\"name\":\"Inici\",\"item\":\"https:\\\/\\\/castelldor.com\\\/es\\\/\"},{\"@type\":\"ListItem\",\"position\":2,\"name\":\"Castell d\u2019Or apoya las reivindicaciones de los agricultores\"}]},{\"@type\":\"WebSite\",\"@id\":\"https:\\\/\\\/castelldor.com\\\/es\\\/#website\",\"url\":\"https:\\\/\\\/castelldor.com\\\/es\\\/\",\"name\":\"Castell d&#039;Or\",\"description\":\"Love people, Love wine\",\"publisher\":{\"@id\":\"https:\\\/\\\/castelldor.com\\\/es\\\/#organization\"},\"potentialAction\":[{\"@type\":\"SearchAction\",\"target\":{\"@type\":\"EntryPoint\",\"urlTemplate\":\"https:\\\/\\\/castelldor.com\\\/es\\\/?s={search_term_string}\"},\"query-input\":{\"@type\":\"PropertyValueSpecification\",\"valueRequired\":true,\"valueName\":\"search_term_string\"}}],\"inLanguage\":\"es\"},{\"@type\":\"Organization\",\"@id\":\"https:\\\/\\\/castelldor.com\\\/es\\\/#organization\",\"name\":\"Castell d'Or\",\"url\":\"https:\\\/\\\/castelldor.com\\\/es\\\/\",\"logo\":{\"@type\":\"ImageObject\",\"inLanguage\":\"es\",\"@id\":\"https:\\\/\\\/castelldor.com\\\/es\\\/#\\\/schema\\\/logo\\\/image\\\/\",\"url\":\"https:\\\/\\\/castelldor.com\\\/wp-content\\\/uploads\\\/2022\\\/08\\\/Castell-dor-blanc.svg\",\"contentUrl\":\"https:\\\/\\\/castelldor.com\\\/wp-content\\\/uploads\\\/2022\\\/08\\\/Castell-dor-blanc.svg\",\"width\":169,\"height\":61,\"caption\":\"Castell d'Or\"},\"image\":{\"@id\":\"https:\\\/\\\/castelldor.com\\\/es\\\/#\\\/schema\\\/logo\\\/image\\\/\"}},{\"@type\":\"Person\",\"@id\":\"https:\\\/\\\/castelldor.com\\\/es\\\/#\\\/schema\\\/person\\\/3800fc91546b8fea5812fe762dd57eab\",\"name\":\"Cristina\",\"image\":{\"@type\":\"ImageObject\",\"inLanguage\":\"es\",\"@id\":\"https:\\\/\\\/secure.gravatar.com\\\/avatar\\\/579c1860b6ddac6d2d774a241f04090d5c13b826525a5d2ed1cf72ca0cce4a17?s=96&d=mm&r=g\",\"url\":\"https:\\\/\\\/secure.gravatar.com\\\/avatar\\\/579c1860b6ddac6d2d774a241f04090d5c13b826525a5d2ed1cf72ca0cce4a17?s=96&d=mm&r=g\",\"contentUrl\":\"https:\\\/\\\/secure.gravatar.com\\\/avatar\\\/579c1860b6ddac6d2d774a241f04090d5c13b826525a5d2ed1cf72ca0cce4a17?s=96&d=mm&r=g\",\"caption\":\"Cristina\"}}]}<\/script>\n<!-- \/ Yoast SEO plugin. -->","yoast_head_json":{"title":"Castell d\u2019Or apoya las reivindicaciones de los agricultores | Castell d&#039;Or","description":"Castell d'Or s'uneix amb fermesa a les reivindicacions que estan sacsejant el pa\u00eds per part del sector agr\u00edcola.","robots":{"index":"index","follow":"follow","max-snippet":"max-snippet:-1","max-image-preview":"max-image-preview:large","max-video-preview":"max-video-preview:-1"},"canonical":"https:\/\/castelldor.com\/es\/suport-a-les-reivindicacions-dels-pagesos\/","og_locale":"es_ES","og_type":"article","og_title":"Castell d\u2019Or apoya las reivindicaciones de los agricultores | Castell d&#039;Or","og_description":"Castell d'Or s'uneix amb fermesa a les reivindicacions que estan sacsejant el pa\u00eds per part del sector agr\u00edcola.","og_url":"https:\/\/castelldor.com\/es\/suport-a-les-reivindicacions-dels-pagesos\/","og_site_name":"Castell d&#039;Or","article_published_time":"2024-02-13T10:38:44+00:00","article_modified_time":"2024-07-01T10:15:32+00:00","og_image":[{"width":1440,"height":1800,"url":"https:\/\/castelldor.com\/wp-content\/uploads\/2024\/02\/424649452_18303749374182818_568944536178771956_n.jpg","type":"image\/jpeg"}],"author":"Cristina","twitter_card":"summary_large_image","twitter_misc":{"Escrito por":"Cristina","Tiempo de lectura":"2 minutos"},"schema":{"@context":"https:\/\/schema.org","@graph":[{"@type":"Article","@id":"https:\/\/castelldor.com\/es\/suport-a-les-reivindicacions-dels-pagesos\/#article","isPartOf":{"@id":"https:\/\/castelldor.com\/es\/suport-a-les-reivindicacions-dels-pagesos\/"},"author":{"name":"Cristina","@id":"https:\/\/castelldor.com\/es\/#\/schema\/person\/3800fc91546b8fea5812fe762dd57eab"},"headline":"Castell d\u2019Or apoya las reivindicaciones de los agricultores","datePublished":"2024-02-13T10:38:44+00:00","dateModified":"2024-07-01T10:15:32+00:00","mainEntityOfPage":{"@id":"https:\/\/castelldor.com\/es\/suport-a-les-reivindicacions-dels-pagesos\/"},"wordCount":193,"publisher":{"@id":"https:\/\/castelldor.com\/es\/#organization"},"image":{"@id":"https:\/\/castelldor.com\/es\/suport-a-les-reivindicacions-dels-pagesos\/#primaryimage"},"thumbnailUrl":"https:\/\/castelldor.com\/wp-content\/uploads\/2024\/02\/424649452_18303749374182818_568944536178771956_n.jpg","articleSection":["Actualidad"],"inLanguage":"es"},{"@type":"WebPage","@id":"https:\/\/castelldor.com\/es\/suport-a-les-reivindicacions-dels-pagesos\/","url":"https:\/\/castelldor.com\/es\/suport-a-les-reivindicacions-dels-pagesos\/","name":"Castell d\u2019Or apoya las reivindicaciones de los agricultores | Castell d&#039;Or","isPartOf":{"@id":"https:\/\/castelldor.com\/es\/#website"},"primaryImageOfPage":{"@id":"https:\/\/castelldor.com\/es\/suport-a-les-reivindicacions-dels-pagesos\/#primaryimage"},"image":{"@id":"https:\/\/castelldor.com\/es\/suport-a-les-reivindicacions-dels-pagesos\/#primaryimage"},"thumbnailUrl":"https:\/\/castelldor.com\/wp-content\/uploads\/2024\/02\/424649452_18303749374182818_568944536178771956_n.jpg","datePublished":"2024-02-13T10:38:44+00:00","dateModified":"2024-07-01T10:15:32+00:00","description":"Castell d'Or s'uneix amb fermesa a les reivindicacions que estan sacsejant el pa\u00eds per part del sector agr\u00edcola.","breadcrumb":{"@id":"https:\/\/castelldor.com\/es\/suport-a-les-reivindicacions-dels-pagesos\/#breadcrumb"},"inLanguage":"es","potentialAction":[{"@type":"ReadAction","target":["https:\/\/castelldor.com\/es\/suport-a-les-reivindicacions-dels-pagesos\/"]}]},{"@type":"ImageObject","inLanguage":"es","@id":"https:\/\/castelldor.com\/es\/suport-a-les-reivindicacions-dels-pagesos\/#primaryimage","url":"https:\/\/castelldor.com\/wp-content\/uploads\/2024\/02\/424649452_18303749374182818_568944536178771956_n.jpg","contentUrl":"https:\/\/castelldor.com\/wp-content\/uploads\/2024\/02\/424649452_18303749374182818_568944536178771956_n.jpg","width":1440,"height":1800},{"@type":"BreadcrumbList","@id":"https:\/\/castelldor.com\/es\/suport-a-les-reivindicacions-dels-pagesos\/#breadcrumb","itemListElement":[{"@type":"ListItem","position":1,"name":"Inici","item":"https:\/\/castelldor.com\/es\/"},{"@type":"ListItem","position":2,"name":"Castell d\u2019Or apoya las reivindicaciones de los agricultores"}]},{"@type":"WebSite","@id":"https:\/\/castelldor.com\/es\/#website","url":"https:\/\/castelldor.com\/es\/","name":"Castell d&#039;Or","description":"Love people, Love wine","publisher":{"@id":"https:\/\/castelldor.com\/es\/#organization"},"potentialAction":[{"@type":"SearchAction","target":{"@type":"EntryPoint","urlTemplate":"https:\/\/castelldor.com\/es\/?s={search_term_string}"},"query-input":{"@type":"PropertyValueSpecification","valueRequired":true,"valueName":"search_term_string"}}],"inLanguage":"es"},{"@type":"Organization","@id":"https:\/\/castelldor.com\/es\/#organization","name":"Castell d'Or","url":"https:\/\/castelldor.com\/es\/","logo":{"@type":"ImageObject","inLanguage":"es","@id":"https:\/\/castelldor.com\/es\/#\/schema\/logo\/image\/","url":"https:\/\/castelldor.com\/wp-content\/uploads\/2022\/08\/Castell-dor-blanc.svg","contentUrl":"https:\/\/castelldor.com\/wp-content\/uploads\/2022\/08\/Castell-dor-blanc.svg","width":169,"height":61,"caption":"Castell d'Or"},"image":{"@id":"https:\/\/castelldor.com\/es\/#\/schema\/logo\/image\/"}},{"@type":"Person","@id":"https:\/\/castelldor.com\/es\/#\/schema\/person\/3800fc91546b8fea5812fe762dd57eab","name":"Cristina","image":{"@type":"ImageObject","inLanguage":"es","@id":"https:\/\/secure.gravatar.com\/avatar\/579c1860b6ddac6d2d774a241f04090d5c13b826525a5d2ed1cf72ca0cce4a17?s=96&d=mm&r=g","url":"https:\/\/secure.gravatar.com\/avatar\/579c1860b6ddac6d2d774a241f04090d5c13b826525a5d2ed1cf72ca0cce4a17?s=96&d=mm&r=g","contentUrl":"https:\/\/secure.gravatar.com\/avatar\/579c1860b6ddac6d2d774a241f04090d5c13b826525a5d2ed1cf72ca0cce4a17?s=96&d=mm&r=g","caption":"Cristina"}}]}},"_links":{"self":[{"href":"https:\/\/castelldor.com\/es\/wp-json\/wp\/v2\/posts\/135288","targetHints":{"allow":["GET"]}}],"collection":[{"href":"https:\/\/castelldor.com\/es\/wp-json\/wp\/v2\/posts"}],"about":[{"href":"https:\/\/castelldor.com\/es\/wp-json\/wp\/v2\/types\/post"}],"author":[{"embeddable":true,"href":"https:\/\/castelldor.com\/es\/wp-json\/wp\/v2\/users\/2"}],"replies":[{"embeddable":true,"href":"https:\/\/castelldor.com\/es\/wp-json\/wp\/v2\/comments?post=135288"}],"version-history":[{"count":5,"href":"https:\/\/castelldor.com\/es\/wp-json\/wp\/v2\/posts\/135288\/revisions"}],"predecessor-version":[{"id":135344,"href":"https:\/\/castelldor.com\/es\/wp-json\/wp\/v2\/posts\/135288\/revisions\/135344"}],"wp:featuredmedia":[{"embeddable":true,"href":"https:\/\/castelldor.com\/es\/wp-json\/wp\/v2\/media\/135293"}],"wp:attachment":[{"href":"https:\/\/castelldor.com\/es\/wp-json\/wp\/v2\/media?parent=135288"}],"wp:term":[{"taxonomy":"category","embeddable":true,"href":"https:\/\/castelldor.com\/es\/wp-json\/wp\/v2\/categories?post=135288"},{"taxonomy":"post_tag","embeddable":true,"href":"https:\/\/castelldor.com\/es\/wp-json\/wp\/v2\/tags?post=135288"}],"curies":[{"name":"wp","href":"https:\/\/api.w.org\/{rel}","templated":true}]}}