{"id":135251,"date":"2024-02-13T11:59:46","date_gmt":"2024-02-13T10:59:46","guid":{"rendered":"https:\/\/castelldor.com\/?p=135251"},"modified":"2024-07-01T12:15:32","modified_gmt":"2024-07-01T10:15:32","slug":"castell-dor-organiza-una-cata-solidaria-con-la-sumiller-anna-vicens","status":"publish","type":"post","link":"https:\/\/castelldor.com\/es\/castell-dor-organiza-una-cata-solidaria-con-la-sumiller-anna-vicens\/","title":{"rendered":"Castell d&#8217;Or organiza una cata solidaria con la Sumiller Anna Vicens"},"content":{"rendered":"<blockquote><p><strong>La C\u00e1mara de Comercio de Valls apoya a esta actividad que se enmarca en el D\u00eda Internacional de la Mujer<\/strong><\/p><\/blockquote>\n<p>En el marco del D\u00eda Internacional de la Mujer, Castell d&#8217;Or se une con el apoyo de la <a href=\"https:\/\/cambravalls.com\/\">C\u00e1mara de Comercio de Valls<\/a> para organizar un acontecimiento exclusivo: un Maridaje de Cavas con la participaci\u00f3n destacada de la sumiller Anna Vicens, <a href=\"https:\/\/www.sommeliers.cat\/cat\/index.html\">Presidenta de la Asociaci\u00f3n Catalana de Sumilleres<\/a>. Durante esta cata exclusiva, Vicens compartir\u00e1 brevemente el papel fundamental de las mujeres en el mundo del cava y el vino, explorando su evoluci\u00f3n a lo largo de la historia. Adem\u00e1s, revelar\u00e1 las claves para identificar y disfrutar de un excelente cava, as\u00ed como los secretos de su elaboraci\u00f3n mediante el m\u00e9todo tradicional.<\/p>\n<div class=\"traductor-textarea form-group\">\n<div class=\"textarea-desti col-xs-12 col-sm-6\">\n<div class=\"form-control second-textarea\">La C\u00e1mara de Comercio de Valls apoya la cata solidaria y reivindica el papel esencial de las mujeres en el \u00e1mbito empresarial y directivo. Este organismo quiere reconocer y celebrar el talento, la dedicaci\u00f3n y la fuerza de las mujeres en el mundo de los negocios y el emprendimiento.<\/div>\n<\/div>\n<\/div>\n<div class=\"traductor-checkbox form-group\">\n<div class=\"row\">\n<div class=\"col-sm-offset-2 col-sm-5\"><\/div>\n<\/div>\n<\/div>\n<p><img fetchpriority=\"high\" decoding=\"async\" class=\"wp-image-135247 size-large aligncenter\" src=\"https:\/\/castelldor.com\/wp-content\/uploads\/2024\/02\/castelldor-diadona-1_3-1024x464.jpg\" alt=\"\" width=\"1024\" height=\"464\" srcset=\"https:\/\/castelldor.com\/wp-content\/uploads\/2024\/02\/castelldor-diadona-1_3-1024x464.jpg 1024w, https:\/\/castelldor.com\/wp-content\/uploads\/2024\/02\/castelldor-diadona-1_3-300x136.jpg 300w, https:\/\/castelldor.com\/wp-content\/uploads\/2024\/02\/castelldor-diadona-1_3-768x348.jpg 768w, https:\/\/castelldor.com\/wp-content\/uploads\/2024\/02\/castelldor-diadona-1_3-1536x696.jpg 1536w, https:\/\/castelldor.com\/wp-content\/uploads\/2024\/02\/castelldor-diadona-1_3-600x272.jpg 600w, https:\/\/castelldor.com\/wp-content\/uploads\/2024\/02\/castelldor-diadona-1_3.jpg 1766w\" sizes=\"(max-width: 1024px) 100vw, 1024px\" \/><\/p>\n<p>&nbsp;<\/p>\n<h2>Experta en cava y vino<\/h2>\n<p>Anna Vicens, con una trayectoria profesional impecable desde su graduaci\u00f3n como sumiller el 1997 en la Escuela de Restauraci\u00f3n y Hospedaje de Barcelona. Actualmente ejerce como coordinadora y\u00a0Head\u00a0Sumiller de las tiendas\u00a0<a href=\"https:\/\/www.winepalace.es\/tienda\">Wine\u00a0Palace<\/a>. Adem\u00e1s, es la presidenta de la Asociaci\u00f3n Catalana de Sumilleres desde 2016, consolid\u00e1ndose como una figura destacada en el mundo del vino y el cava.<\/p>\n<p>Los beneficios generados por esta actividad ser\u00e1n destinados \u00edntegramente a la <a href=\"http:\/\/llarnatalis.arqtgn.cat\/?lang=es\">Llar Natalis<\/a>, una entidad dedicada a la asistencia de mujeres gestantes en riesgo de exclusi\u00f3n social y madres con beb\u00e9s que requieren apoyo. Esta Cata no solo celebra el \u00e9xito y la influencia de las mujeres en el mundo del vino, sino que tambi\u00e9n contribuye a una causa solidaria. Es una oportunidad \u00fanica para disfrutar, aprender y apoyar a una causa que nos une a todos.<\/p>\n<p>&nbsp;<\/p>\n<h2><strong>Castell d&#8217;Or, la uni\u00f3n de 16 bodegas<\/strong><\/h2>\n<p>Castell d&#8217;Or nace el 2005 de la uni\u00f3n de diferentes bodegas de diferentes zonas vitivin\u00edcolas del Pened\u00e8s, la Conca de Barber\u00e0, Priorat, Tarragona, Terra Alta y Montsant. A estas alturas, son un total de 16 las bodegas que forman parte de uno de los grupos m\u00e1s representativos de Catalu\u00f1a. Apuestan para unir sus esfuerzos y conocimientos en los procesos de producci\u00f3n, elaboraci\u00f3n, envasado y distribuci\u00f3n de vinos, cava y aceites elevando el est\u00e1ndar de calidad de sus productos hasta obtener el reconocimiento y el prestigio en todo el mundo de sus marcas.<\/p>\n","protected":false},"excerpt":{"rendered":"<p>La C\u00e1mara de Comercio de Valls apoya a esta actividad que se enmarca en el D\u00eda Internacional de la Mujer En el marco del D\u00eda Internacional de la Mujer, Castell d&#8217;Or se une con el apoyo de la C\u00e1mara de Comercio de Valls para organizar un acontecimiento exclusivo: un Maridaje de Cavas con la participaci\u00f3n&hellip;&nbsp;<a href=\"https:\/\/castelldor.com\/es\/castell-dor-organiza-una-cata-solidaria-con-la-sumiller-anna-vicens\/\" rel=\"bookmark\">Read More &raquo;<span class=\"screen-reader-text\">Castell d&#8217;Or organiza una cata solidaria con la Sumiller Anna Vicens<\/span><\/a><\/p>\n","protected":false},"author":2,"featured_media":135244,"comment_status":"closed","ping_status":"closed","sticky":false,"template":"","format":"standard","meta":{"_acf_changed":false,"inline_featured_image":false,"neve_meta_sidebar":"","neve_meta_container":"","neve_meta_enable_content_width":"off","neve_meta_content_width":100,"neve_meta_title_alignment":"","neve_meta_author_avatar":"","neve_post_elements_order":"","neve_meta_disable_header":"","neve_meta_disable_footer":"","neve_meta_disable_title":"","neve_meta_reading_time":"","footnotes":""},"categories":[44],"tags":[],"class_list":["post-135251","post","type-post","status-publish","format-standard","has-post-thumbnail","hentry","category-actualidad"],"acf":[],"yoast_head":"<!-- This site is optimized with the Yoast SEO plugin v27.4 - https:\/\/yoast.com\/product\/yoast-seo-wordpress\/ -->\n<title>Castell d&#039;Or organiza una cata solidaria con la Anna Vicens | Castell d&#039;Or<\/title>\n<meta name=\"description\" content=\"En el marco del D\u00eda Internacional de la Mujer, Castell d&#039;Or organiza un Maridaje de Cavas con la sumiller Anna Vicens\" \/>\n<meta name=\"robots\" content=\"index, follow, max-snippet:-1, max-image-preview:large, max-video-preview:-1\" \/>\n<link rel=\"canonical\" href=\"https:\/\/castelldor.com\/es\/castell-dor-organiza-una-cata-solidaria-con-la-sumiller-anna-vicens\/\" \/>\n<meta property=\"og:locale\" content=\"es_ES\" \/>\n<meta property=\"og:type\" content=\"article\" \/>\n<meta property=\"og:title\" content=\"Castell d&#039;Or organiza una cata solidaria con la Anna Vicens | Castell d&#039;Or\" \/>\n<meta property=\"og:description\" content=\"En el marco del D\u00eda Internacional de la Mujer, Castell d&#039;Or organiza un Maridaje de Cavas con la sumiller Anna Vicens\" \/>\n<meta property=\"og:url\" content=\"https:\/\/castelldor.com\/es\/castell-dor-organiza-una-cata-solidaria-con-la-sumiller-anna-vicens\/\" \/>\n<meta property=\"og:site_name\" content=\"Castell d&#039;Or\" \/>\n<meta property=\"article:published_time\" content=\"2024-02-13T10:59:46+00:00\" \/>\n<meta property=\"article:modified_time\" content=\"2024-07-01T10:15:32+00:00\" \/>\n<meta property=\"og:image\" content=\"https:\/\/castelldor.com\/wp-content\/uploads\/2024\/02\/castelldor-diadona-1_2.jpg\" \/>\n\t<meta property=\"og:image:width\" content=\"2504\" \/>\n\t<meta property=\"og:image:height\" content=\"2500\" \/>\n\t<meta property=\"og:image:type\" content=\"image\/jpeg\" \/>\n<meta name=\"author\" content=\"Cristina\" \/>\n<meta name=\"twitter:card\" content=\"summary_large_image\" \/>\n<meta name=\"twitter:label1\" content=\"Escrito por\" \/>\n\t<meta name=\"twitter:data1\" content=\"Cristina\" \/>\n\t<meta name=\"twitter:label2\" content=\"Tiempo de lectura\" \/>\n\t<meta name=\"twitter:data2\" content=\"3 minutos\" \/>\n<script type=\"application\/ld+json\" class=\"yoast-schema-graph\">{\"@context\":\"https:\\\/\\\/schema.org\",\"@graph\":[{\"@type\":\"Article\",\"@id\":\"https:\\\/\\\/castelldor.com\\\/es\\\/castell-dor-organiza-una-cata-solidaria-con-la-sumiller-anna-vicens\\\/#article\",\"isPartOf\":{\"@id\":\"https:\\\/\\\/castelldor.com\\\/es\\\/castell-dor-organiza-una-cata-solidaria-con-la-sumiller-anna-vicens\\\/\"},\"author\":{\"name\":\"Cristina\",\"@id\":\"https:\\\/\\\/castelldor.com\\\/es\\\/#\\\/schema\\\/person\\\/3800fc91546b8fea5812fe762dd57eab\"},\"headline\":\"Castell d&#8217;Or organiza una cata solidaria con la Sumiller Anna Vicens\",\"datePublished\":\"2024-02-13T10:59:46+00:00\",\"dateModified\":\"2024-07-01T10:15:32+00:00\",\"mainEntityOfPage\":{\"@id\":\"https:\\\/\\\/castelldor.com\\\/es\\\/castell-dor-organiza-una-cata-solidaria-con-la-sumiller-anna-vicens\\\/\"},\"wordCount\":454,\"publisher\":{\"@id\":\"https:\\\/\\\/castelldor.com\\\/es\\\/#organization\"},\"image\":{\"@id\":\"https:\\\/\\\/castelldor.com\\\/es\\\/castell-dor-organiza-una-cata-solidaria-con-la-sumiller-anna-vicens\\\/#primaryimage\"},\"thumbnailUrl\":\"https:\\\/\\\/castelldor.com\\\/wp-content\\\/uploads\\\/2024\\\/02\\\/castelldor-diadona-1_2.jpg\",\"articleSection\":[\"Actualidad\"],\"inLanguage\":\"es\"},{\"@type\":\"WebPage\",\"@id\":\"https:\\\/\\\/castelldor.com\\\/es\\\/castell-dor-organiza-una-cata-solidaria-con-la-sumiller-anna-vicens\\\/\",\"url\":\"https:\\\/\\\/castelldor.com\\\/es\\\/castell-dor-organiza-una-cata-solidaria-con-la-sumiller-anna-vicens\\\/\",\"name\":\"Castell d'Or organiza una cata solidaria con la Anna Vicens | Castell d&#039;Or\",\"isPartOf\":{\"@id\":\"https:\\\/\\\/castelldor.com\\\/es\\\/#website\"},\"primaryImageOfPage\":{\"@id\":\"https:\\\/\\\/castelldor.com\\\/es\\\/castell-dor-organiza-una-cata-solidaria-con-la-sumiller-anna-vicens\\\/#primaryimage\"},\"image\":{\"@id\":\"https:\\\/\\\/castelldor.com\\\/es\\\/castell-dor-organiza-una-cata-solidaria-con-la-sumiller-anna-vicens\\\/#primaryimage\"},\"thumbnailUrl\":\"https:\\\/\\\/castelldor.com\\\/wp-content\\\/uploads\\\/2024\\\/02\\\/castelldor-diadona-1_2.jpg\",\"datePublished\":\"2024-02-13T10:59:46+00:00\",\"dateModified\":\"2024-07-01T10:15:32+00:00\",\"description\":\"En el marco del D\u00eda Internacional de la Mujer, Castell d'Or organiza un Maridaje de Cavas con la sumiller Anna Vicens\",\"breadcrumb\":{\"@id\":\"https:\\\/\\\/castelldor.com\\\/es\\\/castell-dor-organiza-una-cata-solidaria-con-la-sumiller-anna-vicens\\\/#breadcrumb\"},\"inLanguage\":\"es\",\"potentialAction\":[{\"@type\":\"ReadAction\",\"target\":[\"https:\\\/\\\/castelldor.com\\\/es\\\/castell-dor-organiza-una-cata-solidaria-con-la-sumiller-anna-vicens\\\/\"]}]},{\"@type\":\"ImageObject\",\"inLanguage\":\"es\",\"@id\":\"https:\\\/\\\/castelldor.com\\\/es\\\/castell-dor-organiza-una-cata-solidaria-con-la-sumiller-anna-vicens\\\/#primaryimage\",\"url\":\"https:\\\/\\\/castelldor.com\\\/wp-content\\\/uploads\\\/2024\\\/02\\\/castelldor-diadona-1_2.jpg\",\"contentUrl\":\"https:\\\/\\\/castelldor.com\\\/wp-content\\\/uploads\\\/2024\\\/02\\\/castelldor-diadona-1_2.jpg\",\"width\":2504,\"height\":2500},{\"@type\":\"BreadcrumbList\",\"@id\":\"https:\\\/\\\/castelldor.com\\\/es\\\/castell-dor-organiza-una-cata-solidaria-con-la-sumiller-anna-vicens\\\/#breadcrumb\",\"itemListElement\":[{\"@type\":\"ListItem\",\"position\":1,\"name\":\"Inici\",\"item\":\"https:\\\/\\\/castelldor.com\\\/es\\\/\"},{\"@type\":\"ListItem\",\"position\":2,\"name\":\"Castell d&#8217;Or organiza una cata solidaria con la Sumiller Anna Vicens\"}]},{\"@type\":\"WebSite\",\"@id\":\"https:\\\/\\\/castelldor.com\\\/es\\\/#website\",\"url\":\"https:\\\/\\\/castelldor.com\\\/es\\\/\",\"name\":\"Castell d&#039;Or\",\"description\":\"Love people, Love wine\",\"publisher\":{\"@id\":\"https:\\\/\\\/castelldor.com\\\/es\\\/#organization\"},\"potentialAction\":[{\"@type\":\"SearchAction\",\"target\":{\"@type\":\"EntryPoint\",\"urlTemplate\":\"https:\\\/\\\/castelldor.com\\\/es\\\/?s={search_term_string}\"},\"query-input\":{\"@type\":\"PropertyValueSpecification\",\"valueRequired\":true,\"valueName\":\"search_term_string\"}}],\"inLanguage\":\"es\"},{\"@type\":\"Organization\",\"@id\":\"https:\\\/\\\/castelldor.com\\\/es\\\/#organization\",\"name\":\"Castell d'Or\",\"url\":\"https:\\\/\\\/castelldor.com\\\/es\\\/\",\"logo\":{\"@type\":\"ImageObject\",\"inLanguage\":\"es\",\"@id\":\"https:\\\/\\\/castelldor.com\\\/es\\\/#\\\/schema\\\/logo\\\/image\\\/\",\"url\":\"https:\\\/\\\/castelldor.com\\\/wp-content\\\/uploads\\\/2022\\\/08\\\/Castell-dor-blanc.svg\",\"contentUrl\":\"https:\\\/\\\/castelldor.com\\\/wp-content\\\/uploads\\\/2022\\\/08\\\/Castell-dor-blanc.svg\",\"width\":169,\"height\":61,\"caption\":\"Castell d'Or\"},\"image\":{\"@id\":\"https:\\\/\\\/castelldor.com\\\/es\\\/#\\\/schema\\\/logo\\\/image\\\/\"}},{\"@type\":\"Person\",\"@id\":\"https:\\\/\\\/castelldor.com\\\/es\\\/#\\\/schema\\\/person\\\/3800fc91546b8fea5812fe762dd57eab\",\"name\":\"Cristina\",\"image\":{\"@type\":\"ImageObject\",\"inLanguage\":\"es\",\"@id\":\"https:\\\/\\\/secure.gravatar.com\\\/avatar\\\/579c1860b6ddac6d2d774a241f04090d5c13b826525a5d2ed1cf72ca0cce4a17?s=96&d=mm&r=g\",\"url\":\"https:\\\/\\\/secure.gravatar.com\\\/avatar\\\/579c1860b6ddac6d2d774a241f04090d5c13b826525a5d2ed1cf72ca0cce4a17?s=96&d=mm&r=g\",\"contentUrl\":\"https:\\\/\\\/secure.gravatar.com\\\/avatar\\\/579c1860b6ddac6d2d774a241f04090d5c13b826525a5d2ed1cf72ca0cce4a17?s=96&d=mm&r=g\",\"caption\":\"Cristina\"}}]}<\/script>\n<!-- \/ Yoast SEO plugin. -->","yoast_head_json":{"title":"Castell d'Or organiza una cata solidaria con la Anna Vicens | Castell d&#039;Or","description":"En el marco del D\u00eda Internacional de la Mujer, Castell d'Or organiza un Maridaje de Cavas con la sumiller Anna Vicens","robots":{"index":"index","follow":"follow","max-snippet":"max-snippet:-1","max-image-preview":"max-image-preview:large","max-video-preview":"max-video-preview:-1"},"canonical":"https:\/\/castelldor.com\/es\/castell-dor-organiza-una-cata-solidaria-con-la-sumiller-anna-vicens\/","og_locale":"es_ES","og_type":"article","og_title":"Castell d'Or organiza una cata solidaria con la Anna Vicens | Castell d&#039;Or","og_description":"En el marco del D\u00eda Internacional de la Mujer, Castell d'Or organiza un Maridaje de Cavas con la sumiller Anna Vicens","og_url":"https:\/\/castelldor.com\/es\/castell-dor-organiza-una-cata-solidaria-con-la-sumiller-anna-vicens\/","og_site_name":"Castell d&#039;Or","article_published_time":"2024-02-13T10:59:46+00:00","article_modified_time":"2024-07-01T10:15:32+00:00","og_image":[{"width":2504,"height":2500,"url":"https:\/\/castelldor.com\/wp-content\/uploads\/2024\/02\/castelldor-diadona-1_2.jpg","type":"image\/jpeg"}],"author":"Cristina","twitter_card":"summary_large_image","twitter_misc":{"Escrito por":"Cristina","Tiempo de lectura":"3 minutos"},"schema":{"@context":"https:\/\/schema.org","@graph":[{"@type":"Article","@id":"https:\/\/castelldor.com\/es\/castell-dor-organiza-una-cata-solidaria-con-la-sumiller-anna-vicens\/#article","isPartOf":{"@id":"https:\/\/castelldor.com\/es\/castell-dor-organiza-una-cata-solidaria-con-la-sumiller-anna-vicens\/"},"author":{"name":"Cristina","@id":"https:\/\/castelldor.com\/es\/#\/schema\/person\/3800fc91546b8fea5812fe762dd57eab"},"headline":"Castell d&#8217;Or organiza una cata solidaria con la Sumiller Anna Vicens","datePublished":"2024-02-13T10:59:46+00:00","dateModified":"2024-07-01T10:15:32+00:00","mainEntityOfPage":{"@id":"https:\/\/castelldor.com\/es\/castell-dor-organiza-una-cata-solidaria-con-la-sumiller-anna-vicens\/"},"wordCount":454,"publisher":{"@id":"https:\/\/castelldor.com\/es\/#organization"},"image":{"@id":"https:\/\/castelldor.com\/es\/castell-dor-organiza-una-cata-solidaria-con-la-sumiller-anna-vicens\/#primaryimage"},"thumbnailUrl":"https:\/\/castelldor.com\/wp-content\/uploads\/2024\/02\/castelldor-diadona-1_2.jpg","articleSection":["Actualidad"],"inLanguage":"es"},{"@type":"WebPage","@id":"https:\/\/castelldor.com\/es\/castell-dor-organiza-una-cata-solidaria-con-la-sumiller-anna-vicens\/","url":"https:\/\/castelldor.com\/es\/castell-dor-organiza-una-cata-solidaria-con-la-sumiller-anna-vicens\/","name":"Castell d'Or organiza una cata solidaria con la Anna Vicens | Castell d&#039;Or","isPartOf":{"@id":"https:\/\/castelldor.com\/es\/#website"},"primaryImageOfPage":{"@id":"https:\/\/castelldor.com\/es\/castell-dor-organiza-una-cata-solidaria-con-la-sumiller-anna-vicens\/#primaryimage"},"image":{"@id":"https:\/\/castelldor.com\/es\/castell-dor-organiza-una-cata-solidaria-con-la-sumiller-anna-vicens\/#primaryimage"},"thumbnailUrl":"https:\/\/castelldor.com\/wp-content\/uploads\/2024\/02\/castelldor-diadona-1_2.jpg","datePublished":"2024-02-13T10:59:46+00:00","dateModified":"2024-07-01T10:15:32+00:00","description":"En el marco del D\u00eda Internacional de la Mujer, Castell d'Or organiza un Maridaje de Cavas con la sumiller Anna Vicens","breadcrumb":{"@id":"https:\/\/castelldor.com\/es\/castell-dor-organiza-una-cata-solidaria-con-la-sumiller-anna-vicens\/#breadcrumb"},"inLanguage":"es","potentialAction":[{"@type":"ReadAction","target":["https:\/\/castelldor.com\/es\/castell-dor-organiza-una-cata-solidaria-con-la-sumiller-anna-vicens\/"]}]},{"@type":"ImageObject","inLanguage":"es","@id":"https:\/\/castelldor.com\/es\/castell-dor-organiza-una-cata-solidaria-con-la-sumiller-anna-vicens\/#primaryimage","url":"https:\/\/castelldor.com\/wp-content\/uploads\/2024\/02\/castelldor-diadona-1_2.jpg","contentUrl":"https:\/\/castelldor.com\/wp-content\/uploads\/2024\/02\/castelldor-diadona-1_2.jpg","width":2504,"height":2500},{"@type":"BreadcrumbList","@id":"https:\/\/castelldor.com\/es\/castell-dor-organiza-una-cata-solidaria-con-la-sumiller-anna-vicens\/#breadcrumb","itemListElement":[{"@type":"ListItem","position":1,"name":"Inici","item":"https:\/\/castelldor.com\/es\/"},{"@type":"ListItem","position":2,"name":"Castell d&#8217;Or organiza una cata solidaria con la Sumiller Anna Vicens"}]},{"@type":"WebSite","@id":"https:\/\/castelldor.com\/es\/#website","url":"https:\/\/castelldor.com\/es\/","name":"Castell d&#039;Or","description":"Love people, Love wine","publisher":{"@id":"https:\/\/castelldor.com\/es\/#organization"},"potentialAction":[{"@type":"SearchAction","target":{"@type":"EntryPoint","urlTemplate":"https:\/\/castelldor.com\/es\/?s={search_term_string}"},"query-input":{"@type":"PropertyValueSpecification","valueRequired":true,"valueName":"search_term_string"}}],"inLanguage":"es"},{"@type":"Organization","@id":"https:\/\/castelldor.com\/es\/#organization","name":"Castell d'Or","url":"https:\/\/castelldor.com\/es\/","logo":{"@type":"ImageObject","inLanguage":"es","@id":"https:\/\/castelldor.com\/es\/#\/schema\/logo\/image\/","url":"https:\/\/castelldor.com\/wp-content\/uploads\/2022\/08\/Castell-dor-blanc.svg","contentUrl":"https:\/\/castelldor.com\/wp-content\/uploads\/2022\/08\/Castell-dor-blanc.svg","width":169,"height":61,"caption":"Castell d'Or"},"image":{"@id":"https:\/\/castelldor.com\/es\/#\/schema\/logo\/image\/"}},{"@type":"Person","@id":"https:\/\/castelldor.com\/es\/#\/schema\/person\/3800fc91546b8fea5812fe762dd57eab","name":"Cristina","image":{"@type":"ImageObject","inLanguage":"es","@id":"https:\/\/secure.gravatar.com\/avatar\/579c1860b6ddac6d2d774a241f04090d5c13b826525a5d2ed1cf72ca0cce4a17?s=96&d=mm&r=g","url":"https:\/\/secure.gravatar.com\/avatar\/579c1860b6ddac6d2d774a241f04090d5c13b826525a5d2ed1cf72ca0cce4a17?s=96&d=mm&r=g","contentUrl":"https:\/\/secure.gravatar.com\/avatar\/579c1860b6ddac6d2d774a241f04090d5c13b826525a5d2ed1cf72ca0cce4a17?s=96&d=mm&r=g","caption":"Cristina"}}]}},"_links":{"self":[{"href":"https:\/\/castelldor.com\/es\/wp-json\/wp\/v2\/posts\/135251","targetHints":{"allow":["GET"]}}],"collection":[{"href":"https:\/\/castelldor.com\/es\/wp-json\/wp\/v2\/posts"}],"about":[{"href":"https:\/\/castelldor.com\/es\/wp-json\/wp\/v2\/types\/post"}],"author":[{"embeddable":true,"href":"https:\/\/castelldor.com\/es\/wp-json\/wp\/v2\/users\/2"}],"replies":[{"embeddable":true,"href":"https:\/\/castelldor.com\/es\/wp-json\/wp\/v2\/comments?post=135251"}],"version-history":[{"count":3,"href":"https:\/\/castelldor.com\/es\/wp-json\/wp\/v2\/posts\/135251\/revisions"}],"predecessor-version":[{"id":135258,"href":"https:\/\/castelldor.com\/es\/wp-json\/wp\/v2\/posts\/135251\/revisions\/135258"}],"wp:featuredmedia":[{"embeddable":true,"href":"https:\/\/castelldor.com\/es\/wp-json\/wp\/v2\/media\/135244"}],"wp:attachment":[{"href":"https:\/\/castelldor.com\/es\/wp-json\/wp\/v2\/media?parent=135251"}],"wp:term":[{"taxonomy":"category","embeddable":true,"href":"https:\/\/castelldor.com\/es\/wp-json\/wp\/v2\/categories?post=135251"},{"taxonomy":"post_tag","embeddable":true,"href":"https:\/\/castelldor.com\/es\/wp-json\/wp\/v2\/tags?post=135251"}],"curies":[{"name":"wp","href":"https:\/\/api.w.org\/{rel}","templated":true}]}}