{"id":135153,"date":"2024-01-29T09:56:53","date_gmt":"2024-01-29T08:56:53","guid":{"rendered":"https:\/\/castelldor.com\/?p=135153"},"modified":"2024-07-01T12:15:33","modified_gmt":"2024-07-01T10:15:33","slug":"rotundo-exito-de-participacion-de-la-gran-fiesta-de-la-calcotada-de-valls","status":"publish","type":"post","link":"https:\/\/castelldor.com\/es\/rotundo-exito-de-participacion-de-la-gran-fiesta-de-la-calcotada-de-valls\/","title":{"rendered":"Rotundo \u00e9xito de participaci\u00f3n de la Gran Fiesta de la Cal\u00e7otada de Valls"},"content":{"rendered":"<p>Castell d&#8217;Or ha estado presente a la 42.\u00aa<a href=\"https:\/\/festacalcotadavalls.cat\/sala-premsa\/\"> Gran Fiesta de la Cal\u00e7otada de Valls<\/a>, participando activamente en la zona de degustaciones de la Pla\u00e7a del Pati. <a href=\"https:\/\/www.valls.cat\/\">La capital del Alt Camp<\/a> ha acogido esta fiesta, reuniendo entre 30.000 y 40.000 personas y logrando convertirse en un \u00e9xito rotundo de participaci\u00f3n. Durante la ma\u00f1ana, se realizaron demostraciones de cocer <em>cal\u00e7ots<\/em>, concursos, pasacalle y la t\u00edpica degustaci\u00f3n popular en el espacio de degustaci\u00f3n de la Cooperativa Agr\u00edcola de Valls. En este sentido, la Comisi\u00f3n organizadora de la Fiesta hace una valoraci\u00f3n muy positiva del acontecimiento, situando la ciudad de Valls, su demarcaci\u00f3n y la aut\u00e9ntica <em>Cal\u00e7otada<\/em> en el centro medi\u00e1tico local e internacional.<\/p>\n<h3><em>Cal\u00e7otada\u00a0<\/em>con cava<\/h3>\n<p>Adem\u00e1s, el lote degustaci\u00f3n inclu\u00eda 12 <em>cal\u00e7ots<\/em> cocidos de la<a href=\"https:\/\/www.calcotdevalls.com\/\">\u00a0IGP\u00a0Cal\u00e7ot\u00a0de Valls<\/a>, tarrina de salsa de Salses Fruits, botella de cava de 375cc. de Castell d&#8217;Or, raci\u00f3n de pan Cristallino de Europastry, babero de ropa, naranja, botella de agua, postres gentileza de Cal Cesc, y una entrada 2\u00d71 por el Museu Casteller de Catalunya.\u00a0 Por su parte, el grupo local Figa Flawas, embajadores de la Aut\u00e9ntica Cal\u00e7otada, refuerzan el esp\u00edritu del certamen, centrando su primer disco en esta tem\u00e1tica.<\/p>\n<h3>Ganador del Concurso de Comer\u00a0Cal\u00e7ots<\/h3>\n<p>Por otro lado, uno de los reclamos de la Gran Fiesta de la Cal\u00e7otada de Valls fue el concurso de comer cal\u00e7ots, que a\u00f1o tras a\u00f1o acumula un numeroso p\u00fablico en la Pla\u00e7a del Pati. En esta ocasi\u00f3n, ha sido Antonio Hern\u00e1ndez de Santa Perp\u00e8tua de Mogoda qui\u00e9n se coron\u00f3 campe\u00f3n. En total, comi\u00f3 240 cal\u00e7ots en tres cuartos de hora, estableciendo un nuevo r\u00e9cord personal. A pesar de que la normativa impide su participaci\u00f3n el pr\u00f3ximo a\u00f1o, planea volver el 2026.Seguidamente, qued\u00f3 Ramon Caballero de Barcelona y Ramon For\u00e8s de Valls, con 196 y 190 cal\u00e7ots respectivamente.<\/p>\n<h3>Obsequios por todos los ganadores<\/h3>\n<p>Los ganadores fueron obsequiados con tres premios patrocinados por Salses Fruits y Castell d&#8217;Or, uno para cada uno de los tres primeros clasificados, junto con un lote de vinos de la DO Tarragona y un Juego del Cal\u00e7ot del IGP Cal\u00e7ot de Valls.<\/p>\n<p>Por \u00faltimo, la Plaza del Pati ha sido un punto de encuentro clave para los visitantes, siendo tambi\u00e9n la Pla\u00e7a de l&#8217;Oli, testigo de la cocci\u00f3n de cebollas dulces en 4.000 degustaciones, de las cuales 1.500 se han agotado antes del acontecimiento. En este sentido, Castell de Oro apoya este acontecimiento, consolid\u00e1ndose como parte integral de la celebraci\u00f3n.<\/p>\n","protected":false},"excerpt":{"rendered":"<p>Castell d&#8217;Or ha estado presente a la 42.\u00aa Gran Fiesta de la Cal\u00e7otada de Valls, participando activamente en la zona de degustaciones de la Pla\u00e7a del Pati. La capital del Alt Camp ha acogido esta fiesta, reuniendo entre 30.000 y 40.000 personas y logrando convertirse en un \u00e9xito rotundo de participaci\u00f3n. Durante la ma\u00f1ana, se&hellip;&nbsp;<a href=\"https:\/\/castelldor.com\/es\/rotundo-exito-de-participacion-de-la-gran-fiesta-de-la-calcotada-de-valls\/\" rel=\"bookmark\">Read More &raquo;<span class=\"screen-reader-text\">Rotundo \u00e9xito de participaci\u00f3n de la Gran Fiesta de la Cal\u00e7otada de Valls<\/span><\/a><\/p>\n","protected":false},"author":2,"featured_media":135117,"comment_status":"closed","ping_status":"closed","sticky":false,"template":"","format":"standard","meta":{"_acf_changed":false,"inline_featured_image":false,"neve_meta_sidebar":"","neve_meta_container":"","neve_meta_enable_content_width":"off","neve_meta_content_width":100,"neve_meta_title_alignment":"","neve_meta_author_avatar":"","neve_post_elements_order":"","neve_meta_disable_header":"","neve_meta_disable_footer":"","neve_meta_disable_title":"","neve_meta_reading_time":"","footnotes":""},"categories":[44],"tags":[],"class_list":["post-135153","post","type-post","status-publish","format-standard","has-post-thumbnail","hentry","category-actualidad"],"acf":[],"yoast_head":"<!-- This site is optimized with the Yoast SEO plugin v27.4 - https:\/\/yoast.com\/product\/yoast-seo-wordpress\/ -->\n<title>\u00c9xito de participaci\u00f3n de la Gran Fiesta de la Cal\u00e7otada de Valls | Castell d&#039;Or<\/title>\n<meta name=\"description\" content=\"Castell d&#039;Or ha participado en la 42.\u00aa Gran Fiesta de la Cal\u00e7otada de Valls, en la zona de degustaciones de la Plaza del Patio.\" \/>\n<meta name=\"robots\" content=\"index, follow, max-snippet:-1, max-image-preview:large, max-video-preview:-1\" \/>\n<link rel=\"canonical\" href=\"https:\/\/castelldor.com\/es\/rotundo-exito-de-participacion-de-la-gran-fiesta-de-la-calcotada-de-valls\/\" \/>\n<meta property=\"og:locale\" content=\"es_ES\" \/>\n<meta property=\"og:type\" content=\"article\" \/>\n<meta property=\"og:title\" content=\"\u00c9xito de participaci\u00f3n de la Gran Fiesta de la Cal\u00e7otada de Valls | Castell d&#039;Or\" \/>\n<meta property=\"og:description\" content=\"Castell d&#039;Or ha participado en la 42.\u00aa Gran Fiesta de la Cal\u00e7otada de Valls, en la zona de degustaciones de la Plaza del Patio.\" \/>\n<meta property=\"og:url\" content=\"https:\/\/castelldor.com\/es\/rotundo-exito-de-participacion-de-la-gran-fiesta-de-la-calcotada-de-valls\/\" \/>\n<meta property=\"og:site_name\" content=\"Castell d&#039;Or\" \/>\n<meta property=\"article:published_time\" content=\"2024-01-29T08:56:53+00:00\" \/>\n<meta property=\"article:modified_time\" content=\"2024-07-01T10:15:33+00:00\" \/>\n<meta property=\"og:image\" content=\"https:\/\/castelldor.com\/wp-content\/uploads\/2024\/01\/0f0251e9-512f-4e52-969d-1249c2880b6e.jpg\" \/>\n\t<meta property=\"og:image:width\" content=\"1600\" \/>\n\t<meta property=\"og:image:height\" content=\"1200\" \/>\n\t<meta property=\"og:image:type\" content=\"image\/jpeg\" \/>\n<meta name=\"author\" content=\"Cristina\" \/>\n<meta name=\"twitter:card\" content=\"summary_large_image\" \/>\n<meta name=\"twitter:label1\" content=\"Escrito por\" \/>\n\t<meta name=\"twitter:data1\" content=\"Cristina\" \/>\n\t<meta name=\"twitter:label2\" content=\"Tiempo de lectura\" \/>\n\t<meta name=\"twitter:data2\" content=\"3 minutos\" \/>\n<script type=\"application\/ld+json\" class=\"yoast-schema-graph\">{\"@context\":\"https:\\\/\\\/schema.org\",\"@graph\":[{\"@type\":\"Article\",\"@id\":\"https:\\\/\\\/castelldor.com\\\/es\\\/rotundo-exito-de-participacion-de-la-gran-fiesta-de-la-calcotada-de-valls\\\/#article\",\"isPartOf\":{\"@id\":\"https:\\\/\\\/castelldor.com\\\/es\\\/rotundo-exito-de-participacion-de-la-gran-fiesta-de-la-calcotada-de-valls\\\/\"},\"author\":{\"name\":\"Cristina\",\"@id\":\"https:\\\/\\\/castelldor.com\\\/es\\\/#\\\/schema\\\/person\\\/3800fc91546b8fea5812fe762dd57eab\"},\"headline\":\"Rotundo \u00e9xito de participaci\u00f3n de la Gran Fiesta de la Cal\u00e7otada de Valls\",\"datePublished\":\"2024-01-29T08:56:53+00:00\",\"dateModified\":\"2024-07-01T10:15:33+00:00\",\"mainEntityOfPage\":{\"@id\":\"https:\\\/\\\/castelldor.com\\\/es\\\/rotundo-exito-de-participacion-de-la-gran-fiesta-de-la-calcotada-de-valls\\\/\"},\"wordCount\":467,\"publisher\":{\"@id\":\"https:\\\/\\\/castelldor.com\\\/es\\\/#organization\"},\"image\":{\"@id\":\"https:\\\/\\\/castelldor.com\\\/es\\\/rotundo-exito-de-participacion-de-la-gran-fiesta-de-la-calcotada-de-valls\\\/#primaryimage\"},\"thumbnailUrl\":\"https:\\\/\\\/castelldor.com\\\/wp-content\\\/uploads\\\/2024\\\/01\\\/0f0251e9-512f-4e52-969d-1249c2880b6e.jpg\",\"articleSection\":[\"Actualidad\"],\"inLanguage\":\"es\"},{\"@type\":\"WebPage\",\"@id\":\"https:\\\/\\\/castelldor.com\\\/es\\\/rotundo-exito-de-participacion-de-la-gran-fiesta-de-la-calcotada-de-valls\\\/\",\"url\":\"https:\\\/\\\/castelldor.com\\\/es\\\/rotundo-exito-de-participacion-de-la-gran-fiesta-de-la-calcotada-de-valls\\\/\",\"name\":\"\u00c9xito de participaci\u00f3n de la Gran Fiesta de la Cal\u00e7otada de Valls | Castell d&#039;Or\",\"isPartOf\":{\"@id\":\"https:\\\/\\\/castelldor.com\\\/es\\\/#website\"},\"primaryImageOfPage\":{\"@id\":\"https:\\\/\\\/castelldor.com\\\/es\\\/rotundo-exito-de-participacion-de-la-gran-fiesta-de-la-calcotada-de-valls\\\/#primaryimage\"},\"image\":{\"@id\":\"https:\\\/\\\/castelldor.com\\\/es\\\/rotundo-exito-de-participacion-de-la-gran-fiesta-de-la-calcotada-de-valls\\\/#primaryimage\"},\"thumbnailUrl\":\"https:\\\/\\\/castelldor.com\\\/wp-content\\\/uploads\\\/2024\\\/01\\\/0f0251e9-512f-4e52-969d-1249c2880b6e.jpg\",\"datePublished\":\"2024-01-29T08:56:53+00:00\",\"dateModified\":\"2024-07-01T10:15:33+00:00\",\"description\":\"Castell d'Or ha participado en la 42.\u00aa Gran Fiesta de la Cal\u00e7otada de Valls, en la zona de degustaciones de la Plaza del Patio.\",\"breadcrumb\":{\"@id\":\"https:\\\/\\\/castelldor.com\\\/es\\\/rotundo-exito-de-participacion-de-la-gran-fiesta-de-la-calcotada-de-valls\\\/#breadcrumb\"},\"inLanguage\":\"es\",\"potentialAction\":[{\"@type\":\"ReadAction\",\"target\":[\"https:\\\/\\\/castelldor.com\\\/es\\\/rotundo-exito-de-participacion-de-la-gran-fiesta-de-la-calcotada-de-valls\\\/\"]}]},{\"@type\":\"ImageObject\",\"inLanguage\":\"es\",\"@id\":\"https:\\\/\\\/castelldor.com\\\/es\\\/rotundo-exito-de-participacion-de-la-gran-fiesta-de-la-calcotada-de-valls\\\/#primaryimage\",\"url\":\"https:\\\/\\\/castelldor.com\\\/wp-content\\\/uploads\\\/2024\\\/01\\\/0f0251e9-512f-4e52-969d-1249c2880b6e.jpg\",\"contentUrl\":\"https:\\\/\\\/castelldor.com\\\/wp-content\\\/uploads\\\/2024\\\/01\\\/0f0251e9-512f-4e52-969d-1249c2880b6e.jpg\",\"width\":1600,\"height\":1200},{\"@type\":\"BreadcrumbList\",\"@id\":\"https:\\\/\\\/castelldor.com\\\/es\\\/rotundo-exito-de-participacion-de-la-gran-fiesta-de-la-calcotada-de-valls\\\/#breadcrumb\",\"itemListElement\":[{\"@type\":\"ListItem\",\"position\":1,\"name\":\"Inici\",\"item\":\"https:\\\/\\\/castelldor.com\\\/es\\\/\"},{\"@type\":\"ListItem\",\"position\":2,\"name\":\"Rotundo \u00e9xito de participaci\u00f3n de la Gran Fiesta de la Cal\u00e7otada de Valls\"}]},{\"@type\":\"WebSite\",\"@id\":\"https:\\\/\\\/castelldor.com\\\/es\\\/#website\",\"url\":\"https:\\\/\\\/castelldor.com\\\/es\\\/\",\"name\":\"Castell d&#039;Or\",\"description\":\"Love people, Love wine\",\"publisher\":{\"@id\":\"https:\\\/\\\/castelldor.com\\\/es\\\/#organization\"},\"potentialAction\":[{\"@type\":\"SearchAction\",\"target\":{\"@type\":\"EntryPoint\",\"urlTemplate\":\"https:\\\/\\\/castelldor.com\\\/es\\\/?s={search_term_string}\"},\"query-input\":{\"@type\":\"PropertyValueSpecification\",\"valueRequired\":true,\"valueName\":\"search_term_string\"}}],\"inLanguage\":\"es\"},{\"@type\":\"Organization\",\"@id\":\"https:\\\/\\\/castelldor.com\\\/es\\\/#organization\",\"name\":\"Castell d'Or\",\"url\":\"https:\\\/\\\/castelldor.com\\\/es\\\/\",\"logo\":{\"@type\":\"ImageObject\",\"inLanguage\":\"es\",\"@id\":\"https:\\\/\\\/castelldor.com\\\/es\\\/#\\\/schema\\\/logo\\\/image\\\/\",\"url\":\"https:\\\/\\\/castelldor.com\\\/wp-content\\\/uploads\\\/2022\\\/08\\\/Castell-dor-blanc.svg\",\"contentUrl\":\"https:\\\/\\\/castelldor.com\\\/wp-content\\\/uploads\\\/2022\\\/08\\\/Castell-dor-blanc.svg\",\"width\":169,\"height\":61,\"caption\":\"Castell d'Or\"},\"image\":{\"@id\":\"https:\\\/\\\/castelldor.com\\\/es\\\/#\\\/schema\\\/logo\\\/image\\\/\"}},{\"@type\":\"Person\",\"@id\":\"https:\\\/\\\/castelldor.com\\\/es\\\/#\\\/schema\\\/person\\\/3800fc91546b8fea5812fe762dd57eab\",\"name\":\"Cristina\",\"image\":{\"@type\":\"ImageObject\",\"inLanguage\":\"es\",\"@id\":\"https:\\\/\\\/secure.gravatar.com\\\/avatar\\\/579c1860b6ddac6d2d774a241f04090d5c13b826525a5d2ed1cf72ca0cce4a17?s=96&d=mm&r=g\",\"url\":\"https:\\\/\\\/secure.gravatar.com\\\/avatar\\\/579c1860b6ddac6d2d774a241f04090d5c13b826525a5d2ed1cf72ca0cce4a17?s=96&d=mm&r=g\",\"contentUrl\":\"https:\\\/\\\/secure.gravatar.com\\\/avatar\\\/579c1860b6ddac6d2d774a241f04090d5c13b826525a5d2ed1cf72ca0cce4a17?s=96&d=mm&r=g\",\"caption\":\"Cristina\"}}]}<\/script>\n<!-- \/ Yoast SEO plugin. -->","yoast_head_json":{"title":"\u00c9xito de participaci\u00f3n de la Gran Fiesta de la Cal\u00e7otada de Valls | Castell d&#039;Or","description":"Castell d'Or ha participado en la 42.\u00aa Gran Fiesta de la Cal\u00e7otada de Valls, en la zona de degustaciones de la Plaza del Patio.","robots":{"index":"index","follow":"follow","max-snippet":"max-snippet:-1","max-image-preview":"max-image-preview:large","max-video-preview":"max-video-preview:-1"},"canonical":"https:\/\/castelldor.com\/es\/rotundo-exito-de-participacion-de-la-gran-fiesta-de-la-calcotada-de-valls\/","og_locale":"es_ES","og_type":"article","og_title":"\u00c9xito de participaci\u00f3n de la Gran Fiesta de la Cal\u00e7otada de Valls | Castell d&#039;Or","og_description":"Castell d'Or ha participado en la 42.\u00aa Gran Fiesta de la Cal\u00e7otada de Valls, en la zona de degustaciones de la Plaza del Patio.","og_url":"https:\/\/castelldor.com\/es\/rotundo-exito-de-participacion-de-la-gran-fiesta-de-la-calcotada-de-valls\/","og_site_name":"Castell d&#039;Or","article_published_time":"2024-01-29T08:56:53+00:00","article_modified_time":"2024-07-01T10:15:33+00:00","og_image":[{"width":1600,"height":1200,"url":"https:\/\/castelldor.com\/wp-content\/uploads\/2024\/01\/0f0251e9-512f-4e52-969d-1249c2880b6e.jpg","type":"image\/jpeg"}],"author":"Cristina","twitter_card":"summary_large_image","twitter_misc":{"Escrito por":"Cristina","Tiempo de lectura":"3 minutos"},"schema":{"@context":"https:\/\/schema.org","@graph":[{"@type":"Article","@id":"https:\/\/castelldor.com\/es\/rotundo-exito-de-participacion-de-la-gran-fiesta-de-la-calcotada-de-valls\/#article","isPartOf":{"@id":"https:\/\/castelldor.com\/es\/rotundo-exito-de-participacion-de-la-gran-fiesta-de-la-calcotada-de-valls\/"},"author":{"name":"Cristina","@id":"https:\/\/castelldor.com\/es\/#\/schema\/person\/3800fc91546b8fea5812fe762dd57eab"},"headline":"Rotundo \u00e9xito de participaci\u00f3n de la Gran Fiesta de la Cal\u00e7otada de Valls","datePublished":"2024-01-29T08:56:53+00:00","dateModified":"2024-07-01T10:15:33+00:00","mainEntityOfPage":{"@id":"https:\/\/castelldor.com\/es\/rotundo-exito-de-participacion-de-la-gran-fiesta-de-la-calcotada-de-valls\/"},"wordCount":467,"publisher":{"@id":"https:\/\/castelldor.com\/es\/#organization"},"image":{"@id":"https:\/\/castelldor.com\/es\/rotundo-exito-de-participacion-de-la-gran-fiesta-de-la-calcotada-de-valls\/#primaryimage"},"thumbnailUrl":"https:\/\/castelldor.com\/wp-content\/uploads\/2024\/01\/0f0251e9-512f-4e52-969d-1249c2880b6e.jpg","articleSection":["Actualidad"],"inLanguage":"es"},{"@type":"WebPage","@id":"https:\/\/castelldor.com\/es\/rotundo-exito-de-participacion-de-la-gran-fiesta-de-la-calcotada-de-valls\/","url":"https:\/\/castelldor.com\/es\/rotundo-exito-de-participacion-de-la-gran-fiesta-de-la-calcotada-de-valls\/","name":"\u00c9xito de participaci\u00f3n de la Gran Fiesta de la Cal\u00e7otada de Valls | Castell d&#039;Or","isPartOf":{"@id":"https:\/\/castelldor.com\/es\/#website"},"primaryImageOfPage":{"@id":"https:\/\/castelldor.com\/es\/rotundo-exito-de-participacion-de-la-gran-fiesta-de-la-calcotada-de-valls\/#primaryimage"},"image":{"@id":"https:\/\/castelldor.com\/es\/rotundo-exito-de-participacion-de-la-gran-fiesta-de-la-calcotada-de-valls\/#primaryimage"},"thumbnailUrl":"https:\/\/castelldor.com\/wp-content\/uploads\/2024\/01\/0f0251e9-512f-4e52-969d-1249c2880b6e.jpg","datePublished":"2024-01-29T08:56:53+00:00","dateModified":"2024-07-01T10:15:33+00:00","description":"Castell d'Or ha participado en la 42.\u00aa Gran Fiesta de la Cal\u00e7otada de Valls, en la zona de degustaciones de la Plaza del Patio.","breadcrumb":{"@id":"https:\/\/castelldor.com\/es\/rotundo-exito-de-participacion-de-la-gran-fiesta-de-la-calcotada-de-valls\/#breadcrumb"},"inLanguage":"es","potentialAction":[{"@type":"ReadAction","target":["https:\/\/castelldor.com\/es\/rotundo-exito-de-participacion-de-la-gran-fiesta-de-la-calcotada-de-valls\/"]}]},{"@type":"ImageObject","inLanguage":"es","@id":"https:\/\/castelldor.com\/es\/rotundo-exito-de-participacion-de-la-gran-fiesta-de-la-calcotada-de-valls\/#primaryimage","url":"https:\/\/castelldor.com\/wp-content\/uploads\/2024\/01\/0f0251e9-512f-4e52-969d-1249c2880b6e.jpg","contentUrl":"https:\/\/castelldor.com\/wp-content\/uploads\/2024\/01\/0f0251e9-512f-4e52-969d-1249c2880b6e.jpg","width":1600,"height":1200},{"@type":"BreadcrumbList","@id":"https:\/\/castelldor.com\/es\/rotundo-exito-de-participacion-de-la-gran-fiesta-de-la-calcotada-de-valls\/#breadcrumb","itemListElement":[{"@type":"ListItem","position":1,"name":"Inici","item":"https:\/\/castelldor.com\/es\/"},{"@type":"ListItem","position":2,"name":"Rotundo \u00e9xito de participaci\u00f3n de la Gran Fiesta de la Cal\u00e7otada de Valls"}]},{"@type":"WebSite","@id":"https:\/\/castelldor.com\/es\/#website","url":"https:\/\/castelldor.com\/es\/","name":"Castell d&#039;Or","description":"Love people, Love wine","publisher":{"@id":"https:\/\/castelldor.com\/es\/#organization"},"potentialAction":[{"@type":"SearchAction","target":{"@type":"EntryPoint","urlTemplate":"https:\/\/castelldor.com\/es\/?s={search_term_string}"},"query-input":{"@type":"PropertyValueSpecification","valueRequired":true,"valueName":"search_term_string"}}],"inLanguage":"es"},{"@type":"Organization","@id":"https:\/\/castelldor.com\/es\/#organization","name":"Castell d'Or","url":"https:\/\/castelldor.com\/es\/","logo":{"@type":"ImageObject","inLanguage":"es","@id":"https:\/\/castelldor.com\/es\/#\/schema\/logo\/image\/","url":"https:\/\/castelldor.com\/wp-content\/uploads\/2022\/08\/Castell-dor-blanc.svg","contentUrl":"https:\/\/castelldor.com\/wp-content\/uploads\/2022\/08\/Castell-dor-blanc.svg","width":169,"height":61,"caption":"Castell d'Or"},"image":{"@id":"https:\/\/castelldor.com\/es\/#\/schema\/logo\/image\/"}},{"@type":"Person","@id":"https:\/\/castelldor.com\/es\/#\/schema\/person\/3800fc91546b8fea5812fe762dd57eab","name":"Cristina","image":{"@type":"ImageObject","inLanguage":"es","@id":"https:\/\/secure.gravatar.com\/avatar\/579c1860b6ddac6d2d774a241f04090d5c13b826525a5d2ed1cf72ca0cce4a17?s=96&d=mm&r=g","url":"https:\/\/secure.gravatar.com\/avatar\/579c1860b6ddac6d2d774a241f04090d5c13b826525a5d2ed1cf72ca0cce4a17?s=96&d=mm&r=g","contentUrl":"https:\/\/secure.gravatar.com\/avatar\/579c1860b6ddac6d2d774a241f04090d5c13b826525a5d2ed1cf72ca0cce4a17?s=96&d=mm&r=g","caption":"Cristina"}}]}},"_links":{"self":[{"href":"https:\/\/castelldor.com\/es\/wp-json\/wp\/v2\/posts\/135153","targetHints":{"allow":["GET"]}}],"collection":[{"href":"https:\/\/castelldor.com\/es\/wp-json\/wp\/v2\/posts"}],"about":[{"href":"https:\/\/castelldor.com\/es\/wp-json\/wp\/v2\/types\/post"}],"author":[{"embeddable":true,"href":"https:\/\/castelldor.com\/es\/wp-json\/wp\/v2\/users\/2"}],"replies":[{"embeddable":true,"href":"https:\/\/castelldor.com\/es\/wp-json\/wp\/v2\/comments?post=135153"}],"version-history":[{"count":3,"href":"https:\/\/castelldor.com\/es\/wp-json\/wp\/v2\/posts\/135153\/revisions"}],"predecessor-version":[{"id":135156,"href":"https:\/\/castelldor.com\/es\/wp-json\/wp\/v2\/posts\/135153\/revisions\/135156"}],"wp:featuredmedia":[{"embeddable":true,"href":"https:\/\/castelldor.com\/es\/wp-json\/wp\/v2\/media\/135117"}],"wp:attachment":[{"href":"https:\/\/castelldor.com\/es\/wp-json\/wp\/v2\/media?parent=135153"}],"wp:term":[{"taxonomy":"category","embeddable":true,"href":"https:\/\/castelldor.com\/es\/wp-json\/wp\/v2\/categories?post=135153"},{"taxonomy":"post_tag","embeddable":true,"href":"https:\/\/castelldor.com\/es\/wp-json\/wp\/v2\/tags?post=135153"}],"curies":[{"name":"wp","href":"https:\/\/api.w.org\/{rel}","templated":true}]}}