{"id":135110,"date":"2024-01-24T12:33:47","date_gmt":"2024-01-24T11:33:47","guid":{"rendered":"https:\/\/castelldor.com\/?p=135110"},"modified":"2024-07-01T12:15:33","modified_gmt":"2024-07-01T10:15:33","slug":"todo-listo-para-la-42a-gran-fiesta-de-la-calcotada-de-valls","status":"publish","type":"post","link":"https:\/\/castelldor.com\/es\/todo-listo-para-la-42a-gran-fiesta-de-la-calcotada-de-valls\/","title":{"rendered":"Todo listo para la 42a Gran Fiesta de la Cal\u00e7otada de Valls"},"content":{"rendered":"<p id=\"tw-target-text\" class=\"tw-data-text tw-text-large tw-ta\" dir=\"ltr\" data-placeholder=\"Traducci\u00f3n\" data-ved=\"2ahUKEwj-q67o9_WDAxWrSaQEHcp_CVcQ3ewLegQIBRAQ\"><span class=\"Y2IQFc\" lang=\"es\">Castell d&#8217;Or participa un a\u00f1o m\u00e1s en la <a href=\"https:\/\/festacalcotadavalls.cat\/\">Gran Fiesta de la Cal\u00e7otada de Valls<\/a> que tendr\u00e1 lugar este domingo 28 de enero, y que marca el inicio de la temporada de cal\u00e7otades. En la rueda de prensa que ha tenido lugar hoy, con todos los agentes implicados se ha recordado que la Gran Fiesta <\/span><span class=\"Y2IQFc\" lang=\"es\">mantiene el recorrido urbano que conecta las plazas del Blat, del Oli y el Pati con la zona de degustaci\u00f3n ubicada en el parking de la Sociedad Agr\u00edcola de Valls. <\/span><\/p>\n<p class=\"tw-data-text tw-text-large tw-ta\" dir=\"ltr\" data-placeholder=\"Traducci\u00f3n\" data-ved=\"2ahUKEwj-q67o9_WDAxWrSaQEHcp_CVcQ3ewLegQIBRAQ\"><span class=\"Y2IQFc\" lang=\"es\">El espacio degustaci\u00f3n ser\u00e1 el punto en el que los visitantes podr\u00e1n recoger y degustar el lote degustaci\u00f3n de la cal\u00e7otada. El espacio estar\u00e1 preparado con mesas y sillas, parrillas y brasa para cocer carne y butifarra de las carnicer\u00edas de Valls. <\/span><\/p>\n<p class=\"tw-data-text tw-text-large tw-ta\" dir=\"ltr\" data-placeholder=\"Traducci\u00f3n\" data-ved=\"2ahUKEwj-q67o9_WDAxWrSaQEHcp_CVcQ3ewLegQIBRAQ\"><span class=\"Y2IQFc\" lang=\"es\">Todo ambientado con m\u00fasica y concierto de sobremesa, con la actuaci\u00f3n de Miquel del Roig y del grupo El Artriste, a partir de las 14 horas. <\/span><\/p>\n<p class=\"tw-data-text tw-text-large tw-ta\" dir=\"ltr\" data-placeholder=\"Traducci\u00f3n\" data-ved=\"2ahUKEwj-q67o9_WDAxWrSaQEHcp_CVcQ3ewLegQIBRAQ\"><span class=\"Y2IQFc\" lang=\"es\">Castell d&#8217;Or ubicar\u00e1 un stand en el Pati junto con el resto de patrocinadores, Salses Fruits y Europastry donde se podr\u00e1 degustar sus vinos y cavas. All\u00ed todo el que quiera podr\u00e1 tomar una copa y descubrir los productos elaborados por el grupo. El grupo Figa Flawas estar\u00e1n presentes en la Plaza del Patio donde firmar\u00e1n y vender\u00e1n en primicia su nuevo disco \u201cLa Cal\u00e7otada\u201d. A partir de las 13 h del domingo se llevar\u00e1 a cabo el 38 Concurso de Comida Cal\u00e7ots y posteriormente la entrega de premios de los diferentes concursos de la Gran Fiesta de la Cal\u00e7otada de Valls. En la plaza del Oli se har\u00e1n demostraciones de cocer cal\u00e7ots a la parrilla, habr\u00e1 paradas y elementos aleg\u00f3ricos en la Cal\u00e7otada, venta de manojos de cal\u00e7ots tiernos y venta de carne y salchich\u00f3n de Valls en las carnicer\u00edas vallenques. <\/span><\/p>\n<p class=\"tw-data-text tw-text-large tw-ta\" dir=\"ltr\" data-placeholder=\"Traducci\u00f3n\" data-ved=\"2ahUKEwj-q67o9_WDAxWrSaQEHcp_CVcQ3ewLegQIBRAQ\"><span class=\"Y2IQFc\" lang=\"es\">En la plaza de l&#8217;Oli se har\u00e1n demostraciones de cocer cal\u00e7ots en la parrilla, habr\u00e1 paradas y elementos aleg\u00f3ricos en la Cal\u00e7otada, venta de manojos de cal\u00e7ots tiernos y venta de carne y salchich\u00f3n de Valls en las carnicer\u00edas vallencas. La Gran Fiesta de la Cal\u00e7otada acoge en Valls a m\u00e1s de 30.000 personas, venidas de toda Catalu\u00f1a, principalmente de la comarca del Alt Camp, del Camp de Tarragona y el \u00c1rea Metropolitana de Barcelona, \u200b\u200bpero tambi\u00e9n de todo el mundo como japoneses, alemanes y franceses. <\/span><\/p>\n<p class=\"tw-data-text tw-text-large tw-ta\" dir=\"ltr\" data-placeholder=\"Traducci\u00f3n\" data-ved=\"2ahUKEwj-q67o9_WDAxWrSaQEHcp_CVcQ3ewLegQIBRAQ\"><span class=\"Y2IQFc\" lang=\"es\">Por lo que respecta a los medios de comunicaci\u00f3n, cada a\u00f1o asisten, en directo, una treintena de medios de Catalu\u00f1a y de Espa\u00f1a (TV3, Antena 3, Telecinco, TVE1&#8230;), algunos de Europa (Francia, Alemania, Reino Unit, Italia) y alguna cadena de EE.UU. y Jap\u00f3n. Los t\u00edquets de la cal\u00e7otada se pueden adquirir previamente a trav\u00e9s de la <a href=\"https:\/\/castelldor.com\/es\/a-la-venta-los-tickets-del-lote-de-la-gran-fiesta-de-la-calcotada\/\">web creada por la organizaci\u00f3n.<\/a><\/span><\/p>\n","protected":false},"excerpt":{"rendered":"<p>Castell d&#8217;Or participa un a\u00f1o m\u00e1s en la Gran Fiesta de la Cal\u00e7otada de Valls que tendr\u00e1 lugar este domingo 28 de enero, y que marca el inicio de la temporada de cal\u00e7otades. En la rueda de prensa que ha tenido lugar hoy, con todos los agentes implicados se ha recordado que la Gran Fiesta&hellip;&nbsp;<a href=\"https:\/\/castelldor.com\/es\/todo-listo-para-la-42a-gran-fiesta-de-la-calcotada-de-valls\/\" rel=\"bookmark\">Read More &raquo;<span class=\"screen-reader-text\">Todo listo para la 42a Gran Fiesta de la Cal\u00e7otada de Valls<\/span><\/a><\/p>\n","protected":false},"author":2,"featured_media":135108,"comment_status":"closed","ping_status":"closed","sticky":false,"template":"","format":"standard","meta":{"_acf_changed":false,"inline_featured_image":false,"neve_meta_sidebar":"","neve_meta_container":"","neve_meta_enable_content_width":"off","neve_meta_content_width":100,"neve_meta_title_alignment":"","neve_meta_author_avatar":"","neve_post_elements_order":"","neve_meta_disable_header":"","neve_meta_disable_footer":"","neve_meta_disable_title":"","neve_meta_reading_time":"","footnotes":""},"categories":[44],"tags":[],"class_list":["post-135110","post","type-post","status-publish","format-standard","has-post-thumbnail","hentry","category-actualidad"],"acf":[],"yoast_head":"<!-- This site is optimized with the Yoast SEO plugin v27.4 - https:\/\/yoast.com\/product\/yoast-seo-wordpress\/ -->\n<title>Todo listo para la 42a Gran Fiesta de la Cal\u00e7otada de Valls | Castell d&#039;Or<\/title>\n<meta name=\"description\" content=\"Castell d&#039;Or participa un a\u00f1o m\u00e1s en la Gran Fiesta de la Cal\u00e7otada de Valls que tendr\u00e1 lugar este domingo 28 de enero\" \/>\n<meta name=\"robots\" content=\"index, follow, max-snippet:-1, max-image-preview:large, max-video-preview:-1\" \/>\n<link rel=\"canonical\" href=\"https:\/\/castelldor.com\/es\/todo-listo-para-la-42a-gran-fiesta-de-la-calcotada-de-valls\/\" \/>\n<meta property=\"og:locale\" content=\"es_ES\" \/>\n<meta property=\"og:type\" content=\"article\" \/>\n<meta property=\"og:title\" content=\"Todo listo para la 42a Gran Fiesta de la Cal\u00e7otada de Valls | Castell d&#039;Or\" \/>\n<meta property=\"og:description\" content=\"Castell d&#039;Or participa un a\u00f1o m\u00e1s en la Gran Fiesta de la Cal\u00e7otada de Valls que tendr\u00e1 lugar este domingo 28 de enero\" \/>\n<meta property=\"og:url\" content=\"https:\/\/castelldor.com\/es\/todo-listo-para-la-42a-gran-fiesta-de-la-calcotada-de-valls\/\" \/>\n<meta property=\"og:site_name\" content=\"Castell d&#039;Or\" \/>\n<meta property=\"article:published_time\" content=\"2024-01-24T11:33:47+00:00\" \/>\n<meta property=\"article:modified_time\" content=\"2024-07-01T10:15:33+00:00\" \/>\n<meta property=\"og:image\" content=\"https:\/\/castelldor.com\/wp-content\/uploads\/2024\/01\/GEhclw6XYAAHO7M.jpg\" \/>\n\t<meta property=\"og:image:width\" content=\"1600\" \/>\n\t<meta property=\"og:image:height\" content=\"1200\" \/>\n\t<meta property=\"og:image:type\" content=\"image\/jpeg\" \/>\n<meta name=\"author\" content=\"Cristina\" \/>\n<meta name=\"twitter:card\" content=\"summary_large_image\" \/>\n<meta name=\"twitter:label1\" content=\"Escrito por\" \/>\n\t<meta name=\"twitter:data1\" content=\"Cristina\" \/>\n\t<meta name=\"twitter:label2\" content=\"Tiempo de lectura\" \/>\n\t<meta name=\"twitter:data2\" content=\"3 minutos\" \/>\n<script type=\"application\/ld+json\" class=\"yoast-schema-graph\">{\"@context\":\"https:\\\/\\\/schema.org\",\"@graph\":[{\"@type\":\"Article\",\"@id\":\"https:\\\/\\\/castelldor.com\\\/es\\\/todo-listo-para-la-42a-gran-fiesta-de-la-calcotada-de-valls\\\/#article\",\"isPartOf\":{\"@id\":\"https:\\\/\\\/castelldor.com\\\/es\\\/todo-listo-para-la-42a-gran-fiesta-de-la-calcotada-de-valls\\\/\"},\"author\":{\"name\":\"Cristina\",\"@id\":\"https:\\\/\\\/castelldor.com\\\/es\\\/#\\\/schema\\\/person\\\/3800fc91546b8fea5812fe762dd57eab\"},\"headline\":\"Todo listo para la 42a Gran Fiesta de la Cal\u00e7otada de Valls\",\"datePublished\":\"2024-01-24T11:33:47+00:00\",\"dateModified\":\"2024-07-01T10:15:33+00:00\",\"mainEntityOfPage\":{\"@id\":\"https:\\\/\\\/castelldor.com\\\/es\\\/todo-listo-para-la-42a-gran-fiesta-de-la-calcotada-de-valls\\\/\"},\"wordCount\":499,\"publisher\":{\"@id\":\"https:\\\/\\\/castelldor.com\\\/es\\\/#organization\"},\"image\":{\"@id\":\"https:\\\/\\\/castelldor.com\\\/es\\\/todo-listo-para-la-42a-gran-fiesta-de-la-calcotada-de-valls\\\/#primaryimage\"},\"thumbnailUrl\":\"https:\\\/\\\/castelldor.com\\\/wp-content\\\/uploads\\\/2024\\\/01\\\/GEhclw6XYAAHO7M.jpg\",\"articleSection\":[\"Actualidad\"],\"inLanguage\":\"es\"},{\"@type\":\"WebPage\",\"@id\":\"https:\\\/\\\/castelldor.com\\\/es\\\/todo-listo-para-la-42a-gran-fiesta-de-la-calcotada-de-valls\\\/\",\"url\":\"https:\\\/\\\/castelldor.com\\\/es\\\/todo-listo-para-la-42a-gran-fiesta-de-la-calcotada-de-valls\\\/\",\"name\":\"Todo listo para la 42a Gran Fiesta de la Cal\u00e7otada de Valls | Castell d&#039;Or\",\"isPartOf\":{\"@id\":\"https:\\\/\\\/castelldor.com\\\/es\\\/#website\"},\"primaryImageOfPage\":{\"@id\":\"https:\\\/\\\/castelldor.com\\\/es\\\/todo-listo-para-la-42a-gran-fiesta-de-la-calcotada-de-valls\\\/#primaryimage\"},\"image\":{\"@id\":\"https:\\\/\\\/castelldor.com\\\/es\\\/todo-listo-para-la-42a-gran-fiesta-de-la-calcotada-de-valls\\\/#primaryimage\"},\"thumbnailUrl\":\"https:\\\/\\\/castelldor.com\\\/wp-content\\\/uploads\\\/2024\\\/01\\\/GEhclw6XYAAHO7M.jpg\",\"datePublished\":\"2024-01-24T11:33:47+00:00\",\"dateModified\":\"2024-07-01T10:15:33+00:00\",\"description\":\"Castell d'Or participa un a\u00f1o m\u00e1s en la Gran Fiesta de la Cal\u00e7otada de Valls que tendr\u00e1 lugar este domingo 28 de enero\",\"breadcrumb\":{\"@id\":\"https:\\\/\\\/castelldor.com\\\/es\\\/todo-listo-para-la-42a-gran-fiesta-de-la-calcotada-de-valls\\\/#breadcrumb\"},\"inLanguage\":\"es\",\"potentialAction\":[{\"@type\":\"ReadAction\",\"target\":[\"https:\\\/\\\/castelldor.com\\\/es\\\/todo-listo-para-la-42a-gran-fiesta-de-la-calcotada-de-valls\\\/\"]}]},{\"@type\":\"ImageObject\",\"inLanguage\":\"es\",\"@id\":\"https:\\\/\\\/castelldor.com\\\/es\\\/todo-listo-para-la-42a-gran-fiesta-de-la-calcotada-de-valls\\\/#primaryimage\",\"url\":\"https:\\\/\\\/castelldor.com\\\/wp-content\\\/uploads\\\/2024\\\/01\\\/GEhclw6XYAAHO7M.jpg\",\"contentUrl\":\"https:\\\/\\\/castelldor.com\\\/wp-content\\\/uploads\\\/2024\\\/01\\\/GEhclw6XYAAHO7M.jpg\",\"width\":1600,\"height\":1200},{\"@type\":\"BreadcrumbList\",\"@id\":\"https:\\\/\\\/castelldor.com\\\/es\\\/todo-listo-para-la-42a-gran-fiesta-de-la-calcotada-de-valls\\\/#breadcrumb\",\"itemListElement\":[{\"@type\":\"ListItem\",\"position\":1,\"name\":\"Inici\",\"item\":\"https:\\\/\\\/castelldor.com\\\/es\\\/\"},{\"@type\":\"ListItem\",\"position\":2,\"name\":\"Todo listo para la 42a Gran Fiesta de la Cal\u00e7otada de Valls\"}]},{\"@type\":\"WebSite\",\"@id\":\"https:\\\/\\\/castelldor.com\\\/es\\\/#website\",\"url\":\"https:\\\/\\\/castelldor.com\\\/es\\\/\",\"name\":\"Castell d&#039;Or\",\"description\":\"Love people, Love wine\",\"publisher\":{\"@id\":\"https:\\\/\\\/castelldor.com\\\/es\\\/#organization\"},\"potentialAction\":[{\"@type\":\"SearchAction\",\"target\":{\"@type\":\"EntryPoint\",\"urlTemplate\":\"https:\\\/\\\/castelldor.com\\\/es\\\/?s={search_term_string}\"},\"query-input\":{\"@type\":\"PropertyValueSpecification\",\"valueRequired\":true,\"valueName\":\"search_term_string\"}}],\"inLanguage\":\"es\"},{\"@type\":\"Organization\",\"@id\":\"https:\\\/\\\/castelldor.com\\\/es\\\/#organization\",\"name\":\"Castell d'Or\",\"url\":\"https:\\\/\\\/castelldor.com\\\/es\\\/\",\"logo\":{\"@type\":\"ImageObject\",\"inLanguage\":\"es\",\"@id\":\"https:\\\/\\\/castelldor.com\\\/es\\\/#\\\/schema\\\/logo\\\/image\\\/\",\"url\":\"https:\\\/\\\/castelldor.com\\\/wp-content\\\/uploads\\\/2022\\\/08\\\/Castell-dor-blanc.svg\",\"contentUrl\":\"https:\\\/\\\/castelldor.com\\\/wp-content\\\/uploads\\\/2022\\\/08\\\/Castell-dor-blanc.svg\",\"width\":169,\"height\":61,\"caption\":\"Castell d'Or\"},\"image\":{\"@id\":\"https:\\\/\\\/castelldor.com\\\/es\\\/#\\\/schema\\\/logo\\\/image\\\/\"}},{\"@type\":\"Person\",\"@id\":\"https:\\\/\\\/castelldor.com\\\/es\\\/#\\\/schema\\\/person\\\/3800fc91546b8fea5812fe762dd57eab\",\"name\":\"Cristina\",\"image\":{\"@type\":\"ImageObject\",\"inLanguage\":\"es\",\"@id\":\"https:\\\/\\\/secure.gravatar.com\\\/avatar\\\/579c1860b6ddac6d2d774a241f04090d5c13b826525a5d2ed1cf72ca0cce4a17?s=96&d=mm&r=g\",\"url\":\"https:\\\/\\\/secure.gravatar.com\\\/avatar\\\/579c1860b6ddac6d2d774a241f04090d5c13b826525a5d2ed1cf72ca0cce4a17?s=96&d=mm&r=g\",\"contentUrl\":\"https:\\\/\\\/secure.gravatar.com\\\/avatar\\\/579c1860b6ddac6d2d774a241f04090d5c13b826525a5d2ed1cf72ca0cce4a17?s=96&d=mm&r=g\",\"caption\":\"Cristina\"}}]}<\/script>\n<!-- \/ Yoast SEO plugin. -->","yoast_head_json":{"title":"Todo listo para la 42a Gran Fiesta de la Cal\u00e7otada de Valls | Castell d&#039;Or","description":"Castell d'Or participa un a\u00f1o m\u00e1s en la Gran Fiesta de la Cal\u00e7otada de Valls que tendr\u00e1 lugar este domingo 28 de enero","robots":{"index":"index","follow":"follow","max-snippet":"max-snippet:-1","max-image-preview":"max-image-preview:large","max-video-preview":"max-video-preview:-1"},"canonical":"https:\/\/castelldor.com\/es\/todo-listo-para-la-42a-gran-fiesta-de-la-calcotada-de-valls\/","og_locale":"es_ES","og_type":"article","og_title":"Todo listo para la 42a Gran Fiesta de la Cal\u00e7otada de Valls | Castell d&#039;Or","og_description":"Castell d'Or participa un a\u00f1o m\u00e1s en la Gran Fiesta de la Cal\u00e7otada de Valls que tendr\u00e1 lugar este domingo 28 de enero","og_url":"https:\/\/castelldor.com\/es\/todo-listo-para-la-42a-gran-fiesta-de-la-calcotada-de-valls\/","og_site_name":"Castell d&#039;Or","article_published_time":"2024-01-24T11:33:47+00:00","article_modified_time":"2024-07-01T10:15:33+00:00","og_image":[{"width":1600,"height":1200,"url":"https:\/\/castelldor.com\/wp-content\/uploads\/2024\/01\/GEhclw6XYAAHO7M.jpg","type":"image\/jpeg"}],"author":"Cristina","twitter_card":"summary_large_image","twitter_misc":{"Escrito por":"Cristina","Tiempo de lectura":"3 minutos"},"schema":{"@context":"https:\/\/schema.org","@graph":[{"@type":"Article","@id":"https:\/\/castelldor.com\/es\/todo-listo-para-la-42a-gran-fiesta-de-la-calcotada-de-valls\/#article","isPartOf":{"@id":"https:\/\/castelldor.com\/es\/todo-listo-para-la-42a-gran-fiesta-de-la-calcotada-de-valls\/"},"author":{"name":"Cristina","@id":"https:\/\/castelldor.com\/es\/#\/schema\/person\/3800fc91546b8fea5812fe762dd57eab"},"headline":"Todo listo para la 42a Gran Fiesta de la Cal\u00e7otada de Valls","datePublished":"2024-01-24T11:33:47+00:00","dateModified":"2024-07-01T10:15:33+00:00","mainEntityOfPage":{"@id":"https:\/\/castelldor.com\/es\/todo-listo-para-la-42a-gran-fiesta-de-la-calcotada-de-valls\/"},"wordCount":499,"publisher":{"@id":"https:\/\/castelldor.com\/es\/#organization"},"image":{"@id":"https:\/\/castelldor.com\/es\/todo-listo-para-la-42a-gran-fiesta-de-la-calcotada-de-valls\/#primaryimage"},"thumbnailUrl":"https:\/\/castelldor.com\/wp-content\/uploads\/2024\/01\/GEhclw6XYAAHO7M.jpg","articleSection":["Actualidad"],"inLanguage":"es"},{"@type":"WebPage","@id":"https:\/\/castelldor.com\/es\/todo-listo-para-la-42a-gran-fiesta-de-la-calcotada-de-valls\/","url":"https:\/\/castelldor.com\/es\/todo-listo-para-la-42a-gran-fiesta-de-la-calcotada-de-valls\/","name":"Todo listo para la 42a Gran Fiesta de la Cal\u00e7otada de Valls | Castell d&#039;Or","isPartOf":{"@id":"https:\/\/castelldor.com\/es\/#website"},"primaryImageOfPage":{"@id":"https:\/\/castelldor.com\/es\/todo-listo-para-la-42a-gran-fiesta-de-la-calcotada-de-valls\/#primaryimage"},"image":{"@id":"https:\/\/castelldor.com\/es\/todo-listo-para-la-42a-gran-fiesta-de-la-calcotada-de-valls\/#primaryimage"},"thumbnailUrl":"https:\/\/castelldor.com\/wp-content\/uploads\/2024\/01\/GEhclw6XYAAHO7M.jpg","datePublished":"2024-01-24T11:33:47+00:00","dateModified":"2024-07-01T10:15:33+00:00","description":"Castell d'Or participa un a\u00f1o m\u00e1s en la Gran Fiesta de la Cal\u00e7otada de Valls que tendr\u00e1 lugar este domingo 28 de enero","breadcrumb":{"@id":"https:\/\/castelldor.com\/es\/todo-listo-para-la-42a-gran-fiesta-de-la-calcotada-de-valls\/#breadcrumb"},"inLanguage":"es","potentialAction":[{"@type":"ReadAction","target":["https:\/\/castelldor.com\/es\/todo-listo-para-la-42a-gran-fiesta-de-la-calcotada-de-valls\/"]}]},{"@type":"ImageObject","inLanguage":"es","@id":"https:\/\/castelldor.com\/es\/todo-listo-para-la-42a-gran-fiesta-de-la-calcotada-de-valls\/#primaryimage","url":"https:\/\/castelldor.com\/wp-content\/uploads\/2024\/01\/GEhclw6XYAAHO7M.jpg","contentUrl":"https:\/\/castelldor.com\/wp-content\/uploads\/2024\/01\/GEhclw6XYAAHO7M.jpg","width":1600,"height":1200},{"@type":"BreadcrumbList","@id":"https:\/\/castelldor.com\/es\/todo-listo-para-la-42a-gran-fiesta-de-la-calcotada-de-valls\/#breadcrumb","itemListElement":[{"@type":"ListItem","position":1,"name":"Inici","item":"https:\/\/castelldor.com\/es\/"},{"@type":"ListItem","position":2,"name":"Todo listo para la 42a Gran Fiesta de la Cal\u00e7otada de Valls"}]},{"@type":"WebSite","@id":"https:\/\/castelldor.com\/es\/#website","url":"https:\/\/castelldor.com\/es\/","name":"Castell d&#039;Or","description":"Love people, Love wine","publisher":{"@id":"https:\/\/castelldor.com\/es\/#organization"},"potentialAction":[{"@type":"SearchAction","target":{"@type":"EntryPoint","urlTemplate":"https:\/\/castelldor.com\/es\/?s={search_term_string}"},"query-input":{"@type":"PropertyValueSpecification","valueRequired":true,"valueName":"search_term_string"}}],"inLanguage":"es"},{"@type":"Organization","@id":"https:\/\/castelldor.com\/es\/#organization","name":"Castell d'Or","url":"https:\/\/castelldor.com\/es\/","logo":{"@type":"ImageObject","inLanguage":"es","@id":"https:\/\/castelldor.com\/es\/#\/schema\/logo\/image\/","url":"https:\/\/castelldor.com\/wp-content\/uploads\/2022\/08\/Castell-dor-blanc.svg","contentUrl":"https:\/\/castelldor.com\/wp-content\/uploads\/2022\/08\/Castell-dor-blanc.svg","width":169,"height":61,"caption":"Castell d'Or"},"image":{"@id":"https:\/\/castelldor.com\/es\/#\/schema\/logo\/image\/"}},{"@type":"Person","@id":"https:\/\/castelldor.com\/es\/#\/schema\/person\/3800fc91546b8fea5812fe762dd57eab","name":"Cristina","image":{"@type":"ImageObject","inLanguage":"es","@id":"https:\/\/secure.gravatar.com\/avatar\/579c1860b6ddac6d2d774a241f04090d5c13b826525a5d2ed1cf72ca0cce4a17?s=96&d=mm&r=g","url":"https:\/\/secure.gravatar.com\/avatar\/579c1860b6ddac6d2d774a241f04090d5c13b826525a5d2ed1cf72ca0cce4a17?s=96&d=mm&r=g","contentUrl":"https:\/\/secure.gravatar.com\/avatar\/579c1860b6ddac6d2d774a241f04090d5c13b826525a5d2ed1cf72ca0cce4a17?s=96&d=mm&r=g","caption":"Cristina"}}]}},"_links":{"self":[{"href":"https:\/\/castelldor.com\/es\/wp-json\/wp\/v2\/posts\/135110","targetHints":{"allow":["GET"]}}],"collection":[{"href":"https:\/\/castelldor.com\/es\/wp-json\/wp\/v2\/posts"}],"about":[{"href":"https:\/\/castelldor.com\/es\/wp-json\/wp\/v2\/types\/post"}],"author":[{"embeddable":true,"href":"https:\/\/castelldor.com\/es\/wp-json\/wp\/v2\/users\/2"}],"replies":[{"embeddable":true,"href":"https:\/\/castelldor.com\/es\/wp-json\/wp\/v2\/comments?post=135110"}],"version-history":[{"count":1,"href":"https:\/\/castelldor.com\/es\/wp-json\/wp\/v2\/posts\/135110\/revisions"}],"predecessor-version":[{"id":135111,"href":"https:\/\/castelldor.com\/es\/wp-json\/wp\/v2\/posts\/135110\/revisions\/135111"}],"wp:featuredmedia":[{"embeddable":true,"href":"https:\/\/castelldor.com\/es\/wp-json\/wp\/v2\/media\/135108"}],"wp:attachment":[{"href":"https:\/\/castelldor.com\/es\/wp-json\/wp\/v2\/media?parent=135110"}],"wp:term":[{"taxonomy":"category","embeddable":true,"href":"https:\/\/castelldor.com\/es\/wp-json\/wp\/v2\/categories?post=135110"},{"taxonomy":"post_tag","embeddable":true,"href":"https:\/\/castelldor.com\/es\/wp-json\/wp\/v2\/tags?post=135110"}],"curies":[{"name":"wp","href":"https:\/\/api.w.org\/{rel}","templated":true}]}}