{"id":134421,"date":"2023-11-16T10:46:46","date_gmt":"2023-11-16T09:46:46","guid":{"rendered":"https:\/\/castelldor.com\/?p=134421"},"modified":"2024-07-01T12:15:33","modified_gmt":"2024-07-01T10:15:33","slug":"castell-dor-renueva-su-apoyo-con-la-calcotada-de-valls-2024","status":"publish","type":"post","link":"https:\/\/castelldor.com\/es\/castell-dor-renueva-su-apoyo-con-la-calcotada-de-valls-2024\/","title":{"rendered":"Castell d&#8217;Or renueva su apoyo con la Cal\u00e7otada de Valls 2024"},"content":{"rendered":"<p>La Gran Fiesta de la Cal\u00e7otada del 2024 ya est\u00e1 en marcha gracias al impulso de la C\u00e1mara de Comercio, Industria y Servicios de Valls, el Ayuntamiento de Valls y patrocinadores como <a href=\"http:\/\/www.castelldor.com\">Castell d\u2019Or<\/a>, Europastry y Salses Fruits. Esta celebraci\u00f3n, que tendr\u00e1 lugar el domingo 28 de enero de 2024, promete sorpresas y novedades para los amantes de esta tradici\u00f3n culinaria \u00fanica.<\/p>\n<p><iframe width=\"560\" height=\"315\" src=\"https:\/\/www.youtube.com\/embed\/hALYbzBHzsc?si=nnOFx0zaAONgbv8p\" title=\"YouTube video player\" frameborder=\"0\" allow=\"accelerometer; autoplay; clipboard-write; encrypted-media; gyroscope; picture-in-picture; web-share\" allowfullscreen><\/iframe><\/p>\n<p>&nbsp;<\/p>\n<p>La presencia de Castell d\u2019Or como patrocinador oficial, junto con Europastry y Salses Fruits, refuerza el compromiso de estas empresas con la manifestaci\u00f3n gastron\u00f3mica m\u00e1s destacada de Catalu\u00f1a. Esta es la tercera edici\u00f3n consecutiva en la que Castell d\u2019Or se une a la celebraci\u00f3n, mostrando su apoyo a la cultura gastron\u00f3mica local y destacando su participaci\u00f3n en el evento que se celebrar\u00e1 en enero del pr\u00f3ximo a\u00f1o.<\/p>\n<p>Pr\u00f3ximamente se revelar\u00e1n m\u00e1s detalles sobre las emocionantes novedades de la fiesta, as\u00ed como el programa completo de actividades tradicionales, concursos y eventos festivos relacionados con el mundo de los <em>cal\u00e7ots<\/em>. Habr\u00e1 demostraciones de cocci\u00f3n, concursos de productores y degustaciones populares, entre otras actividades que tendr\u00e1n lugar en Valls.<\/p>\n<p>Los boletos para la degustaci\u00f3n popular estar\u00e1n disponibles en puntos como el Ayuntamiento de Valls, la plaza del Pati en el Instituto de Estudios Vallencs y las cabinas de la ONCE. Se tiene previsto repartir hasta 4.000 bolsas de degustaci\u00f3n que podr\u00e1n recogerse en la Cooperativa Agr\u00edcola de Valls. Este espacio contar\u00e1 con \u00e1reas de cocci\u00f3n, mesas para disfrutar de la aut\u00e9ntica cal\u00e7otada y m\u00fasica ambiental.<\/p>\n<p>Este evento, que marca el inicio de la temporada de cal\u00e7otadas, representa una oportunidad para disfrutar de la cultura y la gastronom\u00eda local en un ambiente festivo y acogedor. Castell d\u2019Or, junto con otros patrocinadores, reafirma su compromiso con la tradici\u00f3n y la identidad de Valls.<\/p>\n<p>Para m\u00e1s informaci\u00f3n sobre Castell d\u2019Or y su participaci\u00f3n en este evento, visita: <a href=\"http:\/\/www.castelldor.com\/\" target=\"_new\" rel=\"noopener\">www.castelldor.com<\/a><\/p>\n","protected":false},"excerpt":{"rendered":"<p>La Gran Fiesta de la Cal\u00e7otada del 2024 ya est\u00e1 en marcha gracias al impulso de la C\u00e1mara de Comercio, Industria y Servicios de Valls, el Ayuntamiento de Valls y patrocinadores como Castell d\u2019Or, Europastry y Salses Fruits. Esta celebraci\u00f3n, que tendr\u00e1 lugar el domingo 28 de enero de 2024, promete sorpresas y novedades para&hellip;&nbsp;<a href=\"https:\/\/castelldor.com\/es\/castell-dor-renueva-su-apoyo-con-la-calcotada-de-valls-2024\/\" rel=\"bookmark\">Read More &raquo;<span class=\"screen-reader-text\">Castell d&#8217;Or renueva su apoyo con la Cal\u00e7otada de Valls 2024<\/span><\/a><\/p>\n","protected":false},"author":2,"featured_media":134409,"comment_status":"open","ping_status":"closed","sticky":false,"template":"","format":"standard","meta":{"_acf_changed":false,"inline_featured_image":false,"neve_meta_sidebar":"","neve_meta_container":"","neve_meta_enable_content_width":"off","neve_meta_content_width":100,"neve_meta_title_alignment":"","neve_meta_author_avatar":"","neve_post_elements_order":"","neve_meta_disable_header":"","neve_meta_disable_footer":"","neve_meta_disable_title":"","neve_meta_reading_time":"","footnotes":""},"categories":[44],"tags":[],"class_list":["post-134421","post","type-post","status-publish","format-standard","has-post-thumbnail","hentry","category-actualidad"],"acf":[],"yoast_head":"<!-- This site is optimized with the Yoast SEO plugin v27.4 - https:\/\/yoast.com\/product\/yoast-seo-wordpress\/ -->\n<title>Castell d&#039;Or renueva su apoyo con la Cal\u00e7otada de Valls 2024 | Castell d&#039;Or<\/title>\n<meta name=\"description\" content=\"La Gran Fiesta de la Cal\u00e7otada del 2024 ya est\u00e1 en marcha Gracias a la C\u00e1mara de Valls y tendr\u00e1 lugar el domingo 28 de enero del 2024.\" \/>\n<meta name=\"robots\" content=\"index, follow, max-snippet:-1, max-image-preview:large, max-video-preview:-1\" \/>\n<link rel=\"canonical\" href=\"https:\/\/castelldor.com\/es\/castell-dor-renueva-su-apoyo-con-la-calcotada-de-valls-2024\/\" \/>\n<meta property=\"og:locale\" content=\"es_ES\" \/>\n<meta property=\"og:type\" content=\"article\" \/>\n<meta property=\"og:title\" content=\"Castell d&#039;Or renueva su apoyo con la Cal\u00e7otada de Valls 2024 | Castell d&#039;Or\" \/>\n<meta property=\"og:description\" content=\"La Gran Fiesta de la Cal\u00e7otada del 2024 ya est\u00e1 en marcha Gracias a la C\u00e1mara de Valls y tendr\u00e1 lugar el domingo 28 de enero del 2024.\" \/>\n<meta property=\"og:url\" content=\"https:\/\/castelldor.com\/es\/castell-dor-renueva-su-apoyo-con-la-calcotada-de-valls-2024\/\" \/>\n<meta property=\"og:site_name\" content=\"Castell d&#039;Or\" \/>\n<meta property=\"article:published_time\" content=\"2023-11-16T09:46:46+00:00\" \/>\n<meta property=\"article:modified_time\" content=\"2024-07-01T10:15:33+00:00\" \/>\n<meta property=\"og:image\" content=\"https:\/\/castelldor.com\/wp-content\/uploads\/2023\/11\/1700051808478.jpg\" \/>\n\t<meta property=\"og:image:width\" content=\"1440\" \/>\n\t<meta property=\"og:image:height\" content=\"1080\" \/>\n\t<meta property=\"og:image:type\" content=\"image\/jpeg\" \/>\n<meta name=\"author\" content=\"Cristina\" \/>\n<meta name=\"twitter:card\" content=\"summary_large_image\" \/>\n<meta name=\"twitter:label1\" content=\"Escrito por\" \/>\n\t<meta name=\"twitter:data1\" content=\"Cristina\" \/>\n\t<meta name=\"twitter:label2\" content=\"Tiempo de lectura\" \/>\n\t<meta name=\"twitter:data2\" content=\"2 minutos\" \/>\n<script type=\"application\/ld+json\" class=\"yoast-schema-graph\">{\"@context\":\"https:\\\/\\\/schema.org\",\"@graph\":[{\"@type\":\"Article\",\"@id\":\"https:\\\/\\\/castelldor.com\\\/es\\\/castell-dor-renueva-su-apoyo-con-la-calcotada-de-valls-2024\\\/#article\",\"isPartOf\":{\"@id\":\"https:\\\/\\\/castelldor.com\\\/es\\\/castell-dor-renueva-su-apoyo-con-la-calcotada-de-valls-2024\\\/\"},\"author\":{\"name\":\"Cristina\",\"@id\":\"https:\\\/\\\/castelldor.com\\\/es\\\/#\\\/schema\\\/person\\\/3800fc91546b8fea5812fe762dd57eab\"},\"headline\":\"Castell d&#8217;Or renueva su apoyo con la Cal\u00e7otada de Valls 2024\",\"datePublished\":\"2023-11-16T09:46:46+00:00\",\"dateModified\":\"2024-07-01T10:15:33+00:00\",\"mainEntityOfPage\":{\"@id\":\"https:\\\/\\\/castelldor.com\\\/es\\\/castell-dor-renueva-su-apoyo-con-la-calcotada-de-valls-2024\\\/\"},\"wordCount\":355,\"commentCount\":0,\"publisher\":{\"@id\":\"https:\\\/\\\/castelldor.com\\\/es\\\/#organization\"},\"image\":{\"@id\":\"https:\\\/\\\/castelldor.com\\\/es\\\/castell-dor-renueva-su-apoyo-con-la-calcotada-de-valls-2024\\\/#primaryimage\"},\"thumbnailUrl\":\"https:\\\/\\\/castelldor.com\\\/wp-content\\\/uploads\\\/2023\\\/11\\\/1700051808478.jpg\",\"articleSection\":[\"Actualidad\"],\"inLanguage\":\"es\",\"potentialAction\":[{\"@type\":\"CommentAction\",\"name\":\"Comment\",\"target\":[\"https:\\\/\\\/castelldor.com\\\/es\\\/castell-dor-renueva-su-apoyo-con-la-calcotada-de-valls-2024\\\/#respond\"]}]},{\"@type\":\"WebPage\",\"@id\":\"https:\\\/\\\/castelldor.com\\\/es\\\/castell-dor-renueva-su-apoyo-con-la-calcotada-de-valls-2024\\\/\",\"url\":\"https:\\\/\\\/castelldor.com\\\/es\\\/castell-dor-renueva-su-apoyo-con-la-calcotada-de-valls-2024\\\/\",\"name\":\"Castell d'Or renueva su apoyo con la Cal\u00e7otada de Valls 2024 | Castell d&#039;Or\",\"isPartOf\":{\"@id\":\"https:\\\/\\\/castelldor.com\\\/es\\\/#website\"},\"primaryImageOfPage\":{\"@id\":\"https:\\\/\\\/castelldor.com\\\/es\\\/castell-dor-renueva-su-apoyo-con-la-calcotada-de-valls-2024\\\/#primaryimage\"},\"image\":{\"@id\":\"https:\\\/\\\/castelldor.com\\\/es\\\/castell-dor-renueva-su-apoyo-con-la-calcotada-de-valls-2024\\\/#primaryimage\"},\"thumbnailUrl\":\"https:\\\/\\\/castelldor.com\\\/wp-content\\\/uploads\\\/2023\\\/11\\\/1700051808478.jpg\",\"datePublished\":\"2023-11-16T09:46:46+00:00\",\"dateModified\":\"2024-07-01T10:15:33+00:00\",\"description\":\"La Gran Fiesta de la Cal\u00e7otada del 2024 ya est\u00e1 en marcha Gracias a la C\u00e1mara de Valls y tendr\u00e1 lugar el domingo 28 de enero del 2024.\",\"breadcrumb\":{\"@id\":\"https:\\\/\\\/castelldor.com\\\/es\\\/castell-dor-renueva-su-apoyo-con-la-calcotada-de-valls-2024\\\/#breadcrumb\"},\"inLanguage\":\"es\",\"potentialAction\":[{\"@type\":\"ReadAction\",\"target\":[\"https:\\\/\\\/castelldor.com\\\/es\\\/castell-dor-renueva-su-apoyo-con-la-calcotada-de-valls-2024\\\/\"]}]},{\"@type\":\"ImageObject\",\"inLanguage\":\"es\",\"@id\":\"https:\\\/\\\/castelldor.com\\\/es\\\/castell-dor-renueva-su-apoyo-con-la-calcotada-de-valls-2024\\\/#primaryimage\",\"url\":\"https:\\\/\\\/castelldor.com\\\/wp-content\\\/uploads\\\/2023\\\/11\\\/1700051808478.jpg\",\"contentUrl\":\"https:\\\/\\\/castelldor.com\\\/wp-content\\\/uploads\\\/2023\\\/11\\\/1700051808478.jpg\",\"width\":1440,\"height\":1080},{\"@type\":\"BreadcrumbList\",\"@id\":\"https:\\\/\\\/castelldor.com\\\/es\\\/castell-dor-renueva-su-apoyo-con-la-calcotada-de-valls-2024\\\/#breadcrumb\",\"itemListElement\":[{\"@type\":\"ListItem\",\"position\":1,\"name\":\"Inici\",\"item\":\"https:\\\/\\\/castelldor.com\\\/es\\\/\"},{\"@type\":\"ListItem\",\"position\":2,\"name\":\"Castell d&#8217;Or renueva su apoyo con la Cal\u00e7otada de Valls 2024\"}]},{\"@type\":\"WebSite\",\"@id\":\"https:\\\/\\\/castelldor.com\\\/es\\\/#website\",\"url\":\"https:\\\/\\\/castelldor.com\\\/es\\\/\",\"name\":\"Castell d&#039;Or\",\"description\":\"Love people, Love wine\",\"publisher\":{\"@id\":\"https:\\\/\\\/castelldor.com\\\/es\\\/#organization\"},\"potentialAction\":[{\"@type\":\"SearchAction\",\"target\":{\"@type\":\"EntryPoint\",\"urlTemplate\":\"https:\\\/\\\/castelldor.com\\\/es\\\/?s={search_term_string}\"},\"query-input\":{\"@type\":\"PropertyValueSpecification\",\"valueRequired\":true,\"valueName\":\"search_term_string\"}}],\"inLanguage\":\"es\"},{\"@type\":\"Organization\",\"@id\":\"https:\\\/\\\/castelldor.com\\\/es\\\/#organization\",\"name\":\"Castell d'Or\",\"url\":\"https:\\\/\\\/castelldor.com\\\/es\\\/\",\"logo\":{\"@type\":\"ImageObject\",\"inLanguage\":\"es\",\"@id\":\"https:\\\/\\\/castelldor.com\\\/es\\\/#\\\/schema\\\/logo\\\/image\\\/\",\"url\":\"https:\\\/\\\/castelldor.com\\\/wp-content\\\/uploads\\\/2022\\\/08\\\/Castell-dor-blanc.svg\",\"contentUrl\":\"https:\\\/\\\/castelldor.com\\\/wp-content\\\/uploads\\\/2022\\\/08\\\/Castell-dor-blanc.svg\",\"width\":169,\"height\":61,\"caption\":\"Castell d'Or\"},\"image\":{\"@id\":\"https:\\\/\\\/castelldor.com\\\/es\\\/#\\\/schema\\\/logo\\\/image\\\/\"}},{\"@type\":\"Person\",\"@id\":\"https:\\\/\\\/castelldor.com\\\/es\\\/#\\\/schema\\\/person\\\/3800fc91546b8fea5812fe762dd57eab\",\"name\":\"Cristina\",\"image\":{\"@type\":\"ImageObject\",\"inLanguage\":\"es\",\"@id\":\"https:\\\/\\\/secure.gravatar.com\\\/avatar\\\/579c1860b6ddac6d2d774a241f04090d5c13b826525a5d2ed1cf72ca0cce4a17?s=96&d=mm&r=g\",\"url\":\"https:\\\/\\\/secure.gravatar.com\\\/avatar\\\/579c1860b6ddac6d2d774a241f04090d5c13b826525a5d2ed1cf72ca0cce4a17?s=96&d=mm&r=g\",\"contentUrl\":\"https:\\\/\\\/secure.gravatar.com\\\/avatar\\\/579c1860b6ddac6d2d774a241f04090d5c13b826525a5d2ed1cf72ca0cce4a17?s=96&d=mm&r=g\",\"caption\":\"Cristina\"}}]}<\/script>\n<!-- \/ Yoast SEO plugin. -->","yoast_head_json":{"title":"Castell d'Or renueva su apoyo con la Cal\u00e7otada de Valls 2024 | Castell d&#039;Or","description":"La Gran Fiesta de la Cal\u00e7otada del 2024 ya est\u00e1 en marcha Gracias a la C\u00e1mara de Valls y tendr\u00e1 lugar el domingo 28 de enero del 2024.","robots":{"index":"index","follow":"follow","max-snippet":"max-snippet:-1","max-image-preview":"max-image-preview:large","max-video-preview":"max-video-preview:-1"},"canonical":"https:\/\/castelldor.com\/es\/castell-dor-renueva-su-apoyo-con-la-calcotada-de-valls-2024\/","og_locale":"es_ES","og_type":"article","og_title":"Castell d'Or renueva su apoyo con la Cal\u00e7otada de Valls 2024 | Castell d&#039;Or","og_description":"La Gran Fiesta de la Cal\u00e7otada del 2024 ya est\u00e1 en marcha Gracias a la C\u00e1mara de Valls y tendr\u00e1 lugar el domingo 28 de enero del 2024.","og_url":"https:\/\/castelldor.com\/es\/castell-dor-renueva-su-apoyo-con-la-calcotada-de-valls-2024\/","og_site_name":"Castell d&#039;Or","article_published_time":"2023-11-16T09:46:46+00:00","article_modified_time":"2024-07-01T10:15:33+00:00","og_image":[{"width":1440,"height":1080,"url":"https:\/\/castelldor.com\/wp-content\/uploads\/2023\/11\/1700051808478.jpg","type":"image\/jpeg"}],"author":"Cristina","twitter_card":"summary_large_image","twitter_misc":{"Escrito por":"Cristina","Tiempo de lectura":"2 minutos"},"schema":{"@context":"https:\/\/schema.org","@graph":[{"@type":"Article","@id":"https:\/\/castelldor.com\/es\/castell-dor-renueva-su-apoyo-con-la-calcotada-de-valls-2024\/#article","isPartOf":{"@id":"https:\/\/castelldor.com\/es\/castell-dor-renueva-su-apoyo-con-la-calcotada-de-valls-2024\/"},"author":{"name":"Cristina","@id":"https:\/\/castelldor.com\/es\/#\/schema\/person\/3800fc91546b8fea5812fe762dd57eab"},"headline":"Castell d&#8217;Or renueva su apoyo con la Cal\u00e7otada de Valls 2024","datePublished":"2023-11-16T09:46:46+00:00","dateModified":"2024-07-01T10:15:33+00:00","mainEntityOfPage":{"@id":"https:\/\/castelldor.com\/es\/castell-dor-renueva-su-apoyo-con-la-calcotada-de-valls-2024\/"},"wordCount":355,"commentCount":0,"publisher":{"@id":"https:\/\/castelldor.com\/es\/#organization"},"image":{"@id":"https:\/\/castelldor.com\/es\/castell-dor-renueva-su-apoyo-con-la-calcotada-de-valls-2024\/#primaryimage"},"thumbnailUrl":"https:\/\/castelldor.com\/wp-content\/uploads\/2023\/11\/1700051808478.jpg","articleSection":["Actualidad"],"inLanguage":"es","potentialAction":[{"@type":"CommentAction","name":"Comment","target":["https:\/\/castelldor.com\/es\/castell-dor-renueva-su-apoyo-con-la-calcotada-de-valls-2024\/#respond"]}]},{"@type":"WebPage","@id":"https:\/\/castelldor.com\/es\/castell-dor-renueva-su-apoyo-con-la-calcotada-de-valls-2024\/","url":"https:\/\/castelldor.com\/es\/castell-dor-renueva-su-apoyo-con-la-calcotada-de-valls-2024\/","name":"Castell d'Or renueva su apoyo con la Cal\u00e7otada de Valls 2024 | Castell d&#039;Or","isPartOf":{"@id":"https:\/\/castelldor.com\/es\/#website"},"primaryImageOfPage":{"@id":"https:\/\/castelldor.com\/es\/castell-dor-renueva-su-apoyo-con-la-calcotada-de-valls-2024\/#primaryimage"},"image":{"@id":"https:\/\/castelldor.com\/es\/castell-dor-renueva-su-apoyo-con-la-calcotada-de-valls-2024\/#primaryimage"},"thumbnailUrl":"https:\/\/castelldor.com\/wp-content\/uploads\/2023\/11\/1700051808478.jpg","datePublished":"2023-11-16T09:46:46+00:00","dateModified":"2024-07-01T10:15:33+00:00","description":"La Gran Fiesta de la Cal\u00e7otada del 2024 ya est\u00e1 en marcha Gracias a la C\u00e1mara de Valls y tendr\u00e1 lugar el domingo 28 de enero del 2024.","breadcrumb":{"@id":"https:\/\/castelldor.com\/es\/castell-dor-renueva-su-apoyo-con-la-calcotada-de-valls-2024\/#breadcrumb"},"inLanguage":"es","potentialAction":[{"@type":"ReadAction","target":["https:\/\/castelldor.com\/es\/castell-dor-renueva-su-apoyo-con-la-calcotada-de-valls-2024\/"]}]},{"@type":"ImageObject","inLanguage":"es","@id":"https:\/\/castelldor.com\/es\/castell-dor-renueva-su-apoyo-con-la-calcotada-de-valls-2024\/#primaryimage","url":"https:\/\/castelldor.com\/wp-content\/uploads\/2023\/11\/1700051808478.jpg","contentUrl":"https:\/\/castelldor.com\/wp-content\/uploads\/2023\/11\/1700051808478.jpg","width":1440,"height":1080},{"@type":"BreadcrumbList","@id":"https:\/\/castelldor.com\/es\/castell-dor-renueva-su-apoyo-con-la-calcotada-de-valls-2024\/#breadcrumb","itemListElement":[{"@type":"ListItem","position":1,"name":"Inici","item":"https:\/\/castelldor.com\/es\/"},{"@type":"ListItem","position":2,"name":"Castell d&#8217;Or renueva su apoyo con la Cal\u00e7otada de Valls 2024"}]},{"@type":"WebSite","@id":"https:\/\/castelldor.com\/es\/#website","url":"https:\/\/castelldor.com\/es\/","name":"Castell d&#039;Or","description":"Love people, Love wine","publisher":{"@id":"https:\/\/castelldor.com\/es\/#organization"},"potentialAction":[{"@type":"SearchAction","target":{"@type":"EntryPoint","urlTemplate":"https:\/\/castelldor.com\/es\/?s={search_term_string}"},"query-input":{"@type":"PropertyValueSpecification","valueRequired":true,"valueName":"search_term_string"}}],"inLanguage":"es"},{"@type":"Organization","@id":"https:\/\/castelldor.com\/es\/#organization","name":"Castell d'Or","url":"https:\/\/castelldor.com\/es\/","logo":{"@type":"ImageObject","inLanguage":"es","@id":"https:\/\/castelldor.com\/es\/#\/schema\/logo\/image\/","url":"https:\/\/castelldor.com\/wp-content\/uploads\/2022\/08\/Castell-dor-blanc.svg","contentUrl":"https:\/\/castelldor.com\/wp-content\/uploads\/2022\/08\/Castell-dor-blanc.svg","width":169,"height":61,"caption":"Castell d'Or"},"image":{"@id":"https:\/\/castelldor.com\/es\/#\/schema\/logo\/image\/"}},{"@type":"Person","@id":"https:\/\/castelldor.com\/es\/#\/schema\/person\/3800fc91546b8fea5812fe762dd57eab","name":"Cristina","image":{"@type":"ImageObject","inLanguage":"es","@id":"https:\/\/secure.gravatar.com\/avatar\/579c1860b6ddac6d2d774a241f04090d5c13b826525a5d2ed1cf72ca0cce4a17?s=96&d=mm&r=g","url":"https:\/\/secure.gravatar.com\/avatar\/579c1860b6ddac6d2d774a241f04090d5c13b826525a5d2ed1cf72ca0cce4a17?s=96&d=mm&r=g","contentUrl":"https:\/\/secure.gravatar.com\/avatar\/579c1860b6ddac6d2d774a241f04090d5c13b826525a5d2ed1cf72ca0cce4a17?s=96&d=mm&r=g","caption":"Cristina"}}]}},"_links":{"self":[{"href":"https:\/\/castelldor.com\/es\/wp-json\/wp\/v2\/posts\/134421","targetHints":{"allow":["GET"]}}],"collection":[{"href":"https:\/\/castelldor.com\/es\/wp-json\/wp\/v2\/posts"}],"about":[{"href":"https:\/\/castelldor.com\/es\/wp-json\/wp\/v2\/types\/post"}],"author":[{"embeddable":true,"href":"https:\/\/castelldor.com\/es\/wp-json\/wp\/v2\/users\/2"}],"replies":[{"embeddable":true,"href":"https:\/\/castelldor.com\/es\/wp-json\/wp\/v2\/comments?post=134421"}],"version-history":[{"count":8,"href":"https:\/\/castelldor.com\/es\/wp-json\/wp\/v2\/posts\/134421\/revisions"}],"predecessor-version":[{"id":134436,"href":"https:\/\/castelldor.com\/es\/wp-json\/wp\/v2\/posts\/134421\/revisions\/134436"}],"wp:featuredmedia":[{"embeddable":true,"href":"https:\/\/castelldor.com\/es\/wp-json\/wp\/v2\/media\/134409"}],"wp:attachment":[{"href":"https:\/\/castelldor.com\/es\/wp-json\/wp\/v2\/media?parent=134421"}],"wp:term":[{"taxonomy":"category","embeddable":true,"href":"https:\/\/castelldor.com\/es\/wp-json\/wp\/v2\/categories?post=134421"},{"taxonomy":"post_tag","embeddable":true,"href":"https:\/\/castelldor.com\/es\/wp-json\/wp\/v2\/tags?post=134421"}],"curies":[{"name":"wp","href":"https:\/\/api.w.org\/{rel}","templated":true}]}}