{"id":133978,"date":"2023-10-17T09:21:02","date_gmt":"2023-10-17T07:21:02","guid":{"rendered":"https:\/\/castelldor.com\/?p=133978"},"modified":"2024-07-01T12:15:34","modified_gmt":"2024-07-01T10:15:34","slug":"exito-rotundo-en-la-carrera-de-rac1-en-colaboracion-con-castell-dor","status":"publish","type":"post","link":"https:\/\/castelldor.com\/es\/exito-rotundo-en-la-carrera-de-rac1-en-colaboracion-con-castell-dor\/","title":{"rendered":"\u00c9xito rotundo en la carrera de Rac1 en colaboraci\u00f3n con Castell d&#8217;Or"},"content":{"rendered":"<p><strong>Castell d&#8217;Or, por primera vez, ha sido el cava oficial de la Carrera de Rac1<\/strong>, un acontecimiento deportivo, l\u00fadico y familiar que ha cautivado el entusiasmo de la poblaci\u00f3n. Salou ha batido el r\u00e9cord de participantes en la octava edici\u00f3n de la carrera de RAC1 con un total de 2.274 corredores. La carrera de 5 kil\u00f3metros que transcurri\u00f3 por las principales zonas emblem\u00e1ticas de Salou tuvo lugar ayer, y fue un rotundo \u00e9xito de participaci\u00f3n.<\/p>\n<p><img fetchpriority=\"high\" decoding=\"async\" class=\"alignnone wp-image-133970 size-large\" src=\"https:\/\/castelldor.com\/wp-content\/uploads\/2023\/10\/391752353_823919129742514_470696667462486413_n-1024x685.jpg\" alt=\"\" width=\"1024\" height=\"685\" srcset=\"https:\/\/castelldor.com\/wp-content\/uploads\/2023\/10\/391752353_823919129742514_470696667462486413_n-1024x685.jpg 1024w, https:\/\/castelldor.com\/wp-content\/uploads\/2023\/10\/391752353_823919129742514_470696667462486413_n-300x201.jpg 300w, https:\/\/castelldor.com\/wp-content\/uploads\/2023\/10\/391752353_823919129742514_470696667462486413_n-768x513.jpg 768w, https:\/\/castelldor.com\/wp-content\/uploads\/2023\/10\/391752353_823919129742514_470696667462486413_n-600x401.jpg 600w, https:\/\/castelldor.com\/wp-content\/uploads\/2023\/10\/391752353_823919129742514_470696667462486413_n.jpg 1080w\" sizes=\"(max-width: 1024px) 100vw, 1024px\" \/><\/p>\n<p>La Carrera de Rac1 convirti\u00f3 las plazas y calles de Salou en una fiesta del deporte, la salud y el bienestar. Los corredores, que han recorrido el extenso litoral de la ciudad, han pasado por el monumento Jaime I, el landmark con el nombre de la ciudad, el modernista Chal\u00e9 Bonet y el edificio de Capitan\u00eda. La marea roja se ha adentrado por la emblem\u00e1tica calle Barcelona hasta llegar a la Torre Vella para despu\u00e9s continuar por la calle Pere Martell. Los participantes llegaron al Paseo Miramar, haciendo un giro de 180\u00b0, volver al paseo Jaime I y traspasar la l\u00ednea de meta. <strong>Castell d&#8217;Or quiere mostrar su satisfacci\u00f3n de formar parte de esta celebraci\u00f3n, que promovi\u00f3 la importancia de compartir momentos especiales con amigos y familiares tanto durante como despu\u00e9s de la carrera<\/strong>.<\/p>\n<p>Los ganadores de la Carrera de Rac1 celebraron el \u00e9xito con botellas de cava Castell d&#8217;Or de gran formato, mientras que todos los corredores y corredoras pudieron degustar el cava con las botellas de 37,5 ml con los que fueron obsequiados. El esp\u00edritu deportivo y el ambiente festivo de la Carrera de Rac1 hicieron que Castell d&#8217;Or celebre el \u00e9xito de los participantes y promueva la importancia de disfrutar de momentos <strong>especiales con los seres queridos mientras se brinda con moderaci\u00f3n<\/strong> de un cava de proximidad y calidad.<\/p>\n","protected":false},"excerpt":{"rendered":"<p>Castell d&#8217;Or, por primera vez, ha sido el cava oficial de la Carrera de Rac1, un acontecimiento deportivo, l\u00fadico y familiar que ha cautivado el entusiasmo de la poblaci\u00f3n. Salou ha batido el r\u00e9cord de participantes en la octava edici\u00f3n de la carrera de RAC1 con un total de 2.274 corredores. La carrera de 5&hellip;&nbsp;<a href=\"https:\/\/castelldor.com\/es\/exito-rotundo-en-la-carrera-de-rac1-en-colaboracion-con-castell-dor\/\" rel=\"bookmark\">Read More &raquo;<span class=\"screen-reader-text\">\u00c9xito rotundo en la carrera de Rac1 en colaboraci\u00f3n con Castell d&#8217;Or<\/span><\/a><\/p>\n","protected":false},"author":2,"featured_media":133996,"comment_status":"open","ping_status":"closed","sticky":false,"template":"","format":"standard","meta":{"_acf_changed":false,"inline_featured_image":false,"neve_meta_sidebar":"","neve_meta_container":"","neve_meta_enable_content_width":"off","neve_meta_content_width":100,"neve_meta_title_alignment":"","neve_meta_author_avatar":"","neve_post_elements_order":"","neve_meta_disable_header":"","neve_meta_disable_footer":"","neve_meta_disable_title":"","neve_meta_reading_time":"","footnotes":""},"categories":[44],"tags":[],"class_list":["post-133978","post","type-post","status-publish","format-standard","has-post-thumbnail","hentry","category-actualidad"],"acf":[],"yoast_head":"<!-- This site is optimized with the Yoast SEO plugin v27.4 - https:\/\/yoast.com\/product\/yoast-seo-wordpress\/ -->\n<title>\u00c9xito en la Carrera de Rac1 en Colaboraci\u00f3n con Castell d&#039;Or| Castell d&#039;Or<\/title>\n<meta name=\"description\" content=\"Castell d&#039;Or ha sido el cava oficial de la Carrera de Rac1. La carrera transcurri\u00f3 por las zonas emblem\u00e1ticas de Salou.\" \/>\n<meta name=\"robots\" content=\"index, follow, max-snippet:-1, max-image-preview:large, max-video-preview:-1\" \/>\n<link rel=\"canonical\" href=\"https:\/\/castelldor.com\/es\/exito-rotundo-en-la-carrera-de-rac1-en-colaboracion-con-castell-dor\/\" \/>\n<meta property=\"og:locale\" content=\"es_ES\" \/>\n<meta property=\"og:type\" content=\"article\" \/>\n<meta property=\"og:title\" content=\"\u00c9xito en la Carrera de Rac1 en Colaboraci\u00f3n con Castell d&#039;Or| Castell d&#039;Or\" \/>\n<meta property=\"og:description\" content=\"Castell d&#039;Or ha sido el cava oficial de la Carrera de Rac1. La carrera transcurri\u00f3 por las zonas emblem\u00e1ticas de Salou.\" \/>\n<meta property=\"og:url\" content=\"https:\/\/castelldor.com\/es\/exito-rotundo-en-la-carrera-de-rac1-en-colaboracion-con-castell-dor\/\" \/>\n<meta property=\"og:site_name\" content=\"Castell d&#039;Or\" \/>\n<meta property=\"article:published_time\" content=\"2023-10-17T07:21:02+00:00\" \/>\n<meta property=\"article:modified_time\" content=\"2024-07-01T10:15:34+00:00\" \/>\n<meta property=\"og:image\" content=\"https:\/\/castelldor.com\/wp-content\/uploads\/2023\/10\/04-1.jpg\" \/>\n\t<meta property=\"og:image:width\" content=\"1126\" \/>\n\t<meta property=\"og:image:height\" content=\"634\" \/>\n\t<meta property=\"og:image:type\" content=\"image\/jpeg\" \/>\n<meta name=\"author\" content=\"Cristina\" \/>\n<meta name=\"twitter:card\" content=\"summary_large_image\" \/>\n<meta name=\"twitter:label1\" content=\"Escrito por\" \/>\n\t<meta name=\"twitter:data1\" content=\"Cristina\" \/>\n\t<meta name=\"twitter:label2\" content=\"Tiempo de lectura\" \/>\n\t<meta name=\"twitter:data2\" content=\"2 minutos\" \/>\n<script type=\"application\/ld+json\" class=\"yoast-schema-graph\">{\"@context\":\"https:\\\/\\\/schema.org\",\"@graph\":[{\"@type\":\"Article\",\"@id\":\"https:\\\/\\\/castelldor.com\\\/es\\\/exito-rotundo-en-la-carrera-de-rac1-en-colaboracion-con-castell-dor\\\/#article\",\"isPartOf\":{\"@id\":\"https:\\\/\\\/castelldor.com\\\/es\\\/exito-rotundo-en-la-carrera-de-rac1-en-colaboracion-con-castell-dor\\\/\"},\"author\":{\"name\":\"Cristina\",\"@id\":\"https:\\\/\\\/castelldor.com\\\/es\\\/#\\\/schema\\\/person\\\/3800fc91546b8fea5812fe762dd57eab\"},\"headline\":\"\u00c9xito rotundo en la carrera de Rac1 en colaboraci\u00f3n con Castell d&#8217;Or\",\"datePublished\":\"2023-10-17T07:21:02+00:00\",\"dateModified\":\"2024-07-01T10:15:34+00:00\",\"mainEntityOfPage\":{\"@id\":\"https:\\\/\\\/castelldor.com\\\/es\\\/exito-rotundo-en-la-carrera-de-rac1-en-colaboracion-con-castell-dor\\\/\"},\"wordCount\":327,\"commentCount\":0,\"publisher\":{\"@id\":\"https:\\\/\\\/castelldor.com\\\/es\\\/#organization\"},\"image\":{\"@id\":\"https:\\\/\\\/castelldor.com\\\/es\\\/exito-rotundo-en-la-carrera-de-rac1-en-colaboracion-con-castell-dor\\\/#primaryimage\"},\"thumbnailUrl\":\"https:\\\/\\\/castelldor.com\\\/wp-content\\\/uploads\\\/2023\\\/10\\\/04-1.jpg\",\"articleSection\":[\"Actualidad\"],\"inLanguage\":\"es\",\"potentialAction\":[{\"@type\":\"CommentAction\",\"name\":\"Comment\",\"target\":[\"https:\\\/\\\/castelldor.com\\\/es\\\/exito-rotundo-en-la-carrera-de-rac1-en-colaboracion-con-castell-dor\\\/#respond\"]}]},{\"@type\":\"WebPage\",\"@id\":\"https:\\\/\\\/castelldor.com\\\/es\\\/exito-rotundo-en-la-carrera-de-rac1-en-colaboracion-con-castell-dor\\\/\",\"url\":\"https:\\\/\\\/castelldor.com\\\/es\\\/exito-rotundo-en-la-carrera-de-rac1-en-colaboracion-con-castell-dor\\\/\",\"name\":\"\u00c9xito en la Carrera de Rac1 en Colaboraci\u00f3n con Castell d'Or| Castell d&#039;Or\",\"isPartOf\":{\"@id\":\"https:\\\/\\\/castelldor.com\\\/es\\\/#website\"},\"primaryImageOfPage\":{\"@id\":\"https:\\\/\\\/castelldor.com\\\/es\\\/exito-rotundo-en-la-carrera-de-rac1-en-colaboracion-con-castell-dor\\\/#primaryimage\"},\"image\":{\"@id\":\"https:\\\/\\\/castelldor.com\\\/es\\\/exito-rotundo-en-la-carrera-de-rac1-en-colaboracion-con-castell-dor\\\/#primaryimage\"},\"thumbnailUrl\":\"https:\\\/\\\/castelldor.com\\\/wp-content\\\/uploads\\\/2023\\\/10\\\/04-1.jpg\",\"datePublished\":\"2023-10-17T07:21:02+00:00\",\"dateModified\":\"2024-07-01T10:15:34+00:00\",\"description\":\"Castell d'Or ha sido el cava oficial de la Carrera de Rac1. La carrera transcurri\u00f3 por las zonas emblem\u00e1ticas de Salou.\",\"breadcrumb\":{\"@id\":\"https:\\\/\\\/castelldor.com\\\/es\\\/exito-rotundo-en-la-carrera-de-rac1-en-colaboracion-con-castell-dor\\\/#breadcrumb\"},\"inLanguage\":\"es\",\"potentialAction\":[{\"@type\":\"ReadAction\",\"target\":[\"https:\\\/\\\/castelldor.com\\\/es\\\/exito-rotundo-en-la-carrera-de-rac1-en-colaboracion-con-castell-dor\\\/\"]}]},{\"@type\":\"ImageObject\",\"inLanguage\":\"es\",\"@id\":\"https:\\\/\\\/castelldor.com\\\/es\\\/exito-rotundo-en-la-carrera-de-rac1-en-colaboracion-con-castell-dor\\\/#primaryimage\",\"url\":\"https:\\\/\\\/castelldor.com\\\/wp-content\\\/uploads\\\/2023\\\/10\\\/04-1.jpg\",\"contentUrl\":\"https:\\\/\\\/castelldor.com\\\/wp-content\\\/uploads\\\/2023\\\/10\\\/04-1.jpg\",\"width\":1126,\"height\":634},{\"@type\":\"BreadcrumbList\",\"@id\":\"https:\\\/\\\/castelldor.com\\\/es\\\/exito-rotundo-en-la-carrera-de-rac1-en-colaboracion-con-castell-dor\\\/#breadcrumb\",\"itemListElement\":[{\"@type\":\"ListItem\",\"position\":1,\"name\":\"Inici\",\"item\":\"https:\\\/\\\/castelldor.com\\\/es\\\/\"},{\"@type\":\"ListItem\",\"position\":2,\"name\":\"\u00c9xito rotundo en la carrera de Rac1 en colaboraci\u00f3n con Castell d&#8217;Or\"}]},{\"@type\":\"WebSite\",\"@id\":\"https:\\\/\\\/castelldor.com\\\/es\\\/#website\",\"url\":\"https:\\\/\\\/castelldor.com\\\/es\\\/\",\"name\":\"Castell d&#039;Or\",\"description\":\"Love people, Love wine\",\"publisher\":{\"@id\":\"https:\\\/\\\/castelldor.com\\\/es\\\/#organization\"},\"potentialAction\":[{\"@type\":\"SearchAction\",\"target\":{\"@type\":\"EntryPoint\",\"urlTemplate\":\"https:\\\/\\\/castelldor.com\\\/es\\\/?s={search_term_string}\"},\"query-input\":{\"@type\":\"PropertyValueSpecification\",\"valueRequired\":true,\"valueName\":\"search_term_string\"}}],\"inLanguage\":\"es\"},{\"@type\":\"Organization\",\"@id\":\"https:\\\/\\\/castelldor.com\\\/es\\\/#organization\",\"name\":\"Castell d'Or\",\"url\":\"https:\\\/\\\/castelldor.com\\\/es\\\/\",\"logo\":{\"@type\":\"ImageObject\",\"inLanguage\":\"es\",\"@id\":\"https:\\\/\\\/castelldor.com\\\/es\\\/#\\\/schema\\\/logo\\\/image\\\/\",\"url\":\"https:\\\/\\\/castelldor.com\\\/wp-content\\\/uploads\\\/2022\\\/08\\\/Castell-dor-blanc.svg\",\"contentUrl\":\"https:\\\/\\\/castelldor.com\\\/wp-content\\\/uploads\\\/2022\\\/08\\\/Castell-dor-blanc.svg\",\"width\":169,\"height\":61,\"caption\":\"Castell d'Or\"},\"image\":{\"@id\":\"https:\\\/\\\/castelldor.com\\\/es\\\/#\\\/schema\\\/logo\\\/image\\\/\"}},{\"@type\":\"Person\",\"@id\":\"https:\\\/\\\/castelldor.com\\\/es\\\/#\\\/schema\\\/person\\\/3800fc91546b8fea5812fe762dd57eab\",\"name\":\"Cristina\",\"image\":{\"@type\":\"ImageObject\",\"inLanguage\":\"es\",\"@id\":\"https:\\\/\\\/secure.gravatar.com\\\/avatar\\\/579c1860b6ddac6d2d774a241f04090d5c13b826525a5d2ed1cf72ca0cce4a17?s=96&d=mm&r=g\",\"url\":\"https:\\\/\\\/secure.gravatar.com\\\/avatar\\\/579c1860b6ddac6d2d774a241f04090d5c13b826525a5d2ed1cf72ca0cce4a17?s=96&d=mm&r=g\",\"contentUrl\":\"https:\\\/\\\/secure.gravatar.com\\\/avatar\\\/579c1860b6ddac6d2d774a241f04090d5c13b826525a5d2ed1cf72ca0cce4a17?s=96&d=mm&r=g\",\"caption\":\"Cristina\"}}]}<\/script>\n<!-- \/ Yoast SEO plugin. -->","yoast_head_json":{"title":"\u00c9xito en la Carrera de Rac1 en Colaboraci\u00f3n con Castell d'Or| Castell d&#039;Or","description":"Castell d'Or ha sido el cava oficial de la Carrera de Rac1. La carrera transcurri\u00f3 por las zonas emblem\u00e1ticas de Salou.","robots":{"index":"index","follow":"follow","max-snippet":"max-snippet:-1","max-image-preview":"max-image-preview:large","max-video-preview":"max-video-preview:-1"},"canonical":"https:\/\/castelldor.com\/es\/exito-rotundo-en-la-carrera-de-rac1-en-colaboracion-con-castell-dor\/","og_locale":"es_ES","og_type":"article","og_title":"\u00c9xito en la Carrera de Rac1 en Colaboraci\u00f3n con Castell d'Or| Castell d&#039;Or","og_description":"Castell d'Or ha sido el cava oficial de la Carrera de Rac1. La carrera transcurri\u00f3 por las zonas emblem\u00e1ticas de Salou.","og_url":"https:\/\/castelldor.com\/es\/exito-rotundo-en-la-carrera-de-rac1-en-colaboracion-con-castell-dor\/","og_site_name":"Castell d&#039;Or","article_published_time":"2023-10-17T07:21:02+00:00","article_modified_time":"2024-07-01T10:15:34+00:00","og_image":[{"width":1126,"height":634,"url":"https:\/\/castelldor.com\/wp-content\/uploads\/2023\/10\/04-1.jpg","type":"image\/jpeg"}],"author":"Cristina","twitter_card":"summary_large_image","twitter_misc":{"Escrito por":"Cristina","Tiempo de lectura":"2 minutos"},"schema":{"@context":"https:\/\/schema.org","@graph":[{"@type":"Article","@id":"https:\/\/castelldor.com\/es\/exito-rotundo-en-la-carrera-de-rac1-en-colaboracion-con-castell-dor\/#article","isPartOf":{"@id":"https:\/\/castelldor.com\/es\/exito-rotundo-en-la-carrera-de-rac1-en-colaboracion-con-castell-dor\/"},"author":{"name":"Cristina","@id":"https:\/\/castelldor.com\/es\/#\/schema\/person\/3800fc91546b8fea5812fe762dd57eab"},"headline":"\u00c9xito rotundo en la carrera de Rac1 en colaboraci\u00f3n con Castell d&#8217;Or","datePublished":"2023-10-17T07:21:02+00:00","dateModified":"2024-07-01T10:15:34+00:00","mainEntityOfPage":{"@id":"https:\/\/castelldor.com\/es\/exito-rotundo-en-la-carrera-de-rac1-en-colaboracion-con-castell-dor\/"},"wordCount":327,"commentCount":0,"publisher":{"@id":"https:\/\/castelldor.com\/es\/#organization"},"image":{"@id":"https:\/\/castelldor.com\/es\/exito-rotundo-en-la-carrera-de-rac1-en-colaboracion-con-castell-dor\/#primaryimage"},"thumbnailUrl":"https:\/\/castelldor.com\/wp-content\/uploads\/2023\/10\/04-1.jpg","articleSection":["Actualidad"],"inLanguage":"es","potentialAction":[{"@type":"CommentAction","name":"Comment","target":["https:\/\/castelldor.com\/es\/exito-rotundo-en-la-carrera-de-rac1-en-colaboracion-con-castell-dor\/#respond"]}]},{"@type":"WebPage","@id":"https:\/\/castelldor.com\/es\/exito-rotundo-en-la-carrera-de-rac1-en-colaboracion-con-castell-dor\/","url":"https:\/\/castelldor.com\/es\/exito-rotundo-en-la-carrera-de-rac1-en-colaboracion-con-castell-dor\/","name":"\u00c9xito en la Carrera de Rac1 en Colaboraci\u00f3n con Castell d'Or| Castell d&#039;Or","isPartOf":{"@id":"https:\/\/castelldor.com\/es\/#website"},"primaryImageOfPage":{"@id":"https:\/\/castelldor.com\/es\/exito-rotundo-en-la-carrera-de-rac1-en-colaboracion-con-castell-dor\/#primaryimage"},"image":{"@id":"https:\/\/castelldor.com\/es\/exito-rotundo-en-la-carrera-de-rac1-en-colaboracion-con-castell-dor\/#primaryimage"},"thumbnailUrl":"https:\/\/castelldor.com\/wp-content\/uploads\/2023\/10\/04-1.jpg","datePublished":"2023-10-17T07:21:02+00:00","dateModified":"2024-07-01T10:15:34+00:00","description":"Castell d'Or ha sido el cava oficial de la Carrera de Rac1. La carrera transcurri\u00f3 por las zonas emblem\u00e1ticas de Salou.","breadcrumb":{"@id":"https:\/\/castelldor.com\/es\/exito-rotundo-en-la-carrera-de-rac1-en-colaboracion-con-castell-dor\/#breadcrumb"},"inLanguage":"es","potentialAction":[{"@type":"ReadAction","target":["https:\/\/castelldor.com\/es\/exito-rotundo-en-la-carrera-de-rac1-en-colaboracion-con-castell-dor\/"]}]},{"@type":"ImageObject","inLanguage":"es","@id":"https:\/\/castelldor.com\/es\/exito-rotundo-en-la-carrera-de-rac1-en-colaboracion-con-castell-dor\/#primaryimage","url":"https:\/\/castelldor.com\/wp-content\/uploads\/2023\/10\/04-1.jpg","contentUrl":"https:\/\/castelldor.com\/wp-content\/uploads\/2023\/10\/04-1.jpg","width":1126,"height":634},{"@type":"BreadcrumbList","@id":"https:\/\/castelldor.com\/es\/exito-rotundo-en-la-carrera-de-rac1-en-colaboracion-con-castell-dor\/#breadcrumb","itemListElement":[{"@type":"ListItem","position":1,"name":"Inici","item":"https:\/\/castelldor.com\/es\/"},{"@type":"ListItem","position":2,"name":"\u00c9xito rotundo en la carrera de Rac1 en colaboraci\u00f3n con Castell d&#8217;Or"}]},{"@type":"WebSite","@id":"https:\/\/castelldor.com\/es\/#website","url":"https:\/\/castelldor.com\/es\/","name":"Castell d&#039;Or","description":"Love people, Love wine","publisher":{"@id":"https:\/\/castelldor.com\/es\/#organization"},"potentialAction":[{"@type":"SearchAction","target":{"@type":"EntryPoint","urlTemplate":"https:\/\/castelldor.com\/es\/?s={search_term_string}"},"query-input":{"@type":"PropertyValueSpecification","valueRequired":true,"valueName":"search_term_string"}}],"inLanguage":"es"},{"@type":"Organization","@id":"https:\/\/castelldor.com\/es\/#organization","name":"Castell d'Or","url":"https:\/\/castelldor.com\/es\/","logo":{"@type":"ImageObject","inLanguage":"es","@id":"https:\/\/castelldor.com\/es\/#\/schema\/logo\/image\/","url":"https:\/\/castelldor.com\/wp-content\/uploads\/2022\/08\/Castell-dor-blanc.svg","contentUrl":"https:\/\/castelldor.com\/wp-content\/uploads\/2022\/08\/Castell-dor-blanc.svg","width":169,"height":61,"caption":"Castell d'Or"},"image":{"@id":"https:\/\/castelldor.com\/es\/#\/schema\/logo\/image\/"}},{"@type":"Person","@id":"https:\/\/castelldor.com\/es\/#\/schema\/person\/3800fc91546b8fea5812fe762dd57eab","name":"Cristina","image":{"@type":"ImageObject","inLanguage":"es","@id":"https:\/\/secure.gravatar.com\/avatar\/579c1860b6ddac6d2d774a241f04090d5c13b826525a5d2ed1cf72ca0cce4a17?s=96&d=mm&r=g","url":"https:\/\/secure.gravatar.com\/avatar\/579c1860b6ddac6d2d774a241f04090d5c13b826525a5d2ed1cf72ca0cce4a17?s=96&d=mm&r=g","contentUrl":"https:\/\/secure.gravatar.com\/avatar\/579c1860b6ddac6d2d774a241f04090d5c13b826525a5d2ed1cf72ca0cce4a17?s=96&d=mm&r=g","caption":"Cristina"}}]}},"_links":{"self":[{"href":"https:\/\/castelldor.com\/es\/wp-json\/wp\/v2\/posts\/133978","targetHints":{"allow":["GET"]}}],"collection":[{"href":"https:\/\/castelldor.com\/es\/wp-json\/wp\/v2\/posts"}],"about":[{"href":"https:\/\/castelldor.com\/es\/wp-json\/wp\/v2\/types\/post"}],"author":[{"embeddable":true,"href":"https:\/\/castelldor.com\/es\/wp-json\/wp\/v2\/users\/2"}],"replies":[{"embeddable":true,"href":"https:\/\/castelldor.com\/es\/wp-json\/wp\/v2\/comments?post=133978"}],"version-history":[{"count":5,"href":"https:\/\/castelldor.com\/es\/wp-json\/wp\/v2\/posts\/133978\/revisions"}],"predecessor-version":[{"id":133997,"href":"https:\/\/castelldor.com\/es\/wp-json\/wp\/v2\/posts\/133978\/revisions\/133997"}],"wp:featuredmedia":[{"embeddable":true,"href":"https:\/\/castelldor.com\/es\/wp-json\/wp\/v2\/media\/133996"}],"wp:attachment":[{"href":"https:\/\/castelldor.com\/es\/wp-json\/wp\/v2\/media?parent=133978"}],"wp:term":[{"taxonomy":"category","embeddable":true,"href":"https:\/\/castelldor.com\/es\/wp-json\/wp\/v2\/categories?post=133978"},{"taxonomy":"post_tag","embeddable":true,"href":"https:\/\/castelldor.com\/es\/wp-json\/wp\/v2\/tags?post=133978"}],"curies":[{"name":"wp","href":"https:\/\/api.w.org\/{rel}","templated":true}]}}