{"id":133808,"date":"2023-09-20T13:59:05","date_gmt":"2023-09-20T11:59:05","guid":{"rendered":"https:\/\/castelldor.com\/?p=133808"},"modified":"2024-07-01T12:15:34","modified_gmt":"2024-07-01T10:15:34","slug":"castell-dor-colabora-con-la-cursa-de-rac1-en-salou","status":"publish","type":"post","link":"https:\/\/castelldor.com\/es\/castell-dor-colabora-con-la-cursa-de-rac1-en-salou\/","title":{"rendered":"Celebraremos &#8216;La Cursa de Rac1&#8217; amb Cava Castell d&#8217;Or"},"content":{"rendered":"<p><strong>Castell d&#8217;Or, col labora, por primera vez, con la Carrera de Rac1<\/strong>, un emocionante acontecimiento que fomenta el deporte, la salud y el bienestar entre la poblaci\u00f3n. La carrera que contar\u00e1 con <strong>un recorrido de 5 kil\u00f3metros por el municipio de Salou tendr\u00e1 lugar el pr\u00f3ximo d\u00eda 15 de octubre<\/strong>. La Carrera de Rac1, de car\u00e1cter deportivo, l\u00fadico y familiar, es el escenario perfecto para promover la importancia de poder disfrutar de momentos especiales con amigos y familiares durante y despu\u00e9s de la carrera.<\/p>\n<p>Castell d&#8217;Or se enorgullece de ser el cava oficial de esta cita deportiva. Los ganadores podr\u00e1n celebrarlo con una botella de gran formato y todos los corredores y corredoras tendr\u00e1n una botella de <strong>Cava Castell d&#8217;Or de 37,5 ml<\/strong> para poder realizar un brindis despu\u00e9s de la carrera. La colaboraci\u00f3n entre <a href=\"http:\/\/www.castelldor.com\">Castell d&#8217;Or<\/a> y la <a href=\"https:\/\/www.lacursaderac1.cat\/ca\/\">Carrera de Rac1<\/a> es un reflejo de los valores en com\u00fan: la promoci\u00f3n de la actividad f\u00edsica, la salud y el poder disfrutar de los instantes compartidos.<\/p>\n<p><strong><img fetchpriority=\"high\" decoding=\"async\" class=\"alignright wp-image-133814 size-large\" src=\"https:\/\/castelldor.com\/wp-content\/uploads\/2023\/09\/cursa-bcn-1024x663.jpg\" alt=\"\" width=\"1024\" height=\"663\" srcset=\"https:\/\/castelldor.com\/wp-content\/uploads\/2023\/09\/cursa-bcn-1024x663.jpg 1024w, https:\/\/castelldor.com\/wp-content\/uploads\/2023\/09\/cursa-bcn-300x194.jpg 300w, https:\/\/castelldor.com\/wp-content\/uploads\/2023\/09\/cursa-bcn-768x497.jpg 768w, https:\/\/castelldor.com\/wp-content\/uploads\/2023\/09\/cursa-bcn-600x389.jpg 600w, https:\/\/castelldor.com\/wp-content\/uploads\/2023\/09\/cursa-bcn.jpg 1507w\" sizes=\"(max-width: 1024px) 100vw, 1024px\" \/><\/strong><\/p>\n<p>&nbsp;<\/p>\n<p>&nbsp;<\/p>\n<h3><b><br \/>\n<\/b><br \/>\n<strong>Una carrera por la Capital de la Costa Dorada<\/strong><\/h3>\n<p>El recorrido de 5 kil\u00f3metros llevar\u00e1 a los participantes a trav\u00e9s de los lugares m\u00e1s emblem\u00e1ticos de Salou, con el Paseo Mar\u00edtimo Jaime I como arteria principal del trayecto. La <a href=\"https:\/\/www.lacursaderac1.cat\/ca\/\">Cursa de Rac1<\/a>, conocida por su entusiasmo y amplia participaci\u00f3n, es el escenario perfecto para que Castell d&#8217;Or celebre el esp\u00edritu deportivo y promueva la importancia de disfrutar de momentos especiales con amigos y familiares haciendo un brindis con un cava de proximidad y calidad, una vez finalizado el recorrido.<\/p>\n<p>Como empresa arraigada en la tradici\u00f3n y la calidad, Castell d&#8217;Or aporta un producto de proximidad con una larga tradici\u00f3n en Catalu\u00f1a, un producto ideal para celebrar el \u00e9xito de los participantes, siempre con un consumo responsable y moderado. Esperamos que esta asociaci\u00f3n contribuya al hecho que la <strong>Cursa de Rac1 <\/strong>sea un acontecimiento todav\u00eda m\u00e1s memorable para todos los participantes y espectadores.<\/p>\n<p>&nbsp;<\/p>\n<p>&nbsp;<\/p>\n<p>&nbsp;<\/p>\n<p>&nbsp;<\/p>\n","protected":false},"excerpt":{"rendered":"<p>Castell d&#8217;Or, col labora, por primera vez, con la Carrera de Rac1, un emocionante acontecimiento que fomenta el deporte, la salud y el bienestar entre la poblaci\u00f3n. La carrera que contar\u00e1 con un recorrido de 5 kil\u00f3metros por el municipio de Salou tendr\u00e1 lugar el pr\u00f3ximo d\u00eda 15 de octubre. La Carrera de Rac1, de&hellip;&nbsp;<a href=\"https:\/\/castelldor.com\/es\/castell-dor-colabora-con-la-cursa-de-rac1-en-salou\/\" rel=\"bookmark\">Read More &raquo;<span class=\"screen-reader-text\">Celebraremos &#8216;La Cursa de Rac1&#8217; amb Cava Castell d&#8217;Or<\/span><\/a><\/p>\n","protected":false},"author":2,"featured_media":133809,"comment_status":"closed","ping_status":"closed","sticky":false,"template":"","format":"standard","meta":{"_acf_changed":false,"inline_featured_image":false,"neve_meta_sidebar":"","neve_meta_container":"","neve_meta_enable_content_width":"off","neve_meta_content_width":70,"neve_meta_title_alignment":"","neve_meta_author_avatar":"","neve_post_elements_order":"","neve_meta_disable_header":"","neve_meta_disable_footer":"","neve_meta_disable_title":"","neve_meta_reading_time":"","footnotes":""},"categories":[44],"tags":[],"class_list":["post-133808","post","type-post","status-publish","format-standard","has-post-thumbnail","hentry","category-actualidad"],"acf":[],"yoast_head":"<!-- This site is optimized with the Yoast SEO plugin v27.4 - https:\/\/yoast.com\/product\/yoast-seo-wordpress\/ -->\n<title>Castell d\u2019Or col\u00b7labora amb la Cursa de Rac1 al municipi de Salou | Castell d&#039;Or<\/title>\n<meta name=\"description\" content=\"Castell d&#039;Or colabora, por primera vez, con la Cursa de Rac1. La carrera contar\u00e1 con un recorrido de 5 km por el municipio de Salou.\" \/>\n<meta name=\"robots\" content=\"index, follow, max-snippet:-1, max-image-preview:large, max-video-preview:-1\" \/>\n<link rel=\"canonical\" href=\"https:\/\/castelldor.com\/es\/castell-dor-colabora-con-la-cursa-de-rac1-en-salou\/\" \/>\n<meta property=\"og:locale\" content=\"es_ES\" \/>\n<meta property=\"og:type\" content=\"article\" \/>\n<meta property=\"og:title\" content=\"Castell d\u2019Or col\u00b7labora amb la Cursa de Rac1 al municipi de Salou | Castell d&#039;Or\" \/>\n<meta property=\"og:description\" content=\"Castell d&#039;Or colabora, por primera vez, con la Cursa de Rac1. La carrera contar\u00e1 con un recorrido de 5 km por el municipio de Salou.\" \/>\n<meta property=\"og:url\" content=\"https:\/\/castelldor.com\/es\/castell-dor-colabora-con-la-cursa-de-rac1-en-salou\/\" \/>\n<meta property=\"og:site_name\" content=\"Castell d&#039;Or\" \/>\n<meta property=\"article:published_time\" content=\"2023-09-20T11:59:05+00:00\" \/>\n<meta property=\"article:modified_time\" content=\"2024-07-01T10:15:34+00:00\" \/>\n<meta property=\"og:image\" content=\"https:\/\/castelldor.com\/wp-content\/uploads\/2023\/09\/foto-igualada.jpg\" \/>\n\t<meta property=\"og:image:width\" content=\"1508\" \/>\n\t<meta property=\"og:image:height\" content=\"974\" \/>\n\t<meta property=\"og:image:type\" content=\"image\/jpeg\" \/>\n<meta name=\"author\" content=\"Cristina\" \/>\n<meta name=\"twitter:card\" content=\"summary_large_image\" \/>\n<meta name=\"twitter:label1\" content=\"Escrito por\" \/>\n\t<meta name=\"twitter:data1\" content=\"Cristina\" \/>\n\t<meta name=\"twitter:label2\" content=\"Tiempo de lectura\" \/>\n\t<meta name=\"twitter:data2\" content=\"2 minutos\" \/>\n<script type=\"application\/ld+json\" class=\"yoast-schema-graph\">{\"@context\":\"https:\\\/\\\/schema.org\",\"@graph\":[{\"@type\":\"Article\",\"@id\":\"https:\\\/\\\/castelldor.com\\\/es\\\/castell-dor-colabora-con-la-cursa-de-rac1-en-salou\\\/#article\",\"isPartOf\":{\"@id\":\"https:\\\/\\\/castelldor.com\\\/es\\\/castell-dor-colabora-con-la-cursa-de-rac1-en-salou\\\/\"},\"author\":{\"name\":\"Cristina\",\"@id\":\"https:\\\/\\\/castelldor.com\\\/es\\\/#\\\/schema\\\/person\\\/3800fc91546b8fea5812fe762dd57eab\"},\"headline\":\"Celebraremos &#8216;La Cursa de Rac1&#8217; amb Cava Castell d&#8217;Or\",\"datePublished\":\"2023-09-20T11:59:05+00:00\",\"dateModified\":\"2024-07-01T10:15:34+00:00\",\"mainEntityOfPage\":{\"@id\":\"https:\\\/\\\/castelldor.com\\\/es\\\/castell-dor-colabora-con-la-cursa-de-rac1-en-salou\\\/\"},\"wordCount\":363,\"publisher\":{\"@id\":\"https:\\\/\\\/castelldor.com\\\/es\\\/#organization\"},\"image\":{\"@id\":\"https:\\\/\\\/castelldor.com\\\/es\\\/castell-dor-colabora-con-la-cursa-de-rac1-en-salou\\\/#primaryimage\"},\"thumbnailUrl\":\"https:\\\/\\\/castelldor.com\\\/wp-content\\\/uploads\\\/2023\\\/09\\\/foto-igualada.jpg\",\"articleSection\":[\"Actualidad\"],\"inLanguage\":\"es\"},{\"@type\":\"WebPage\",\"@id\":\"https:\\\/\\\/castelldor.com\\\/es\\\/castell-dor-colabora-con-la-cursa-de-rac1-en-salou\\\/\",\"url\":\"https:\\\/\\\/castelldor.com\\\/es\\\/castell-dor-colabora-con-la-cursa-de-rac1-en-salou\\\/\",\"name\":\"Castell d\u2019Or col\u00b7labora amb la Cursa de Rac1 al municipi de Salou | Castell d&#039;Or\",\"isPartOf\":{\"@id\":\"https:\\\/\\\/castelldor.com\\\/es\\\/#website\"},\"primaryImageOfPage\":{\"@id\":\"https:\\\/\\\/castelldor.com\\\/es\\\/castell-dor-colabora-con-la-cursa-de-rac1-en-salou\\\/#primaryimage\"},\"image\":{\"@id\":\"https:\\\/\\\/castelldor.com\\\/es\\\/castell-dor-colabora-con-la-cursa-de-rac1-en-salou\\\/#primaryimage\"},\"thumbnailUrl\":\"https:\\\/\\\/castelldor.com\\\/wp-content\\\/uploads\\\/2023\\\/09\\\/foto-igualada.jpg\",\"datePublished\":\"2023-09-20T11:59:05+00:00\",\"dateModified\":\"2024-07-01T10:15:34+00:00\",\"description\":\"Castell d'Or colabora, por primera vez, con la Cursa de Rac1. La carrera contar\u00e1 con un recorrido de 5 km por el municipio de Salou.\",\"breadcrumb\":{\"@id\":\"https:\\\/\\\/castelldor.com\\\/es\\\/castell-dor-colabora-con-la-cursa-de-rac1-en-salou\\\/#breadcrumb\"},\"inLanguage\":\"es\",\"potentialAction\":[{\"@type\":\"ReadAction\",\"target\":[\"https:\\\/\\\/castelldor.com\\\/es\\\/castell-dor-colabora-con-la-cursa-de-rac1-en-salou\\\/\"]}]},{\"@type\":\"ImageObject\",\"inLanguage\":\"es\",\"@id\":\"https:\\\/\\\/castelldor.com\\\/es\\\/castell-dor-colabora-con-la-cursa-de-rac1-en-salou\\\/#primaryimage\",\"url\":\"https:\\\/\\\/castelldor.com\\\/wp-content\\\/uploads\\\/2023\\\/09\\\/foto-igualada.jpg\",\"contentUrl\":\"https:\\\/\\\/castelldor.com\\\/wp-content\\\/uploads\\\/2023\\\/09\\\/foto-igualada.jpg\",\"width\":1508,\"height\":974},{\"@type\":\"BreadcrumbList\",\"@id\":\"https:\\\/\\\/castelldor.com\\\/es\\\/castell-dor-colabora-con-la-cursa-de-rac1-en-salou\\\/#breadcrumb\",\"itemListElement\":[{\"@type\":\"ListItem\",\"position\":1,\"name\":\"Inici\",\"item\":\"https:\\\/\\\/castelldor.com\\\/es\\\/\"},{\"@type\":\"ListItem\",\"position\":2,\"name\":\"Celebraremos &#8216;La Cursa de Rac1&#8217; amb Cava Castell d&#8217;Or\"}]},{\"@type\":\"WebSite\",\"@id\":\"https:\\\/\\\/castelldor.com\\\/es\\\/#website\",\"url\":\"https:\\\/\\\/castelldor.com\\\/es\\\/\",\"name\":\"Castell d&#039;Or\",\"description\":\"Love people, Love wine\",\"publisher\":{\"@id\":\"https:\\\/\\\/castelldor.com\\\/es\\\/#organization\"},\"potentialAction\":[{\"@type\":\"SearchAction\",\"target\":{\"@type\":\"EntryPoint\",\"urlTemplate\":\"https:\\\/\\\/castelldor.com\\\/es\\\/?s={search_term_string}\"},\"query-input\":{\"@type\":\"PropertyValueSpecification\",\"valueRequired\":true,\"valueName\":\"search_term_string\"}}],\"inLanguage\":\"es\"},{\"@type\":\"Organization\",\"@id\":\"https:\\\/\\\/castelldor.com\\\/es\\\/#organization\",\"name\":\"Castell d'Or\",\"url\":\"https:\\\/\\\/castelldor.com\\\/es\\\/\",\"logo\":{\"@type\":\"ImageObject\",\"inLanguage\":\"es\",\"@id\":\"https:\\\/\\\/castelldor.com\\\/es\\\/#\\\/schema\\\/logo\\\/image\\\/\",\"url\":\"https:\\\/\\\/castelldor.com\\\/wp-content\\\/uploads\\\/2022\\\/08\\\/Castell-dor-blanc.svg\",\"contentUrl\":\"https:\\\/\\\/castelldor.com\\\/wp-content\\\/uploads\\\/2022\\\/08\\\/Castell-dor-blanc.svg\",\"width\":169,\"height\":61,\"caption\":\"Castell d'Or\"},\"image\":{\"@id\":\"https:\\\/\\\/castelldor.com\\\/es\\\/#\\\/schema\\\/logo\\\/image\\\/\"}},{\"@type\":\"Person\",\"@id\":\"https:\\\/\\\/castelldor.com\\\/es\\\/#\\\/schema\\\/person\\\/3800fc91546b8fea5812fe762dd57eab\",\"name\":\"Cristina\",\"image\":{\"@type\":\"ImageObject\",\"inLanguage\":\"es\",\"@id\":\"https:\\\/\\\/secure.gravatar.com\\\/avatar\\\/579c1860b6ddac6d2d774a241f04090d5c13b826525a5d2ed1cf72ca0cce4a17?s=96&d=mm&r=g\",\"url\":\"https:\\\/\\\/secure.gravatar.com\\\/avatar\\\/579c1860b6ddac6d2d774a241f04090d5c13b826525a5d2ed1cf72ca0cce4a17?s=96&d=mm&r=g\",\"contentUrl\":\"https:\\\/\\\/secure.gravatar.com\\\/avatar\\\/579c1860b6ddac6d2d774a241f04090d5c13b826525a5d2ed1cf72ca0cce4a17?s=96&d=mm&r=g\",\"caption\":\"Cristina\"}}]}<\/script>\n<!-- \/ Yoast SEO plugin. -->","yoast_head_json":{"title":"Castell d\u2019Or col\u00b7labora amb la Cursa de Rac1 al municipi de Salou | Castell d&#039;Or","description":"Castell d'Or colabora, por primera vez, con la Cursa de Rac1. La carrera contar\u00e1 con un recorrido de 5 km por el municipio de Salou.","robots":{"index":"index","follow":"follow","max-snippet":"max-snippet:-1","max-image-preview":"max-image-preview:large","max-video-preview":"max-video-preview:-1"},"canonical":"https:\/\/castelldor.com\/es\/castell-dor-colabora-con-la-cursa-de-rac1-en-salou\/","og_locale":"es_ES","og_type":"article","og_title":"Castell d\u2019Or col\u00b7labora amb la Cursa de Rac1 al municipi de Salou | Castell d&#039;Or","og_description":"Castell d'Or colabora, por primera vez, con la Cursa de Rac1. La carrera contar\u00e1 con un recorrido de 5 km por el municipio de Salou.","og_url":"https:\/\/castelldor.com\/es\/castell-dor-colabora-con-la-cursa-de-rac1-en-salou\/","og_site_name":"Castell d&#039;Or","article_published_time":"2023-09-20T11:59:05+00:00","article_modified_time":"2024-07-01T10:15:34+00:00","og_image":[{"width":1508,"height":974,"url":"https:\/\/castelldor.com\/wp-content\/uploads\/2023\/09\/foto-igualada.jpg","type":"image\/jpeg"}],"author":"Cristina","twitter_card":"summary_large_image","twitter_misc":{"Escrito por":"Cristina","Tiempo de lectura":"2 minutos"},"schema":{"@context":"https:\/\/schema.org","@graph":[{"@type":"Article","@id":"https:\/\/castelldor.com\/es\/castell-dor-colabora-con-la-cursa-de-rac1-en-salou\/#article","isPartOf":{"@id":"https:\/\/castelldor.com\/es\/castell-dor-colabora-con-la-cursa-de-rac1-en-salou\/"},"author":{"name":"Cristina","@id":"https:\/\/castelldor.com\/es\/#\/schema\/person\/3800fc91546b8fea5812fe762dd57eab"},"headline":"Celebraremos &#8216;La Cursa de Rac1&#8217; amb Cava Castell d&#8217;Or","datePublished":"2023-09-20T11:59:05+00:00","dateModified":"2024-07-01T10:15:34+00:00","mainEntityOfPage":{"@id":"https:\/\/castelldor.com\/es\/castell-dor-colabora-con-la-cursa-de-rac1-en-salou\/"},"wordCount":363,"publisher":{"@id":"https:\/\/castelldor.com\/es\/#organization"},"image":{"@id":"https:\/\/castelldor.com\/es\/castell-dor-colabora-con-la-cursa-de-rac1-en-salou\/#primaryimage"},"thumbnailUrl":"https:\/\/castelldor.com\/wp-content\/uploads\/2023\/09\/foto-igualada.jpg","articleSection":["Actualidad"],"inLanguage":"es"},{"@type":"WebPage","@id":"https:\/\/castelldor.com\/es\/castell-dor-colabora-con-la-cursa-de-rac1-en-salou\/","url":"https:\/\/castelldor.com\/es\/castell-dor-colabora-con-la-cursa-de-rac1-en-salou\/","name":"Castell d\u2019Or col\u00b7labora amb la Cursa de Rac1 al municipi de Salou | Castell d&#039;Or","isPartOf":{"@id":"https:\/\/castelldor.com\/es\/#website"},"primaryImageOfPage":{"@id":"https:\/\/castelldor.com\/es\/castell-dor-colabora-con-la-cursa-de-rac1-en-salou\/#primaryimage"},"image":{"@id":"https:\/\/castelldor.com\/es\/castell-dor-colabora-con-la-cursa-de-rac1-en-salou\/#primaryimage"},"thumbnailUrl":"https:\/\/castelldor.com\/wp-content\/uploads\/2023\/09\/foto-igualada.jpg","datePublished":"2023-09-20T11:59:05+00:00","dateModified":"2024-07-01T10:15:34+00:00","description":"Castell d'Or colabora, por primera vez, con la Cursa de Rac1. La carrera contar\u00e1 con un recorrido de 5 km por el municipio de Salou.","breadcrumb":{"@id":"https:\/\/castelldor.com\/es\/castell-dor-colabora-con-la-cursa-de-rac1-en-salou\/#breadcrumb"},"inLanguage":"es","potentialAction":[{"@type":"ReadAction","target":["https:\/\/castelldor.com\/es\/castell-dor-colabora-con-la-cursa-de-rac1-en-salou\/"]}]},{"@type":"ImageObject","inLanguage":"es","@id":"https:\/\/castelldor.com\/es\/castell-dor-colabora-con-la-cursa-de-rac1-en-salou\/#primaryimage","url":"https:\/\/castelldor.com\/wp-content\/uploads\/2023\/09\/foto-igualada.jpg","contentUrl":"https:\/\/castelldor.com\/wp-content\/uploads\/2023\/09\/foto-igualada.jpg","width":1508,"height":974},{"@type":"BreadcrumbList","@id":"https:\/\/castelldor.com\/es\/castell-dor-colabora-con-la-cursa-de-rac1-en-salou\/#breadcrumb","itemListElement":[{"@type":"ListItem","position":1,"name":"Inici","item":"https:\/\/castelldor.com\/es\/"},{"@type":"ListItem","position":2,"name":"Celebraremos &#8216;La Cursa de Rac1&#8217; amb Cava Castell d&#8217;Or"}]},{"@type":"WebSite","@id":"https:\/\/castelldor.com\/es\/#website","url":"https:\/\/castelldor.com\/es\/","name":"Castell d&#039;Or","description":"Love people, Love wine","publisher":{"@id":"https:\/\/castelldor.com\/es\/#organization"},"potentialAction":[{"@type":"SearchAction","target":{"@type":"EntryPoint","urlTemplate":"https:\/\/castelldor.com\/es\/?s={search_term_string}"},"query-input":{"@type":"PropertyValueSpecification","valueRequired":true,"valueName":"search_term_string"}}],"inLanguage":"es"},{"@type":"Organization","@id":"https:\/\/castelldor.com\/es\/#organization","name":"Castell d'Or","url":"https:\/\/castelldor.com\/es\/","logo":{"@type":"ImageObject","inLanguage":"es","@id":"https:\/\/castelldor.com\/es\/#\/schema\/logo\/image\/","url":"https:\/\/castelldor.com\/wp-content\/uploads\/2022\/08\/Castell-dor-blanc.svg","contentUrl":"https:\/\/castelldor.com\/wp-content\/uploads\/2022\/08\/Castell-dor-blanc.svg","width":169,"height":61,"caption":"Castell d'Or"},"image":{"@id":"https:\/\/castelldor.com\/es\/#\/schema\/logo\/image\/"}},{"@type":"Person","@id":"https:\/\/castelldor.com\/es\/#\/schema\/person\/3800fc91546b8fea5812fe762dd57eab","name":"Cristina","image":{"@type":"ImageObject","inLanguage":"es","@id":"https:\/\/secure.gravatar.com\/avatar\/579c1860b6ddac6d2d774a241f04090d5c13b826525a5d2ed1cf72ca0cce4a17?s=96&d=mm&r=g","url":"https:\/\/secure.gravatar.com\/avatar\/579c1860b6ddac6d2d774a241f04090d5c13b826525a5d2ed1cf72ca0cce4a17?s=96&d=mm&r=g","contentUrl":"https:\/\/secure.gravatar.com\/avatar\/579c1860b6ddac6d2d774a241f04090d5c13b826525a5d2ed1cf72ca0cce4a17?s=96&d=mm&r=g","caption":"Cristina"}}]}},"_links":{"self":[{"href":"https:\/\/castelldor.com\/es\/wp-json\/wp\/v2\/posts\/133808","targetHints":{"allow":["GET"]}}],"collection":[{"href":"https:\/\/castelldor.com\/es\/wp-json\/wp\/v2\/posts"}],"about":[{"href":"https:\/\/castelldor.com\/es\/wp-json\/wp\/v2\/types\/post"}],"author":[{"embeddable":true,"href":"https:\/\/castelldor.com\/es\/wp-json\/wp\/v2\/users\/2"}],"replies":[{"embeddable":true,"href":"https:\/\/castelldor.com\/es\/wp-json\/wp\/v2\/comments?post=133808"}],"version-history":[{"count":8,"href":"https:\/\/castelldor.com\/es\/wp-json\/wp\/v2\/posts\/133808\/revisions"}],"predecessor-version":[{"id":133853,"href":"https:\/\/castelldor.com\/es\/wp-json\/wp\/v2\/posts\/133808\/revisions\/133853"}],"wp:featuredmedia":[{"embeddable":true,"href":"https:\/\/castelldor.com\/es\/wp-json\/wp\/v2\/media\/133809"}],"wp:attachment":[{"href":"https:\/\/castelldor.com\/es\/wp-json\/wp\/v2\/media?parent=133808"}],"wp:term":[{"taxonomy":"category","embeddable":true,"href":"https:\/\/castelldor.com\/es\/wp-json\/wp\/v2\/categories?post=133808"},{"taxonomy":"post_tag","embeddable":true,"href":"https:\/\/castelldor.com\/es\/wp-json\/wp\/v2\/tags?post=133808"}],"curies":[{"name":"wp","href":"https:\/\/api.w.org\/{rel}","templated":true}]}}