{"id":133683,"date":"2023-09-18T13:39:09","date_gmt":"2023-09-18T11:39:09","guid":{"rendered":"https:\/\/castelldor.com\/castell-dor-acull-lactivitat-tast-de-varietats-amb-exit-de-participacio\/"},"modified":"2024-07-01T12:15:34","modified_gmt":"2024-07-01T10:15:34","slug":"castell-dor-acoge-laactividad-cata-de-variedades-con-exito-de-participacion","status":"publish","type":"post","link":"https:\/\/castelldor.com\/es\/castell-dor-acoge-laactividad-cata-de-variedades-con-exito-de-participacion\/","title":{"rendered":"Castell d&#8217;Or acoge la actividad &#8216;Cata de Variedades&#8217; con Marta Clot"},"content":{"rendered":"<p><strong>Marta\u00a0Clot\u00a0ha sido la encargada de acompa\u00f1ar a los asistentes por este recorrido sobre la elaboraci\u00f3n del cava.<\/strong><\/p>\n<p>Castell d&#8217;Or acogi\u00f3 el pasado s\u00e1bado la actividad <strong>Cata de Variedades<\/strong> enmarcada en el programa <em>La Vendimia del Cava<\/em> que impulsa la <em>Asociaci\u00f3n de Elaboradores de Cava<\/em>. M\u00e1s de 25 personas pudieron disfrutar de una iniciativa que buscaba acercar la realidad de la vendimia y la elaboraci\u00f3n del cava. La actividad tambi\u00e9n ten\u00eda como objetivo dar valor a un momento clave en el proceso del cava, como es la vendimia y dar importancia a la tarea que realizan los campesinos.<\/p>\n<p><img fetchpriority=\"high\" decoding=\"async\" class=\"alignnone wp-image-133623 size-large\" src=\"https:\/\/castelldor.com\/wp-content\/uploads\/2023\/09\/FOTO13-841x1024.jpg\" alt=\"\" width=\"841\" height=\"1024\" srcset=\"https:\/\/castelldor.com\/wp-content\/uploads\/2023\/09\/FOTO13-841x1024.jpg 841w, https:\/\/castelldor.com\/wp-content\/uploads\/2023\/09\/FOTO13-247x300.jpg 247w, https:\/\/castelldor.com\/wp-content\/uploads\/2023\/09\/FOTO13-768x935.jpg 768w, https:\/\/castelldor.com\/wp-content\/uploads\/2023\/09\/FOTO13-1262x1536.jpg 1262w, https:\/\/castelldor.com\/wp-content\/uploads\/2023\/09\/FOTO13-300x365.jpg 300w, https:\/\/castelldor.com\/wp-content\/uploads\/2023\/09\/FOTO13-600x730.jpg 600w, https:\/\/castelldor.com\/wp-content\/uploads\/2023\/09\/FOTO13.jpg 1669w\" sizes=\"(max-width: 841px) 100vw, 841px\" \/><\/p>\n<p>La\u00a0<em>influencer\u00a0<\/em>Marta Clot de <a href=\"https:\/\/viicompanyia.cat\/es\/sobre-nosotros\/\">Vi &amp; Companyia<\/a>, ganadora de la 8.\u00aa edici\u00f3n del <strong>Digital Wine Contest<\/strong> como mejor prescriptora de la Cultura del Vino 2023, fue la encargada de acompa\u00f1ar a todos los asistentes en un viaje sobre las diferentes variedades de uva, curiosidades, aromas y car\u00e1cter por despu\u00e9s hacer una cata de diferentes mostos. Tambi\u00e9n pudimos acercarnos al proceso tradicional de elaboraci\u00f3n del cava.<br \/>\nLa jornada continu\u00f3 con un almuerzo, donde la gastronom\u00eda se fusion\u00f3 con el cava para disfrutar de una buena experiencia.<\/p>\n<p><img decoding=\"async\" class=\"alignnone wp-image-133671 size-large\" src=\"https:\/\/castelldor.com\/wp-content\/uploads\/2023\/09\/FOTO15-1024x768.jpg\" alt=\"\" width=\"1024\" height=\"768\" srcset=\"https:\/\/castelldor.com\/wp-content\/uploads\/2023\/09\/FOTO15-1024x768.jpg 1024w, https:\/\/castelldor.com\/wp-content\/uploads\/2023\/09\/FOTO15-300x225.jpg 300w, https:\/\/castelldor.com\/wp-content\/uploads\/2023\/09\/FOTO15-768x576.jpg 768w, https:\/\/castelldor.com\/wp-content\/uploads\/2023\/09\/FOTO15-1536x1152.jpg 1536w, https:\/\/castelldor.com\/wp-content\/uploads\/2023\/09\/FOTO15-600x450.jpg 600w, https:\/\/castelldor.com\/wp-content\/uploads\/2023\/09\/FOTO15.jpg 2048w\" sizes=\"(max-width: 1024px) 100vw, 1024px\" \/><\/p>\n<p><strong>Castell d&#8217;Or, la uni\u00f3n de 16 bodegas<\/strong><br \/>\nCastell de Oro nace el 2006 de la uni\u00f3n de diferentes bodegas de diferentes zonas vitivin\u00edcolas del Pened\u00e8s, la Conca de Barber\u00e0, Priorat, Tarragona,\u00a0Montsant\u00a0y\u00a0Costers\u00a0del Segre. A estas alturas, son un total de 16 las bodegas que forman parte de uno de los grupos m\u00e1s representativos de Catalu\u00f1a. Apuestan para unir sus esfuerzos y conocimientos en los procesos de producci\u00f3n, elaboraci\u00f3n, envasado y distribuci\u00f3n de vinos, cava y aceites elevando el est\u00e1ndar de calidad de sus productos hasta obtener el reconocimiento y el prestigio en todo el mundo de sus marcas.<\/p>\n","protected":false},"excerpt":{"rendered":"<p>Marta\u00a0Clot\u00a0ha sido la encargada de acompa\u00f1ar a los asistentes por este recorrido sobre la elaboraci\u00f3n del cava. Castell d&#8217;Or acogi\u00f3 el pasado s\u00e1bado la actividad Cata de Variedades enmarcada en el programa La Vendimia del Cava que impulsa la Asociaci\u00f3n de Elaboradores de Cava. M\u00e1s de 25 personas pudieron disfrutar de una iniciativa que buscaba&hellip;&nbsp;<a href=\"https:\/\/castelldor.com\/es\/castell-dor-acoge-laactividad-cata-de-variedades-con-exito-de-participacion\/\" rel=\"bookmark\">Read More &raquo;<span class=\"screen-reader-text\">Castell d&#8217;Or acoge la actividad &#8216;Cata de Variedades&#8217; con Marta Clot<\/span><\/a><\/p>\n","protected":false},"author":2,"featured_media":133671,"comment_status":"open","ping_status":"closed","sticky":false,"template":"","format":"standard","meta":{"_acf_changed":false,"inline_featured_image":false,"neve_meta_sidebar":"","neve_meta_container":"","neve_meta_enable_content_width":"off","neve_meta_content_width":70,"neve_meta_title_alignment":"","neve_meta_author_avatar":"","neve_post_elements_order":"","neve_meta_disable_header":"","neve_meta_disable_footer":"","neve_meta_disable_title":"","neve_meta_reading_time":"","footnotes":""},"categories":[44],"tags":[],"class_list":["post-133683","post","type-post","status-publish","format-standard","has-post-thumbnail","hentry","category-actualidad"],"acf":[],"yoast_head":"<!-- This site is optimized with the Yoast SEO plugin v27.4 - https:\/\/yoast.com\/product\/yoast-seo-wordpress\/ -->\n<title>Castell d&#039;Or acoge la actividad &#039;Cata de Variedades&#039; con Marta Clot| Castell d&#039;Or<\/title>\n<meta name=\"description\" content=\"Castell d&#039;Or acogi\u00f3 el pasado s\u00e1bado la actividad &#039;Cata de Variedad&#039; enmarcada en el programa La Vendimia del Cava con la Marta Hoyo.\" \/>\n<meta name=\"robots\" content=\"index, follow, max-snippet:-1, max-image-preview:large, max-video-preview:-1\" \/>\n<link rel=\"canonical\" href=\"https:\/\/castelldor.com\/es\/castell-dor-acoge-laactividad-cata-de-variedades-con-exito-de-participacion\/\" \/>\n<meta property=\"og:locale\" content=\"es_ES\" \/>\n<meta property=\"og:type\" content=\"article\" \/>\n<meta property=\"og:title\" content=\"Castell d&#039;Or acoge la actividad &#039;Cata de Variedades&#039; con Marta Clot| Castell d&#039;Or\" \/>\n<meta property=\"og:description\" content=\"Castell d&#039;Or acogi\u00f3 el pasado s\u00e1bado la actividad &#039;Cata de Variedad&#039; enmarcada en el programa La Vendimia del Cava con la Marta Hoyo.\" \/>\n<meta property=\"og:url\" content=\"https:\/\/castelldor.com\/es\/castell-dor-acoge-laactividad-cata-de-variedades-con-exito-de-participacion\/\" \/>\n<meta property=\"og:site_name\" content=\"Castell d&#039;Or\" \/>\n<meta property=\"article:published_time\" content=\"2023-09-18T11:39:09+00:00\" \/>\n<meta property=\"article:modified_time\" content=\"2024-07-01T10:15:34+00:00\" \/>\n<meta property=\"og:image\" content=\"https:\/\/castelldor.com\/wp-content\/uploads\/2023\/09\/FOTO15.jpg\" \/>\n\t<meta property=\"og:image:width\" content=\"2048\" \/>\n\t<meta property=\"og:image:height\" content=\"1536\" \/>\n\t<meta property=\"og:image:type\" content=\"image\/jpeg\" \/>\n<meta name=\"author\" content=\"Cristina\" \/>\n<meta name=\"twitter:card\" content=\"summary_large_image\" \/>\n<meta name=\"twitter:label1\" content=\"Escrito por\" \/>\n\t<meta name=\"twitter:data1\" content=\"Cristina\" \/>\n\t<meta name=\"twitter:label2\" content=\"Tiempo de lectura\" \/>\n\t<meta name=\"twitter:data2\" content=\"3 minutos\" \/>\n<script type=\"application\/ld+json\" class=\"yoast-schema-graph\">{\"@context\":\"https:\\\/\\\/schema.org\",\"@graph\":[{\"@type\":\"Article\",\"@id\":\"https:\\\/\\\/castelldor.com\\\/es\\\/castell-dor-acoge-laactividad-cata-de-variedades-con-exito-de-participacion\\\/#article\",\"isPartOf\":{\"@id\":\"https:\\\/\\\/castelldor.com\\\/es\\\/castell-dor-acoge-laactividad-cata-de-variedades-con-exito-de-participacion\\\/\"},\"author\":{\"name\":\"Cristina\",\"@id\":\"https:\\\/\\\/castelldor.com\\\/es\\\/#\\\/schema\\\/person\\\/3800fc91546b8fea5812fe762dd57eab\"},\"headline\":\"Castell d&#8217;Or acoge la actividad &#8216;Cata de Variedades&#8217; con Marta Clot\",\"datePublished\":\"2023-09-18T11:39:09+00:00\",\"dateModified\":\"2024-07-01T10:15:34+00:00\",\"mainEntityOfPage\":{\"@id\":\"https:\\\/\\\/castelldor.com\\\/es\\\/castell-dor-acoge-laactividad-cata-de-variedades-con-exito-de-participacion\\\/\"},\"wordCount\":319,\"commentCount\":0,\"publisher\":{\"@id\":\"https:\\\/\\\/castelldor.com\\\/es\\\/#organization\"},\"image\":{\"@id\":\"https:\\\/\\\/castelldor.com\\\/es\\\/castell-dor-acoge-laactividad-cata-de-variedades-con-exito-de-participacion\\\/#primaryimage\"},\"thumbnailUrl\":\"https:\\\/\\\/castelldor.com\\\/wp-content\\\/uploads\\\/2023\\\/09\\\/FOTO15.jpg\",\"articleSection\":[\"Actualidad\"],\"inLanguage\":\"es\",\"potentialAction\":[{\"@type\":\"CommentAction\",\"name\":\"Comment\",\"target\":[\"https:\\\/\\\/castelldor.com\\\/es\\\/castell-dor-acoge-laactividad-cata-de-variedades-con-exito-de-participacion\\\/#respond\"]}]},{\"@type\":\"WebPage\",\"@id\":\"https:\\\/\\\/castelldor.com\\\/es\\\/castell-dor-acoge-laactividad-cata-de-variedades-con-exito-de-participacion\\\/\",\"url\":\"https:\\\/\\\/castelldor.com\\\/es\\\/castell-dor-acoge-laactividad-cata-de-variedades-con-exito-de-participacion\\\/\",\"name\":\"Castell d'Or acoge la actividad 'Cata de Variedades' con Marta Clot| Castell d&#039;Or\",\"isPartOf\":{\"@id\":\"https:\\\/\\\/castelldor.com\\\/es\\\/#website\"},\"primaryImageOfPage\":{\"@id\":\"https:\\\/\\\/castelldor.com\\\/es\\\/castell-dor-acoge-laactividad-cata-de-variedades-con-exito-de-participacion\\\/#primaryimage\"},\"image\":{\"@id\":\"https:\\\/\\\/castelldor.com\\\/es\\\/castell-dor-acoge-laactividad-cata-de-variedades-con-exito-de-participacion\\\/#primaryimage\"},\"thumbnailUrl\":\"https:\\\/\\\/castelldor.com\\\/wp-content\\\/uploads\\\/2023\\\/09\\\/FOTO15.jpg\",\"datePublished\":\"2023-09-18T11:39:09+00:00\",\"dateModified\":\"2024-07-01T10:15:34+00:00\",\"description\":\"Castell d'Or acogi\u00f3 el pasado s\u00e1bado la actividad 'Cata de Variedad' enmarcada en el programa La Vendimia del Cava con la Marta Hoyo.\",\"breadcrumb\":{\"@id\":\"https:\\\/\\\/castelldor.com\\\/es\\\/castell-dor-acoge-laactividad-cata-de-variedades-con-exito-de-participacion\\\/#breadcrumb\"},\"inLanguage\":\"es\",\"potentialAction\":[{\"@type\":\"ReadAction\",\"target\":[\"https:\\\/\\\/castelldor.com\\\/es\\\/castell-dor-acoge-laactividad-cata-de-variedades-con-exito-de-participacion\\\/\"]}]},{\"@type\":\"ImageObject\",\"inLanguage\":\"es\",\"@id\":\"https:\\\/\\\/castelldor.com\\\/es\\\/castell-dor-acoge-laactividad-cata-de-variedades-con-exito-de-participacion\\\/#primaryimage\",\"url\":\"https:\\\/\\\/castelldor.com\\\/wp-content\\\/uploads\\\/2023\\\/09\\\/FOTO15.jpg\",\"contentUrl\":\"https:\\\/\\\/castelldor.com\\\/wp-content\\\/uploads\\\/2023\\\/09\\\/FOTO15.jpg\",\"width\":2048,\"height\":1536},{\"@type\":\"BreadcrumbList\",\"@id\":\"https:\\\/\\\/castelldor.com\\\/es\\\/castell-dor-acoge-laactividad-cata-de-variedades-con-exito-de-participacion\\\/#breadcrumb\",\"itemListElement\":[{\"@type\":\"ListItem\",\"position\":1,\"name\":\"Inici\",\"item\":\"https:\\\/\\\/castelldor.com\\\/es\\\/\"},{\"@type\":\"ListItem\",\"position\":2,\"name\":\"Castell d&#8217;Or acoge la actividad &#8216;Cata de Variedades&#8217; con Marta Clot\"}]},{\"@type\":\"WebSite\",\"@id\":\"https:\\\/\\\/castelldor.com\\\/es\\\/#website\",\"url\":\"https:\\\/\\\/castelldor.com\\\/es\\\/\",\"name\":\"Castell d&#039;Or\",\"description\":\"Love people, Love wine\",\"publisher\":{\"@id\":\"https:\\\/\\\/castelldor.com\\\/es\\\/#organization\"},\"potentialAction\":[{\"@type\":\"SearchAction\",\"target\":{\"@type\":\"EntryPoint\",\"urlTemplate\":\"https:\\\/\\\/castelldor.com\\\/es\\\/?s={search_term_string}\"},\"query-input\":{\"@type\":\"PropertyValueSpecification\",\"valueRequired\":true,\"valueName\":\"search_term_string\"}}],\"inLanguage\":\"es\"},{\"@type\":\"Organization\",\"@id\":\"https:\\\/\\\/castelldor.com\\\/es\\\/#organization\",\"name\":\"Castell d'Or\",\"url\":\"https:\\\/\\\/castelldor.com\\\/es\\\/\",\"logo\":{\"@type\":\"ImageObject\",\"inLanguage\":\"es\",\"@id\":\"https:\\\/\\\/castelldor.com\\\/es\\\/#\\\/schema\\\/logo\\\/image\\\/\",\"url\":\"https:\\\/\\\/castelldor.com\\\/wp-content\\\/uploads\\\/2022\\\/08\\\/Castell-dor-blanc.svg\",\"contentUrl\":\"https:\\\/\\\/castelldor.com\\\/wp-content\\\/uploads\\\/2022\\\/08\\\/Castell-dor-blanc.svg\",\"width\":169,\"height\":61,\"caption\":\"Castell d'Or\"},\"image\":{\"@id\":\"https:\\\/\\\/castelldor.com\\\/es\\\/#\\\/schema\\\/logo\\\/image\\\/\"}},{\"@type\":\"Person\",\"@id\":\"https:\\\/\\\/castelldor.com\\\/es\\\/#\\\/schema\\\/person\\\/3800fc91546b8fea5812fe762dd57eab\",\"name\":\"Cristina\",\"image\":{\"@type\":\"ImageObject\",\"inLanguage\":\"es\",\"@id\":\"https:\\\/\\\/secure.gravatar.com\\\/avatar\\\/579c1860b6ddac6d2d774a241f04090d5c13b826525a5d2ed1cf72ca0cce4a17?s=96&d=mm&r=g\",\"url\":\"https:\\\/\\\/secure.gravatar.com\\\/avatar\\\/579c1860b6ddac6d2d774a241f04090d5c13b826525a5d2ed1cf72ca0cce4a17?s=96&d=mm&r=g\",\"contentUrl\":\"https:\\\/\\\/secure.gravatar.com\\\/avatar\\\/579c1860b6ddac6d2d774a241f04090d5c13b826525a5d2ed1cf72ca0cce4a17?s=96&d=mm&r=g\",\"caption\":\"Cristina\"}}]}<\/script>\n<!-- \/ Yoast SEO plugin. -->","yoast_head_json":{"title":"Castell d'Or acoge la actividad 'Cata de Variedades' con Marta Clot| Castell d&#039;Or","description":"Castell d'Or acogi\u00f3 el pasado s\u00e1bado la actividad 'Cata de Variedad' enmarcada en el programa La Vendimia del Cava con la Marta Hoyo.","robots":{"index":"index","follow":"follow","max-snippet":"max-snippet:-1","max-image-preview":"max-image-preview:large","max-video-preview":"max-video-preview:-1"},"canonical":"https:\/\/castelldor.com\/es\/castell-dor-acoge-laactividad-cata-de-variedades-con-exito-de-participacion\/","og_locale":"es_ES","og_type":"article","og_title":"Castell d'Or acoge la actividad 'Cata de Variedades' con Marta Clot| Castell d&#039;Or","og_description":"Castell d'Or acogi\u00f3 el pasado s\u00e1bado la actividad 'Cata de Variedad' enmarcada en el programa La Vendimia del Cava con la Marta Hoyo.","og_url":"https:\/\/castelldor.com\/es\/castell-dor-acoge-laactividad-cata-de-variedades-con-exito-de-participacion\/","og_site_name":"Castell d&#039;Or","article_published_time":"2023-09-18T11:39:09+00:00","article_modified_time":"2024-07-01T10:15:34+00:00","og_image":[{"width":2048,"height":1536,"url":"https:\/\/castelldor.com\/wp-content\/uploads\/2023\/09\/FOTO15.jpg","type":"image\/jpeg"}],"author":"Cristina","twitter_card":"summary_large_image","twitter_misc":{"Escrito por":"Cristina","Tiempo de lectura":"3 minutos"},"schema":{"@context":"https:\/\/schema.org","@graph":[{"@type":"Article","@id":"https:\/\/castelldor.com\/es\/castell-dor-acoge-laactividad-cata-de-variedades-con-exito-de-participacion\/#article","isPartOf":{"@id":"https:\/\/castelldor.com\/es\/castell-dor-acoge-laactividad-cata-de-variedades-con-exito-de-participacion\/"},"author":{"name":"Cristina","@id":"https:\/\/castelldor.com\/es\/#\/schema\/person\/3800fc91546b8fea5812fe762dd57eab"},"headline":"Castell d&#8217;Or acoge la actividad &#8216;Cata de Variedades&#8217; con Marta Clot","datePublished":"2023-09-18T11:39:09+00:00","dateModified":"2024-07-01T10:15:34+00:00","mainEntityOfPage":{"@id":"https:\/\/castelldor.com\/es\/castell-dor-acoge-laactividad-cata-de-variedades-con-exito-de-participacion\/"},"wordCount":319,"commentCount":0,"publisher":{"@id":"https:\/\/castelldor.com\/es\/#organization"},"image":{"@id":"https:\/\/castelldor.com\/es\/castell-dor-acoge-laactividad-cata-de-variedades-con-exito-de-participacion\/#primaryimage"},"thumbnailUrl":"https:\/\/castelldor.com\/wp-content\/uploads\/2023\/09\/FOTO15.jpg","articleSection":["Actualidad"],"inLanguage":"es","potentialAction":[{"@type":"CommentAction","name":"Comment","target":["https:\/\/castelldor.com\/es\/castell-dor-acoge-laactividad-cata-de-variedades-con-exito-de-participacion\/#respond"]}]},{"@type":"WebPage","@id":"https:\/\/castelldor.com\/es\/castell-dor-acoge-laactividad-cata-de-variedades-con-exito-de-participacion\/","url":"https:\/\/castelldor.com\/es\/castell-dor-acoge-laactividad-cata-de-variedades-con-exito-de-participacion\/","name":"Castell d'Or acoge la actividad 'Cata de Variedades' con Marta Clot| Castell d&#039;Or","isPartOf":{"@id":"https:\/\/castelldor.com\/es\/#website"},"primaryImageOfPage":{"@id":"https:\/\/castelldor.com\/es\/castell-dor-acoge-laactividad-cata-de-variedades-con-exito-de-participacion\/#primaryimage"},"image":{"@id":"https:\/\/castelldor.com\/es\/castell-dor-acoge-laactividad-cata-de-variedades-con-exito-de-participacion\/#primaryimage"},"thumbnailUrl":"https:\/\/castelldor.com\/wp-content\/uploads\/2023\/09\/FOTO15.jpg","datePublished":"2023-09-18T11:39:09+00:00","dateModified":"2024-07-01T10:15:34+00:00","description":"Castell d'Or acogi\u00f3 el pasado s\u00e1bado la actividad 'Cata de Variedad' enmarcada en el programa La Vendimia del Cava con la Marta Hoyo.","breadcrumb":{"@id":"https:\/\/castelldor.com\/es\/castell-dor-acoge-laactividad-cata-de-variedades-con-exito-de-participacion\/#breadcrumb"},"inLanguage":"es","potentialAction":[{"@type":"ReadAction","target":["https:\/\/castelldor.com\/es\/castell-dor-acoge-laactividad-cata-de-variedades-con-exito-de-participacion\/"]}]},{"@type":"ImageObject","inLanguage":"es","@id":"https:\/\/castelldor.com\/es\/castell-dor-acoge-laactividad-cata-de-variedades-con-exito-de-participacion\/#primaryimage","url":"https:\/\/castelldor.com\/wp-content\/uploads\/2023\/09\/FOTO15.jpg","contentUrl":"https:\/\/castelldor.com\/wp-content\/uploads\/2023\/09\/FOTO15.jpg","width":2048,"height":1536},{"@type":"BreadcrumbList","@id":"https:\/\/castelldor.com\/es\/castell-dor-acoge-laactividad-cata-de-variedades-con-exito-de-participacion\/#breadcrumb","itemListElement":[{"@type":"ListItem","position":1,"name":"Inici","item":"https:\/\/castelldor.com\/es\/"},{"@type":"ListItem","position":2,"name":"Castell d&#8217;Or acoge la actividad &#8216;Cata de Variedades&#8217; con Marta Clot"}]},{"@type":"WebSite","@id":"https:\/\/castelldor.com\/es\/#website","url":"https:\/\/castelldor.com\/es\/","name":"Castell d&#039;Or","description":"Love people, Love wine","publisher":{"@id":"https:\/\/castelldor.com\/es\/#organization"},"potentialAction":[{"@type":"SearchAction","target":{"@type":"EntryPoint","urlTemplate":"https:\/\/castelldor.com\/es\/?s={search_term_string}"},"query-input":{"@type":"PropertyValueSpecification","valueRequired":true,"valueName":"search_term_string"}}],"inLanguage":"es"},{"@type":"Organization","@id":"https:\/\/castelldor.com\/es\/#organization","name":"Castell d'Or","url":"https:\/\/castelldor.com\/es\/","logo":{"@type":"ImageObject","inLanguage":"es","@id":"https:\/\/castelldor.com\/es\/#\/schema\/logo\/image\/","url":"https:\/\/castelldor.com\/wp-content\/uploads\/2022\/08\/Castell-dor-blanc.svg","contentUrl":"https:\/\/castelldor.com\/wp-content\/uploads\/2022\/08\/Castell-dor-blanc.svg","width":169,"height":61,"caption":"Castell d'Or"},"image":{"@id":"https:\/\/castelldor.com\/es\/#\/schema\/logo\/image\/"}},{"@type":"Person","@id":"https:\/\/castelldor.com\/es\/#\/schema\/person\/3800fc91546b8fea5812fe762dd57eab","name":"Cristina","image":{"@type":"ImageObject","inLanguage":"es","@id":"https:\/\/secure.gravatar.com\/avatar\/579c1860b6ddac6d2d774a241f04090d5c13b826525a5d2ed1cf72ca0cce4a17?s=96&d=mm&r=g","url":"https:\/\/secure.gravatar.com\/avatar\/579c1860b6ddac6d2d774a241f04090d5c13b826525a5d2ed1cf72ca0cce4a17?s=96&d=mm&r=g","contentUrl":"https:\/\/secure.gravatar.com\/avatar\/579c1860b6ddac6d2d774a241f04090d5c13b826525a5d2ed1cf72ca0cce4a17?s=96&d=mm&r=g","caption":"Cristina"}}]}},"_links":{"self":[{"href":"https:\/\/castelldor.com\/es\/wp-json\/wp\/v2\/posts\/133683","targetHints":{"allow":["GET"]}}],"collection":[{"href":"https:\/\/castelldor.com\/es\/wp-json\/wp\/v2\/posts"}],"about":[{"href":"https:\/\/castelldor.com\/es\/wp-json\/wp\/v2\/types\/post"}],"author":[{"embeddable":true,"href":"https:\/\/castelldor.com\/es\/wp-json\/wp\/v2\/users\/2"}],"replies":[{"embeddable":true,"href":"https:\/\/castelldor.com\/es\/wp-json\/wp\/v2\/comments?post=133683"}],"version-history":[{"count":4,"href":"https:\/\/castelldor.com\/es\/wp-json\/wp\/v2\/posts\/133683\/revisions"}],"predecessor-version":[{"id":136142,"href":"https:\/\/castelldor.com\/es\/wp-json\/wp\/v2\/posts\/133683\/revisions\/136142"}],"wp:featuredmedia":[{"embeddable":true,"href":"https:\/\/castelldor.com\/es\/wp-json\/wp\/v2\/media\/133671"}],"wp:attachment":[{"href":"https:\/\/castelldor.com\/es\/wp-json\/wp\/v2\/media?parent=133683"}],"wp:term":[{"taxonomy":"category","embeddable":true,"href":"https:\/\/castelldor.com\/es\/wp-json\/wp\/v2\/categories?post=133683"},{"taxonomy":"post_tag","embeddable":true,"href":"https:\/\/castelldor.com\/es\/wp-json\/wp\/v2\/tags?post=133683"}],"curies":[{"name":"wp","href":"https:\/\/api.w.org\/{rel}","templated":true}]}}