{"id":133372,"date":"2023-08-24T09:26:05","date_gmt":"2023-08-24T07:26:05","guid":{"rendered":"https:\/\/castelldor.com\/?p=133372"},"modified":"2024-07-01T12:15:34","modified_gmt":"2024-07-01T10:15:34","slug":"las-cooperativas-del-grupo-castell-dor-inician-una-dificil-vendimia-marcada-por-la-sequia","status":"publish","type":"post","link":"https:\/\/castelldor.com\/es\/las-cooperativas-del-grupo-castell-dor-inician-una-dificil-vendimia-marcada-por-la-sequia\/","title":{"rendered":"Las cooperativas del grupo Castell d&#8217;Or inician una dif\u00edcil vendimia marcada por la sequ\u00eda"},"content":{"rendered":"<h3><strong>Destacan el sobreesfuerzo que implica para los agricultores afrontar las consecuencias de unas condiciones clim\u00e1ticas extremas<\/strong><\/h3>\n<p>Tarragona. 23 de agosto 2023.\u2013 La mayor parte de las 16 cooperativas que forman parte del grupo Castell d&#8217;Or han iniciado o iniciar\u00e1n de manera inminente una de las etapas m\u00e1s importantes del a\u00f1o: la <strong>vendimia<\/strong>, fase de recogida del fruto que culmina todo el ciclo de crecimiento y dedicaci\u00f3n a la planta. Esta vendimia se presenta en un contexto complejo dada la sequ\u00eda extrema que ha afectado a todo el sector agr\u00edcola de Catalu\u00f1a.<\/p>\n<p>A pesar de que todav\u00eda es pronto para confirmar datos, Castell d&#8217;Or tambi\u00e9n prev\u00e9 una ca\u00edda en la producci\u00f3n de entre el 40% y el 50% perjudicando especialmente aquellas cooperativas ubicadas en la zona del Pened\u00e8s pero tambi\u00e9n con afectaciones en el Alt Camp, la Conca de Barber\u00e0.<\/p>\n<p>La situaci\u00f3n clim\u00e1tica de estr\u00e9s h\u00eddrico ha impactado en algunas \u00e1reas de producci\u00f3n de manera dr\u00e1stica y ha supuesto, incluso, la eliminaci\u00f3n de una\u00a0 parte de la cosecha para salvar el resto o para facilitar que la cepa sobreviva. Estas medidas <em>in extremis<\/em> pueden comprometer tambi\u00e9n una parte de la producci\u00f3n del a\u00f1o que viene dado que la planta necesita estar en un estado \u00f3ptimo para poder afrontar un nuevo ciclo con normalidad.<\/p>\n<p>En este contexto sin precedentes, el CEO de Castell d&#8217;Or, Jordi Amell, ha querido dar visibilidad \u201c<em><strong>al sacrificio que implica por los agricultores afrontar esta crisis despu\u00e9s de todo un a\u00f1o de dedicaci\u00f3n y su esp\u00edritu de encarar las dificultades<\/strong><\/em>\u201d, y ha destacado \u201c<em><strong>la necesidad de poner en valor el sobreesfuerzo que realizan los agricultores y agricultoras ante estas dificultades en la cadena de elaboraci\u00f3n del cava<\/strong><\/em>\u201d tanto desde el \u00e1mbito privado como el p\u00fablico.\u00a0 Castell d&#8217;Or es un grupo formado por un total de 16 cooperativas que en diferente grado tendr\u00e1n que luchar para poder sobreponerse a esta situaci\u00f3n. Desde el Grupo apuntan que apoyar\u00e1n en todo lo posible a las cooperativas para afrontar esta situaci\u00f3n.<\/p>\n<p>Aun as\u00ed, Castell d&#8217;Or espera disponer de la uva con los est\u00e1ndares necesarios, nivel de grado alcoh\u00f3lico, madurez fen\u00f3lica y acidez adecuada para elaborar todos los productos que dispone en el mercado. Tambi\u00e9n consideran que \u201c<strong><em>verdaderamente estamos ante un reto por parte de cooperativas y del sector para adaptarnos a las condiciones clim\u00e1ticas y asegurar la viabilidad futura de las explotaciones\u201d<\/em><\/strong>.<\/p>\n","protected":false},"excerpt":{"rendered":"<p>Destacan el sobreesfuerzo que implica para los agricultores afrontar las consecuencias de unas condiciones clim\u00e1ticas extremas Tarragona. 23 de agosto 2023.\u2013 La mayor parte de las 16 cooperativas que forman parte del grupo Castell d&#8217;Or han iniciado o iniciar\u00e1n de manera inminente una de las etapas m\u00e1s importantes del a\u00f1o: la vendimia, fase de recogida&hellip;&nbsp;<a href=\"https:\/\/castelldor.com\/es\/las-cooperativas-del-grupo-castell-dor-inician-una-dificil-vendimia-marcada-por-la-sequia\/\" rel=\"bookmark\">Read More &raquo;<span class=\"screen-reader-text\">Las cooperativas del grupo Castell d&#8217;Or inician una dif\u00edcil vendimia marcada por la sequ\u00eda<\/span><\/a><\/p>\n","protected":false},"author":2,"featured_media":133405,"comment_status":"open","ping_status":"closed","sticky":false,"template":"","format":"standard","meta":{"_acf_changed":false,"inline_featured_image":false,"neve_meta_sidebar":"","neve_meta_container":"","neve_meta_enable_content_width":"off","neve_meta_content_width":100,"neve_meta_title_alignment":"","neve_meta_author_avatar":"","neve_post_elements_order":"","neve_meta_disable_header":"","neve_meta_disable_footer":"","neve_meta_disable_title":"","neve_meta_reading_time":"","footnotes":""},"categories":[44],"tags":[],"class_list":["post-133372","post","type-post","status-publish","format-standard","has-post-thumbnail","hentry","category-actualidad"],"acf":[],"yoast_head":"<!-- This site is optimized with the Yoast SEO plugin v27.4 - https:\/\/yoast.com\/product\/yoast-seo-wordpress\/ -->\n<title>Las cooperativas del grupo Castell d\u2019Or inician una dif\u00edcil vendimia| Castell d&#039;Or<\/title>\n<meta name=\"description\" content=\"La mayor parte de las cooperativas de Castell d&#039;Or han iniciado la vendimia o est\u00e1n a punto de hacerlo en un contexto complejo por la sequ\u00eda.\" \/>\n<meta name=\"robots\" content=\"index, follow, max-snippet:-1, max-image-preview:large, max-video-preview:-1\" \/>\n<link rel=\"canonical\" href=\"https:\/\/castelldor.com\/es\/las-cooperativas-del-grupo-castell-dor-inician-una-dificil-vendimia-marcada-por-la-sequia\/\" \/>\n<meta property=\"og:locale\" content=\"es_ES\" \/>\n<meta property=\"og:type\" content=\"article\" \/>\n<meta property=\"og:title\" content=\"Las cooperativas del grupo Castell d\u2019Or inician una dif\u00edcil vendimia| Castell d&#039;Or\" \/>\n<meta property=\"og:description\" content=\"La mayor parte de las cooperativas de Castell d&#039;Or han iniciado la vendimia o est\u00e1n a punto de hacerlo en un contexto complejo por la sequ\u00eda.\" \/>\n<meta property=\"og:url\" content=\"https:\/\/castelldor.com\/es\/las-cooperativas-del-grupo-castell-dor-inician-una-dificil-vendimia-marcada-por-la-sequia\/\" \/>\n<meta property=\"og:site_name\" content=\"Castell d&#039;Or\" \/>\n<meta property=\"article:published_time\" content=\"2023-08-24T07:26:05+00:00\" \/>\n<meta property=\"article:modified_time\" content=\"2024-07-01T10:15:34+00:00\" \/>\n<meta property=\"og:image\" content=\"https:\/\/castelldor.com\/wp-content\/uploads\/2023\/08\/VEREMA3.jpg\" \/>\n\t<meta property=\"og:image:width\" content=\"1499\" \/>\n\t<meta property=\"og:image:height\" content=\"1522\" \/>\n\t<meta property=\"og:image:type\" content=\"image\/jpeg\" \/>\n<meta name=\"author\" content=\"Cristina\" \/>\n<meta name=\"twitter:card\" content=\"summary_large_image\" \/>\n<meta name=\"twitter:label1\" content=\"Escrito por\" \/>\n\t<meta name=\"twitter:data1\" content=\"Cristina\" \/>\n\t<meta name=\"twitter:label2\" content=\"Tiempo de lectura\" \/>\n\t<meta name=\"twitter:data2\" content=\"3 minutos\" \/>\n<script type=\"application\/ld+json\" class=\"yoast-schema-graph\">{\"@context\":\"https:\\\/\\\/schema.org\",\"@graph\":[{\"@type\":\"Article\",\"@id\":\"https:\\\/\\\/castelldor.com\\\/es\\\/las-cooperativas-del-grupo-castell-dor-inician-una-dificil-vendimia-marcada-por-la-sequia\\\/#article\",\"isPartOf\":{\"@id\":\"https:\\\/\\\/castelldor.com\\\/es\\\/las-cooperativas-del-grupo-castell-dor-inician-una-dificil-vendimia-marcada-por-la-sequia\\\/\"},\"author\":{\"name\":\"Cristina\",\"@id\":\"https:\\\/\\\/castelldor.com\\\/es\\\/#\\\/schema\\\/person\\\/3800fc91546b8fea5812fe762dd57eab\"},\"headline\":\"Las cooperativas del grupo Castell d&#8217;Or inician una dif\u00edcil vendimia marcada por la sequ\u00eda\",\"datePublished\":\"2023-08-24T07:26:05+00:00\",\"dateModified\":\"2024-07-01T10:15:34+00:00\",\"mainEntityOfPage\":{\"@id\":\"https:\\\/\\\/castelldor.com\\\/es\\\/las-cooperativas-del-grupo-castell-dor-inician-una-dificil-vendimia-marcada-por-la-sequia\\\/\"},\"wordCount\":445,\"commentCount\":0,\"publisher\":{\"@id\":\"https:\\\/\\\/castelldor.com\\\/es\\\/#organization\"},\"image\":{\"@id\":\"https:\\\/\\\/castelldor.com\\\/es\\\/las-cooperativas-del-grupo-castell-dor-inician-una-dificil-vendimia-marcada-por-la-sequia\\\/#primaryimage\"},\"thumbnailUrl\":\"https:\\\/\\\/castelldor.com\\\/wp-content\\\/uploads\\\/2023\\\/08\\\/VEREMA3.jpg\",\"articleSection\":[\"Actualidad\"],\"inLanguage\":\"es\",\"potentialAction\":[{\"@type\":\"CommentAction\",\"name\":\"Comment\",\"target\":[\"https:\\\/\\\/castelldor.com\\\/es\\\/las-cooperativas-del-grupo-castell-dor-inician-una-dificil-vendimia-marcada-por-la-sequia\\\/#respond\"]}]},{\"@type\":\"WebPage\",\"@id\":\"https:\\\/\\\/castelldor.com\\\/es\\\/las-cooperativas-del-grupo-castell-dor-inician-una-dificil-vendimia-marcada-por-la-sequia\\\/\",\"url\":\"https:\\\/\\\/castelldor.com\\\/es\\\/las-cooperativas-del-grupo-castell-dor-inician-una-dificil-vendimia-marcada-por-la-sequia\\\/\",\"name\":\"Las cooperativas del grupo Castell d\u2019Or inician una dif\u00edcil vendimia| Castell d&#039;Or\",\"isPartOf\":{\"@id\":\"https:\\\/\\\/castelldor.com\\\/es\\\/#website\"},\"primaryImageOfPage\":{\"@id\":\"https:\\\/\\\/castelldor.com\\\/es\\\/las-cooperativas-del-grupo-castell-dor-inician-una-dificil-vendimia-marcada-por-la-sequia\\\/#primaryimage\"},\"image\":{\"@id\":\"https:\\\/\\\/castelldor.com\\\/es\\\/las-cooperativas-del-grupo-castell-dor-inician-una-dificil-vendimia-marcada-por-la-sequia\\\/#primaryimage\"},\"thumbnailUrl\":\"https:\\\/\\\/castelldor.com\\\/wp-content\\\/uploads\\\/2023\\\/08\\\/VEREMA3.jpg\",\"datePublished\":\"2023-08-24T07:26:05+00:00\",\"dateModified\":\"2024-07-01T10:15:34+00:00\",\"description\":\"La mayor parte de las cooperativas de Castell d'Or han iniciado la vendimia o est\u00e1n a punto de hacerlo en un contexto complejo por la sequ\u00eda.\",\"breadcrumb\":{\"@id\":\"https:\\\/\\\/castelldor.com\\\/es\\\/las-cooperativas-del-grupo-castell-dor-inician-una-dificil-vendimia-marcada-por-la-sequia\\\/#breadcrumb\"},\"inLanguage\":\"es\",\"potentialAction\":[{\"@type\":\"ReadAction\",\"target\":[\"https:\\\/\\\/castelldor.com\\\/es\\\/las-cooperativas-del-grupo-castell-dor-inician-una-dificil-vendimia-marcada-por-la-sequia\\\/\"]}]},{\"@type\":\"ImageObject\",\"inLanguage\":\"es\",\"@id\":\"https:\\\/\\\/castelldor.com\\\/es\\\/las-cooperativas-del-grupo-castell-dor-inician-una-dificil-vendimia-marcada-por-la-sequia\\\/#primaryimage\",\"url\":\"https:\\\/\\\/castelldor.com\\\/wp-content\\\/uploads\\\/2023\\\/08\\\/VEREMA3.jpg\",\"contentUrl\":\"https:\\\/\\\/castelldor.com\\\/wp-content\\\/uploads\\\/2023\\\/08\\\/VEREMA3.jpg\",\"width\":1499,\"height\":1522},{\"@type\":\"BreadcrumbList\",\"@id\":\"https:\\\/\\\/castelldor.com\\\/es\\\/las-cooperativas-del-grupo-castell-dor-inician-una-dificil-vendimia-marcada-por-la-sequia\\\/#breadcrumb\",\"itemListElement\":[{\"@type\":\"ListItem\",\"position\":1,\"name\":\"Inici\",\"item\":\"https:\\\/\\\/castelldor.com\\\/es\\\/\"},{\"@type\":\"ListItem\",\"position\":2,\"name\":\"Las cooperativas del grupo Castell d&#8217;Or inician una dif\u00edcil vendimia marcada por la sequ\u00eda\"}]},{\"@type\":\"WebSite\",\"@id\":\"https:\\\/\\\/castelldor.com\\\/es\\\/#website\",\"url\":\"https:\\\/\\\/castelldor.com\\\/es\\\/\",\"name\":\"Castell d&#039;Or\",\"description\":\"Love people, Love wine\",\"publisher\":{\"@id\":\"https:\\\/\\\/castelldor.com\\\/es\\\/#organization\"},\"potentialAction\":[{\"@type\":\"SearchAction\",\"target\":{\"@type\":\"EntryPoint\",\"urlTemplate\":\"https:\\\/\\\/castelldor.com\\\/es\\\/?s={search_term_string}\"},\"query-input\":{\"@type\":\"PropertyValueSpecification\",\"valueRequired\":true,\"valueName\":\"search_term_string\"}}],\"inLanguage\":\"es\"},{\"@type\":\"Organization\",\"@id\":\"https:\\\/\\\/castelldor.com\\\/es\\\/#organization\",\"name\":\"Castell d'Or\",\"url\":\"https:\\\/\\\/castelldor.com\\\/es\\\/\",\"logo\":{\"@type\":\"ImageObject\",\"inLanguage\":\"es\",\"@id\":\"https:\\\/\\\/castelldor.com\\\/es\\\/#\\\/schema\\\/logo\\\/image\\\/\",\"url\":\"https:\\\/\\\/castelldor.com\\\/wp-content\\\/uploads\\\/2022\\\/08\\\/Castell-dor-blanc.svg\",\"contentUrl\":\"https:\\\/\\\/castelldor.com\\\/wp-content\\\/uploads\\\/2022\\\/08\\\/Castell-dor-blanc.svg\",\"width\":169,\"height\":61,\"caption\":\"Castell d'Or\"},\"image\":{\"@id\":\"https:\\\/\\\/castelldor.com\\\/es\\\/#\\\/schema\\\/logo\\\/image\\\/\"}},{\"@type\":\"Person\",\"@id\":\"https:\\\/\\\/castelldor.com\\\/es\\\/#\\\/schema\\\/person\\\/3800fc91546b8fea5812fe762dd57eab\",\"name\":\"Cristina\",\"image\":{\"@type\":\"ImageObject\",\"inLanguage\":\"es\",\"@id\":\"https:\\\/\\\/secure.gravatar.com\\\/avatar\\\/579c1860b6ddac6d2d774a241f04090d5c13b826525a5d2ed1cf72ca0cce4a17?s=96&d=mm&r=g\",\"url\":\"https:\\\/\\\/secure.gravatar.com\\\/avatar\\\/579c1860b6ddac6d2d774a241f04090d5c13b826525a5d2ed1cf72ca0cce4a17?s=96&d=mm&r=g\",\"contentUrl\":\"https:\\\/\\\/secure.gravatar.com\\\/avatar\\\/579c1860b6ddac6d2d774a241f04090d5c13b826525a5d2ed1cf72ca0cce4a17?s=96&d=mm&r=g\",\"caption\":\"Cristina\"}}]}<\/script>\n<!-- \/ Yoast SEO plugin. -->","yoast_head_json":{"title":"Las cooperativas del grupo Castell d\u2019Or inician una dif\u00edcil vendimia| Castell d&#039;Or","description":"La mayor parte de las cooperativas de Castell d'Or han iniciado la vendimia o est\u00e1n a punto de hacerlo en un contexto complejo por la sequ\u00eda.","robots":{"index":"index","follow":"follow","max-snippet":"max-snippet:-1","max-image-preview":"max-image-preview:large","max-video-preview":"max-video-preview:-1"},"canonical":"https:\/\/castelldor.com\/es\/las-cooperativas-del-grupo-castell-dor-inician-una-dificil-vendimia-marcada-por-la-sequia\/","og_locale":"es_ES","og_type":"article","og_title":"Las cooperativas del grupo Castell d\u2019Or inician una dif\u00edcil vendimia| Castell d&#039;Or","og_description":"La mayor parte de las cooperativas de Castell d'Or han iniciado la vendimia o est\u00e1n a punto de hacerlo en un contexto complejo por la sequ\u00eda.","og_url":"https:\/\/castelldor.com\/es\/las-cooperativas-del-grupo-castell-dor-inician-una-dificil-vendimia-marcada-por-la-sequia\/","og_site_name":"Castell d&#039;Or","article_published_time":"2023-08-24T07:26:05+00:00","article_modified_time":"2024-07-01T10:15:34+00:00","og_image":[{"width":1499,"height":1522,"url":"https:\/\/castelldor.com\/wp-content\/uploads\/2023\/08\/VEREMA3.jpg","type":"image\/jpeg"}],"author":"Cristina","twitter_card":"summary_large_image","twitter_misc":{"Escrito por":"Cristina","Tiempo de lectura":"3 minutos"},"schema":{"@context":"https:\/\/schema.org","@graph":[{"@type":"Article","@id":"https:\/\/castelldor.com\/es\/las-cooperativas-del-grupo-castell-dor-inician-una-dificil-vendimia-marcada-por-la-sequia\/#article","isPartOf":{"@id":"https:\/\/castelldor.com\/es\/las-cooperativas-del-grupo-castell-dor-inician-una-dificil-vendimia-marcada-por-la-sequia\/"},"author":{"name":"Cristina","@id":"https:\/\/castelldor.com\/es\/#\/schema\/person\/3800fc91546b8fea5812fe762dd57eab"},"headline":"Las cooperativas del grupo Castell d&#8217;Or inician una dif\u00edcil vendimia marcada por la sequ\u00eda","datePublished":"2023-08-24T07:26:05+00:00","dateModified":"2024-07-01T10:15:34+00:00","mainEntityOfPage":{"@id":"https:\/\/castelldor.com\/es\/las-cooperativas-del-grupo-castell-dor-inician-una-dificil-vendimia-marcada-por-la-sequia\/"},"wordCount":445,"commentCount":0,"publisher":{"@id":"https:\/\/castelldor.com\/es\/#organization"},"image":{"@id":"https:\/\/castelldor.com\/es\/las-cooperativas-del-grupo-castell-dor-inician-una-dificil-vendimia-marcada-por-la-sequia\/#primaryimage"},"thumbnailUrl":"https:\/\/castelldor.com\/wp-content\/uploads\/2023\/08\/VEREMA3.jpg","articleSection":["Actualidad"],"inLanguage":"es","potentialAction":[{"@type":"CommentAction","name":"Comment","target":["https:\/\/castelldor.com\/es\/las-cooperativas-del-grupo-castell-dor-inician-una-dificil-vendimia-marcada-por-la-sequia\/#respond"]}]},{"@type":"WebPage","@id":"https:\/\/castelldor.com\/es\/las-cooperativas-del-grupo-castell-dor-inician-una-dificil-vendimia-marcada-por-la-sequia\/","url":"https:\/\/castelldor.com\/es\/las-cooperativas-del-grupo-castell-dor-inician-una-dificil-vendimia-marcada-por-la-sequia\/","name":"Las cooperativas del grupo Castell d\u2019Or inician una dif\u00edcil vendimia| Castell d&#039;Or","isPartOf":{"@id":"https:\/\/castelldor.com\/es\/#website"},"primaryImageOfPage":{"@id":"https:\/\/castelldor.com\/es\/las-cooperativas-del-grupo-castell-dor-inician-una-dificil-vendimia-marcada-por-la-sequia\/#primaryimage"},"image":{"@id":"https:\/\/castelldor.com\/es\/las-cooperativas-del-grupo-castell-dor-inician-una-dificil-vendimia-marcada-por-la-sequia\/#primaryimage"},"thumbnailUrl":"https:\/\/castelldor.com\/wp-content\/uploads\/2023\/08\/VEREMA3.jpg","datePublished":"2023-08-24T07:26:05+00:00","dateModified":"2024-07-01T10:15:34+00:00","description":"La mayor parte de las cooperativas de Castell d'Or han iniciado la vendimia o est\u00e1n a punto de hacerlo en un contexto complejo por la sequ\u00eda.","breadcrumb":{"@id":"https:\/\/castelldor.com\/es\/las-cooperativas-del-grupo-castell-dor-inician-una-dificil-vendimia-marcada-por-la-sequia\/#breadcrumb"},"inLanguage":"es","potentialAction":[{"@type":"ReadAction","target":["https:\/\/castelldor.com\/es\/las-cooperativas-del-grupo-castell-dor-inician-una-dificil-vendimia-marcada-por-la-sequia\/"]}]},{"@type":"ImageObject","inLanguage":"es","@id":"https:\/\/castelldor.com\/es\/las-cooperativas-del-grupo-castell-dor-inician-una-dificil-vendimia-marcada-por-la-sequia\/#primaryimage","url":"https:\/\/castelldor.com\/wp-content\/uploads\/2023\/08\/VEREMA3.jpg","contentUrl":"https:\/\/castelldor.com\/wp-content\/uploads\/2023\/08\/VEREMA3.jpg","width":1499,"height":1522},{"@type":"BreadcrumbList","@id":"https:\/\/castelldor.com\/es\/las-cooperativas-del-grupo-castell-dor-inician-una-dificil-vendimia-marcada-por-la-sequia\/#breadcrumb","itemListElement":[{"@type":"ListItem","position":1,"name":"Inici","item":"https:\/\/castelldor.com\/es\/"},{"@type":"ListItem","position":2,"name":"Las cooperativas del grupo Castell d&#8217;Or inician una dif\u00edcil vendimia marcada por la sequ\u00eda"}]},{"@type":"WebSite","@id":"https:\/\/castelldor.com\/es\/#website","url":"https:\/\/castelldor.com\/es\/","name":"Castell d&#039;Or","description":"Love people, Love wine","publisher":{"@id":"https:\/\/castelldor.com\/es\/#organization"},"potentialAction":[{"@type":"SearchAction","target":{"@type":"EntryPoint","urlTemplate":"https:\/\/castelldor.com\/es\/?s={search_term_string}"},"query-input":{"@type":"PropertyValueSpecification","valueRequired":true,"valueName":"search_term_string"}}],"inLanguage":"es"},{"@type":"Organization","@id":"https:\/\/castelldor.com\/es\/#organization","name":"Castell d'Or","url":"https:\/\/castelldor.com\/es\/","logo":{"@type":"ImageObject","inLanguage":"es","@id":"https:\/\/castelldor.com\/es\/#\/schema\/logo\/image\/","url":"https:\/\/castelldor.com\/wp-content\/uploads\/2022\/08\/Castell-dor-blanc.svg","contentUrl":"https:\/\/castelldor.com\/wp-content\/uploads\/2022\/08\/Castell-dor-blanc.svg","width":169,"height":61,"caption":"Castell d'Or"},"image":{"@id":"https:\/\/castelldor.com\/es\/#\/schema\/logo\/image\/"}},{"@type":"Person","@id":"https:\/\/castelldor.com\/es\/#\/schema\/person\/3800fc91546b8fea5812fe762dd57eab","name":"Cristina","image":{"@type":"ImageObject","inLanguage":"es","@id":"https:\/\/secure.gravatar.com\/avatar\/579c1860b6ddac6d2d774a241f04090d5c13b826525a5d2ed1cf72ca0cce4a17?s=96&d=mm&r=g","url":"https:\/\/secure.gravatar.com\/avatar\/579c1860b6ddac6d2d774a241f04090d5c13b826525a5d2ed1cf72ca0cce4a17?s=96&d=mm&r=g","contentUrl":"https:\/\/secure.gravatar.com\/avatar\/579c1860b6ddac6d2d774a241f04090d5c13b826525a5d2ed1cf72ca0cce4a17?s=96&d=mm&r=g","caption":"Cristina"}}]}},"_links":{"self":[{"href":"https:\/\/castelldor.com\/es\/wp-json\/wp\/v2\/posts\/133372","targetHints":{"allow":["GET"]}}],"collection":[{"href":"https:\/\/castelldor.com\/es\/wp-json\/wp\/v2\/posts"}],"about":[{"href":"https:\/\/castelldor.com\/es\/wp-json\/wp\/v2\/types\/post"}],"author":[{"embeddable":true,"href":"https:\/\/castelldor.com\/es\/wp-json\/wp\/v2\/users\/2"}],"replies":[{"embeddable":true,"href":"https:\/\/castelldor.com\/es\/wp-json\/wp\/v2\/comments?post=133372"}],"version-history":[{"count":5,"href":"https:\/\/castelldor.com\/es\/wp-json\/wp\/v2\/posts\/133372\/revisions"}],"predecessor-version":[{"id":133419,"href":"https:\/\/castelldor.com\/es\/wp-json\/wp\/v2\/posts\/133372\/revisions\/133419"}],"wp:featuredmedia":[{"embeddable":true,"href":"https:\/\/castelldor.com\/es\/wp-json\/wp\/v2\/media\/133405"}],"wp:attachment":[{"href":"https:\/\/castelldor.com\/es\/wp-json\/wp\/v2\/media?parent=133372"}],"wp:term":[{"taxonomy":"category","embeddable":true,"href":"https:\/\/castelldor.com\/es\/wp-json\/wp\/v2\/categories?post=133372"},{"taxonomy":"post_tag","embeddable":true,"href":"https:\/\/castelldor.com\/es\/wp-json\/wp\/v2\/tags?post=133372"}],"curies":[{"name":"wp","href":"https:\/\/api.w.org\/{rel}","templated":true}]}}