{"id":133089,"date":"2023-07-07T08:39:18","date_gmt":"2023-07-07T06:39:18","guid":{"rendered":"https:\/\/castelldor.com\/la-consellera-deconomia-i-hisenda-visita-les-installacions-de-castell-dor\/"},"modified":"2024-07-01T12:15:35","modified_gmt":"2024-07-01T10:15:35","slug":"la-consellera-deconomia-i-hisenda-visita-les-installacions-de-castell-dor","status":"publish","type":"post","link":"https:\/\/castelldor.com\/es\/la-consellera-deconomia-i-hisenda-visita-les-installacions-de-castell-dor\/","title":{"rendered":"La Consellera de Econom\u00eda y Hacienda visita las instalaciones de Castell d\u2019Or"},"content":{"rendered":"<p><strong>El presidente del grupo ha destacado el papel fundamental que juega la colaboraci\u00f3n promover el desarrollo socioecon\u00f3mico y fortalecer el sector agr\u00edcola.<\/strong><\/p>\n<p>La Consellera de Econom\u00eda y Hacienda, Nat\u00e0lia Mas Guix, ha visitado esta ma\u00f1ana las instalaciones de Castell d&#8217;Or en Vila-rodona (Alt Camp) acompa\u00f1ada del Presidente de Castell d&#8217;Or, Adri\u00e0 Rabad\u00e0 y lo CEO del grupo, Jordi Amell. En esta visita, tambi\u00e9n han estado presentes el Director General de Fondos Europeos y Ayudas de Estado, Aleix Cubells Barcel\u00f3, la consejera delegada del Instituto Catal\u00e1n de Finanzas (ICF), Vanessa Servera y Planas, la Directora de los Servicios Territoriales de Econom\u00eda y Hacienda a Tarragona, Montse Llambrich Margalef y la directora de los Servicios Territoriales de Acci\u00f3n Clim\u00e1tica, Alimentaci\u00f3n y Agenda Rural a Tarragona, Gl\u00f2ria Tibau.<\/p>\n<p>La Consellera ha realizado un recorrido por las instalaciones y ha podido ver de primera mano el proceso de elaboraci\u00f3n de los productos del grupo pero tambi\u00e9n conocer los objetivos, valores y la filosof\u00eda de Castell d&#8217;Or. La Consellera ha podido ver en funcionamiento la nueva l\u00ednea de producci\u00f3n que se inaugur\u00f3 recientemente y ha permitido redimensionar la capacidad del grupo. Recordamos que esta instalaci\u00f3n incluye una l\u00ednea de envasado completa de alto rendimiento, calidad y confiabilidad. Actualmente, Castell d&#8217;Or tiene una capacidad para 10,5 millones de botellas y 1053 pal\u00e9s, as\u00ed como un almac\u00e9n log\u00edstico de 1.840m2.<\/p>\n<p>La Consellera ha destacado que \u201c<strong>la historia de Castell d&#8217;Or representa los valores del cooperativismo, que desde siempre ha permitido al sector agrario unir esfuerzos para modernizarlo y fortalecerlo<\/strong>\u201d. As\u00edmismo, la titular de Econom\u00eda y Hacienda ha valorado \u201c<em><strong>la ambici\u00f3n y la voluntad de crecimiento e innovaci\u00f3n del grupo a trav\u00e9s de continuas inversiones que han contado con el apoyo del ICF\u201d<\/strong><\/em>. Para Mas Guix, \u201c<strong>la ICF demuestra en operaciones como la de Castell d&#8217;Or que es el punto de referencia para todos aquellos proyectos empresariales con voluntad de expansi\u00f3n<\/strong>\u201d.<\/p>\n<p>Por su parte, el Presidente del Grupo Adri\u00e0\u00a0Rabad\u00e0\u00a0ha querido \u00a0remarcar \u201c<strong>la necesidad imprescindible de colaboraci\u00f3n estrecha y fruct\u00edfera entre la Administraci\u00f3n y las empresas, con el objetivo de promover el desarrollo socioecon\u00f3mico y, especialmente, fortalecer el sector agr\u00edcola, que juega un papel clave en nuestra sociedad\u00bb<\/strong>. Adem\u00e1s,\u00a0Rabad\u00e0\u00a0ha subrayado la importancia de \u201c<strong>apoyar y valorar el modelo cooperativo, que fomenta la participaci\u00f3n activa de los agricultores y promueve la solidaridad y el \u00e9xito colectivo. Con un trabajo conjunto, se pueden lograr resultados m\u00e1s s\u00f3lidos y duraderos para el crecimiento y el bienestar de la sociedad en general\u201d.<\/strong><\/p>\n<p><strong>Castell d&#8217;Or, la uni\u00f3n de 16 bodegas<\/strong><\/p>\n<p>Castell d&#8217;Or es la herencia de las primeras cooperativas fundadas a finales del s. XIX y principios del s. XX . En la actualidad, somos un total de 16 cooperativas, que representan adem\u00e1s de 2.200 familias campesinas que trabajan con amor y respecto a la natura. Desde 2005, a Castell d&#8217;Or, seleccionamos las mejores vi\u00f1as y contamos con modernas instalaciones para crear un producto exclusivo, con personalidad y de categor\u00eda Premium.<\/p>\n<p>El Cava Castell d&#8217;Or se ubica en la zona de Condados de Barcelona, una zona con paisajes diversos, principalmente caracterizados por bellos valles o depresiones entre sierras no muy elevadas. Con una larga tradici\u00f3n como regi\u00f3n vitivin\u00edcola que se remonta adem\u00e1s de 2.000 a\u00f1os, la uva del Cava Castell d&#8217;Or procede de parcelas que disfrutan de diversidad de microclimas, a consecuencia de la proximidad a la costa y la altitud de algunas vi\u00f1as &#8211; hasta 750 m sobre el nivel del mar dan lugar a un cava con personalidad \u00fanica. Adem\u00e1s la gran extensi\u00f3n de tierra que trabajan nuestros agricultores, permite una selecci\u00f3n exclusiva de los mejores racimos de cada subzona.<\/p>\n","protected":false},"excerpt":{"rendered":"<p>El presidente del grupo ha destacado el papel fundamental que juega la colaboraci\u00f3n promover el desarrollo socioecon\u00f3mico y fortalecer el sector agr\u00edcola. La Consellera de Econom\u00eda y Hacienda, Nat\u00e0lia Mas Guix, ha visitado esta ma\u00f1ana las instalaciones de Castell d&#8217;Or en Vila-rodona (Alt Camp) acompa\u00f1ada del Presidente de Castell d&#8217;Or, Adri\u00e0 Rabad\u00e0 y lo CEO&hellip;&nbsp;<a href=\"https:\/\/castelldor.com\/es\/la-consellera-deconomia-i-hisenda-visita-les-installacions-de-castell-dor\/\" rel=\"bookmark\">Read More &raquo;<span class=\"screen-reader-text\">La Consellera de Econom\u00eda y Hacienda visita las instalaciones de Castell d\u2019Or<\/span><\/a><\/p>\n","protected":false},"author":2,"featured_media":133065,"comment_status":"open","ping_status":"closed","sticky":false,"template":"","format":"standard","meta":{"_acf_changed":false,"inline_featured_image":false,"neve_meta_sidebar":"","neve_meta_container":"","neve_meta_enable_content_width":"off","neve_meta_content_width":70,"neve_meta_title_alignment":"","neve_meta_author_avatar":"","neve_post_elements_order":"","neve_meta_disable_header":"","neve_meta_disable_footer":"","neve_meta_disable_title":"","neve_meta_reading_time":"","footnotes":""},"categories":[44],"tags":[],"class_list":["post-133089","post","type-post","status-publish","format-standard","has-post-thumbnail","hentry","category-actualidad"],"acf":[],"yoast_head":"<!-- This site is optimized with the Yoast SEO plugin v27.4 - https:\/\/yoast.com\/product\/yoast-seo-wordpress\/ -->\n<title>La Consellera de Econom\u00eda y Hacienda visita Castell d\u2019Or| Castell d&#039;Or<\/title>\n<meta name=\"description\" content=\"La Consellera d\u2019Economia i Hisenda, Nat\u00e0lia Mas Guix, ha visitat aquest mat\u00ed les instal\u00b7lacions de Castell d\u2019Or a Vila-rodona (Alt Camp).\" \/>\n<meta name=\"robots\" content=\"index, follow, max-snippet:-1, max-image-preview:large, max-video-preview:-1\" \/>\n<link rel=\"canonical\" href=\"https:\/\/castelldor.com\/es\/la-consellera-deconomia-i-hisenda-visita-les-installacions-de-castell-dor\/\" \/>\n<meta property=\"og:locale\" content=\"es_ES\" \/>\n<meta property=\"og:type\" content=\"article\" \/>\n<meta property=\"og:title\" content=\"La Consellera de Econom\u00eda y Hacienda visita Castell d\u2019Or| Castell d&#039;Or\" \/>\n<meta property=\"og:description\" content=\"La Consellera d\u2019Economia i Hisenda, Nat\u00e0lia Mas Guix, ha visitat aquest mat\u00ed les instal\u00b7lacions de Castell d\u2019Or a Vila-rodona (Alt Camp).\" \/>\n<meta property=\"og:url\" content=\"https:\/\/castelldor.com\/es\/la-consellera-deconomia-i-hisenda-visita-les-installacions-de-castell-dor\/\" \/>\n<meta property=\"og:site_name\" content=\"Castell d&#039;Or\" \/>\n<meta property=\"article:published_time\" content=\"2023-07-07T06:39:18+00:00\" \/>\n<meta property=\"article:modified_time\" content=\"2024-07-01T10:15:35+00:00\" \/>\n<meta property=\"og:image\" content=\"https:\/\/castelldor.com\/wp-content\/uploads\/2023\/07\/premsa4-scaled.jpg\" \/>\n\t<meta property=\"og:image:width\" content=\"2560\" \/>\n\t<meta property=\"og:image:height\" content=\"1707\" \/>\n\t<meta property=\"og:image:type\" content=\"image\/jpeg\" \/>\n<meta name=\"author\" content=\"Cristina\" \/>\n<meta name=\"twitter:card\" content=\"summary_large_image\" \/>\n<meta name=\"twitter:label1\" content=\"Escrito por\" \/>\n\t<meta name=\"twitter:data1\" content=\"Cristina\" \/>\n\t<meta name=\"twitter:label2\" content=\"Tiempo de lectura\" \/>\n\t<meta name=\"twitter:data2\" content=\"4 minutos\" \/>\n<script type=\"application\/ld+json\" class=\"yoast-schema-graph\">{\"@context\":\"https:\\\/\\\/schema.org\",\"@graph\":[{\"@type\":\"Article\",\"@id\":\"https:\\\/\\\/castelldor.com\\\/es\\\/la-consellera-deconomia-i-hisenda-visita-les-installacions-de-castell-dor\\\/#article\",\"isPartOf\":{\"@id\":\"https:\\\/\\\/castelldor.com\\\/es\\\/la-consellera-deconomia-i-hisenda-visita-les-installacions-de-castell-dor\\\/\"},\"author\":{\"name\":\"Cristina\",\"@id\":\"https:\\\/\\\/castelldor.com\\\/es\\\/#\\\/schema\\\/person\\\/3800fc91546b8fea5812fe762dd57eab\"},\"headline\":\"La Consellera de Econom\u00eda y Hacienda visita las instalaciones de Castell d\u2019Or\",\"datePublished\":\"2023-07-07T06:39:18+00:00\",\"dateModified\":\"2024-07-01T10:15:35+00:00\",\"mainEntityOfPage\":{\"@id\":\"https:\\\/\\\/castelldor.com\\\/es\\\/la-consellera-deconomia-i-hisenda-visita-les-installacions-de-castell-dor\\\/\"},\"wordCount\":670,\"commentCount\":0,\"publisher\":{\"@id\":\"https:\\\/\\\/castelldor.com\\\/es\\\/#organization\"},\"image\":{\"@id\":\"https:\\\/\\\/castelldor.com\\\/es\\\/la-consellera-deconomia-i-hisenda-visita-les-installacions-de-castell-dor\\\/#primaryimage\"},\"thumbnailUrl\":\"https:\\\/\\\/castelldor.com\\\/wp-content\\\/uploads\\\/2023\\\/07\\\/premsa4-scaled.jpg\",\"articleSection\":[\"Actualidad\"],\"inLanguage\":\"es\",\"potentialAction\":[{\"@type\":\"CommentAction\",\"name\":\"Comment\",\"target\":[\"https:\\\/\\\/castelldor.com\\\/es\\\/la-consellera-deconomia-i-hisenda-visita-les-installacions-de-castell-dor\\\/#respond\"]}]},{\"@type\":\"WebPage\",\"@id\":\"https:\\\/\\\/castelldor.com\\\/es\\\/la-consellera-deconomia-i-hisenda-visita-les-installacions-de-castell-dor\\\/\",\"url\":\"https:\\\/\\\/castelldor.com\\\/es\\\/la-consellera-deconomia-i-hisenda-visita-les-installacions-de-castell-dor\\\/\",\"name\":\"La Consellera de Econom\u00eda y Hacienda visita Castell d\u2019Or| Castell d&#039;Or\",\"isPartOf\":{\"@id\":\"https:\\\/\\\/castelldor.com\\\/es\\\/#website\"},\"primaryImageOfPage\":{\"@id\":\"https:\\\/\\\/castelldor.com\\\/es\\\/la-consellera-deconomia-i-hisenda-visita-les-installacions-de-castell-dor\\\/#primaryimage\"},\"image\":{\"@id\":\"https:\\\/\\\/castelldor.com\\\/es\\\/la-consellera-deconomia-i-hisenda-visita-les-installacions-de-castell-dor\\\/#primaryimage\"},\"thumbnailUrl\":\"https:\\\/\\\/castelldor.com\\\/wp-content\\\/uploads\\\/2023\\\/07\\\/premsa4-scaled.jpg\",\"datePublished\":\"2023-07-07T06:39:18+00:00\",\"dateModified\":\"2024-07-01T10:15:35+00:00\",\"description\":\"La Consellera d\u2019Economia i Hisenda, Nat\u00e0lia Mas Guix, ha visitat aquest mat\u00ed les instal\u00b7lacions de Castell d\u2019Or a Vila-rodona (Alt Camp).\",\"breadcrumb\":{\"@id\":\"https:\\\/\\\/castelldor.com\\\/es\\\/la-consellera-deconomia-i-hisenda-visita-les-installacions-de-castell-dor\\\/#breadcrumb\"},\"inLanguage\":\"es\",\"potentialAction\":[{\"@type\":\"ReadAction\",\"target\":[\"https:\\\/\\\/castelldor.com\\\/es\\\/la-consellera-deconomia-i-hisenda-visita-les-installacions-de-castell-dor\\\/\"]}]},{\"@type\":\"ImageObject\",\"inLanguage\":\"es\",\"@id\":\"https:\\\/\\\/castelldor.com\\\/es\\\/la-consellera-deconomia-i-hisenda-visita-les-installacions-de-castell-dor\\\/#primaryimage\",\"url\":\"https:\\\/\\\/castelldor.com\\\/wp-content\\\/uploads\\\/2023\\\/07\\\/premsa4-scaled.jpg\",\"contentUrl\":\"https:\\\/\\\/castelldor.com\\\/wp-content\\\/uploads\\\/2023\\\/07\\\/premsa4-scaled.jpg\",\"width\":2560,\"height\":1707},{\"@type\":\"BreadcrumbList\",\"@id\":\"https:\\\/\\\/castelldor.com\\\/es\\\/la-consellera-deconomia-i-hisenda-visita-les-installacions-de-castell-dor\\\/#breadcrumb\",\"itemListElement\":[{\"@type\":\"ListItem\",\"position\":1,\"name\":\"Inici\",\"item\":\"https:\\\/\\\/castelldor.com\\\/es\\\/\"},{\"@type\":\"ListItem\",\"position\":2,\"name\":\"La Consellera de Econom\u00eda y Hacienda visita las instalaciones de Castell d\u2019Or\"}]},{\"@type\":\"WebSite\",\"@id\":\"https:\\\/\\\/castelldor.com\\\/es\\\/#website\",\"url\":\"https:\\\/\\\/castelldor.com\\\/es\\\/\",\"name\":\"Castell d&#039;Or\",\"description\":\"Love people, Love wine\",\"publisher\":{\"@id\":\"https:\\\/\\\/castelldor.com\\\/es\\\/#organization\"},\"potentialAction\":[{\"@type\":\"SearchAction\",\"target\":{\"@type\":\"EntryPoint\",\"urlTemplate\":\"https:\\\/\\\/castelldor.com\\\/es\\\/?s={search_term_string}\"},\"query-input\":{\"@type\":\"PropertyValueSpecification\",\"valueRequired\":true,\"valueName\":\"search_term_string\"}}],\"inLanguage\":\"es\"},{\"@type\":\"Organization\",\"@id\":\"https:\\\/\\\/castelldor.com\\\/es\\\/#organization\",\"name\":\"Castell d'Or\",\"url\":\"https:\\\/\\\/castelldor.com\\\/es\\\/\",\"logo\":{\"@type\":\"ImageObject\",\"inLanguage\":\"es\",\"@id\":\"https:\\\/\\\/castelldor.com\\\/es\\\/#\\\/schema\\\/logo\\\/image\\\/\",\"url\":\"https:\\\/\\\/castelldor.com\\\/wp-content\\\/uploads\\\/2022\\\/08\\\/Castell-dor-blanc.svg\",\"contentUrl\":\"https:\\\/\\\/castelldor.com\\\/wp-content\\\/uploads\\\/2022\\\/08\\\/Castell-dor-blanc.svg\",\"width\":169,\"height\":61,\"caption\":\"Castell d'Or\"},\"image\":{\"@id\":\"https:\\\/\\\/castelldor.com\\\/es\\\/#\\\/schema\\\/logo\\\/image\\\/\"}},{\"@type\":\"Person\",\"@id\":\"https:\\\/\\\/castelldor.com\\\/es\\\/#\\\/schema\\\/person\\\/3800fc91546b8fea5812fe762dd57eab\",\"name\":\"Cristina\",\"image\":{\"@type\":\"ImageObject\",\"inLanguage\":\"es\",\"@id\":\"https:\\\/\\\/secure.gravatar.com\\\/avatar\\\/579c1860b6ddac6d2d774a241f04090d5c13b826525a5d2ed1cf72ca0cce4a17?s=96&d=mm&r=g\",\"url\":\"https:\\\/\\\/secure.gravatar.com\\\/avatar\\\/579c1860b6ddac6d2d774a241f04090d5c13b826525a5d2ed1cf72ca0cce4a17?s=96&d=mm&r=g\",\"contentUrl\":\"https:\\\/\\\/secure.gravatar.com\\\/avatar\\\/579c1860b6ddac6d2d774a241f04090d5c13b826525a5d2ed1cf72ca0cce4a17?s=96&d=mm&r=g\",\"caption\":\"Cristina\"}}]}<\/script>\n<!-- \/ Yoast SEO plugin. -->","yoast_head_json":{"title":"La Consellera de Econom\u00eda y Hacienda visita Castell d\u2019Or| Castell d&#039;Or","description":"La Consellera d\u2019Economia i Hisenda, Nat\u00e0lia Mas Guix, ha visitat aquest mat\u00ed les instal\u00b7lacions de Castell d\u2019Or a Vila-rodona (Alt Camp).","robots":{"index":"index","follow":"follow","max-snippet":"max-snippet:-1","max-image-preview":"max-image-preview:large","max-video-preview":"max-video-preview:-1"},"canonical":"https:\/\/castelldor.com\/es\/la-consellera-deconomia-i-hisenda-visita-les-installacions-de-castell-dor\/","og_locale":"es_ES","og_type":"article","og_title":"La Consellera de Econom\u00eda y Hacienda visita Castell d\u2019Or| Castell d&#039;Or","og_description":"La Consellera d\u2019Economia i Hisenda, Nat\u00e0lia Mas Guix, ha visitat aquest mat\u00ed les instal\u00b7lacions de Castell d\u2019Or a Vila-rodona (Alt Camp).","og_url":"https:\/\/castelldor.com\/es\/la-consellera-deconomia-i-hisenda-visita-les-installacions-de-castell-dor\/","og_site_name":"Castell d&#039;Or","article_published_time":"2023-07-07T06:39:18+00:00","article_modified_time":"2024-07-01T10:15:35+00:00","og_image":[{"width":2560,"height":1707,"url":"https:\/\/castelldor.com\/wp-content\/uploads\/2023\/07\/premsa4-scaled.jpg","type":"image\/jpeg"}],"author":"Cristina","twitter_card":"summary_large_image","twitter_misc":{"Escrito por":"Cristina","Tiempo de lectura":"4 minutos"},"schema":{"@context":"https:\/\/schema.org","@graph":[{"@type":"Article","@id":"https:\/\/castelldor.com\/es\/la-consellera-deconomia-i-hisenda-visita-les-installacions-de-castell-dor\/#article","isPartOf":{"@id":"https:\/\/castelldor.com\/es\/la-consellera-deconomia-i-hisenda-visita-les-installacions-de-castell-dor\/"},"author":{"name":"Cristina","@id":"https:\/\/castelldor.com\/es\/#\/schema\/person\/3800fc91546b8fea5812fe762dd57eab"},"headline":"La Consellera de Econom\u00eda y Hacienda visita las instalaciones de Castell d\u2019Or","datePublished":"2023-07-07T06:39:18+00:00","dateModified":"2024-07-01T10:15:35+00:00","mainEntityOfPage":{"@id":"https:\/\/castelldor.com\/es\/la-consellera-deconomia-i-hisenda-visita-les-installacions-de-castell-dor\/"},"wordCount":670,"commentCount":0,"publisher":{"@id":"https:\/\/castelldor.com\/es\/#organization"},"image":{"@id":"https:\/\/castelldor.com\/es\/la-consellera-deconomia-i-hisenda-visita-les-installacions-de-castell-dor\/#primaryimage"},"thumbnailUrl":"https:\/\/castelldor.com\/wp-content\/uploads\/2023\/07\/premsa4-scaled.jpg","articleSection":["Actualidad"],"inLanguage":"es","potentialAction":[{"@type":"CommentAction","name":"Comment","target":["https:\/\/castelldor.com\/es\/la-consellera-deconomia-i-hisenda-visita-les-installacions-de-castell-dor\/#respond"]}]},{"@type":"WebPage","@id":"https:\/\/castelldor.com\/es\/la-consellera-deconomia-i-hisenda-visita-les-installacions-de-castell-dor\/","url":"https:\/\/castelldor.com\/es\/la-consellera-deconomia-i-hisenda-visita-les-installacions-de-castell-dor\/","name":"La Consellera de Econom\u00eda y Hacienda visita Castell d\u2019Or| Castell d&#039;Or","isPartOf":{"@id":"https:\/\/castelldor.com\/es\/#website"},"primaryImageOfPage":{"@id":"https:\/\/castelldor.com\/es\/la-consellera-deconomia-i-hisenda-visita-les-installacions-de-castell-dor\/#primaryimage"},"image":{"@id":"https:\/\/castelldor.com\/es\/la-consellera-deconomia-i-hisenda-visita-les-installacions-de-castell-dor\/#primaryimage"},"thumbnailUrl":"https:\/\/castelldor.com\/wp-content\/uploads\/2023\/07\/premsa4-scaled.jpg","datePublished":"2023-07-07T06:39:18+00:00","dateModified":"2024-07-01T10:15:35+00:00","description":"La Consellera d\u2019Economia i Hisenda, Nat\u00e0lia Mas Guix, ha visitat aquest mat\u00ed les instal\u00b7lacions de Castell d\u2019Or a Vila-rodona (Alt Camp).","breadcrumb":{"@id":"https:\/\/castelldor.com\/es\/la-consellera-deconomia-i-hisenda-visita-les-installacions-de-castell-dor\/#breadcrumb"},"inLanguage":"es","potentialAction":[{"@type":"ReadAction","target":["https:\/\/castelldor.com\/es\/la-consellera-deconomia-i-hisenda-visita-les-installacions-de-castell-dor\/"]}]},{"@type":"ImageObject","inLanguage":"es","@id":"https:\/\/castelldor.com\/es\/la-consellera-deconomia-i-hisenda-visita-les-installacions-de-castell-dor\/#primaryimage","url":"https:\/\/castelldor.com\/wp-content\/uploads\/2023\/07\/premsa4-scaled.jpg","contentUrl":"https:\/\/castelldor.com\/wp-content\/uploads\/2023\/07\/premsa4-scaled.jpg","width":2560,"height":1707},{"@type":"BreadcrumbList","@id":"https:\/\/castelldor.com\/es\/la-consellera-deconomia-i-hisenda-visita-les-installacions-de-castell-dor\/#breadcrumb","itemListElement":[{"@type":"ListItem","position":1,"name":"Inici","item":"https:\/\/castelldor.com\/es\/"},{"@type":"ListItem","position":2,"name":"La Consellera de Econom\u00eda y Hacienda visita las instalaciones de Castell d\u2019Or"}]},{"@type":"WebSite","@id":"https:\/\/castelldor.com\/es\/#website","url":"https:\/\/castelldor.com\/es\/","name":"Castell d&#039;Or","description":"Love people, Love wine","publisher":{"@id":"https:\/\/castelldor.com\/es\/#organization"},"potentialAction":[{"@type":"SearchAction","target":{"@type":"EntryPoint","urlTemplate":"https:\/\/castelldor.com\/es\/?s={search_term_string}"},"query-input":{"@type":"PropertyValueSpecification","valueRequired":true,"valueName":"search_term_string"}}],"inLanguage":"es"},{"@type":"Organization","@id":"https:\/\/castelldor.com\/es\/#organization","name":"Castell d'Or","url":"https:\/\/castelldor.com\/es\/","logo":{"@type":"ImageObject","inLanguage":"es","@id":"https:\/\/castelldor.com\/es\/#\/schema\/logo\/image\/","url":"https:\/\/castelldor.com\/wp-content\/uploads\/2022\/08\/Castell-dor-blanc.svg","contentUrl":"https:\/\/castelldor.com\/wp-content\/uploads\/2022\/08\/Castell-dor-blanc.svg","width":169,"height":61,"caption":"Castell d'Or"},"image":{"@id":"https:\/\/castelldor.com\/es\/#\/schema\/logo\/image\/"}},{"@type":"Person","@id":"https:\/\/castelldor.com\/es\/#\/schema\/person\/3800fc91546b8fea5812fe762dd57eab","name":"Cristina","image":{"@type":"ImageObject","inLanguage":"es","@id":"https:\/\/secure.gravatar.com\/avatar\/579c1860b6ddac6d2d774a241f04090d5c13b826525a5d2ed1cf72ca0cce4a17?s=96&d=mm&r=g","url":"https:\/\/secure.gravatar.com\/avatar\/579c1860b6ddac6d2d774a241f04090d5c13b826525a5d2ed1cf72ca0cce4a17?s=96&d=mm&r=g","contentUrl":"https:\/\/secure.gravatar.com\/avatar\/579c1860b6ddac6d2d774a241f04090d5c13b826525a5d2ed1cf72ca0cce4a17?s=96&d=mm&r=g","caption":"Cristina"}}]}},"_links":{"self":[{"href":"https:\/\/castelldor.com\/es\/wp-json\/wp\/v2\/posts\/133089","targetHints":{"allow":["GET"]}}],"collection":[{"href":"https:\/\/castelldor.com\/es\/wp-json\/wp\/v2\/posts"}],"about":[{"href":"https:\/\/castelldor.com\/es\/wp-json\/wp\/v2\/types\/post"}],"author":[{"embeddable":true,"href":"https:\/\/castelldor.com\/es\/wp-json\/wp\/v2\/users\/2"}],"replies":[{"embeddable":true,"href":"https:\/\/castelldor.com\/es\/wp-json\/wp\/v2\/comments?post=133089"}],"version-history":[{"count":4,"href":"https:\/\/castelldor.com\/es\/wp-json\/wp\/v2\/posts\/133089\/revisions"}],"predecessor-version":[{"id":133093,"href":"https:\/\/castelldor.com\/es\/wp-json\/wp\/v2\/posts\/133089\/revisions\/133093"}],"wp:featuredmedia":[{"embeddable":true,"href":"https:\/\/castelldor.com\/es\/wp-json\/wp\/v2\/media\/133065"}],"wp:attachment":[{"href":"https:\/\/castelldor.com\/es\/wp-json\/wp\/v2\/media?parent=133089"}],"wp:term":[{"taxonomy":"category","embeddable":true,"href":"https:\/\/castelldor.com\/es\/wp-json\/wp\/v2\/categories?post=133089"},{"taxonomy":"post_tag","embeddable":true,"href":"https:\/\/castelldor.com\/es\/wp-json\/wp\/v2\/tags?post=133089"}],"curies":[{"name":"wp","href":"https:\/\/api.w.org\/{rel}","templated":true}]}}