{"id":133011,"date":"2023-06-28T11:00:45","date_gmt":"2023-06-28T09:00:45","guid":{"rendered":"https:\/\/castelldor.com\/castell-dor-present-al-festival-vijazz-de-vilafranca-del-penedes\/"},"modified":"2024-07-01T12:15:35","modified_gmt":"2024-07-01T10:15:35","slug":"castell-dor-presente-en-el-festival-vijazz","status":"publish","type":"post","link":"https:\/\/castelldor.com\/es\/castell-dor-presente-en-el-festival-vijazz\/","title":{"rendered":"Castell d&#8217;Or participa al Festival Vijazz de Vilafranca del Pened\u00e8s"},"content":{"rendered":"<p>El <a href=\"http:\/\/www.castelldor.com\">grupo Castell d&#8217;Or<\/a>, referente en la elaboraci\u00f3n de cavas de alta calidad, estar\u00e1 presente del <strong>6 al 8 de julio<\/strong>, en el <a href=\"https:\/\/vijazzpenedes.com\/\">12.\u00ba festival Banco Sabadell Vijazz Pened\u00e8<\/a>s que tendr\u00e1 lugar en Vilafranca del Pened\u00e8s. Ser\u00e1 en este magn\u00edfico escenario cuando se maridar\u00e0 lo mejor jazz con el buen vino y con el buen cava del territorio. Castell d&#8217;Or estar\u00e1 presente con sus novedades Y una representaci\u00f3n de sus productos. Vilafranca del Pened\u00e8s acontecer\u00e1 una gran feria de degustaciones gastron\u00f3micas con maridajes delicados con anchoas, sushi, foie o quesos azules y del Pirineo<\/p>\n<p>Al cartel del festival, destacan nombres como el bajista\u00a0Marcus\u00a0Miller, la cantante y pianista\u00a0Kandace\u00a0Springs\u00a0y el vocalista Jos\u00e9 James, parte de un extenso programa de conciertos. Junto con la amplia oferta musical , el fin de semana del 7, 8 y 9 de julio, la rambla de Nuestra Se\u00f1ora de Vilafranca del Pened\u00e8s volver\u00e1 a acoger la tradicional feria\u00a0Vijazz, con centenares de referencias de vinos y cavas de la zona que se podr\u00e1n probar y degustar.<\/p>\n","protected":false},"excerpt":{"rendered":"<p>El grupo Castell d&#8217;Or, referente en la elaboraci\u00f3n de cavas de alta calidad, estar\u00e1 presente del 6 al 8 de julio, en el 12.\u00ba festival Banco Sabadell Vijazz Pened\u00e8s que tendr\u00e1 lugar en Vilafranca del Pened\u00e8s. Ser\u00e1 en este magn\u00edfico escenario cuando se maridar\u00e0 lo mejor jazz con el buen vino y con el buen&hellip;&nbsp;<a href=\"https:\/\/castelldor.com\/es\/castell-dor-presente-en-el-festival-vijazz\/\" rel=\"bookmark\">Read More &raquo;<span class=\"screen-reader-text\">Castell d&#8217;Or participa al Festival Vijazz de Vilafranca del Pened\u00e8s<\/span><\/a><\/p>\n","protected":false},"author":2,"featured_media":132987,"comment_status":"open","ping_status":"closed","sticky":false,"template":"","format":"standard","meta":{"_acf_changed":false,"inline_featured_image":false,"neve_meta_sidebar":"","neve_meta_container":"","neve_meta_enable_content_width":"off","neve_meta_content_width":70,"neve_meta_title_alignment":"","neve_meta_author_avatar":"","neve_post_elements_order":"","neve_meta_disable_header":"","neve_meta_disable_footer":"","neve_meta_disable_title":"","neve_meta_reading_time":"","footnotes":""},"categories":[44],"tags":[],"class_list":["post-133011","post","type-post","status-publish","format-standard","has-post-thumbnail","hentry","category-actualidad"],"acf":[],"yoast_head":"<!-- This site is optimized with the Yoast SEO plugin v27.4 - https:\/\/yoast.com\/product\/yoast-seo-wordpress\/ -->\n<title>Castell d&#039;Or presente en el Festival Vijazz| Castell d&#039;Or<\/title>\n<meta name=\"description\" content=\"Castell d&#039;Or estar\u00e1 presente del 6 al 8 de julio de 2023, en el Festival Banco Sabadell Vijazz que tendr\u00e1 lugar en Vilafranca del Pened\u00e8s.\" \/>\n<meta name=\"robots\" content=\"index, follow, max-snippet:-1, max-image-preview:large, max-video-preview:-1\" \/>\n<link rel=\"canonical\" href=\"https:\/\/castelldor.com\/es\/castell-dor-presente-en-el-festival-vijazz\/\" \/>\n<meta property=\"og:locale\" content=\"es_ES\" \/>\n<meta property=\"og:type\" content=\"article\" \/>\n<meta property=\"og:title\" content=\"Castell d&#039;Or presente en el Festival Vijazz| Castell d&#039;Or\" \/>\n<meta property=\"og:description\" content=\"Castell d&#039;Or estar\u00e1 presente del 6 al 8 de julio de 2023, en el Festival Banco Sabadell Vijazz que tendr\u00e1 lugar en Vilafranca del Pened\u00e8s.\" \/>\n<meta property=\"og:url\" content=\"https:\/\/castelldor.com\/es\/castell-dor-presente-en-el-festival-vijazz\/\" \/>\n<meta property=\"og:site_name\" content=\"Castell d&#039;Or\" \/>\n<meta property=\"article:published_time\" content=\"2023-06-28T09:00:45+00:00\" \/>\n<meta property=\"article:modified_time\" content=\"2024-07-01T10:15:35+00:00\" \/>\n<meta property=\"og:image\" content=\"https:\/\/castelldor.com\/wp-content\/uploads\/2023\/06\/28026662262_2a383e44a6_c.jpg\" \/>\n\t<meta property=\"og:image:width\" content=\"799\" \/>\n\t<meta property=\"og:image:height\" content=\"533\" \/>\n\t<meta property=\"og:image:type\" content=\"image\/jpeg\" \/>\n<meta name=\"author\" content=\"Cristina\" \/>\n<meta name=\"twitter:card\" content=\"summary_large_image\" \/>\n<meta name=\"twitter:label1\" content=\"Escrito por\" \/>\n\t<meta name=\"twitter:data1\" content=\"Cristina\" \/>\n\t<meta name=\"twitter:label2\" content=\"Tiempo de lectura\" \/>\n\t<meta name=\"twitter:data2\" content=\"1 minuto\" \/>\n<script type=\"application\/ld+json\" class=\"yoast-schema-graph\">{\"@context\":\"https:\\\/\\\/schema.org\",\"@graph\":[{\"@type\":\"Article\",\"@id\":\"https:\\\/\\\/castelldor.com\\\/es\\\/castell-dor-presente-en-el-festival-vijazz\\\/#article\",\"isPartOf\":{\"@id\":\"https:\\\/\\\/castelldor.com\\\/es\\\/castell-dor-presente-en-el-festival-vijazz\\\/\"},\"author\":{\"name\":\"Cristina\",\"@id\":\"https:\\\/\\\/castelldor.com\\\/es\\\/#\\\/schema\\\/person\\\/3800fc91546b8fea5812fe762dd57eab\"},\"headline\":\"Castell d&#8217;Or participa al Festival Vijazz de Vilafranca del Pened\u00e8s\",\"datePublished\":\"2023-06-28T09:00:45+00:00\",\"dateModified\":\"2024-07-01T10:15:35+00:00\",\"mainEntityOfPage\":{\"@id\":\"https:\\\/\\\/castelldor.com\\\/es\\\/castell-dor-presente-en-el-festival-vijazz\\\/\"},\"wordCount\":191,\"commentCount\":0,\"publisher\":{\"@id\":\"https:\\\/\\\/castelldor.com\\\/es\\\/#organization\"},\"image\":{\"@id\":\"https:\\\/\\\/castelldor.com\\\/es\\\/castell-dor-presente-en-el-festival-vijazz\\\/#primaryimage\"},\"thumbnailUrl\":\"https:\\\/\\\/castelldor.com\\\/wp-content\\\/uploads\\\/2023\\\/06\\\/28026662262_2a383e44a6_c.jpg\",\"articleSection\":[\"Actualidad\"],\"inLanguage\":\"es\",\"potentialAction\":[{\"@type\":\"CommentAction\",\"name\":\"Comment\",\"target\":[\"https:\\\/\\\/castelldor.com\\\/es\\\/castell-dor-presente-en-el-festival-vijazz\\\/#respond\"]}]},{\"@type\":\"WebPage\",\"@id\":\"https:\\\/\\\/castelldor.com\\\/es\\\/castell-dor-presente-en-el-festival-vijazz\\\/\",\"url\":\"https:\\\/\\\/castelldor.com\\\/es\\\/castell-dor-presente-en-el-festival-vijazz\\\/\",\"name\":\"Castell d'Or presente en el Festival Vijazz| Castell d&#039;Or\",\"isPartOf\":{\"@id\":\"https:\\\/\\\/castelldor.com\\\/es\\\/#website\"},\"primaryImageOfPage\":{\"@id\":\"https:\\\/\\\/castelldor.com\\\/es\\\/castell-dor-presente-en-el-festival-vijazz\\\/#primaryimage\"},\"image\":{\"@id\":\"https:\\\/\\\/castelldor.com\\\/es\\\/castell-dor-presente-en-el-festival-vijazz\\\/#primaryimage\"},\"thumbnailUrl\":\"https:\\\/\\\/castelldor.com\\\/wp-content\\\/uploads\\\/2023\\\/06\\\/28026662262_2a383e44a6_c.jpg\",\"datePublished\":\"2023-06-28T09:00:45+00:00\",\"dateModified\":\"2024-07-01T10:15:35+00:00\",\"description\":\"Castell d'Or estar\u00e1 presente del 6 al 8 de julio de 2023, en el Festival Banco Sabadell Vijazz que tendr\u00e1 lugar en Vilafranca del Pened\u00e8s.\",\"breadcrumb\":{\"@id\":\"https:\\\/\\\/castelldor.com\\\/es\\\/castell-dor-presente-en-el-festival-vijazz\\\/#breadcrumb\"},\"inLanguage\":\"es\",\"potentialAction\":[{\"@type\":\"ReadAction\",\"target\":[\"https:\\\/\\\/castelldor.com\\\/es\\\/castell-dor-presente-en-el-festival-vijazz\\\/\"]}]},{\"@type\":\"ImageObject\",\"inLanguage\":\"es\",\"@id\":\"https:\\\/\\\/castelldor.com\\\/es\\\/castell-dor-presente-en-el-festival-vijazz\\\/#primaryimage\",\"url\":\"https:\\\/\\\/castelldor.com\\\/wp-content\\\/uploads\\\/2023\\\/06\\\/28026662262_2a383e44a6_c.jpg\",\"contentUrl\":\"https:\\\/\\\/castelldor.com\\\/wp-content\\\/uploads\\\/2023\\\/06\\\/28026662262_2a383e44a6_c.jpg\",\"width\":799,\"height\":533},{\"@type\":\"BreadcrumbList\",\"@id\":\"https:\\\/\\\/castelldor.com\\\/es\\\/castell-dor-presente-en-el-festival-vijazz\\\/#breadcrumb\",\"itemListElement\":[{\"@type\":\"ListItem\",\"position\":1,\"name\":\"Inici\",\"item\":\"https:\\\/\\\/castelldor.com\\\/es\\\/\"},{\"@type\":\"ListItem\",\"position\":2,\"name\":\"Castell d&#8217;Or participa al Festival Vijazz de Vilafranca del Pened\u00e8s\"}]},{\"@type\":\"WebSite\",\"@id\":\"https:\\\/\\\/castelldor.com\\\/es\\\/#website\",\"url\":\"https:\\\/\\\/castelldor.com\\\/es\\\/\",\"name\":\"Castell d&#039;Or\",\"description\":\"Love people, Love wine\",\"publisher\":{\"@id\":\"https:\\\/\\\/castelldor.com\\\/es\\\/#organization\"},\"potentialAction\":[{\"@type\":\"SearchAction\",\"target\":{\"@type\":\"EntryPoint\",\"urlTemplate\":\"https:\\\/\\\/castelldor.com\\\/es\\\/?s={search_term_string}\"},\"query-input\":{\"@type\":\"PropertyValueSpecification\",\"valueRequired\":true,\"valueName\":\"search_term_string\"}}],\"inLanguage\":\"es\"},{\"@type\":\"Organization\",\"@id\":\"https:\\\/\\\/castelldor.com\\\/es\\\/#organization\",\"name\":\"Castell d'Or\",\"url\":\"https:\\\/\\\/castelldor.com\\\/es\\\/\",\"logo\":{\"@type\":\"ImageObject\",\"inLanguage\":\"es\",\"@id\":\"https:\\\/\\\/castelldor.com\\\/es\\\/#\\\/schema\\\/logo\\\/image\\\/\",\"url\":\"https:\\\/\\\/castelldor.com\\\/wp-content\\\/uploads\\\/2022\\\/08\\\/Castell-dor-blanc.svg\",\"contentUrl\":\"https:\\\/\\\/castelldor.com\\\/wp-content\\\/uploads\\\/2022\\\/08\\\/Castell-dor-blanc.svg\",\"width\":169,\"height\":61,\"caption\":\"Castell d'Or\"},\"image\":{\"@id\":\"https:\\\/\\\/castelldor.com\\\/es\\\/#\\\/schema\\\/logo\\\/image\\\/\"}},{\"@type\":\"Person\",\"@id\":\"https:\\\/\\\/castelldor.com\\\/es\\\/#\\\/schema\\\/person\\\/3800fc91546b8fea5812fe762dd57eab\",\"name\":\"Cristina\",\"image\":{\"@type\":\"ImageObject\",\"inLanguage\":\"es\",\"@id\":\"https:\\\/\\\/secure.gravatar.com\\\/avatar\\\/579c1860b6ddac6d2d774a241f04090d5c13b826525a5d2ed1cf72ca0cce4a17?s=96&d=mm&r=g\",\"url\":\"https:\\\/\\\/secure.gravatar.com\\\/avatar\\\/579c1860b6ddac6d2d774a241f04090d5c13b826525a5d2ed1cf72ca0cce4a17?s=96&d=mm&r=g\",\"contentUrl\":\"https:\\\/\\\/secure.gravatar.com\\\/avatar\\\/579c1860b6ddac6d2d774a241f04090d5c13b826525a5d2ed1cf72ca0cce4a17?s=96&d=mm&r=g\",\"caption\":\"Cristina\"}}]}<\/script>\n<!-- \/ Yoast SEO plugin. -->","yoast_head_json":{"title":"Castell d'Or presente en el Festival Vijazz| Castell d&#039;Or","description":"Castell d'Or estar\u00e1 presente del 6 al 8 de julio de 2023, en el Festival Banco Sabadell Vijazz que tendr\u00e1 lugar en Vilafranca del Pened\u00e8s.","robots":{"index":"index","follow":"follow","max-snippet":"max-snippet:-1","max-image-preview":"max-image-preview:large","max-video-preview":"max-video-preview:-1"},"canonical":"https:\/\/castelldor.com\/es\/castell-dor-presente-en-el-festival-vijazz\/","og_locale":"es_ES","og_type":"article","og_title":"Castell d'Or presente en el Festival Vijazz| Castell d&#039;Or","og_description":"Castell d'Or estar\u00e1 presente del 6 al 8 de julio de 2023, en el Festival Banco Sabadell Vijazz que tendr\u00e1 lugar en Vilafranca del Pened\u00e8s.","og_url":"https:\/\/castelldor.com\/es\/castell-dor-presente-en-el-festival-vijazz\/","og_site_name":"Castell d&#039;Or","article_published_time":"2023-06-28T09:00:45+00:00","article_modified_time":"2024-07-01T10:15:35+00:00","og_image":[{"width":799,"height":533,"url":"https:\/\/castelldor.com\/wp-content\/uploads\/2023\/06\/28026662262_2a383e44a6_c.jpg","type":"image\/jpeg"}],"author":"Cristina","twitter_card":"summary_large_image","twitter_misc":{"Escrito por":"Cristina","Tiempo de lectura":"1 minuto"},"schema":{"@context":"https:\/\/schema.org","@graph":[{"@type":"Article","@id":"https:\/\/castelldor.com\/es\/castell-dor-presente-en-el-festival-vijazz\/#article","isPartOf":{"@id":"https:\/\/castelldor.com\/es\/castell-dor-presente-en-el-festival-vijazz\/"},"author":{"name":"Cristina","@id":"https:\/\/castelldor.com\/es\/#\/schema\/person\/3800fc91546b8fea5812fe762dd57eab"},"headline":"Castell d&#8217;Or participa al Festival Vijazz de Vilafranca del Pened\u00e8s","datePublished":"2023-06-28T09:00:45+00:00","dateModified":"2024-07-01T10:15:35+00:00","mainEntityOfPage":{"@id":"https:\/\/castelldor.com\/es\/castell-dor-presente-en-el-festival-vijazz\/"},"wordCount":191,"commentCount":0,"publisher":{"@id":"https:\/\/castelldor.com\/es\/#organization"},"image":{"@id":"https:\/\/castelldor.com\/es\/castell-dor-presente-en-el-festival-vijazz\/#primaryimage"},"thumbnailUrl":"https:\/\/castelldor.com\/wp-content\/uploads\/2023\/06\/28026662262_2a383e44a6_c.jpg","articleSection":["Actualidad"],"inLanguage":"es","potentialAction":[{"@type":"CommentAction","name":"Comment","target":["https:\/\/castelldor.com\/es\/castell-dor-presente-en-el-festival-vijazz\/#respond"]}]},{"@type":"WebPage","@id":"https:\/\/castelldor.com\/es\/castell-dor-presente-en-el-festival-vijazz\/","url":"https:\/\/castelldor.com\/es\/castell-dor-presente-en-el-festival-vijazz\/","name":"Castell d'Or presente en el Festival Vijazz| Castell d&#039;Or","isPartOf":{"@id":"https:\/\/castelldor.com\/es\/#website"},"primaryImageOfPage":{"@id":"https:\/\/castelldor.com\/es\/castell-dor-presente-en-el-festival-vijazz\/#primaryimage"},"image":{"@id":"https:\/\/castelldor.com\/es\/castell-dor-presente-en-el-festival-vijazz\/#primaryimage"},"thumbnailUrl":"https:\/\/castelldor.com\/wp-content\/uploads\/2023\/06\/28026662262_2a383e44a6_c.jpg","datePublished":"2023-06-28T09:00:45+00:00","dateModified":"2024-07-01T10:15:35+00:00","description":"Castell d'Or estar\u00e1 presente del 6 al 8 de julio de 2023, en el Festival Banco Sabadell Vijazz que tendr\u00e1 lugar en Vilafranca del Pened\u00e8s.","breadcrumb":{"@id":"https:\/\/castelldor.com\/es\/castell-dor-presente-en-el-festival-vijazz\/#breadcrumb"},"inLanguage":"es","potentialAction":[{"@type":"ReadAction","target":["https:\/\/castelldor.com\/es\/castell-dor-presente-en-el-festival-vijazz\/"]}]},{"@type":"ImageObject","inLanguage":"es","@id":"https:\/\/castelldor.com\/es\/castell-dor-presente-en-el-festival-vijazz\/#primaryimage","url":"https:\/\/castelldor.com\/wp-content\/uploads\/2023\/06\/28026662262_2a383e44a6_c.jpg","contentUrl":"https:\/\/castelldor.com\/wp-content\/uploads\/2023\/06\/28026662262_2a383e44a6_c.jpg","width":799,"height":533},{"@type":"BreadcrumbList","@id":"https:\/\/castelldor.com\/es\/castell-dor-presente-en-el-festival-vijazz\/#breadcrumb","itemListElement":[{"@type":"ListItem","position":1,"name":"Inici","item":"https:\/\/castelldor.com\/es\/"},{"@type":"ListItem","position":2,"name":"Castell d&#8217;Or participa al Festival Vijazz de Vilafranca del Pened\u00e8s"}]},{"@type":"WebSite","@id":"https:\/\/castelldor.com\/es\/#website","url":"https:\/\/castelldor.com\/es\/","name":"Castell d&#039;Or","description":"Love people, Love wine","publisher":{"@id":"https:\/\/castelldor.com\/es\/#organization"},"potentialAction":[{"@type":"SearchAction","target":{"@type":"EntryPoint","urlTemplate":"https:\/\/castelldor.com\/es\/?s={search_term_string}"},"query-input":{"@type":"PropertyValueSpecification","valueRequired":true,"valueName":"search_term_string"}}],"inLanguage":"es"},{"@type":"Organization","@id":"https:\/\/castelldor.com\/es\/#organization","name":"Castell d'Or","url":"https:\/\/castelldor.com\/es\/","logo":{"@type":"ImageObject","inLanguage":"es","@id":"https:\/\/castelldor.com\/es\/#\/schema\/logo\/image\/","url":"https:\/\/castelldor.com\/wp-content\/uploads\/2022\/08\/Castell-dor-blanc.svg","contentUrl":"https:\/\/castelldor.com\/wp-content\/uploads\/2022\/08\/Castell-dor-blanc.svg","width":169,"height":61,"caption":"Castell d'Or"},"image":{"@id":"https:\/\/castelldor.com\/es\/#\/schema\/logo\/image\/"}},{"@type":"Person","@id":"https:\/\/castelldor.com\/es\/#\/schema\/person\/3800fc91546b8fea5812fe762dd57eab","name":"Cristina","image":{"@type":"ImageObject","inLanguage":"es","@id":"https:\/\/secure.gravatar.com\/avatar\/579c1860b6ddac6d2d774a241f04090d5c13b826525a5d2ed1cf72ca0cce4a17?s=96&d=mm&r=g","url":"https:\/\/secure.gravatar.com\/avatar\/579c1860b6ddac6d2d774a241f04090d5c13b826525a5d2ed1cf72ca0cce4a17?s=96&d=mm&r=g","contentUrl":"https:\/\/secure.gravatar.com\/avatar\/579c1860b6ddac6d2d774a241f04090d5c13b826525a5d2ed1cf72ca0cce4a17?s=96&d=mm&r=g","caption":"Cristina"}}]}},"_links":{"self":[{"href":"https:\/\/castelldor.com\/es\/wp-json\/wp\/v2\/posts\/133011","targetHints":{"allow":["GET"]}}],"collection":[{"href":"https:\/\/castelldor.com\/es\/wp-json\/wp\/v2\/posts"}],"about":[{"href":"https:\/\/castelldor.com\/es\/wp-json\/wp\/v2\/types\/post"}],"author":[{"embeddable":true,"href":"https:\/\/castelldor.com\/es\/wp-json\/wp\/v2\/users\/2"}],"replies":[{"embeddable":true,"href":"https:\/\/castelldor.com\/es\/wp-json\/wp\/v2\/comments?post=133011"}],"version-history":[{"count":5,"href":"https:\/\/castelldor.com\/es\/wp-json\/wp\/v2\/posts\/133011\/revisions"}],"predecessor-version":[{"id":133018,"href":"https:\/\/castelldor.com\/es\/wp-json\/wp\/v2\/posts\/133011\/revisions\/133018"}],"wp:featuredmedia":[{"embeddable":true,"href":"https:\/\/castelldor.com\/es\/wp-json\/wp\/v2\/media\/132987"}],"wp:attachment":[{"href":"https:\/\/castelldor.com\/es\/wp-json\/wp\/v2\/media?parent=133011"}],"wp:term":[{"taxonomy":"category","embeddable":true,"href":"https:\/\/castelldor.com\/es\/wp-json\/wp\/v2\/categories?post=133011"},{"taxonomy":"post_tag","embeddable":true,"href":"https:\/\/castelldor.com\/es\/wp-json\/wp\/v2\/tags?post=133011"}],"curies":[{"name":"wp","href":"https:\/\/api.w.org\/{rel}","templated":true}]}}