{"id":131805,"date":"2023-04-11T11:16:24","date_gmt":"2023-04-11T09:16:24","guid":{"rendered":"https:\/\/castelldor.com\/musica-soul-i-cava-entre-vinyes-amb-la-primavera-del-cava\/"},"modified":"2024-07-01T12:15:36","modified_gmt":"2024-07-01T10:15:36","slug":"musica-soul-en-la-primavera-del-cava","status":"publish","type":"post","link":"https:\/\/castelldor.com\/es\/musica-soul-en-la-primavera-del-cava\/","title":{"rendered":"\u2018M\u00fasica Soul y Cava entre vi\u00f1as\u2019 con la Primavera del Cava"},"content":{"rendered":"<p style=\"text-align: left;\">Castell d&#8217;Or se une a la iniciativa de Enoturisme <strong>\u2018La Primavera del Cava<\/strong>\u2019 que impulsa la AECAVA, la Asociaci\u00f3n de Elaboradores de Cava, con motivo de la llegada de la primavera y los primeros brotes de las vi\u00f1as. En particular, Castell d&#8217;Or propone \u2018M\u00fasica Soul y cava entre vi\u00f1as\u2019. Ser\u00e1 una sesi\u00f3n musical con el grupo\u00a0\u00a0<strong>Pepper and Soul<\/strong>. Se trata de un d\u00fao ac\u00fastico que hacen una propuesta musical de fusi\u00f3n pop, soul y fusi\u00f3n. En este sentido, Pepper and Soul presenta un repertorio sofisticado y de alta calidad que repasa las grandes estrellas musicales de antes y de ahora: Michael Jackson, Whitney Houston, Amy Winehouse, Seal o Prince. Con su m\u00fasica de fondo, disfrutaremos de una cata de cavas de Castell d&#8217;Or en el Wine Bar del grupo, rodeados de vi\u00f1as, acompa\u00f1ado de un aperitivo con productos de proximidad.<\/p>\n<p style=\"text-align: center;\"><strong>Castell d&#8217;Or<\/strong><\/p>\n<p style=\"text-align: center;\"><em><strong>M\u00fasica Soul y Cava entre vi\u00f1as<\/strong><\/em><\/p>\n<p style=\"text-align: center;\">S\u00e1bado 20 de mayo, de 11:00 a 13:00h<\/p>\n<p style=\"text-align: center;\">Lugar: Wine Bar de Castell d&#8217;Or!<\/p>\n<p style=\"text-align: center;\">Precio: 10\u20ac\/persona<\/p>\n<p style=\"text-align: center;\">Contacto: 97 745 98 60 \/ comunicacio@castelldor.com<\/p>\n<p>M\u00e1s informaci\u00f3n:<\/p>\n<p>En resumen, las actividades de <strong>La Primavera del Cava<\/strong>, pensadas para todos los p\u00fablicos, cerca de las vi\u00f1as, con aforos reducidos y reserva previa. Para tener m\u00e1s informaci\u00f3n y comprar entradas se puede acceder a : www.laprimaveradelcava.com. En total, un grupo de 18 bodegas elaboradoras de Cava ubicados en el Alt Pened\u00e8s, el Alt Camp, Alella y la Conca de Barber\u00e0, participan en la sexta edici\u00f3n de <strong>La Primavera del Cava<\/strong>. Bajo la coordinaci\u00f3n de AECAVA, la Asociaci\u00f3n de Elaboradores de Cava, los fines de semana del 6 al 28 de mayo, las bodegas celebrar\u00e1n la llegada de la primavera con un amplio abanico de actividades creadas especialmente para la ocasi\u00f3n.<\/p>\n<p>&nbsp;<\/p>\n<h3>Castell d&#8217;Or, la uni\u00f3n de 16 bodegas<\/h3>\n<p>Castell d&#8217;Or nace el 2006 de la uni\u00f3n de diferentes bodegas de diferentes zonas vitivin\u00edcolas del Pened\u00e8s, la Conca de Barber\u00e0, Priorat, Tarragona, Montsant y Costers del Segre. A estas alturas, son un total de 16 las bodegas que forman parte de uno de los grupos m\u00e1s representativos de Catalu\u00f1a. Apuestan para unir sus esfuerzos y conocimientos en los procesos de producci\u00f3n, elaboraci\u00f3n, envasado y distribuci\u00f3n de vinos, cava y aceites elevando el est\u00e1ndar de calidad de sus productos hasta obtener el reconocimiento y el prestigio en todo el mundo de sus marcas<\/p>\n","protected":false},"excerpt":{"rendered":"<p>Castell d&#8217;Or se une a la iniciativa de Enoturisme \u2018La Primavera del Cava\u2019 que impulsa la AECAVA, la Asociaci\u00f3n de Elaboradores de Cava, con motivo de la llegada de la primavera y los primeros brotes de las vi\u00f1as. En particular, Castell d&#8217;Or propone \u2018M\u00fasica Soul y cava entre vi\u00f1as\u2019. Ser\u00e1 una sesi\u00f3n musical con el&hellip;&nbsp;<a href=\"https:\/\/castelldor.com\/es\/musica-soul-en-la-primavera-del-cava\/\" rel=\"bookmark\">Read More &raquo;<span class=\"screen-reader-text\">\u2018M\u00fasica Soul y Cava entre vi\u00f1as\u2019 con la Primavera del Cava<\/span><\/a><\/p>\n","protected":false},"author":2,"featured_media":131817,"comment_status":"open","ping_status":"closed","sticky":false,"template":"","format":"standard","meta":{"_acf_changed":false,"inline_featured_image":false,"neve_meta_sidebar":"","neve_meta_container":"","neve_meta_enable_content_width":"off","neve_meta_content_width":70,"neve_meta_title_alignment":"","neve_meta_author_avatar":"","neve_post_elements_order":"","neve_meta_disable_header":"","neve_meta_disable_footer":"","neve_meta_disable_title":"","neve_meta_reading_time":"","footnotes":""},"categories":[44],"tags":[],"class_list":["post-131805","post","type-post","status-publish","format-standard","has-post-thumbnail","hentry","category-actualidad"],"acf":[],"yoast_head":"<!-- This site is optimized with the Yoast SEO plugin v27.4 - https:\/\/yoast.com\/product\/yoast-seo-wordpress\/ -->\n<title>M\u00fasica Soul en la Primavera del Cava | Castell d&#039;Or<\/title>\n<meta name=\"description\" content=\"Castell d&#039;Or se une a la iniciativa de Enoturisme \u2018La Primavera del Cava\u2019 que impulsa la AECAVA, con \u2018M\u00fasica Soul y cava entre vi\u00f1as\u2019.\" \/>\n<meta name=\"robots\" content=\"index, follow, max-snippet:-1, max-image-preview:large, max-video-preview:-1\" \/>\n<link rel=\"canonical\" href=\"https:\/\/castelldor.com\/es\/musica-soul-en-la-primavera-del-cava\/\" \/>\n<meta property=\"og:locale\" content=\"es_ES\" \/>\n<meta property=\"og:type\" content=\"article\" \/>\n<meta property=\"og:title\" content=\"M\u00fasica Soul en la Primavera del Cava | Castell d&#039;Or\" \/>\n<meta property=\"og:description\" content=\"Castell d&#039;Or se une a la iniciativa de Enoturisme \u2018La Primavera del Cava\u2019 que impulsa la AECAVA, con \u2018M\u00fasica Soul y cava entre vi\u00f1as\u2019.\" \/>\n<meta property=\"og:url\" content=\"https:\/\/castelldor.com\/es\/musica-soul-en-la-primavera-del-cava\/\" \/>\n<meta property=\"og:site_name\" content=\"Castell d&#039;Or\" \/>\n<meta property=\"article:published_time\" content=\"2023-04-11T09:16:24+00:00\" \/>\n<meta property=\"article:modified_time\" content=\"2024-07-01T10:15:36+00:00\" \/>\n<meta property=\"og:image\" content=\"https:\/\/castelldor.com\/wp-content\/uploads\/2023\/04\/Castell-dor-2.jpg\" \/>\n\t<meta property=\"og:image:width\" content=\"1080\" \/>\n\t<meta property=\"og:image:height\" content=\"1080\" \/>\n\t<meta property=\"og:image:type\" content=\"image\/jpeg\" \/>\n<meta name=\"author\" content=\"Cristina\" \/>\n<meta name=\"twitter:card\" content=\"summary_large_image\" \/>\n<meta name=\"twitter:label1\" content=\"Escrito por\" \/>\n\t<meta name=\"twitter:data1\" content=\"Cristina\" \/>\n\t<meta name=\"twitter:label2\" content=\"Tiempo de lectura\" \/>\n\t<meta name=\"twitter:data2\" content=\"3 minutos\" \/>\n<script type=\"application\/ld+json\" class=\"yoast-schema-graph\">{\"@context\":\"https:\\\/\\\/schema.org\",\"@graph\":[{\"@type\":\"Article\",\"@id\":\"https:\\\/\\\/castelldor.com\\\/es\\\/musica-soul-en-la-primavera-del-cava\\\/#article\",\"isPartOf\":{\"@id\":\"https:\\\/\\\/castelldor.com\\\/es\\\/musica-soul-en-la-primavera-del-cava\\\/\"},\"author\":{\"name\":\"Cristina\",\"@id\":\"https:\\\/\\\/castelldor.com\\\/es\\\/#\\\/schema\\\/person\\\/3800fc91546b8fea5812fe762dd57eab\"},\"headline\":\"\u2018M\u00fasica Soul y Cava entre vi\u00f1as\u2019 con la Primavera del Cava\",\"datePublished\":\"2023-04-11T09:16:24+00:00\",\"dateModified\":\"2024-07-01T10:15:36+00:00\",\"mainEntityOfPage\":{\"@id\":\"https:\\\/\\\/castelldor.com\\\/es\\\/musica-soul-en-la-primavera-del-cava\\\/\"},\"wordCount\":433,\"commentCount\":0,\"publisher\":{\"@id\":\"https:\\\/\\\/castelldor.com\\\/es\\\/#organization\"},\"image\":{\"@id\":\"https:\\\/\\\/castelldor.com\\\/es\\\/musica-soul-en-la-primavera-del-cava\\\/#primaryimage\"},\"thumbnailUrl\":\"https:\\\/\\\/castelldor.com\\\/wp-content\\\/uploads\\\/2023\\\/04\\\/Castell-dor-2.jpg\",\"articleSection\":[\"Actualidad\"],\"inLanguage\":\"es\",\"potentialAction\":[{\"@type\":\"CommentAction\",\"name\":\"Comment\",\"target\":[\"https:\\\/\\\/castelldor.com\\\/es\\\/musica-soul-en-la-primavera-del-cava\\\/#respond\"]}]},{\"@type\":\"WebPage\",\"@id\":\"https:\\\/\\\/castelldor.com\\\/es\\\/musica-soul-en-la-primavera-del-cava\\\/\",\"url\":\"https:\\\/\\\/castelldor.com\\\/es\\\/musica-soul-en-la-primavera-del-cava\\\/\",\"name\":\"M\u00fasica Soul en la Primavera del Cava | Castell d&#039;Or\",\"isPartOf\":{\"@id\":\"https:\\\/\\\/castelldor.com\\\/es\\\/#website\"},\"primaryImageOfPage\":{\"@id\":\"https:\\\/\\\/castelldor.com\\\/es\\\/musica-soul-en-la-primavera-del-cava\\\/#primaryimage\"},\"image\":{\"@id\":\"https:\\\/\\\/castelldor.com\\\/es\\\/musica-soul-en-la-primavera-del-cava\\\/#primaryimage\"},\"thumbnailUrl\":\"https:\\\/\\\/castelldor.com\\\/wp-content\\\/uploads\\\/2023\\\/04\\\/Castell-dor-2.jpg\",\"datePublished\":\"2023-04-11T09:16:24+00:00\",\"dateModified\":\"2024-07-01T10:15:36+00:00\",\"description\":\"Castell d'Or se une a la iniciativa de Enoturisme \u2018La Primavera del Cava\u2019 que impulsa la AECAVA, con \u2018M\u00fasica Soul y cava entre vi\u00f1as\u2019.\",\"breadcrumb\":{\"@id\":\"https:\\\/\\\/castelldor.com\\\/es\\\/musica-soul-en-la-primavera-del-cava\\\/#breadcrumb\"},\"inLanguage\":\"es\",\"potentialAction\":[{\"@type\":\"ReadAction\",\"target\":[\"https:\\\/\\\/castelldor.com\\\/es\\\/musica-soul-en-la-primavera-del-cava\\\/\"]}]},{\"@type\":\"ImageObject\",\"inLanguage\":\"es\",\"@id\":\"https:\\\/\\\/castelldor.com\\\/es\\\/musica-soul-en-la-primavera-del-cava\\\/#primaryimage\",\"url\":\"https:\\\/\\\/castelldor.com\\\/wp-content\\\/uploads\\\/2023\\\/04\\\/Castell-dor-2.jpg\",\"contentUrl\":\"https:\\\/\\\/castelldor.com\\\/wp-content\\\/uploads\\\/2023\\\/04\\\/Castell-dor-2.jpg\",\"width\":1080,\"height\":1080},{\"@type\":\"BreadcrumbList\",\"@id\":\"https:\\\/\\\/castelldor.com\\\/es\\\/musica-soul-en-la-primavera-del-cava\\\/#breadcrumb\",\"itemListElement\":[{\"@type\":\"ListItem\",\"position\":1,\"name\":\"Inici\",\"item\":\"https:\\\/\\\/castelldor.com\\\/es\\\/\"},{\"@type\":\"ListItem\",\"position\":2,\"name\":\"\u2018M\u00fasica Soul y Cava entre vi\u00f1as\u2019 con la Primavera del Cava\"}]},{\"@type\":\"WebSite\",\"@id\":\"https:\\\/\\\/castelldor.com\\\/es\\\/#website\",\"url\":\"https:\\\/\\\/castelldor.com\\\/es\\\/\",\"name\":\"Castell d&#039;Or\",\"description\":\"Love people, Love wine\",\"publisher\":{\"@id\":\"https:\\\/\\\/castelldor.com\\\/es\\\/#organization\"},\"potentialAction\":[{\"@type\":\"SearchAction\",\"target\":{\"@type\":\"EntryPoint\",\"urlTemplate\":\"https:\\\/\\\/castelldor.com\\\/es\\\/?s={search_term_string}\"},\"query-input\":{\"@type\":\"PropertyValueSpecification\",\"valueRequired\":true,\"valueName\":\"search_term_string\"}}],\"inLanguage\":\"es\"},{\"@type\":\"Organization\",\"@id\":\"https:\\\/\\\/castelldor.com\\\/es\\\/#organization\",\"name\":\"Castell d'Or\",\"url\":\"https:\\\/\\\/castelldor.com\\\/es\\\/\",\"logo\":{\"@type\":\"ImageObject\",\"inLanguage\":\"es\",\"@id\":\"https:\\\/\\\/castelldor.com\\\/es\\\/#\\\/schema\\\/logo\\\/image\\\/\",\"url\":\"https:\\\/\\\/castelldor.com\\\/wp-content\\\/uploads\\\/2022\\\/08\\\/Castell-dor-blanc.svg\",\"contentUrl\":\"https:\\\/\\\/castelldor.com\\\/wp-content\\\/uploads\\\/2022\\\/08\\\/Castell-dor-blanc.svg\",\"width\":169,\"height\":61,\"caption\":\"Castell d'Or\"},\"image\":{\"@id\":\"https:\\\/\\\/castelldor.com\\\/es\\\/#\\\/schema\\\/logo\\\/image\\\/\"}},{\"@type\":\"Person\",\"@id\":\"https:\\\/\\\/castelldor.com\\\/es\\\/#\\\/schema\\\/person\\\/3800fc91546b8fea5812fe762dd57eab\",\"name\":\"Cristina\",\"image\":{\"@type\":\"ImageObject\",\"inLanguage\":\"es\",\"@id\":\"https:\\\/\\\/secure.gravatar.com\\\/avatar\\\/579c1860b6ddac6d2d774a241f04090d5c13b826525a5d2ed1cf72ca0cce4a17?s=96&d=mm&r=g\",\"url\":\"https:\\\/\\\/secure.gravatar.com\\\/avatar\\\/579c1860b6ddac6d2d774a241f04090d5c13b826525a5d2ed1cf72ca0cce4a17?s=96&d=mm&r=g\",\"contentUrl\":\"https:\\\/\\\/secure.gravatar.com\\\/avatar\\\/579c1860b6ddac6d2d774a241f04090d5c13b826525a5d2ed1cf72ca0cce4a17?s=96&d=mm&r=g\",\"caption\":\"Cristina\"}}]}<\/script>\n<!-- \/ Yoast SEO plugin. -->","yoast_head_json":{"title":"M\u00fasica Soul en la Primavera del Cava | Castell d&#039;Or","description":"Castell d'Or se une a la iniciativa de Enoturisme \u2018La Primavera del Cava\u2019 que impulsa la AECAVA, con \u2018M\u00fasica Soul y cava entre vi\u00f1as\u2019.","robots":{"index":"index","follow":"follow","max-snippet":"max-snippet:-1","max-image-preview":"max-image-preview:large","max-video-preview":"max-video-preview:-1"},"canonical":"https:\/\/castelldor.com\/es\/musica-soul-en-la-primavera-del-cava\/","og_locale":"es_ES","og_type":"article","og_title":"M\u00fasica Soul en la Primavera del Cava | Castell d&#039;Or","og_description":"Castell d'Or se une a la iniciativa de Enoturisme \u2018La Primavera del Cava\u2019 que impulsa la AECAVA, con \u2018M\u00fasica Soul y cava entre vi\u00f1as\u2019.","og_url":"https:\/\/castelldor.com\/es\/musica-soul-en-la-primavera-del-cava\/","og_site_name":"Castell d&#039;Or","article_published_time":"2023-04-11T09:16:24+00:00","article_modified_time":"2024-07-01T10:15:36+00:00","og_image":[{"width":1080,"height":1080,"url":"https:\/\/castelldor.com\/wp-content\/uploads\/2023\/04\/Castell-dor-2.jpg","type":"image\/jpeg"}],"author":"Cristina","twitter_card":"summary_large_image","twitter_misc":{"Escrito por":"Cristina","Tiempo de lectura":"3 minutos"},"schema":{"@context":"https:\/\/schema.org","@graph":[{"@type":"Article","@id":"https:\/\/castelldor.com\/es\/musica-soul-en-la-primavera-del-cava\/#article","isPartOf":{"@id":"https:\/\/castelldor.com\/es\/musica-soul-en-la-primavera-del-cava\/"},"author":{"name":"Cristina","@id":"https:\/\/castelldor.com\/es\/#\/schema\/person\/3800fc91546b8fea5812fe762dd57eab"},"headline":"\u2018M\u00fasica Soul y Cava entre vi\u00f1as\u2019 con la Primavera del Cava","datePublished":"2023-04-11T09:16:24+00:00","dateModified":"2024-07-01T10:15:36+00:00","mainEntityOfPage":{"@id":"https:\/\/castelldor.com\/es\/musica-soul-en-la-primavera-del-cava\/"},"wordCount":433,"commentCount":0,"publisher":{"@id":"https:\/\/castelldor.com\/es\/#organization"},"image":{"@id":"https:\/\/castelldor.com\/es\/musica-soul-en-la-primavera-del-cava\/#primaryimage"},"thumbnailUrl":"https:\/\/castelldor.com\/wp-content\/uploads\/2023\/04\/Castell-dor-2.jpg","articleSection":["Actualidad"],"inLanguage":"es","potentialAction":[{"@type":"CommentAction","name":"Comment","target":["https:\/\/castelldor.com\/es\/musica-soul-en-la-primavera-del-cava\/#respond"]}]},{"@type":"WebPage","@id":"https:\/\/castelldor.com\/es\/musica-soul-en-la-primavera-del-cava\/","url":"https:\/\/castelldor.com\/es\/musica-soul-en-la-primavera-del-cava\/","name":"M\u00fasica Soul en la Primavera del Cava | Castell d&#039;Or","isPartOf":{"@id":"https:\/\/castelldor.com\/es\/#website"},"primaryImageOfPage":{"@id":"https:\/\/castelldor.com\/es\/musica-soul-en-la-primavera-del-cava\/#primaryimage"},"image":{"@id":"https:\/\/castelldor.com\/es\/musica-soul-en-la-primavera-del-cava\/#primaryimage"},"thumbnailUrl":"https:\/\/castelldor.com\/wp-content\/uploads\/2023\/04\/Castell-dor-2.jpg","datePublished":"2023-04-11T09:16:24+00:00","dateModified":"2024-07-01T10:15:36+00:00","description":"Castell d'Or se une a la iniciativa de Enoturisme \u2018La Primavera del Cava\u2019 que impulsa la AECAVA, con \u2018M\u00fasica Soul y cava entre vi\u00f1as\u2019.","breadcrumb":{"@id":"https:\/\/castelldor.com\/es\/musica-soul-en-la-primavera-del-cava\/#breadcrumb"},"inLanguage":"es","potentialAction":[{"@type":"ReadAction","target":["https:\/\/castelldor.com\/es\/musica-soul-en-la-primavera-del-cava\/"]}]},{"@type":"ImageObject","inLanguage":"es","@id":"https:\/\/castelldor.com\/es\/musica-soul-en-la-primavera-del-cava\/#primaryimage","url":"https:\/\/castelldor.com\/wp-content\/uploads\/2023\/04\/Castell-dor-2.jpg","contentUrl":"https:\/\/castelldor.com\/wp-content\/uploads\/2023\/04\/Castell-dor-2.jpg","width":1080,"height":1080},{"@type":"BreadcrumbList","@id":"https:\/\/castelldor.com\/es\/musica-soul-en-la-primavera-del-cava\/#breadcrumb","itemListElement":[{"@type":"ListItem","position":1,"name":"Inici","item":"https:\/\/castelldor.com\/es\/"},{"@type":"ListItem","position":2,"name":"\u2018M\u00fasica Soul y Cava entre vi\u00f1as\u2019 con la Primavera del Cava"}]},{"@type":"WebSite","@id":"https:\/\/castelldor.com\/es\/#website","url":"https:\/\/castelldor.com\/es\/","name":"Castell d&#039;Or","description":"Love people, Love wine","publisher":{"@id":"https:\/\/castelldor.com\/es\/#organization"},"potentialAction":[{"@type":"SearchAction","target":{"@type":"EntryPoint","urlTemplate":"https:\/\/castelldor.com\/es\/?s={search_term_string}"},"query-input":{"@type":"PropertyValueSpecification","valueRequired":true,"valueName":"search_term_string"}}],"inLanguage":"es"},{"@type":"Organization","@id":"https:\/\/castelldor.com\/es\/#organization","name":"Castell d'Or","url":"https:\/\/castelldor.com\/es\/","logo":{"@type":"ImageObject","inLanguage":"es","@id":"https:\/\/castelldor.com\/es\/#\/schema\/logo\/image\/","url":"https:\/\/castelldor.com\/wp-content\/uploads\/2022\/08\/Castell-dor-blanc.svg","contentUrl":"https:\/\/castelldor.com\/wp-content\/uploads\/2022\/08\/Castell-dor-blanc.svg","width":169,"height":61,"caption":"Castell d'Or"},"image":{"@id":"https:\/\/castelldor.com\/es\/#\/schema\/logo\/image\/"}},{"@type":"Person","@id":"https:\/\/castelldor.com\/es\/#\/schema\/person\/3800fc91546b8fea5812fe762dd57eab","name":"Cristina","image":{"@type":"ImageObject","inLanguage":"es","@id":"https:\/\/secure.gravatar.com\/avatar\/579c1860b6ddac6d2d774a241f04090d5c13b826525a5d2ed1cf72ca0cce4a17?s=96&d=mm&r=g","url":"https:\/\/secure.gravatar.com\/avatar\/579c1860b6ddac6d2d774a241f04090d5c13b826525a5d2ed1cf72ca0cce4a17?s=96&d=mm&r=g","contentUrl":"https:\/\/secure.gravatar.com\/avatar\/579c1860b6ddac6d2d774a241f04090d5c13b826525a5d2ed1cf72ca0cce4a17?s=96&d=mm&r=g","caption":"Cristina"}}]}},"_links":{"self":[{"href":"https:\/\/castelldor.com\/es\/wp-json\/wp\/v2\/posts\/131805","targetHints":{"allow":["GET"]}}],"collection":[{"href":"https:\/\/castelldor.com\/es\/wp-json\/wp\/v2\/posts"}],"about":[{"href":"https:\/\/castelldor.com\/es\/wp-json\/wp\/v2\/types\/post"}],"author":[{"embeddable":true,"href":"https:\/\/castelldor.com\/es\/wp-json\/wp\/v2\/users\/2"}],"replies":[{"embeddable":true,"href":"https:\/\/castelldor.com\/es\/wp-json\/wp\/v2\/comments?post=131805"}],"version-history":[{"count":8,"href":"https:\/\/castelldor.com\/es\/wp-json\/wp\/v2\/posts\/131805\/revisions"}],"predecessor-version":[{"id":136209,"href":"https:\/\/castelldor.com\/es\/wp-json\/wp\/v2\/posts\/131805\/revisions\/136209"}],"wp:featuredmedia":[{"embeddable":true,"href":"https:\/\/castelldor.com\/es\/wp-json\/wp\/v2\/media\/131817"}],"wp:attachment":[{"href":"https:\/\/castelldor.com\/es\/wp-json\/wp\/v2\/media?parent=131805"}],"wp:term":[{"taxonomy":"category","embeddable":true,"href":"https:\/\/castelldor.com\/es\/wp-json\/wp\/v2\/categories?post=131805"},{"taxonomy":"post_tag","embeddable":true,"href":"https:\/\/castelldor.com\/es\/wp-json\/wp\/v2\/tags?post=131805"}],"curies":[{"name":"wp","href":"https:\/\/api.w.org\/{rel}","templated":true}]}}