{"id":130855,"date":"2023-03-03T11:20:02","date_gmt":"2023-03-03T10:20:02","guid":{"rendered":"https:\/\/castelldor.com\/celebrem-el-dia-internacional-de-la-dona-treballadora-8-de-marc\/"},"modified":"2024-07-01T12:15:36","modified_gmt":"2024-07-01T10:15:36","slug":"celebramos-el-dia-internacional-de-la-mujer-trabajadora-8-de-marco","status":"publish","type":"post","link":"https:\/\/castelldor.com\/es\/celebramos-el-dia-internacional-de-la-mujer-trabajadora-8-de-marco\/","title":{"rendered":"Celebramos el D\u00eda Internacional de la Mujer Trabajadora- 8 de Marzo."},"content":{"rendered":"<p>Durante muchos siglos, el mundo del vino ha sido una industria predominantemente masculina. Aun as\u00ed, las mujeres han jugado un papel importante en este sector desde tiempos antiguos y han ido ganando un papel cada vez m\u00e1s relevante en la industria del vino actual.<\/p>\n<p>En el pasado, las mujeres eran a menudo responsables de la producci\u00f3n de vino a casa, puesto que era una parte importante de la vida cotidiana y cultural de muchas culturas. Esto cambi\u00f3 a medida que la producci\u00f3n de vino se profesionaliz\u00f3 y . A pesar de esto, algunas mujeres consiguieron destacarse en esta industria, a pesar y las dificultades que se encontraron.<\/p>\n<p>Actualmente, las mujeres est\u00e1n presentes en todas las \u00e1reas de la producci\u00f3n vitivin\u00edcola, desde la viticultura hasta la enolog\u00eda, la comercializaci\u00f3n y la gesti\u00f3n de bodegas. De hecho, cada vez m\u00e1s mujeres asumen roles de liderazgo en la industria del vino y hacen importantes contribuciones a la producci\u00f3n de vino de alta calidad. Muchas mujeres son en\u00f3logas, responsables de la producci\u00f3n y la cata del vino, y tambi\u00e9n hay muchas mujeres que son propietarias de bodegas. As\u00ed mismo, tambi\u00e9n hay muchas mujeres sommelieres y cr\u00edticas de vino que han ganado reputaci\u00f3n en este sector.<\/p>\n<p>Desde Castell d&#8217;Or os queremos acercar la realidad de tres mujeres de bandera, que han roto moldes y que forman parte de este proyecto desde vertientes muy diferentes:<\/p>\n<p><strong>Cristina Mart\u00ednez. Responsable de l\u00ednea<img fetchpriority=\"high\" decoding=\"async\" class=\"size-medium wp-image-130843 alignright\" src=\"https:\/\/castelldor.com\/wp-content\/uploads\/2023\/03\/IMG_20230223_115700_resized_20230223_013947523-e1677838547884-300x285.jpg\" alt=\"\" width=\"300\" height=\"285\" srcset=\"https:\/\/castelldor.com\/wp-content\/uploads\/2023\/03\/IMG_20230223_115700_resized_20230223_013947523-e1677838547884-300x285.jpg 300w, https:\/\/castelldor.com\/wp-content\/uploads\/2023\/03\/IMG_20230223_115700_resized_20230223_013947523-e1677838547884-768x729.jpg 768w, https:\/\/castelldor.com\/wp-content\/uploads\/2023\/03\/IMG_20230223_115700_resized_20230223_013947523-e1677838547884-600x569.jpg 600w, https:\/\/castelldor.com\/wp-content\/uploads\/2023\/03\/IMG_20230223_115700_resized_20230223_013947523-e1677838547884.jpg 1020w\" sizes=\"(max-width: 300px) 100vw, 300px\" \/><\/strong><\/p>\n<p>Trabaja a la Planta ubicada en Vila-rodona desde\u00a0 el a\u00f1o 2017 y ha vivido una r\u00e1pida evoluci\u00f3n del Grupo Castell d&#8217;Or en cuanto a la profesionalizaci\u00f3n y crecimiento pero tambi\u00e9n en relaci\u00f3n al papel de las mujeres. Ella es encargada que todo el proceso a una de las l\u00edneas de envasado se realice de manera correcta y, que el producto finalice el proceso cumpliendo todos los est\u00e1ndares de calidad.<\/p>\n<p>Mart\u00ednez recuerda que cuando entr\u00f3, \u00a0hab\u00eda pocas mujeres y, pr\u00e1cticamente, su presencia era anecd\u00f3tica. Progresivamente, en pocos a\u00f1os, se han incorporado muchas m\u00e1s mujeres al equipo equiparando la plantilla masculina.<\/p>\n<p>\u00ab<strong>Siempre he luchado por la igualdad y para demostrar que las mujeres podemos\u00a0ejecutar\u00a0las mismas tareas que un hombre tambi\u00e9n a la parte log\u00edstica<\/strong>\u00ab, explica. Recuerda que al comienzo, algunos compa\u00f1eros, \u00ab<strong>por educaci\u00f3n, asum\u00edan determinados trabajos m\u00e1s f\u00edsicos como pod\u00eda ser mover pal\u00e9s o cargar cajas, pero al final estos detalles, hechos con buena intenci\u00f3n, limitaban mi trabajo. Decid\u00ed asumirlo s\u00ed o s\u00ed, y aprender todo lo que hiciera falta<\/strong>\u00ab. Ahora, lidera con orgullo un equipo totalmente formado por mujeres que trabajan en la nueva l\u00ednea de envasado de la planta ubicada en Vila-rodona (Alt Camp).<\/p>\n<p>Mart\u00ednez destaca que \u00ab<strong>hombres y mujeres somos diferentes, pero nos complementamos<\/strong>\u00ab, y apunta que \u00ab<strong>creo que las mujeres acostumbramos a ser muy meticulosas en la observaci\u00f3n de los detalles y tambi\u00e9n perfeccionistas, y esto es un punto fuerte<\/strong>\u00ab. Mart\u00ednez reivindica que <strong>\u00ablas mujeres podemos cumplir las mismas tareas, tambi\u00e9n a la planta de envasado, con la formaci\u00f3n necesaria y la confianza\u00bb<\/strong>. Explica que siempre se ha sentido muy apoyada por Castell d&#8217;Or para asumir nuevos retos dentro de la planta. Tambi\u00e9n destaca las facilidades para poder conciliar que ha tenido. Es madre de tres hijos y admite que esto \u00ab<strong>ha sido un punto positivo para mantener la ilusi\u00f3n a mi trabajo\u201d.<\/strong><\/p>\n<p>&nbsp;<\/p>\n<p><strong>Dolors Roca Puig, agricultora de la Cooperativa de La Granada<img decoding=\"async\" class=\"size-medium wp-image-130849 alignright\" src=\"https:\/\/castelldor.com\/wp-content\/uploads\/2023\/03\/IMG-20230223-WA0001-e1677838600231-239x300.jpg\" alt=\"\" width=\"239\" height=\"300\" srcset=\"https:\/\/castelldor.com\/wp-content\/uploads\/2023\/03\/IMG-20230223-WA0001-e1677838600231-239x300.jpg 239w, https:\/\/castelldor.com\/wp-content\/uploads\/2023\/03\/IMG-20230223-WA0001-e1677838600231-817x1024.jpg 817w, https:\/\/castelldor.com\/wp-content\/uploads\/2023\/03\/IMG-20230223-WA0001-e1677838600231-768x963.jpg 768w, https:\/\/castelldor.com\/wp-content\/uploads\/2023\/03\/IMG-20230223-WA0001-e1677838600231-1225x1536.jpg 1225w, https:\/\/castelldor.com\/wp-content\/uploads\/2023\/03\/IMG-20230223-WA0001-e1677838600231-300x376.jpg 300w, https:\/\/castelldor.com\/wp-content\/uploads\/2023\/03\/IMG-20230223-WA0001-e1677838600231-600x752.jpg 600w, https:\/\/castelldor.com\/wp-content\/uploads\/2023\/03\/IMG-20230223-WA0001-e1677838600231.jpg 1433w\" sizes=\"(max-width: 239px) 100vw, 239px\" \/><\/strong><\/p>\n<p>Dolors Roca Puig, hace 25 a\u00f1os que dedica su vida a la tierra y a la agricultura y podemos afirmar que lo lleva en su ADN. Empez\u00f3 a vincularse en la tierra cuando era todav\u00eda una ni\u00f1a con su padre y su hermana. Los colores, las texturas y los sonidos de aquellas vivencias en el campo la cautivaron y empez\u00f3 a comprender la vi\u00f1a, la tierra y sus tempos. \u00ab<strong>Recuerdo que, a veces, sal\u00eda de la escuela, y cuando hac\u00eda falta, ven\u00eda a ayudar, crec\u00ed aprendiendo este oficio y queri\u00e9ndolo\u00bb<\/strong>, explica.<\/p>\n<p>Y as\u00ed contin\u00faa, porque reconoce que el d\u00eda que tiene que hacer trabajos de campo es cuando verdaderamente disfruta \u00ab<strong>es c\u00f3mo si fuera un d\u00eda de vacaciones\u00bb<\/strong>. Subida a su tractor sin otras interferencias que la puedan estorbar que el contacto directo con las cepas, los \u00e1rboles y la tierra. Actualmente, su pasi\u00f3n se traduce en 60 hect\u00e1reas dedicadas a la vi\u00f1a y 30 a la huerta: cereales, olivo, fruta. Dolors coordina todas las tareas derivadas y los peque\u00f1os detalles de cada fase del ciclo de la vi\u00f1a y de los \u00e1rboles. \u00ab<strong>Me gusta todo, el contacto a la natura y las tareas que implica el cuidado de la vi\u00f1a como labrar, podar, vendimiar&#8230; excepto el trabajo administrativo, llevar papeles, esto no me gusta tanto&#8230;\u00bb<\/strong>, asegura. Parte de los a\u00f1os que lleva dedicada a la vi\u00f1a, ha realizado un gran esfuerzo por modernizar y profesionalizar todo el negocio.<\/p>\n<p>Su pareja la sigui\u00f3 y quiso tambi\u00e9n unirse a esta manera de vivir, y entre los dos concilian la vida profesional y personal como padres de dos gemelos. Su fuerza de car\u00e1cter y energ\u00eda se perciben honestas y claras a trav\u00e9s de su voz. Forma parte del consejo rector de la cooperativa de La Granada desde el 2016, pero es socia de la cooperativa desde hace veinticinco a\u00f1os. Defiende que \u00ab<strong>el papel de las mujeres en el mundo cooperativista es importante, creo que s\u00ed aportamos una perspectiva diferente en la hora de tomar determinadas decisiones, otra visi\u00f3n en la hora de abordar los problemas o situaciones y esto, enriquece<\/strong>\u00ab. A pesar de que admite que le gustar\u00eda que hubiera una representaci\u00f3n m\u00e1s amplia de mujeres, resalta que \u00ab<strong>hace muchos a\u00f1os que estoy en la Junta y nunca he tenido ning\u00fan problema por el hecho de ser mujer. Cuando algo no estoy de acuerdo o no me gusta, siempre lo he dicho y lo he defendido, nunca he dejado de decir lo que siento ni me he sentido ignorada\u00bb<\/strong>. Considera muy relevante el papel de las cooperativas y cree que la uni\u00f3n de los agricultores y agricultoras es siempre positiva para tener un papel m\u00e1s relevante y m\u00e1s fuerza. Y de su actitud optimista, Dolors concluye que con actitud cualquier dificultad y reto se puede afrontar.<\/p>\n<p>&nbsp;<\/p>\n<p><strong>Merc\u00e8 Pujals- Export M\u00e0nager<img decoding=\"async\" class=\"wp-image-130846 size-medium alignright\" src=\"https:\/\/castelldor.com\/wp-content\/uploads\/2023\/03\/IMG_20230217_103500_resized_20230223_013946977-e1677838657460-265x300.jpg\" alt=\"\" width=\"265\" height=\"300\" srcset=\"https:\/\/castelldor.com\/wp-content\/uploads\/2023\/03\/IMG_20230217_103500_resized_20230223_013946977-e1677838657460-265x300.jpg 265w, https:\/\/castelldor.com\/wp-content\/uploads\/2023\/03\/IMG_20230217_103500_resized_20230223_013946977-e1677838657460-905x1024.jpg 905w, https:\/\/castelldor.com\/wp-content\/uploads\/2023\/03\/IMG_20230217_103500_resized_20230223_013946977-e1677838657460-768x869.jpg 768w, https:\/\/castelldor.com\/wp-content\/uploads\/2023\/03\/IMG_20230217_103500_resized_20230223_013946977-e1677838657460-300x339.jpg 300w, https:\/\/castelldor.com\/wp-content\/uploads\/2023\/03\/IMG_20230217_103500_resized_20230223_013946977-e1677838657460-600x679.jpg 600w, https:\/\/castelldor.com\/wp-content\/uploads\/2023\/03\/IMG_20230217_103500_resized_20230223_013946977-e1677838657460.jpg 968w\" sizes=\"(max-width: 265px) 100vw, 265px\" \/><\/strong><\/p>\n<p>Merc\u00e8 Pujals, lleva dedicada a la exportaci\u00f3n en el sector vitivin\u00edcola m\u00e1s de 30 a\u00f1os, y fue una de las fundadoras de Castell d&#8217;Or en 2006. Desde la creaci\u00f3n del proyecto hasta la actualidad ha vivido en primera persona la evoluci\u00f3n de una empresa donde diferentes cooperativas de Catalu\u00f1a se han ido sumando a una apuesta estrat\u00e9gica clave. Ella ha recorrido medio mundo llevando los productos del grupo Castell d&#8217;Or a nuevos mercados. Desde los inicios, ha podido visitar pa\u00edses como Jap\u00f3n, Estados Unidos, Canad\u00e1 y diferentes pa\u00edses de Sur-Am\u00e9rica y de Europa como B\u00e9lgica, Alemania o Inglaterra.<\/p>\n<p>Pujals explica que \u00abel origen del proyecto fue el 2006, y se quer\u00eda dar respuesta a una necesidad de las cooperativas que implicaba poder embotellar sus propios vinos y cavas\u00bb. Las cooperativas aspiraban poder llegar al consumidor final con una marca comercial propia y un producto de calidad. \u00abEsto implicaba unirse y crear un proyecto com\u00fan y representativo de las diferentes bodegas\u00bb, recuerda. Aquella idea fue animando a diferentes cooperativas que vieron la idea como una apuesta de futuro, \u00abpero los inicios no fueron f\u00e1ciles\u00bb, asegura.<\/p>\n<p>Pujals explica que \u00abjusto nacimos en un momento que hab\u00eda una grandes crisis en el mercado nacional y en este sentido, apostamos principalmente por exportar\u00bb. Recuerda que en los inicios, el equipo ten\u00eda unos recursos muy limitados a todos los niveles: comercial, log\u00edstico, de dise\u00f1o&#8230; y \u00abfue dif\u00edcil pero tambi\u00e9n enriquecedor tener que hacer tantas tareas diferentes\u00bb, asegura. \u00abPoco a poco, se fueron a\u00f1adiendo nuevas cooperativas que dieron un impulso al proyecto y creamos nuevos departamentos que profesionalizaron la actividad de la marca\u00bb, dice.<\/p>\n<p>Merc\u00e8 recuerda que el momento clave fue cuando en 2019, cuando tuvo lugar un cambio de direcci\u00f3n y se hizo una verdadera apuesta para crear una estructura m\u00e1s potente y una inversi\u00f3n fuerte para poder operar con agilidad. Actualmente, cree que la marca tiene todav\u00eda muchas posibilidades de crecimiento y su proyecci\u00f3n ha hecho un giro de 180 grados en positivo.<\/p>\n<p>Ante la cuesti\u00f3n de s\u00ed por el hecho de ser mujer en este sector ha tenido alguna dificultad, explica que nunca ha vivido ninguna experiencia negativa. Aun as\u00ed, reconoce que los inicios fueron duros porque <strong>\u00abera un sector muy masculinizado y algunas acciones parec\u00edan exclusivamente dirigidas a un p\u00fablico masculino<\/strong>\u00ab. Sin embargo, resalta que \u00ab<strong>todo ha cambiado mucho y ahora en los departamentos comerciales podemos encontrar el mismo n\u00famero de mujeres\u00bb.<\/strong><\/p>\n<p>Pujals est\u00e1 orgullosa de c\u00f3mo ha crecido el proyecto Castell d&#8217;Or hasta convertirse en una de las empresas productoras m\u00e1s importantes de toda Espa\u00f1a. \u00abEs cierto que hubo momentos muy duros al principio hasta el punto de pensar si hab\u00eda hecho bien de dedicarme a esta profesi\u00f3n, pero tambi\u00e9n mirando atr\u00e1s reconozco que he hecho muchos buenos amigos y he disfrutado mucho de este recorrido, y esto no lo puede decir todo el mundo\u00bb, concluye.<\/p>\n<p><strong>En el D\u00eda Internacional de las Mujeres, desde Castell d&#8217;Or queremos destacar el papel clave que jugamos las mujeres en las organizaciones y la importancia de la participaci\u00f3n, representaci\u00f3n e igualdad tambi\u00e9n en el sector vitivin\u00edcola.<\/strong><\/p>\n","protected":false},"excerpt":{"rendered":"<p>Durante muchos siglos, el mundo del vino ha sido una industria predominantemente masculina. Aun as\u00ed, las mujeres han jugado un papel importante en este sector desde tiempos antiguos y han ido ganando un papel cada vez m\u00e1s relevante en la industria del vino actual. En el pasado, las mujeres eran a menudo responsables de la&hellip;&nbsp;<a href=\"https:\/\/castelldor.com\/es\/celebramos-el-dia-internacional-de-la-mujer-trabajadora-8-de-marco\/\" rel=\"bookmark\">Read More &raquo;<span class=\"screen-reader-text\">Celebramos el D\u00eda Internacional de la Mujer Trabajadora- 8 de Marzo.<\/span><\/a><\/p>\n","protected":false},"author":2,"featured_media":130859,"comment_status":"open","ping_status":"closed","sticky":false,"template":"","format":"standard","meta":{"_acf_changed":false,"inline_featured_image":false,"neve_meta_sidebar":"","neve_meta_container":"","neve_meta_enable_content_width":"off","neve_meta_content_width":70,"neve_meta_title_alignment":"","neve_meta_author_avatar":"","neve_post_elements_order":"","neve_meta_disable_header":"","neve_meta_disable_footer":"","neve_meta_disable_title":"","neve_meta_reading_time":"","footnotes":""},"categories":[44],"tags":[],"class_list":["post-130855","post","type-post","status-publish","format-standard","has-post-thumbnail","hentry","category-actualidad"],"acf":[],"yoast_head":"<!-- This site is optimized with the Yoast SEO plugin v27.4 - https:\/\/yoast.com\/product\/yoast-seo-wordpress\/ -->\n<title>Dia Internacional de la Mujer | Castell d&#039;Or<\/title>\n<meta name=\"description\" content=\"En el D\u00eda Internacional de las Mujeres, queremos destacar el papel clave que jugamos las mujeres as\u00ed como la importancia de su participaci\u00f3n.\" \/>\n<meta name=\"robots\" content=\"index, follow, max-snippet:-1, max-image-preview:large, max-video-preview:-1\" \/>\n<link rel=\"canonical\" href=\"https:\/\/castelldor.com\/es\/celebramos-el-dia-internacional-de-la-mujer-trabajadora-8-de-marco\/\" \/>\n<meta property=\"og:locale\" content=\"es_ES\" \/>\n<meta property=\"og:type\" content=\"article\" \/>\n<meta property=\"og:title\" content=\"Dia Internacional de la Mujer | Castell d&#039;Or\" \/>\n<meta property=\"og:description\" content=\"En el D\u00eda Internacional de las Mujeres, queremos destacar el papel clave que jugamos las mujeres as\u00ed como la importancia de su participaci\u00f3n.\" \/>\n<meta property=\"og:url\" content=\"https:\/\/castelldor.com\/es\/celebramos-el-dia-internacional-de-la-mujer-trabajadora-8-de-marco\/\" \/>\n<meta property=\"og:site_name\" content=\"Castell d&#039;Or\" \/>\n<meta property=\"article:published_time\" content=\"2023-03-03T10:20:02+00:00\" \/>\n<meta property=\"article:modified_time\" content=\"2024-07-01T10:15:36+00:00\" \/>\n<meta property=\"og:image\" content=\"https:\/\/castelldor.com\/wp-content\/uploads\/2023\/03\/DIA-MUNDIAL-DE-LAS-MUJERES.jpg\" \/>\n\t<meta property=\"og:image:width\" content=\"1748\" \/>\n\t<meta property=\"og:image:height\" content=\"1240\" \/>\n\t<meta property=\"og:image:type\" content=\"image\/jpeg\" \/>\n<meta name=\"author\" content=\"Cristina\" \/>\n<meta name=\"twitter:card\" content=\"summary_large_image\" \/>\n<meta name=\"twitter:label1\" content=\"Escrito por\" \/>\n\t<meta name=\"twitter:data1\" content=\"Cristina\" \/>\n\t<meta name=\"twitter:label2\" content=\"Tiempo de lectura\" \/>\n\t<meta name=\"twitter:data2\" content=\"9 minutos\" \/>\n<script type=\"application\/ld+json\" class=\"yoast-schema-graph\">{\"@context\":\"https:\\\/\\\/schema.org\",\"@graph\":[{\"@type\":\"Article\",\"@id\":\"https:\\\/\\\/castelldor.com\\\/es\\\/celebramos-el-dia-internacional-de-la-mujer-trabajadora-8-de-marco\\\/#article\",\"isPartOf\":{\"@id\":\"https:\\\/\\\/castelldor.com\\\/es\\\/celebramos-el-dia-internacional-de-la-mujer-trabajadora-8-de-marco\\\/\"},\"author\":{\"name\":\"Cristina\",\"@id\":\"https:\\\/\\\/castelldor.com\\\/es\\\/#\\\/schema\\\/person\\\/3800fc91546b8fea5812fe762dd57eab\"},\"headline\":\"Celebramos el D\u00eda Internacional de la Mujer Trabajadora- 8 de Marzo.\",\"datePublished\":\"2023-03-03T10:20:02+00:00\",\"dateModified\":\"2024-07-01T10:15:36+00:00\",\"mainEntityOfPage\":{\"@id\":\"https:\\\/\\\/castelldor.com\\\/es\\\/celebramos-el-dia-internacional-de-la-mujer-trabajadora-8-de-marco\\\/\"},\"wordCount\":1670,\"commentCount\":0,\"publisher\":{\"@id\":\"https:\\\/\\\/castelldor.com\\\/es\\\/#organization\"},\"image\":{\"@id\":\"https:\\\/\\\/castelldor.com\\\/es\\\/celebramos-el-dia-internacional-de-la-mujer-trabajadora-8-de-marco\\\/#primaryimage\"},\"thumbnailUrl\":\"https:\\\/\\\/castelldor.com\\\/wp-content\\\/uploads\\\/2023\\\/03\\\/DIA-MUNDIAL-DE-LAS-MUJERES.jpg\",\"articleSection\":[\"Actualidad\"],\"inLanguage\":\"es\",\"potentialAction\":[{\"@type\":\"CommentAction\",\"name\":\"Comment\",\"target\":[\"https:\\\/\\\/castelldor.com\\\/es\\\/celebramos-el-dia-internacional-de-la-mujer-trabajadora-8-de-marco\\\/#respond\"]}]},{\"@type\":\"WebPage\",\"@id\":\"https:\\\/\\\/castelldor.com\\\/es\\\/celebramos-el-dia-internacional-de-la-mujer-trabajadora-8-de-marco\\\/\",\"url\":\"https:\\\/\\\/castelldor.com\\\/es\\\/celebramos-el-dia-internacional-de-la-mujer-trabajadora-8-de-marco\\\/\",\"name\":\"Dia Internacional de la Mujer | Castell d&#039;Or\",\"isPartOf\":{\"@id\":\"https:\\\/\\\/castelldor.com\\\/es\\\/#website\"},\"primaryImageOfPage\":{\"@id\":\"https:\\\/\\\/castelldor.com\\\/es\\\/celebramos-el-dia-internacional-de-la-mujer-trabajadora-8-de-marco\\\/#primaryimage\"},\"image\":{\"@id\":\"https:\\\/\\\/castelldor.com\\\/es\\\/celebramos-el-dia-internacional-de-la-mujer-trabajadora-8-de-marco\\\/#primaryimage\"},\"thumbnailUrl\":\"https:\\\/\\\/castelldor.com\\\/wp-content\\\/uploads\\\/2023\\\/03\\\/DIA-MUNDIAL-DE-LAS-MUJERES.jpg\",\"datePublished\":\"2023-03-03T10:20:02+00:00\",\"dateModified\":\"2024-07-01T10:15:36+00:00\",\"description\":\"En el D\u00eda Internacional de las Mujeres, queremos destacar el papel clave que jugamos las mujeres as\u00ed como la importancia de su participaci\u00f3n.\",\"breadcrumb\":{\"@id\":\"https:\\\/\\\/castelldor.com\\\/es\\\/celebramos-el-dia-internacional-de-la-mujer-trabajadora-8-de-marco\\\/#breadcrumb\"},\"inLanguage\":\"es\",\"potentialAction\":[{\"@type\":\"ReadAction\",\"target\":[\"https:\\\/\\\/castelldor.com\\\/es\\\/celebramos-el-dia-internacional-de-la-mujer-trabajadora-8-de-marco\\\/\"]}]},{\"@type\":\"ImageObject\",\"inLanguage\":\"es\",\"@id\":\"https:\\\/\\\/castelldor.com\\\/es\\\/celebramos-el-dia-internacional-de-la-mujer-trabajadora-8-de-marco\\\/#primaryimage\",\"url\":\"https:\\\/\\\/castelldor.com\\\/wp-content\\\/uploads\\\/2023\\\/03\\\/DIA-MUNDIAL-DE-LAS-MUJERES.jpg\",\"contentUrl\":\"https:\\\/\\\/castelldor.com\\\/wp-content\\\/uploads\\\/2023\\\/03\\\/DIA-MUNDIAL-DE-LAS-MUJERES.jpg\",\"width\":1748,\"height\":1240},{\"@type\":\"BreadcrumbList\",\"@id\":\"https:\\\/\\\/castelldor.com\\\/es\\\/celebramos-el-dia-internacional-de-la-mujer-trabajadora-8-de-marco\\\/#breadcrumb\",\"itemListElement\":[{\"@type\":\"ListItem\",\"position\":1,\"name\":\"Inici\",\"item\":\"https:\\\/\\\/castelldor.com\\\/es\\\/\"},{\"@type\":\"ListItem\",\"position\":2,\"name\":\"Celebramos el D\u00eda Internacional de la Mujer Trabajadora- 8 de Marzo.\"}]},{\"@type\":\"WebSite\",\"@id\":\"https:\\\/\\\/castelldor.com\\\/es\\\/#website\",\"url\":\"https:\\\/\\\/castelldor.com\\\/es\\\/\",\"name\":\"Castell d&#039;Or\",\"description\":\"Love people, Love wine\",\"publisher\":{\"@id\":\"https:\\\/\\\/castelldor.com\\\/es\\\/#organization\"},\"potentialAction\":[{\"@type\":\"SearchAction\",\"target\":{\"@type\":\"EntryPoint\",\"urlTemplate\":\"https:\\\/\\\/castelldor.com\\\/es\\\/?s={search_term_string}\"},\"query-input\":{\"@type\":\"PropertyValueSpecification\",\"valueRequired\":true,\"valueName\":\"search_term_string\"}}],\"inLanguage\":\"es\"},{\"@type\":\"Organization\",\"@id\":\"https:\\\/\\\/castelldor.com\\\/es\\\/#organization\",\"name\":\"Castell d'Or\",\"url\":\"https:\\\/\\\/castelldor.com\\\/es\\\/\",\"logo\":{\"@type\":\"ImageObject\",\"inLanguage\":\"es\",\"@id\":\"https:\\\/\\\/castelldor.com\\\/es\\\/#\\\/schema\\\/logo\\\/image\\\/\",\"url\":\"https:\\\/\\\/castelldor.com\\\/wp-content\\\/uploads\\\/2022\\\/08\\\/Castell-dor-blanc.svg\",\"contentUrl\":\"https:\\\/\\\/castelldor.com\\\/wp-content\\\/uploads\\\/2022\\\/08\\\/Castell-dor-blanc.svg\",\"width\":169,\"height\":61,\"caption\":\"Castell d'Or\"},\"image\":{\"@id\":\"https:\\\/\\\/castelldor.com\\\/es\\\/#\\\/schema\\\/logo\\\/image\\\/\"}},{\"@type\":\"Person\",\"@id\":\"https:\\\/\\\/castelldor.com\\\/es\\\/#\\\/schema\\\/person\\\/3800fc91546b8fea5812fe762dd57eab\",\"name\":\"Cristina\",\"image\":{\"@type\":\"ImageObject\",\"inLanguage\":\"es\",\"@id\":\"https:\\\/\\\/secure.gravatar.com\\\/avatar\\\/579c1860b6ddac6d2d774a241f04090d5c13b826525a5d2ed1cf72ca0cce4a17?s=96&d=mm&r=g\",\"url\":\"https:\\\/\\\/secure.gravatar.com\\\/avatar\\\/579c1860b6ddac6d2d774a241f04090d5c13b826525a5d2ed1cf72ca0cce4a17?s=96&d=mm&r=g\",\"contentUrl\":\"https:\\\/\\\/secure.gravatar.com\\\/avatar\\\/579c1860b6ddac6d2d774a241f04090d5c13b826525a5d2ed1cf72ca0cce4a17?s=96&d=mm&r=g\",\"caption\":\"Cristina\"}}]}<\/script>\n<!-- \/ Yoast SEO plugin. -->","yoast_head_json":{"title":"Dia Internacional de la Mujer | Castell d&#039;Or","description":"En el D\u00eda Internacional de las Mujeres, queremos destacar el papel clave que jugamos las mujeres as\u00ed como la importancia de su participaci\u00f3n.","robots":{"index":"index","follow":"follow","max-snippet":"max-snippet:-1","max-image-preview":"max-image-preview:large","max-video-preview":"max-video-preview:-1"},"canonical":"https:\/\/castelldor.com\/es\/celebramos-el-dia-internacional-de-la-mujer-trabajadora-8-de-marco\/","og_locale":"es_ES","og_type":"article","og_title":"Dia Internacional de la Mujer | Castell d&#039;Or","og_description":"En el D\u00eda Internacional de las Mujeres, queremos destacar el papel clave que jugamos las mujeres as\u00ed como la importancia de su participaci\u00f3n.","og_url":"https:\/\/castelldor.com\/es\/celebramos-el-dia-internacional-de-la-mujer-trabajadora-8-de-marco\/","og_site_name":"Castell d&#039;Or","article_published_time":"2023-03-03T10:20:02+00:00","article_modified_time":"2024-07-01T10:15:36+00:00","og_image":[{"width":1748,"height":1240,"url":"https:\/\/castelldor.com\/wp-content\/uploads\/2023\/03\/DIA-MUNDIAL-DE-LAS-MUJERES.jpg","type":"image\/jpeg"}],"author":"Cristina","twitter_card":"summary_large_image","twitter_misc":{"Escrito por":"Cristina","Tiempo de lectura":"9 minutos"},"schema":{"@context":"https:\/\/schema.org","@graph":[{"@type":"Article","@id":"https:\/\/castelldor.com\/es\/celebramos-el-dia-internacional-de-la-mujer-trabajadora-8-de-marco\/#article","isPartOf":{"@id":"https:\/\/castelldor.com\/es\/celebramos-el-dia-internacional-de-la-mujer-trabajadora-8-de-marco\/"},"author":{"name":"Cristina","@id":"https:\/\/castelldor.com\/es\/#\/schema\/person\/3800fc91546b8fea5812fe762dd57eab"},"headline":"Celebramos el D\u00eda Internacional de la Mujer Trabajadora- 8 de Marzo.","datePublished":"2023-03-03T10:20:02+00:00","dateModified":"2024-07-01T10:15:36+00:00","mainEntityOfPage":{"@id":"https:\/\/castelldor.com\/es\/celebramos-el-dia-internacional-de-la-mujer-trabajadora-8-de-marco\/"},"wordCount":1670,"commentCount":0,"publisher":{"@id":"https:\/\/castelldor.com\/es\/#organization"},"image":{"@id":"https:\/\/castelldor.com\/es\/celebramos-el-dia-internacional-de-la-mujer-trabajadora-8-de-marco\/#primaryimage"},"thumbnailUrl":"https:\/\/castelldor.com\/wp-content\/uploads\/2023\/03\/DIA-MUNDIAL-DE-LAS-MUJERES.jpg","articleSection":["Actualidad"],"inLanguage":"es","potentialAction":[{"@type":"CommentAction","name":"Comment","target":["https:\/\/castelldor.com\/es\/celebramos-el-dia-internacional-de-la-mujer-trabajadora-8-de-marco\/#respond"]}]},{"@type":"WebPage","@id":"https:\/\/castelldor.com\/es\/celebramos-el-dia-internacional-de-la-mujer-trabajadora-8-de-marco\/","url":"https:\/\/castelldor.com\/es\/celebramos-el-dia-internacional-de-la-mujer-trabajadora-8-de-marco\/","name":"Dia Internacional de la Mujer | Castell d&#039;Or","isPartOf":{"@id":"https:\/\/castelldor.com\/es\/#website"},"primaryImageOfPage":{"@id":"https:\/\/castelldor.com\/es\/celebramos-el-dia-internacional-de-la-mujer-trabajadora-8-de-marco\/#primaryimage"},"image":{"@id":"https:\/\/castelldor.com\/es\/celebramos-el-dia-internacional-de-la-mujer-trabajadora-8-de-marco\/#primaryimage"},"thumbnailUrl":"https:\/\/castelldor.com\/wp-content\/uploads\/2023\/03\/DIA-MUNDIAL-DE-LAS-MUJERES.jpg","datePublished":"2023-03-03T10:20:02+00:00","dateModified":"2024-07-01T10:15:36+00:00","description":"En el D\u00eda Internacional de las Mujeres, queremos destacar el papel clave que jugamos las mujeres as\u00ed como la importancia de su participaci\u00f3n.","breadcrumb":{"@id":"https:\/\/castelldor.com\/es\/celebramos-el-dia-internacional-de-la-mujer-trabajadora-8-de-marco\/#breadcrumb"},"inLanguage":"es","potentialAction":[{"@type":"ReadAction","target":["https:\/\/castelldor.com\/es\/celebramos-el-dia-internacional-de-la-mujer-trabajadora-8-de-marco\/"]}]},{"@type":"ImageObject","inLanguage":"es","@id":"https:\/\/castelldor.com\/es\/celebramos-el-dia-internacional-de-la-mujer-trabajadora-8-de-marco\/#primaryimage","url":"https:\/\/castelldor.com\/wp-content\/uploads\/2023\/03\/DIA-MUNDIAL-DE-LAS-MUJERES.jpg","contentUrl":"https:\/\/castelldor.com\/wp-content\/uploads\/2023\/03\/DIA-MUNDIAL-DE-LAS-MUJERES.jpg","width":1748,"height":1240},{"@type":"BreadcrumbList","@id":"https:\/\/castelldor.com\/es\/celebramos-el-dia-internacional-de-la-mujer-trabajadora-8-de-marco\/#breadcrumb","itemListElement":[{"@type":"ListItem","position":1,"name":"Inici","item":"https:\/\/castelldor.com\/es\/"},{"@type":"ListItem","position":2,"name":"Celebramos el D\u00eda Internacional de la Mujer Trabajadora- 8 de Marzo."}]},{"@type":"WebSite","@id":"https:\/\/castelldor.com\/es\/#website","url":"https:\/\/castelldor.com\/es\/","name":"Castell d&#039;Or","description":"Love people, Love wine","publisher":{"@id":"https:\/\/castelldor.com\/es\/#organization"},"potentialAction":[{"@type":"SearchAction","target":{"@type":"EntryPoint","urlTemplate":"https:\/\/castelldor.com\/es\/?s={search_term_string}"},"query-input":{"@type":"PropertyValueSpecification","valueRequired":true,"valueName":"search_term_string"}}],"inLanguage":"es"},{"@type":"Organization","@id":"https:\/\/castelldor.com\/es\/#organization","name":"Castell d'Or","url":"https:\/\/castelldor.com\/es\/","logo":{"@type":"ImageObject","inLanguage":"es","@id":"https:\/\/castelldor.com\/es\/#\/schema\/logo\/image\/","url":"https:\/\/castelldor.com\/wp-content\/uploads\/2022\/08\/Castell-dor-blanc.svg","contentUrl":"https:\/\/castelldor.com\/wp-content\/uploads\/2022\/08\/Castell-dor-blanc.svg","width":169,"height":61,"caption":"Castell d'Or"},"image":{"@id":"https:\/\/castelldor.com\/es\/#\/schema\/logo\/image\/"}},{"@type":"Person","@id":"https:\/\/castelldor.com\/es\/#\/schema\/person\/3800fc91546b8fea5812fe762dd57eab","name":"Cristina","image":{"@type":"ImageObject","inLanguage":"es","@id":"https:\/\/secure.gravatar.com\/avatar\/579c1860b6ddac6d2d774a241f04090d5c13b826525a5d2ed1cf72ca0cce4a17?s=96&d=mm&r=g","url":"https:\/\/secure.gravatar.com\/avatar\/579c1860b6ddac6d2d774a241f04090d5c13b826525a5d2ed1cf72ca0cce4a17?s=96&d=mm&r=g","contentUrl":"https:\/\/secure.gravatar.com\/avatar\/579c1860b6ddac6d2d774a241f04090d5c13b826525a5d2ed1cf72ca0cce4a17?s=96&d=mm&r=g","caption":"Cristina"}}]}},"_links":{"self":[{"href":"https:\/\/castelldor.com\/es\/wp-json\/wp\/v2\/posts\/130855","targetHints":{"allow":["GET"]}}],"collection":[{"href":"https:\/\/castelldor.com\/es\/wp-json\/wp\/v2\/posts"}],"about":[{"href":"https:\/\/castelldor.com\/es\/wp-json\/wp\/v2\/types\/post"}],"author":[{"embeddable":true,"href":"https:\/\/castelldor.com\/es\/wp-json\/wp\/v2\/users\/2"}],"replies":[{"embeddable":true,"href":"https:\/\/castelldor.com\/es\/wp-json\/wp\/v2\/comments?post=130855"}],"version-history":[{"count":3,"href":"https:\/\/castelldor.com\/es\/wp-json\/wp\/v2\/posts\/130855\/revisions"}],"predecessor-version":[{"id":130871,"href":"https:\/\/castelldor.com\/es\/wp-json\/wp\/v2\/posts\/130855\/revisions\/130871"}],"wp:featuredmedia":[{"embeddable":true,"href":"https:\/\/castelldor.com\/es\/wp-json\/wp\/v2\/media\/130859"}],"wp:attachment":[{"href":"https:\/\/castelldor.com\/es\/wp-json\/wp\/v2\/media?parent=130855"}],"wp:term":[{"taxonomy":"category","embeddable":true,"href":"https:\/\/castelldor.com\/es\/wp-json\/wp\/v2\/categories?post=130855"},{"taxonomy":"post_tag","embeddable":true,"href":"https:\/\/castelldor.com\/es\/wp-json\/wp\/v2\/tags?post=130855"}],"curies":[{"name":"wp","href":"https:\/\/api.w.org\/{rel}","templated":true}]}}