{"id":130691,"date":"2023-02-16T09:14:25","date_gmt":"2023-02-16T08:14:25","guid":{"rendered":"https:\/\/castelldor.com\/castell-dor-sera-present-a-la-a-la-prowein\/"},"modified":"2024-07-01T12:15:36","modified_gmt":"2024-07-01T10:15:36","slug":"castell-dor-sera-presente-en-prowein","status":"publish","type":"post","link":"https:\/\/castelldor.com\/es\/castell-dor-sera-presente-en-prowein\/","title":{"rendered":"Los cavas y vinos de Castell d\u2019Or, presentes en la Feria Internacional de ProWein 2023"},"content":{"rendered":"<p><strong>El grupo mostrar\u00e1 todas sus novedades en su estando ubicado en el HAL11\u00a0<\/strong><\/p>\n<p>Vila-rodona, 16 de febrero de 2023_ Castell d\u2019Or estar\u00e1 presente en la<strong> Feria Internacional de\u00a0ProWein<\/strong>\u00a0que se celebrar\u00e1 entre el <strong>19 y el 21 de marzo de 2023<\/strong> a\u00a0D\u00fcsselford\u00a0(Alemania). El Grupo, formado por 16 cooperativas, ubicar\u00e1 su<strong>\u00a0stand\u00a0A62 al HALL11<\/strong> con el objetivo de llevar a cabo reuniones y acciones comerciales. Castell d\u2019Or asistir\u00e1 a la cita con sus principales marcas como Cabaret, Castell d\u2019Or o Cosset\u00e0nia y dar\u00e1 a conocer las \u00faltimas novedades del grupo.<\/p>\n<p><img fetchpriority=\"high\" decoding=\"async\" class=\"alignnone wp-image-130694 size-full\" src=\"https:\/\/castelldor.com\/wp-content\/uploads\/2023\/02\/castelldor-PROWEIN-scaled.jpg\" alt=\"\" width=\"2560\" height=\"1134\" srcset=\"https:\/\/castelldor.com\/wp-content\/uploads\/2023\/02\/castelldor-PROWEIN-scaled.jpg 2560w, https:\/\/castelldor.com\/wp-content\/uploads\/2023\/02\/castelldor-PROWEIN-300x133.jpg 300w, https:\/\/castelldor.com\/wp-content\/uploads\/2023\/02\/castelldor-PROWEIN-1024x454.jpg 1024w, https:\/\/castelldor.com\/wp-content\/uploads\/2023\/02\/castelldor-PROWEIN-768x340.jpg 768w, https:\/\/castelldor.com\/wp-content\/uploads\/2023\/02\/castelldor-PROWEIN-1536x681.jpg 1536w, https:\/\/castelldor.com\/wp-content\/uploads\/2023\/02\/castelldor-PROWEIN-2048x908.jpg 2048w, https:\/\/castelldor.com\/wp-content\/uploads\/2023\/02\/castelldor-PROWEIN-600x266.jpg 600w\" sizes=\"(max-width: 2560px) 100vw, 2560px\" \/><\/p>\n<p>Este a\u00f1o, una de las novedades en el sector vitivin\u00edcola que se incorporan al evento, girar\u00e1 alrededor del vino sin graduaci\u00f3n alcoh\u00f3lica. Se trata de una tendencia actual del mercado al que la Feria le dedicar\u00e1 un espacio destacado en el Pabell\u00f3n 1. Se han previsto un programa de conferencias y mesas de discusi\u00f3n alrededor de <strong>World of Zero<\/strong> y la gastronom\u00eda. Castell d\u2019Or tendr\u00e1 presencia en este espacio con su Vino Espumoso Castell d&#8217;Or 0% elaborado con los mismos est\u00e1ndares de calidad que el resto de cavas. Este espacio permitir\u00e1 la degustaci\u00f3n de diferentes propuestas.<\/p>\n<p>El CEO de Castell d&#8217;Or, Jordi Amell apunta que \u00abl<strong>a Feria Internacional de ProWein es una oportunidad \u00fanica para dar a conocer nuestro cava a un p\u00fablico muy especializado y conocedor<\/strong>\u00ab, y a\u00f1ade que \u00ab<strong>es una oportunidad magn\u00edfica para explicar el origen de nuestros productos, el <em>terroir<\/em> del que nacen y la filosof\u00eda que hay detr\u00e1s Castell d&#8217;Or<\/strong>\u00ab. ProWein es la \u00fanica feria comercial internacional que cubre el mercado mundial y es uno de los acontecimientos m\u00e1s importantes del sector.<\/p>\n<p>Las m\u00e1s de 5.500 empresas expositoras procedentes de m\u00e1s de 60 pa\u00edses se distribuir\u00e1n en 13 pabellones feriales de D\u00fcsseldorf, que se estructuran claramente por pa\u00edses y regiones. Por el n\u00famero de expositores, los principales pa\u00edses son Italia (m\u00e1s de 1420), Francia (alrededor de 1100), Alemania (unos 700), Espa\u00f1a (650), Portugal (m\u00e1s de 360), Austria (m\u00e1s de 260), Argentina (m\u00e1s de 120) y Grecia (m\u00e1s de 100). ProWein es uno de los principal acontecimiento del sector y la plataforma por excelencia para establecer contactos y descubrir nuevas tendencias y productos.<\/p>\n<p><strong>Castell d&#8217;Or<\/strong><strong>, la uni\u00f3n de 16 bodegas<\/strong><br \/>\nCastell d&#8217;Or nace el 2006 de la uni\u00f3n de diferentes bodegas de diferentes zonas vitivin\u00edcolas del Pened\u00e8s, la Conca de Barber\u00e0, Priorat, Tarragona y Montsant. En la actualidad, son un total de 16 las bodegas que forman parte de uno de los grupos m\u00e1s representativos de Catalu\u00f1a. Apuestan por unir sus esfuerzos y conocimientos en los procesos de producci\u00f3n, elaboraci\u00f3n, envasado y distribuci\u00f3n de vinos, cava y aceites elevando el est\u00e1ndar de calidad de sus productos hasta obtener el reconocimiento y el prestigio en todo el mundo de sus marcas.<\/p>\n<p>&nbsp;<\/p>\n","protected":false},"excerpt":{"rendered":"<p>El grupo mostrar\u00e1 todas sus novedades en su estando ubicado en el HAL11\u00a0 Vila-rodona, 16 de febrero de 2023_ Castell d\u2019Or estar\u00e1 presente en la Feria Internacional de\u00a0ProWein\u00a0que se celebrar\u00e1 entre el 19 y el 21 de marzo de 2023 a\u00a0D\u00fcsselford\u00a0(Alemania). El Grupo, formado por 16 cooperativas, ubicar\u00e1 su\u00a0stand\u00a0A62 al HALL11 con el objetivo de&hellip;&nbsp;<a href=\"https:\/\/castelldor.com\/es\/castell-dor-sera-presente-en-prowein\/\" rel=\"bookmark\">Read More &raquo;<span class=\"screen-reader-text\">Los cavas y vinos de Castell d\u2019Or, presentes en la Feria Internacional de ProWein 2023<\/span><\/a><\/p>\n","protected":false},"author":2,"featured_media":130689,"comment_status":"open","ping_status":"closed","sticky":false,"template":"","format":"standard","meta":{"_acf_changed":false,"inline_featured_image":false,"neve_meta_sidebar":"","neve_meta_container":"","neve_meta_enable_content_width":"off","neve_meta_content_width":70,"neve_meta_title_alignment":"","neve_meta_author_avatar":"","neve_post_elements_order":"","neve_meta_disable_header":"","neve_meta_disable_footer":"","neve_meta_disable_title":"","neve_meta_reading_time":"","footnotes":""},"categories":[44],"tags":[],"class_list":["post-130691","post","type-post","status-publish","format-standard","has-post-thumbnail","hentry","category-actualidad"],"acf":[],"yoast_head":"<!-- This site is optimized with the Yoast SEO plugin v27.4 - https:\/\/yoast.com\/product\/yoast-seo-wordpress\/ -->\n<title>Castell d&#039;Or estar\u00e1 presente en la Feria ProWein | Castell d&#039;Or<\/title>\n<meta name=\"description\" content=\"Castell d&#039;Or estar\u00e1 presente en la ProWein que tendr\u00e1 lugar entre el 19 y el 21 de marzo de 2023 a D\u00fcsselford.\" \/>\n<meta name=\"robots\" content=\"index, follow, max-snippet:-1, max-image-preview:large, max-video-preview:-1\" \/>\n<link rel=\"canonical\" href=\"https:\/\/castelldor.com\/es\/castell-dor-sera-presente-en-prowein\/\" \/>\n<meta property=\"og:locale\" content=\"es_ES\" \/>\n<meta property=\"og:type\" content=\"article\" \/>\n<meta property=\"og:title\" content=\"Castell d&#039;Or estar\u00e1 presente en la Feria ProWein | Castell d&#039;Or\" \/>\n<meta property=\"og:description\" content=\"Castell d&#039;Or estar\u00e1 presente en la ProWein que tendr\u00e1 lugar entre el 19 y el 21 de marzo de 2023 a D\u00fcsselford.\" \/>\n<meta property=\"og:url\" content=\"https:\/\/castelldor.com\/es\/castell-dor-sera-presente-en-prowein\/\" \/>\n<meta property=\"og:site_name\" content=\"Castell d&#039;Or\" \/>\n<meta property=\"article:published_time\" content=\"2023-02-16T08:14:25+00:00\" \/>\n<meta property=\"article:modified_time\" content=\"2024-07-01T10:15:36+00:00\" \/>\n<meta property=\"og:image\" content=\"https:\/\/castelldor.com\/wp-content\/uploads\/2023\/02\/IMG_20220515_165450-1024x766.jpg\" \/>\n\t<meta property=\"og:image:width\" content=\"1024\" \/>\n\t<meta property=\"og:image:height\" content=\"766\" \/>\n\t<meta property=\"og:image:type\" content=\"image\/jpeg\" \/>\n<meta name=\"author\" content=\"Cristina\" \/>\n<meta name=\"twitter:card\" content=\"summary_large_image\" \/>\n<meta name=\"twitter:label1\" content=\"Escrito por\" \/>\n\t<meta name=\"twitter:data1\" content=\"Cristina\" \/>\n\t<meta name=\"twitter:label2\" content=\"Tiempo de lectura\" \/>\n\t<meta name=\"twitter:data2\" content=\"3 minutos\" \/>\n<script type=\"application\/ld+json\" class=\"yoast-schema-graph\">{\"@context\":\"https:\\\/\\\/schema.org\",\"@graph\":[{\"@type\":\"Article\",\"@id\":\"https:\\\/\\\/castelldor.com\\\/es\\\/castell-dor-sera-presente-en-prowein\\\/#article\",\"isPartOf\":{\"@id\":\"https:\\\/\\\/castelldor.com\\\/es\\\/castell-dor-sera-presente-en-prowein\\\/\"},\"author\":{\"name\":\"Cristina\",\"@id\":\"https:\\\/\\\/castelldor.com\\\/es\\\/#\\\/schema\\\/person\\\/3800fc91546b8fea5812fe762dd57eab\"},\"headline\":\"Los cavas y vinos de Castell d\u2019Or, presentes en la Feria Internacional de ProWein 2023\",\"datePublished\":\"2023-02-16T08:14:25+00:00\",\"dateModified\":\"2024-07-01T10:15:36+00:00\",\"mainEntityOfPage\":{\"@id\":\"https:\\\/\\\/castelldor.com\\\/es\\\/castell-dor-sera-presente-en-prowein\\\/\"},\"wordCount\":500,\"commentCount\":0,\"publisher\":{\"@id\":\"https:\\\/\\\/castelldor.com\\\/es\\\/#organization\"},\"image\":{\"@id\":\"https:\\\/\\\/castelldor.com\\\/es\\\/castell-dor-sera-presente-en-prowein\\\/#primaryimage\"},\"thumbnailUrl\":\"https:\\\/\\\/castelldor.com\\\/wp-content\\\/uploads\\\/2023\\\/02\\\/IMG_20220515_165450.jpg\",\"articleSection\":[\"Actualidad\"],\"inLanguage\":\"es\",\"potentialAction\":[{\"@type\":\"CommentAction\",\"name\":\"Comment\",\"target\":[\"https:\\\/\\\/castelldor.com\\\/es\\\/castell-dor-sera-presente-en-prowein\\\/#respond\"]}]},{\"@type\":\"WebPage\",\"@id\":\"https:\\\/\\\/castelldor.com\\\/es\\\/castell-dor-sera-presente-en-prowein\\\/\",\"url\":\"https:\\\/\\\/castelldor.com\\\/es\\\/castell-dor-sera-presente-en-prowein\\\/\",\"name\":\"Castell d'Or estar\u00e1 presente en la Feria ProWein | Castell d&#039;Or\",\"isPartOf\":{\"@id\":\"https:\\\/\\\/castelldor.com\\\/es\\\/#website\"},\"primaryImageOfPage\":{\"@id\":\"https:\\\/\\\/castelldor.com\\\/es\\\/castell-dor-sera-presente-en-prowein\\\/#primaryimage\"},\"image\":{\"@id\":\"https:\\\/\\\/castelldor.com\\\/es\\\/castell-dor-sera-presente-en-prowein\\\/#primaryimage\"},\"thumbnailUrl\":\"https:\\\/\\\/castelldor.com\\\/wp-content\\\/uploads\\\/2023\\\/02\\\/IMG_20220515_165450.jpg\",\"datePublished\":\"2023-02-16T08:14:25+00:00\",\"dateModified\":\"2024-07-01T10:15:36+00:00\",\"description\":\"Castell d'Or estar\u00e1 presente en la ProWein que tendr\u00e1 lugar entre el 19 y el 21 de marzo de 2023 a D\u00fcsselford.\",\"breadcrumb\":{\"@id\":\"https:\\\/\\\/castelldor.com\\\/es\\\/castell-dor-sera-presente-en-prowein\\\/#breadcrumb\"},\"inLanguage\":\"es\",\"potentialAction\":[{\"@type\":\"ReadAction\",\"target\":[\"https:\\\/\\\/castelldor.com\\\/es\\\/castell-dor-sera-presente-en-prowein\\\/\"]}]},{\"@type\":\"ImageObject\",\"inLanguage\":\"es\",\"@id\":\"https:\\\/\\\/castelldor.com\\\/es\\\/castell-dor-sera-presente-en-prowein\\\/#primaryimage\",\"url\":\"https:\\\/\\\/castelldor.com\\\/wp-content\\\/uploads\\\/2023\\\/02\\\/IMG_20220515_165450.jpg\",\"contentUrl\":\"https:\\\/\\\/castelldor.com\\\/wp-content\\\/uploads\\\/2023\\\/02\\\/IMG_20220515_165450.jpg\",\"width\":2560,\"height\":1915},{\"@type\":\"BreadcrumbList\",\"@id\":\"https:\\\/\\\/castelldor.com\\\/es\\\/castell-dor-sera-presente-en-prowein\\\/#breadcrumb\",\"itemListElement\":[{\"@type\":\"ListItem\",\"position\":1,\"name\":\"Inici\",\"item\":\"https:\\\/\\\/castelldor.com\\\/es\\\/\"},{\"@type\":\"ListItem\",\"position\":2,\"name\":\"Los cavas y vinos de Castell d\u2019Or, presentes en la Feria Internacional de ProWein 2023\"}]},{\"@type\":\"WebSite\",\"@id\":\"https:\\\/\\\/castelldor.com\\\/es\\\/#website\",\"url\":\"https:\\\/\\\/castelldor.com\\\/es\\\/\",\"name\":\"Castell d&#039;Or\",\"description\":\"Love people, Love wine\",\"publisher\":{\"@id\":\"https:\\\/\\\/castelldor.com\\\/es\\\/#organization\"},\"potentialAction\":[{\"@type\":\"SearchAction\",\"target\":{\"@type\":\"EntryPoint\",\"urlTemplate\":\"https:\\\/\\\/castelldor.com\\\/es\\\/?s={search_term_string}\"},\"query-input\":{\"@type\":\"PropertyValueSpecification\",\"valueRequired\":true,\"valueName\":\"search_term_string\"}}],\"inLanguage\":\"es\"},{\"@type\":\"Organization\",\"@id\":\"https:\\\/\\\/castelldor.com\\\/es\\\/#organization\",\"name\":\"Castell d'Or\",\"url\":\"https:\\\/\\\/castelldor.com\\\/es\\\/\",\"logo\":{\"@type\":\"ImageObject\",\"inLanguage\":\"es\",\"@id\":\"https:\\\/\\\/castelldor.com\\\/es\\\/#\\\/schema\\\/logo\\\/image\\\/\",\"url\":\"https:\\\/\\\/castelldor.com\\\/wp-content\\\/uploads\\\/2022\\\/08\\\/Castell-dor-blanc.svg\",\"contentUrl\":\"https:\\\/\\\/castelldor.com\\\/wp-content\\\/uploads\\\/2022\\\/08\\\/Castell-dor-blanc.svg\",\"width\":169,\"height\":61,\"caption\":\"Castell d'Or\"},\"image\":{\"@id\":\"https:\\\/\\\/castelldor.com\\\/es\\\/#\\\/schema\\\/logo\\\/image\\\/\"}},{\"@type\":\"Person\",\"@id\":\"https:\\\/\\\/castelldor.com\\\/es\\\/#\\\/schema\\\/person\\\/3800fc91546b8fea5812fe762dd57eab\",\"name\":\"Cristina\",\"image\":{\"@type\":\"ImageObject\",\"inLanguage\":\"es\",\"@id\":\"https:\\\/\\\/secure.gravatar.com\\\/avatar\\\/579c1860b6ddac6d2d774a241f04090d5c13b826525a5d2ed1cf72ca0cce4a17?s=96&d=mm&r=g\",\"url\":\"https:\\\/\\\/secure.gravatar.com\\\/avatar\\\/579c1860b6ddac6d2d774a241f04090d5c13b826525a5d2ed1cf72ca0cce4a17?s=96&d=mm&r=g\",\"contentUrl\":\"https:\\\/\\\/secure.gravatar.com\\\/avatar\\\/579c1860b6ddac6d2d774a241f04090d5c13b826525a5d2ed1cf72ca0cce4a17?s=96&d=mm&r=g\",\"caption\":\"Cristina\"}}]}<\/script>\n<!-- \/ Yoast SEO plugin. -->","yoast_head_json":{"title":"Castell d'Or estar\u00e1 presente en la Feria ProWein | Castell d&#039;Or","description":"Castell d'Or estar\u00e1 presente en la ProWein que tendr\u00e1 lugar entre el 19 y el 21 de marzo de 2023 a D\u00fcsselford.","robots":{"index":"index","follow":"follow","max-snippet":"max-snippet:-1","max-image-preview":"max-image-preview:large","max-video-preview":"max-video-preview:-1"},"canonical":"https:\/\/castelldor.com\/es\/castell-dor-sera-presente-en-prowein\/","og_locale":"es_ES","og_type":"article","og_title":"Castell d'Or estar\u00e1 presente en la Feria ProWein | Castell d&#039;Or","og_description":"Castell d'Or estar\u00e1 presente en la ProWein que tendr\u00e1 lugar entre el 19 y el 21 de marzo de 2023 a D\u00fcsselford.","og_url":"https:\/\/castelldor.com\/es\/castell-dor-sera-presente-en-prowein\/","og_site_name":"Castell d&#039;Or","article_published_time":"2023-02-16T08:14:25+00:00","article_modified_time":"2024-07-01T10:15:36+00:00","og_image":[{"width":1024,"height":766,"url":"https:\/\/castelldor.com\/wp-content\/uploads\/2023\/02\/IMG_20220515_165450-1024x766.jpg","type":"image\/jpeg"}],"author":"Cristina","twitter_card":"summary_large_image","twitter_misc":{"Escrito por":"Cristina","Tiempo de lectura":"3 minutos"},"schema":{"@context":"https:\/\/schema.org","@graph":[{"@type":"Article","@id":"https:\/\/castelldor.com\/es\/castell-dor-sera-presente-en-prowein\/#article","isPartOf":{"@id":"https:\/\/castelldor.com\/es\/castell-dor-sera-presente-en-prowein\/"},"author":{"name":"Cristina","@id":"https:\/\/castelldor.com\/es\/#\/schema\/person\/3800fc91546b8fea5812fe762dd57eab"},"headline":"Los cavas y vinos de Castell d\u2019Or, presentes en la Feria Internacional de ProWein 2023","datePublished":"2023-02-16T08:14:25+00:00","dateModified":"2024-07-01T10:15:36+00:00","mainEntityOfPage":{"@id":"https:\/\/castelldor.com\/es\/castell-dor-sera-presente-en-prowein\/"},"wordCount":500,"commentCount":0,"publisher":{"@id":"https:\/\/castelldor.com\/es\/#organization"},"image":{"@id":"https:\/\/castelldor.com\/es\/castell-dor-sera-presente-en-prowein\/#primaryimage"},"thumbnailUrl":"https:\/\/castelldor.com\/wp-content\/uploads\/2023\/02\/IMG_20220515_165450.jpg","articleSection":["Actualidad"],"inLanguage":"es","potentialAction":[{"@type":"CommentAction","name":"Comment","target":["https:\/\/castelldor.com\/es\/castell-dor-sera-presente-en-prowein\/#respond"]}]},{"@type":"WebPage","@id":"https:\/\/castelldor.com\/es\/castell-dor-sera-presente-en-prowein\/","url":"https:\/\/castelldor.com\/es\/castell-dor-sera-presente-en-prowein\/","name":"Castell d'Or estar\u00e1 presente en la Feria ProWein | Castell d&#039;Or","isPartOf":{"@id":"https:\/\/castelldor.com\/es\/#website"},"primaryImageOfPage":{"@id":"https:\/\/castelldor.com\/es\/castell-dor-sera-presente-en-prowein\/#primaryimage"},"image":{"@id":"https:\/\/castelldor.com\/es\/castell-dor-sera-presente-en-prowein\/#primaryimage"},"thumbnailUrl":"https:\/\/castelldor.com\/wp-content\/uploads\/2023\/02\/IMG_20220515_165450.jpg","datePublished":"2023-02-16T08:14:25+00:00","dateModified":"2024-07-01T10:15:36+00:00","description":"Castell d'Or estar\u00e1 presente en la ProWein que tendr\u00e1 lugar entre el 19 y el 21 de marzo de 2023 a D\u00fcsselford.","breadcrumb":{"@id":"https:\/\/castelldor.com\/es\/castell-dor-sera-presente-en-prowein\/#breadcrumb"},"inLanguage":"es","potentialAction":[{"@type":"ReadAction","target":["https:\/\/castelldor.com\/es\/castell-dor-sera-presente-en-prowein\/"]}]},{"@type":"ImageObject","inLanguage":"es","@id":"https:\/\/castelldor.com\/es\/castell-dor-sera-presente-en-prowein\/#primaryimage","url":"https:\/\/castelldor.com\/wp-content\/uploads\/2023\/02\/IMG_20220515_165450.jpg","contentUrl":"https:\/\/castelldor.com\/wp-content\/uploads\/2023\/02\/IMG_20220515_165450.jpg","width":2560,"height":1915},{"@type":"BreadcrumbList","@id":"https:\/\/castelldor.com\/es\/castell-dor-sera-presente-en-prowein\/#breadcrumb","itemListElement":[{"@type":"ListItem","position":1,"name":"Inici","item":"https:\/\/castelldor.com\/es\/"},{"@type":"ListItem","position":2,"name":"Los cavas y vinos de Castell d\u2019Or, presentes en la Feria Internacional de ProWein 2023"}]},{"@type":"WebSite","@id":"https:\/\/castelldor.com\/es\/#website","url":"https:\/\/castelldor.com\/es\/","name":"Castell d&#039;Or","description":"Love people, Love wine","publisher":{"@id":"https:\/\/castelldor.com\/es\/#organization"},"potentialAction":[{"@type":"SearchAction","target":{"@type":"EntryPoint","urlTemplate":"https:\/\/castelldor.com\/es\/?s={search_term_string}"},"query-input":{"@type":"PropertyValueSpecification","valueRequired":true,"valueName":"search_term_string"}}],"inLanguage":"es"},{"@type":"Organization","@id":"https:\/\/castelldor.com\/es\/#organization","name":"Castell d'Or","url":"https:\/\/castelldor.com\/es\/","logo":{"@type":"ImageObject","inLanguage":"es","@id":"https:\/\/castelldor.com\/es\/#\/schema\/logo\/image\/","url":"https:\/\/castelldor.com\/wp-content\/uploads\/2022\/08\/Castell-dor-blanc.svg","contentUrl":"https:\/\/castelldor.com\/wp-content\/uploads\/2022\/08\/Castell-dor-blanc.svg","width":169,"height":61,"caption":"Castell d'Or"},"image":{"@id":"https:\/\/castelldor.com\/es\/#\/schema\/logo\/image\/"}},{"@type":"Person","@id":"https:\/\/castelldor.com\/es\/#\/schema\/person\/3800fc91546b8fea5812fe762dd57eab","name":"Cristina","image":{"@type":"ImageObject","inLanguage":"es","@id":"https:\/\/secure.gravatar.com\/avatar\/579c1860b6ddac6d2d774a241f04090d5c13b826525a5d2ed1cf72ca0cce4a17?s=96&d=mm&r=g","url":"https:\/\/secure.gravatar.com\/avatar\/579c1860b6ddac6d2d774a241f04090d5c13b826525a5d2ed1cf72ca0cce4a17?s=96&d=mm&r=g","contentUrl":"https:\/\/secure.gravatar.com\/avatar\/579c1860b6ddac6d2d774a241f04090d5c13b826525a5d2ed1cf72ca0cce4a17?s=96&d=mm&r=g","caption":"Cristina"}}]}},"_links":{"self":[{"href":"https:\/\/castelldor.com\/es\/wp-json\/wp\/v2\/posts\/130691","targetHints":{"allow":["GET"]}}],"collection":[{"href":"https:\/\/castelldor.com\/es\/wp-json\/wp\/v2\/posts"}],"about":[{"href":"https:\/\/castelldor.com\/es\/wp-json\/wp\/v2\/types\/post"}],"author":[{"embeddable":true,"href":"https:\/\/castelldor.com\/es\/wp-json\/wp\/v2\/users\/2"}],"replies":[{"embeddable":true,"href":"https:\/\/castelldor.com\/es\/wp-json\/wp\/v2\/comments?post=130691"}],"version-history":[{"count":5,"href":"https:\/\/castelldor.com\/es\/wp-json\/wp\/v2\/posts\/130691\/revisions"}],"predecessor-version":[{"id":130735,"href":"https:\/\/castelldor.com\/es\/wp-json\/wp\/v2\/posts\/130691\/revisions\/130735"}],"wp:featuredmedia":[{"embeddable":true,"href":"https:\/\/castelldor.com\/es\/wp-json\/wp\/v2\/media\/130689"}],"wp:attachment":[{"href":"https:\/\/castelldor.com\/es\/wp-json\/wp\/v2\/media?parent=130691"}],"wp:term":[{"taxonomy":"category","embeddable":true,"href":"https:\/\/castelldor.com\/es\/wp-json\/wp\/v2\/categories?post=130691"},{"taxonomy":"post_tag","embeddable":true,"href":"https:\/\/castelldor.com\/es\/wp-json\/wp\/v2\/tags?post=130691"}],"curies":[{"name":"wp","href":"https:\/\/api.w.org\/{rel}","templated":true}]}}