{"id":130628,"date":"2023-02-06T09:58:07","date_gmt":"2023-02-06T08:58:07","guid":{"rendered":"https:\/\/castelldor.com\/la-consellera-daccio-climatica-alimentacio-i-agenda-rural-inaugura-les-installacions-de-castell-dor\/"},"modified":"2024-07-01T12:15:36","modified_gmt":"2024-07-01T10:15:36","slug":"la-consellera-daccio-climatica-alimentacio-i-agenda-rural-inaugura-les-installacions-de-castell-dor","status":"publish","type":"post","link":"https:\/\/castelldor.com\/es\/la-consellera-daccio-climatica-alimentacio-i-agenda-rural-inaugura-les-installacions-de-castell-dor\/","title":{"rendered":"La Consellera de Acci\u00f3n Clim\u00e1tica, Alimentaci\u00f3n y Agenda rural inaugura las instalaciones de Castell d&#8217;Or"},"content":{"rendered":"<p><strong>El presidente del grupo ha destacado el cambio de paradigma que supone la modernizaci\u00f3n de las instalaciones<\/strong><\/p>\n<p>Vila-rodona, 4 febrero de 2023.- La consellera de Acci\u00f3n Clim\u00e1tica, Alimentaci\u00f3n y Agenda Rural, Teresa Jord\u00e0, ha inaugurado esta ma\u00f1ana las nuevas instalaciones de Castell d&#8217;Or en Vila-rodona (Alt Camp) acompa\u00f1ada del Presidente de Castell d&#8217;Or, Adri\u00e0 Rabad\u00e0. En esta inauguraci\u00f3n tambi\u00e9n han estado presentes \u00a0el Secretario de Alimentaci\u00f3n, Carmel M\u00f2dol; Delegado de Gobierno \u00c0ngel Xifr\u00e9; la directora de los Servicios Territoriales a Tarragona, Gl\u00f2ria Tibau; la Directora de la Incavi, Alba Balcells; el alcalde de Vila-rodona, Ramon Maria Bricoll\u00e9; el alcalde de l&#8217;Arbo\u00e7, Joan Sans entre otros autoridades y representantes del mundo cooperativo y vitivin\u00edcola.<\/p>\n<p>La consellera ha destapado la placa conmemorativa de la nueva sede del grupo y posteriormente ha realizado un recorrido por las instalaciones. Despu\u00e9s de visitar los diferentes espacios y conocer los diversos procesos que se llevan a cabo a la empresa productora de cava y vino, la Consellera ha firmado el libro de honor\u00a0 y ha destacado que la contribuci\u00f3n de los cooperativistas apuntado que \u201csois esenciales, contribu\u00eds a asegurar la continuidad de la actividad agroalimentaria en el territorio y a\u00f1ad\u00eds valor e impacto social en el territorio\u201d. Jord\u00e0 ha puesto en valor \u201cel modelo de cohesi\u00f3n territorial que supone el grupo donde se pone en el centro el bienestar de las personas y su participaci\u00f3n activa en el funcionamiento de las la cooperativa, d\u00e1ndonos un marco de referencia para extrapolar a la sociedad\u201d.<\/p>\n<p>Por su parte, el Presidente del Grupo, Adri\u00e0 Rabad\u00e0 ha destacado que Castell d&#8217;Or \u201cha tenido la capacidad de reinventarse y de modernizarse justo en el momento que hac\u00edamos frente a unas dificultades sobrevenidas, con un escenario sin precedentes causado por una pandemia\u00bb.\u00a0\u00a0Rabad\u00e0 tambi\u00e9n ha destacado el hecho que \u201cCastell d&#8217;Or somos la uni\u00f3n de 20 pueblos, somos el trabajo de m\u00e1s de 2.600 familias que viven de la tierra, de la vi\u00f1a, que contin\u00faan creyendo que la viticultura es una profesi\u00f3n con pasado, presente y tambi\u00e9n futuro\u201d.<\/p>\n<p>El\u00a0 nuevo edificio de Castell d&#8217;Or\u00a0 tiene 9.500\u202fm\u00b2 y cuenta con dos plantas subterr\u00e1neas para el envejecimiento del producto. Cuenta con una capacidad para 10,5 millones de botellas y 1053 pal\u00e9s, as\u00ed como un almac\u00e9n log\u00edstico de 1.840m2. Dispone tambi\u00e9n de una \u00e1rea di\u00e1fana de oficinas y un espacio para atender visitas comerciales as\u00ed como impulsar actividades de enoturismo en el territorio. Adem\u00e1s, Castell d&#8217;Or ha puesto en marcha recientemente una\u00a0 nueva l\u00ednea de deg\u00fcelle. Esta nueva equipaci\u00f3n incluye una l\u00ednea de envasado completa de alto rendimiento, calidad y confiabilidad. La inversi\u00f3n total realizada en esta infraestructura en concreto ha sido de 2,8 millones de euros y busca poder incrementar la capacidad de producci\u00f3n del grupo de manera notable.<\/p>\n<p><strong>Castell d&#8217;Or, la uni\u00f3n de 16 bodegas<\/strong><\/p>\n<p>Castell d&#8217;Or es la herencia de las primeras cooperativas fundadas a finales del s. XIX y principios del s. XX . En la actualidad, somos un total de 16 cooperativas, que representan a m\u00e1s de 2.200 familias campesinas que trabajan con amor y respecto a la naturaleza. Desde 2005, en Castell d&#8217;Or, seleccionamos las mejores vi\u00f1as y contamos con modernas instalaciones para crear un producto exclusivo, con personalidad y de categor\u00eda Premium.<\/p>\n<p>El Cava Castell d&#8217;Or se ubica en la zona de Condados de Barcelona, una zona con paisajes diversos, principalmente caracterizados por bellos valles o depresiones entre sierras no muy elevadas. Con una larga tradici\u00f3n como regi\u00f3n vitivin\u00edcola que se remonta adem\u00e1s de 2.000 a\u00f1os, la uva del Cava Castell d&#8217;Or procede de parcelas que disfrutan de diversidad de microclimas, a consecuencia de la proximidad a la costa y la altitud de algunas vi\u00f1as &#8211; hasta 750 m sobre el nivel del mar dan lugar a un cava con personalidad \u00fanica. Adem\u00e1s la gran extensi\u00f3n de tierra que trabajan nuestros agricultores, permite una selecci\u00f3n exclusiva de los mejores racimos de cada subzona.<\/p>\n","protected":false},"excerpt":{"rendered":"<p>El presidente del grupo ha destacado el cambio de paradigma que supone la modernizaci\u00f3n de las instalaciones Vila-rodona, 4 febrero de 2023.- La consellera de Acci\u00f3n Clim\u00e1tica, Alimentaci\u00f3n y Agenda Rural, Teresa Jord\u00e0, ha inaugurado esta ma\u00f1ana las nuevas instalaciones de Castell d&#8217;Or en Vila-rodona (Alt Camp) acompa\u00f1ada del Presidente de Castell d&#8217;Or, Adri\u00e0 Rabad\u00e0.&hellip;&nbsp;<a href=\"https:\/\/castelldor.com\/es\/la-consellera-daccio-climatica-alimentacio-i-agenda-rural-inaugura-les-installacions-de-castell-dor\/\" rel=\"bookmark\">Read More &raquo;<span class=\"screen-reader-text\">La Consellera de Acci\u00f3n Clim\u00e1tica, Alimentaci\u00f3n y Agenda rural inaugura las instalaciones de Castell d&#8217;Or<\/span><\/a><\/p>\n","protected":false},"author":2,"featured_media":132531,"comment_status":"open","ping_status":"closed","sticky":false,"template":"","format":"standard","meta":{"_acf_changed":false,"inline_featured_image":false,"neve_meta_sidebar":"","neve_meta_container":"","neve_meta_enable_content_width":"off","neve_meta_content_width":70,"neve_meta_title_alignment":"","neve_meta_author_avatar":"","neve_post_elements_order":"","neve_meta_disable_header":"","neve_meta_disable_footer":"","neve_meta_disable_title":"","neve_meta_reading_time":"","footnotes":""},"categories":[44],"tags":[],"class_list":["post-130628","post","type-post","status-publish","format-standard","has-post-thumbnail","hentry","category-actualidad"],"acf":[],"_links":{"self":[{"href":"https:\/\/castelldor.com\/es\/wp-json\/wp\/v2\/posts\/130628","targetHints":{"allow":["GET"]}}],"collection":[{"href":"https:\/\/castelldor.com\/es\/wp-json\/wp\/v2\/posts"}],"about":[{"href":"https:\/\/castelldor.com\/es\/wp-json\/wp\/v2\/types\/post"}],"author":[{"embeddable":true,"href":"https:\/\/castelldor.com\/es\/wp-json\/wp\/v2\/users\/2"}],"replies":[{"embeddable":true,"href":"https:\/\/castelldor.com\/es\/wp-json\/wp\/v2\/comments?post=130628"}],"version-history":[{"count":3,"href":"https:\/\/castelldor.com\/es\/wp-json\/wp\/v2\/posts\/130628\/revisions"}],"predecessor-version":[{"id":132534,"href":"https:\/\/castelldor.com\/es\/wp-json\/wp\/v2\/posts\/130628\/revisions\/132534"}],"wp:featuredmedia":[{"embeddable":true,"href":"https:\/\/castelldor.com\/es\/wp-json\/wp\/v2\/media\/132531"}],"wp:attachment":[{"href":"https:\/\/castelldor.com\/es\/wp-json\/wp\/v2\/media?parent=130628"}],"wp:term":[{"taxonomy":"category","embeddable":true,"href":"https:\/\/castelldor.com\/es\/wp-json\/wp\/v2\/categories?post=130628"},{"taxonomy":"post_tag","embeddable":true,"href":"https:\/\/castelldor.com\/es\/wp-json\/wp\/v2\/tags?post=130628"}],"curies":[{"name":"wp","href":"https:\/\/api.w.org\/{rel}","templated":true}]}}