{"id":130587,"date":"2023-02-01T08:47:00","date_gmt":"2023-02-01T07:47:00","guid":{"rendered":"https:\/\/castelldor.com\/la-festa-de-la-calcotada-tot-un-exit-de-participacio-i-organitzacio\/"},"modified":"2024-07-01T12:15:36","modified_gmt":"2024-07-01T10:15:36","slug":"la-festa-de-la-calcotada-tot-un-exit-de-participacio-i-organitzacio","status":"publish","type":"post","link":"https:\/\/castelldor.com\/es\/la-festa-de-la-calcotada-tot-un-exit-de-participacio-i-organitzacio\/","title":{"rendered":"La Fiesta de la Cal\u00e7otada, todo un \u00e9xito de participaci\u00f3n y organizaci\u00f3n"},"content":{"rendered":"<p>Valls celebra la Gran Fiesta de la Cal\u00e7otada con mucho ambiente en las calles y plazas de la ciudad. Unas 35 .000 personas han visitado la capital de l&#8217;Alt Camp para<br \/>\ndisfrutar de la tradicional fiesta gastron\u00f3mica que a\u00f1o tras a\u00f1o atrae miles de visitantes de todo el mundo: Taiw\u00e1n, Jap\u00f3n, Pek\u00edn, Inglaterra, Francia, Andorra y de muchos lugares de Catalu\u00f1a y Espa\u00f1a. Se calcula que se han logrado los datos de p\u00fablico previos a la pandemia. En cuanto a las degustaciones, este a\u00f1o se han preparado unas 2. 3 00 que se han repartido por primero a vez al parking de la Cooperativa Agr\u00edcola. El nuevo espacio de degustaci\u00f3n popular ha tenido muy buena acogida, con mesas, brasa y parrillas, servicio y de bar y m\u00fasica vive. Adem\u00e1s, en esta zona, tambi\u00e9n se recog\u00eda este a\u00f1o la bolsa de degustaci\u00f3n con sus cal\u00e7ots, la salsa, el cava de Castell d&#8217;Or, los postres de la cal\u00e7otada y el tradicional babero de ropa adem\u00e1s de la naranja, el agua y el pan.<\/p>\n<p>El barcelon\u00e9s Adri\u00e0 Wegrzyn gan\u00f3 el <strong>Concurso de comer cal\u00e7ots<\/strong>, despu\u00e9s de comerse 221 cal\u00e7ots y un total de 3.135 gramos. La segunda posici\u00f3n fue para Ram\u00f3n Caballero, de Barcelona tambi\u00e9n, con 215 cal\u00e7ots y 2.440 gramos, y la tercera posici\u00f3n fue para Jordi Oller de Vilafranca del Pened\u00e8s que ingiri\u00f3 375 cal\u00e7ots con un total de 2.280 gramos. Los ganadores fueron obsequiados con tres premios patrocinados por Salsas Fruits y Castell d&#8217;Or, uno para cada uno de los tres primeros clasificados, junto con un lote de vinos de la DO Tarragona y un Juego del Cal\u00e7ot del IGP Cal\u00e7ot de Valls.<\/p>\n<p>El primer premio del <strong>Concurso de Cultivadors<\/strong> fue para Dani Rovira, de Torredembarra. Castells Fruits de Castellvell y Hermanos Blanch de Altafulla quedaron en segunda a y tercera posici\u00f3n respectivamente. El acc\u00e9sit a la mota con m\u00e1s cal\u00e7ots fue para <strong>Castells Fruits de Castellvell.<\/strong> La mota en cuesti\u00f3n presentaba 21 cal\u00e7ots uniformes de los cuales 19 son comerciales. En cuanto al Concurso de Salsa de la Cal\u00e7otada, la reusenca Andrea Cabrera gan\u00f3 el primer premio del concurso. Jordi Rovira y Eva Alc\u00e1zar, ambos de Valls, obtuvieron el segundo y tercer premio, respectivamente.<\/p>\n<p>Castell d&#8217;Or, patrocinador oficial por segundo a\u00f1o consecutivo,\u00a0 tambi\u00e9n ha querido <strong>valorar muy positivamente la Fiesta y la organizaci\u00f3n de este acontecimiento.<\/strong> Destaca la repercusi\u00f3n medi\u00e1tica y el gran volumen de asistencia a las actividades programadas as\u00ed como en el stand que el grupo situ\u00f3 en la Pla. La firma agradece en la C\u00e1mara de Valls, Ayuntamiento de Valls, IGP Cal\u00e7ots de Valls y Salsas Frutos su implicaci\u00f3n en el \u00e9xito de este acto.<\/p>\n","protected":false},"excerpt":{"rendered":"<p>Valls celebra la Gran Fiesta de la Cal\u00e7otada con mucho ambiente en las calles y plazas de la ciudad. Unas 35 .000 personas han visitado la capital de l&#8217;Alt Camp para disfrutar de la tradicional fiesta gastron\u00f3mica que a\u00f1o tras a\u00f1o atrae miles de visitantes de todo el mundo: Taiw\u00e1n, Jap\u00f3n, Pek\u00edn, Inglaterra, Francia, Andorra&hellip;&nbsp;<a href=\"https:\/\/castelldor.com\/es\/la-festa-de-la-calcotada-tot-un-exit-de-participacio-i-organitzacio\/\" rel=\"bookmark\">Read More &raquo;<span class=\"screen-reader-text\">La Fiesta de la Cal\u00e7otada, todo un \u00e9xito de participaci\u00f3n y organizaci\u00f3n<\/span><\/a><\/p>\n","protected":false},"author":2,"featured_media":132559,"comment_status":"open","ping_status":"closed","sticky":false,"template":"","format":"standard","meta":{"_acf_changed":false,"inline_featured_image":false,"neve_meta_sidebar":"","neve_meta_container":"","neve_meta_enable_content_width":"off","neve_meta_content_width":70,"neve_meta_title_alignment":"","neve_meta_author_avatar":"","neve_post_elements_order":"","neve_meta_disable_header":"","neve_meta_disable_footer":"","neve_meta_disable_title":"","neve_meta_reading_time":"","footnotes":""},"categories":[44],"tags":[],"class_list":["post-130587","post","type-post","status-publish","format-standard","has-post-thumbnail","hentry","category-actualidad"],"acf":[],"_links":{"self":[{"href":"https:\/\/castelldor.com\/es\/wp-json\/wp\/v2\/posts\/130587","targetHints":{"allow":["GET"]}}],"collection":[{"href":"https:\/\/castelldor.com\/es\/wp-json\/wp\/v2\/posts"}],"about":[{"href":"https:\/\/castelldor.com\/es\/wp-json\/wp\/v2\/types\/post"}],"author":[{"embeddable":true,"href":"https:\/\/castelldor.com\/es\/wp-json\/wp\/v2\/users\/2"}],"replies":[{"embeddable":true,"href":"https:\/\/castelldor.com\/es\/wp-json\/wp\/v2\/comments?post=130587"}],"version-history":[{"count":3,"href":"https:\/\/castelldor.com\/es\/wp-json\/wp\/v2\/posts\/130587\/revisions"}],"predecessor-version":[{"id":130590,"href":"https:\/\/castelldor.com\/es\/wp-json\/wp\/v2\/posts\/130587\/revisions\/130590"}],"wp:featuredmedia":[{"embeddable":true,"href":"https:\/\/castelldor.com\/es\/wp-json\/wp\/v2\/media\/132559"}],"wp:attachment":[{"href":"https:\/\/castelldor.com\/es\/wp-json\/wp\/v2\/media?parent=130587"}],"wp:term":[{"taxonomy":"category","embeddable":true,"href":"https:\/\/castelldor.com\/es\/wp-json\/wp\/v2\/categories?post=130587"},{"taxonomy":"post_tag","embeddable":true,"href":"https:\/\/castelldor.com\/es\/wp-json\/wp\/v2\/tags?post=130587"}],"curies":[{"name":"wp","href":"https:\/\/api.w.org\/{rel}","templated":true}]}}