{"id":130423,"date":"2023-01-19T11:38:31","date_gmt":"2023-01-19T10:38:31","guid":{"rendered":"https:\/\/castelldor.com\/castell-dor-presentara-diverses-novetats-a-la-barcelona-wine-week\/"},"modified":"2024-07-01T12:15:36","modified_gmt":"2024-07-01T10:15:36","slug":"castell-dor-presentara-diveras-novedades-en-la-barcelona-wine-week","status":"publish","type":"post","link":"https:\/\/castelldor.com\/es\/castell-dor-presentara-diveras-novedades-en-la-barcelona-wine-week\/","title":{"rendered":"Castell d\u2019Or, presentar\u00e1 diversas novedades en la Barcelona Wine Week"},"content":{"rendered":"<p style=\"text-align: center;\"><strong><em>El grupo incia la promoci\u00f3n de su marca i productos en ferias especializadas de todo el mundo durante 2023<\/em><\/strong><\/p>\n<p><em>\u00a0<\/em><\/p>\n<p><em>Vila-rodona, 18 gener de 2023<\/em>_ Castell d&#8217;Or volver\u00e1 a estar presente en la <strong>Barcelona Wine Week<\/strong> que tendr\u00e1 lugar del <strong>6 al 8 de febrero de 2023 al palacio 8 del recinto Montjuic de Feria de Barcelona.<\/strong> Despu\u00e9s del \u00e9xito de las dos primeras ediciones de la feria Barcelona Wine Week, el recinto acoge, por tercera vez, este acontecimiento que volver\u00e1 a congregar la mayor oferta vitivin\u00edcola de Espa\u00f1a (con m\u00e1s de 600 bodegas) para mostrarla ante operadores nacionales e internacionales.<\/p>\n<p>En particular, Castell d&#8217;Or, estar\u00e1 presente en el C236 del palacio 8 y mostrar\u00e1 sus\u00a0 propuestas. Los aspectos m\u00e1s novedosos en su imagen y marcas as\u00ed como en sus productos. El CEO de Castell d&#8217;Or, Jordi Amell, apunta que \u00ab<strong>la BWW es una plataforma mundial \u00fanica para mostrar la calidad y la personalidad de nuestros productos a profesionales y en consecuencia, a los consumidores\u201d,<\/strong> y a\u00f1ade que \u201c<strong>queremos mostrar algunas propuestas que hemos desarrollado recientemente y acercarlas a los profesionales del sector\u00bb.<\/strong><\/p>\n<p>&nbsp;<\/p>\n<p>Con la Barcelona Wine Week, Castell d&#8217;Or da el pistoletazo de salida a las acciones de promoci\u00f3n en diferentes ferias de primer nivel. En este sentido, contin\u00faa con la firme apuesta de promoci\u00f3n internacional que tiene previsto para todo este a\u00f1o: se realizar\u00e1n diferentes misiones comerciales a salones y ferias especializadas por todo el mundo para dar a conocer un producto aut\u00f3ctono a distribuidores, empresas importadoras, m\u00faltiples\u00a0 <em>retailers<\/em> u hosteler\u00eda.<\/p>\n<p><img fetchpriority=\"high\" decoding=\"async\" class=\"alignnone wp-image-130425 size-full\" src=\"https:\/\/castelldor.com\/wp-content\/uploads\/2023\/01\/castelldor-bww_CAST-scaled.jpg\" alt=\"\" width=\"2560\" height=\"1228\" srcset=\"https:\/\/castelldor.com\/wp-content\/uploads\/2023\/01\/castelldor-bww_CAST-scaled.jpg 2560w, https:\/\/castelldor.com\/wp-content\/uploads\/2023\/01\/castelldor-bww_CAST-300x144.jpg 300w, https:\/\/castelldor.com\/wp-content\/uploads\/2023\/01\/castelldor-bww_CAST-1024x491.jpg 1024w, https:\/\/castelldor.com\/wp-content\/uploads\/2023\/01\/castelldor-bww_CAST-768x368.jpg 768w, https:\/\/castelldor.com\/wp-content\/uploads\/2023\/01\/castelldor-bww_CAST-1536x737.jpg 1536w, https:\/\/castelldor.com\/wp-content\/uploads\/2023\/01\/castelldor-bww_CAST-2048x982.jpg 2048w, https:\/\/castelldor.com\/wp-content\/uploads\/2023\/01\/castelldor-bww_CAST-600x288.jpg 600w\" sizes=\"(max-width: 2560px) 100vw, 2560px\" \/><\/p>\n<p>&nbsp;<\/p>\n<p>La <strong>Barcelona\u00a0Wine\u00a0Week<\/strong> fomentar\u00e1 oportunidades, apertura de nuevos mercados y networking entre profesionales. El programa acoger\u00e1 conferencias y mesas redondas sobre tendencias y retos como la<strong> sostenibilidad, la innovaci\u00f3n o la digitalizaci\u00f3n<\/strong>. Se analizar\u00e1n temas como la gesti\u00f3n de suelos de vi\u00f1edo ante el <strong>cambio clim\u00e1tico<\/strong>, los beneficios del <strong>ecodise\u00f1o<\/strong>, nuevas v\u00edas de <strong>reutilizaci\u00f3n de botellas<\/strong>, la <strong>transformaci\u00f3n digital de la viticultura<\/strong>, la protecci\u00f3n de las vi\u00f1as viejas del pa\u00eds o c\u00f3mo comunicar mejor el vino espa\u00f1ol.<\/p>\n<p>En esta pr\u00f3xima edici\u00f3n, BWW tambi\u00e9n har\u00e1 una apuesta decidida por fortalecer las sinergias del vino con la <strong>alta gastronom\u00eda<\/strong>, gran embajadora de la industria alimentaria espa\u00f1ola en el exterior.<\/p>\n<p><strong>Castell d&#8217;Or, la uni\u00f3n de 16 cooperativas<\/strong><\/p>\n<p>Castell d\u2019Or es la herencia de las primeras cooperativas fundadas a finales del s. XIX y principios del s. XX . En la actualidad, somos un total de 16 cooperativas, que representan adem\u00e1s de 2.200 familias de agricultores que trabajan con amor y respecto la naturaleza. Desde 2006, en Castell d\u2019Or, seleccionamos las mejores vi\u00f1as y contamos con modernas instalaciones para crear un producto exclusivo, con personalidad y de categor\u00eda Premium.<\/p>\n","protected":false},"excerpt":{"rendered":"<p>El grupo incia la promoci\u00f3n de su marca i productos en ferias especializadas de todo el mundo durante 2023 \u00a0 Vila-rodona, 18 gener de 2023_ Castell d&#8217;Or volver\u00e1 a estar presente en la Barcelona Wine Week que tendr\u00e1 lugar del 6 al 8 de febrero de 2023 al palacio 8 del recinto Montjuic de Feria&hellip;&nbsp;<a href=\"https:\/\/castelldor.com\/es\/castell-dor-presentara-diveras-novedades-en-la-barcelona-wine-week\/\" rel=\"bookmark\">Read More &raquo;<span class=\"screen-reader-text\">Castell d\u2019Or, presentar\u00e1 diversas novedades en la Barcelona Wine Week<\/span><\/a><\/p>\n","protected":false},"author":2,"featured_media":130416,"comment_status":"open","ping_status":"closed","sticky":false,"template":"","format":"standard","meta":{"_acf_changed":false,"inline_featured_image":false,"neve_meta_sidebar":"","neve_meta_container":"","neve_meta_enable_content_width":"off","neve_meta_content_width":70,"neve_meta_title_alignment":"","neve_meta_author_avatar":"","neve_post_elements_order":"","neve_meta_disable_header":"","neve_meta_disable_footer":"","neve_meta_disable_title":"","neve_meta_reading_time":"","footnotes":""},"categories":[44],"tags":[],"class_list":["post-130423","post","type-post","status-publish","format-standard","has-post-thumbnail","hentry","category-actualidad"],"acf":[],"_links":{"self":[{"href":"https:\/\/castelldor.com\/es\/wp-json\/wp\/v2\/posts\/130423","targetHints":{"allow":["GET"]}}],"collection":[{"href":"https:\/\/castelldor.com\/es\/wp-json\/wp\/v2\/posts"}],"about":[{"href":"https:\/\/castelldor.com\/es\/wp-json\/wp\/v2\/types\/post"}],"author":[{"embeddable":true,"href":"https:\/\/castelldor.com\/es\/wp-json\/wp\/v2\/users\/2"}],"replies":[{"embeddable":true,"href":"https:\/\/castelldor.com\/es\/wp-json\/wp\/v2\/comments?post=130423"}],"version-history":[{"count":9,"href":"https:\/\/castelldor.com\/es\/wp-json\/wp\/v2\/posts\/130423\/revisions"}],"predecessor-version":[{"id":130460,"href":"https:\/\/castelldor.com\/es\/wp-json\/wp\/v2\/posts\/130423\/revisions\/130460"}],"wp:featuredmedia":[{"embeddable":true,"href":"https:\/\/castelldor.com\/es\/wp-json\/wp\/v2\/media\/130416"}],"wp:attachment":[{"href":"https:\/\/castelldor.com\/es\/wp-json\/wp\/v2\/media?parent=130423"}],"wp:term":[{"taxonomy":"category","embeddable":true,"href":"https:\/\/castelldor.com\/es\/wp-json\/wp\/v2\/categories?post=130423"},{"taxonomy":"post_tag","embeddable":true,"href":"https:\/\/castelldor.com\/es\/wp-json\/wp\/v2\/tags?post=130423"}],"curies":[{"name":"wp","href":"https:\/\/api.w.org\/{rel}","templated":true}]}}