{"id":130172,"date":"2023-01-10T10:42:13","date_gmt":"2023-01-10T09:42:13","guid":{"rendered":"https:\/\/castelldor.com\/castell-dor-patrocinador-oficial-a-la-gran-festa-de-la-calcotada-de-valls\/"},"modified":"2024-07-01T12:15:36","modified_gmt":"2024-07-01T10:15:36","slug":"castell-dor-patrocinador-oficial-en-la-gran-fiesta-de-la-calcotada-de-valls","status":"publish","type":"post","link":"https:\/\/castelldor.com\/es\/castell-dor-patrocinador-oficial-en-la-gran-fiesta-de-la-calcotada-de-valls\/","title":{"rendered":"Castell d\u2019Or patrocinador oficial en la Gran Fiesta de la Cal\u00e7otada de Valls"},"content":{"rendered":"<p><strong><em>El pack de degustaci\u00f3 per a tots els interessats inclour\u00e0 una ampolla de cava de 37,5 ml juntament amb la salsa de Salses Fruits i 12 cal\u00e7ots<\/em><\/strong><\/p>\n<p><em>\u00a0<\/em><em>Vila-rodona, 12 de gener de 2023<\/em>_Castell d&#8217;Or estar\u00e1 presente como patrocinadores y colaboradores a la 41.\u00aa edici\u00f3n de la <strong>Gran Fiesta de la Cal\u00e7otada<\/strong> que se celebrar\u00e1 domingo 29 de enero del 2023 en Valls. Este es el segundo a\u00f1o que el Grupo participa en este acontecimiento clave para la promoci\u00f3n del territorio, su gastronom\u00eda y cultura. Entre las novedades, qui\u00e9n lo desee podr\u00e1 disfrutar de una degustaci\u00f3n individual que consistir\u00e1 en 12 cal\u00e7ots, una tarrina con salsa de la marca Salses Fruits, una botella de 37,5 ml de cava Castell d&#8217;Or, pan, babero de ropa, naranja y una botella de agua. El precio ser\u00e1 de 12 euros.<\/p>\n<div class=\"traductor-checkbox form-group\">\n<div class=\"row\">\n<div class=\"col-sm-offset-2 col-sm-5\"><\/div>\n<\/div>\n<\/div>\n<p><img fetchpriority=\"high\" decoding=\"async\" class=\"wp-image-130472 size-large aligncenter\" src=\"https:\/\/castelldor.com\/wp-content\/uploads\/2023\/01\/WhatsApp-Image-2023-01-23-at-12.17.27-1-1024x496.jpeg\" alt=\"\" width=\"1024\" height=\"496\" srcset=\"https:\/\/castelldor.com\/wp-content\/uploads\/2023\/01\/WhatsApp-Image-2023-01-23-at-12.17.27-1-1024x496.jpeg 1024w, https:\/\/castelldor.com\/wp-content\/uploads\/2023\/01\/WhatsApp-Image-2023-01-23-at-12.17.27-1-300x145.jpeg 300w, https:\/\/castelldor.com\/wp-content\/uploads\/2023\/01\/WhatsApp-Image-2023-01-23-at-12.17.27-1-768x372.jpeg 768w, https:\/\/castelldor.com\/wp-content\/uploads\/2023\/01\/WhatsApp-Image-2023-01-23-at-12.17.27-1-1536x743.jpeg 1536w, https:\/\/castelldor.com\/wp-content\/uploads\/2023\/01\/WhatsApp-Image-2023-01-23-at-12.17.27-1-600x290.jpeg 600w, https:\/\/castelldor.com\/wp-content\/uploads\/2023\/01\/WhatsApp-Image-2023-01-23-at-12.17.27-1.jpeg 2000w\" sizes=\"(max-width: 1024px) 100vw, 1024px\" \/><\/p>\n<p>En esta edici\u00f3n, los interesados podr\u00e1n participar a la cal\u00e7otada popular que se organiza en el NUEVO ESPACIO DE DEGUSTACI\u00d3N situado en el aparcamiento de la Sociedad Agr\u00edcola de Valls. En este espacio es donde se podr\u00e1n recoger los packs de degustaci\u00f3n individual. Habr\u00e1 parrillas preparadas para las personas que quieran cocer carne, longaniza de Valls, morcilla y toda variedad de carnes. Tambi\u00e9n se podr\u00e1 disfrutar de servicio de bar, m\u00fasica o actuaciones musicales<\/p>\n<p>Desde Castell d&#8217;Or resaltan que <strong>\u201cel cava es un magn\u00edfico compa\u00f1ero por una cal\u00e7otada por varios motivos.\u00a0 El gusto ligeramente dulce de los cal\u00e7ots con la refrescante sensaci\u00f3n de un cava de calidad como nuestro Castell d&#8217;Or Brut, afrutado, suave y sedoso maridan a la perfecci\u00f3n\u201d,<\/strong> y han a\u00f1adido que \u201c<strong>el fino carb\u00f3nico que encontraremos en este cava\u00a0 permite refrescar la boca y limpiar amablemente el sabor de la salsa. Puede acompa\u00f1ar toda la cal\u00e7otada, la carne e incluso los postres\u201d.<\/strong><\/p>\n<div class=\"traductor-textarea form-group\">\n<div class=\"textarea-desti col-xs-12 col-sm-6\">\n<div class=\"form-control second-textarea\" style=\"text-align: left;\">La colaboraci\u00f3n de los patrocinadores SALSES FRUIT y CASTELL D&#8217;OR en la Gran Fiesta de la Cal\u00e7otada de Valls incluye todos los elementos de comunicaci\u00f3n y publicidad de la fiesta y la promoci\u00f3n exterior. Adem\u00e1s, el Ayuntamiento de Valls y C\u00e1mara de Valls est\u00e1n trabajando en la marca \u201cCal\u00e7otada Sostenible\u201d, con el objetivo de que los elementos de la cal\u00e7otada sean m\u00e1s reutilizable y con menos residuos. El patrocinio tambi\u00e9n se ha hecho cargo del cambio hacia bolsas de papel reciclado que contienen las degustaciones de cal\u00e7ots y salsa Cal\u00e7otada Valls.<\/div>\n<\/div>\n<\/div>\n<div class=\"traductor-checkbox form-group\" style=\"text-align: left;\">\n<div class=\"row\">\n<div><\/div>\n<div class=\"col-sm-offset-2 col-sm-5\">Salsas Fruits hace cuatro a\u00f1os que patrocina esta Fiesta y para Castell d&#8217;Or es su segundo a\u00f1o. De este modo, ambas empresas del territorio tendr\u00e1n presencia destacada como patrocinadores oficiales en las campa\u00f1as de promoci\u00f3n de la Cal\u00e7otada, apoyando a la manifestaci\u00f3n gastron\u00f3mica m\u00e1s importante y popular de Catalu\u00f1a.<\/div>\n<div><\/div>\n<div>Castell d&#8217;Or es la herencia de las primeras cooperativas fundadas a finales del s. XIX y principios del s. XX . En la actualidad, somos un total de 16 cooperativas, que representan adem\u00e1s de 2.200 familias de agricultores que trabajan con amor y respecto la naturaleza. Desde 2006, en Castell d&#8217;Or, seleccionamos las mejores vi\u00f1as y contamos con modernas instalaciones para crear un producto exclusivo, con personalidad y de categor\u00eda Premium.<\/div>\n<\/div>\n<\/div>\n","protected":false},"excerpt":{"rendered":"<p>El pack de degustaci\u00f3 per a tots els interessats inclour\u00e0 una ampolla de cava de 37,5 ml juntament amb la salsa de Salses Fruits i 12 cal\u00e7ots \u00a0Vila-rodona, 12 de gener de 2023_Castell d&#8217;Or estar\u00e1 presente como patrocinadores y colaboradores a la 41.\u00aa edici\u00f3n de la Gran Fiesta de la Cal\u00e7otada que se celebrar\u00e1 domingo&hellip;&nbsp;<a href=\"https:\/\/castelldor.com\/es\/castell-dor-patrocinador-oficial-en-la-gran-fiesta-de-la-calcotada-de-valls\/\" rel=\"bookmark\">Read More &raquo;<span class=\"screen-reader-text\">Castell d\u2019Or patrocinador oficial en la Gran Fiesta de la Cal\u00e7otada de Valls<\/span><\/a><\/p>\n","protected":false},"author":2,"featured_media":130173,"comment_status":"open","ping_status":"closed","sticky":false,"template":"","format":"standard","meta":{"_acf_changed":false,"inline_featured_image":false,"neve_meta_sidebar":"","neve_meta_container":"","neve_meta_enable_content_width":"off","neve_meta_content_width":70,"neve_meta_title_alignment":"","neve_meta_author_avatar":"","neve_post_elements_order":"","neve_meta_disable_header":"","neve_meta_disable_footer":"","neve_meta_disable_title":"","neve_meta_reading_time":"","footnotes":""},"categories":[44],"tags":[],"class_list":["post-130172","post","type-post","status-publish","format-standard","has-post-thumbnail","hentry","category-actualidad"],"acf":[],"_links":{"self":[{"href":"https:\/\/castelldor.com\/es\/wp-json\/wp\/v2\/posts\/130172","targetHints":{"allow":["GET"]}}],"collection":[{"href":"https:\/\/castelldor.com\/es\/wp-json\/wp\/v2\/posts"}],"about":[{"href":"https:\/\/castelldor.com\/es\/wp-json\/wp\/v2\/types\/post"}],"author":[{"embeddable":true,"href":"https:\/\/castelldor.com\/es\/wp-json\/wp\/v2\/users\/2"}],"replies":[{"embeddable":true,"href":"https:\/\/castelldor.com\/es\/wp-json\/wp\/v2\/comments?post=130172"}],"version-history":[{"count":6,"href":"https:\/\/castelldor.com\/es\/wp-json\/wp\/v2\/posts\/130172\/revisions"}],"predecessor-version":[{"id":130474,"href":"https:\/\/castelldor.com\/es\/wp-json\/wp\/v2\/posts\/130172\/revisions\/130474"}],"wp:featuredmedia":[{"embeddable":true,"href":"https:\/\/castelldor.com\/es\/wp-json\/wp\/v2\/media\/130173"}],"wp:attachment":[{"href":"https:\/\/castelldor.com\/es\/wp-json\/wp\/v2\/media?parent=130172"}],"wp:term":[{"taxonomy":"category","embeddable":true,"href":"https:\/\/castelldor.com\/es\/wp-json\/wp\/v2\/categories?post=130172"},{"taxonomy":"post_tag","embeddable":true,"href":"https:\/\/castelldor.com\/es\/wp-json\/wp\/v2\/tags?post=130172"}],"curies":[{"name":"wp","href":"https:\/\/api.w.org\/{rel}","templated":true}]}}