{"id":129635,"date":"2022-11-10T10:24:01","date_gmt":"2022-11-10T09:24:01","guid":{"rendered":"https:\/\/castelldor.com\/?p=129635"},"modified":"2024-07-01T12:15:37","modified_gmt":"2024-07-01T10:15:37","slug":"castell-dor-patrocinador-oficial-de-la-gran-fiesta-de-la-calcotada-de-valls","status":"publish","type":"post","link":"https:\/\/castelldor.com\/es\/castell-dor-patrocinador-oficial-de-la-gran-fiesta-de-la-calcotada-de-valls\/","title":{"rendered":"Castell d&#8217;Or, patrocinador oficial de la Gran Fiesta de la Cal\u00e7otada de Valls"},"content":{"rendered":"<h3>Castell d&#8217;Or apoya a la 41.\u00aa edici\u00f3n de la Gran Fiesta que se celebrar\u00e1 domingo 29 de enero del 2023<\/h3>\n<p>La\u00a0C\u00e1mara de Comercio e industria de Valls dio el pistoletazo de salida en la campa\u00f1a de promoci\u00f3n de la <strong>Gran Fiesta de la\u00a0Cal\u00e7otada\u00a02023<\/strong> y a la temporada de\u00a0cal\u00e7otades,\u00a0junto con\u00a0el Ayuntamiento de Valls, los dos\u00a0patrocinadores de la Fiesta, la\u00a0IGP\u00a0Cal\u00e7ot\u00a0de Valls\u00a0y la\u00a0Cooperativa Agr\u00edcola de Valls. El acto ha servido para presentar la nueva imagen gr\u00e1fica de la Gran Fiesta de la\u00a0Cal\u00e7otada\u00a02023 y para reafirmar la confianza de sus patrocinadores oficiales:\u00a0Salsas\u00a0Fuits\u00a0y <strong>Castell d&#8217;Or<\/strong>. De este modo, ambas empresas del territorio tendr\u00e1n presencia destacada como sponsors oficiales en las campa\u00f1as de promoci\u00f3n de la Cal\u00e7otada, apoyando a la manifestaci\u00f3n gastron\u00f3mica m\u00e1s importante y popular de Catalu\u00f1a.<\/p>\n<p>El acto tambi\u00e9n ha servido para presentar algunos cambios y novedades de la <strong>Fiesta de la\u00a0Cal\u00e7otada<\/strong>, que se celebrar\u00e1\u00a0domingo 29 de enero del 2023. Los tickets para la degustaci\u00f3n popular se vender\u00e1n, como cada a\u00f1o, en el Ayuntamiento de Valls, en la plaza del Patio al\u00a0Instiut\u00a0de Estudios\u00a0Vallencs\u00a0y a las cabinas de la ONCE (situadas bajo la plaza de los Cuarteles y la Font de la Mancha). Como novedad,\u00a0las degustaciones se tendr\u00e1n que recoger a la Cooperativa Agr\u00edcola de Valls. De este modo se prev\u00e9 descongestionar el centro de la ciudad y crear rotaci\u00f3n de visitantes. El espacio se habilitar\u00e1 con parrillas por cobre los\u00a0cal\u00e7ots\u00a0y la carne, con mesas para degustar la aut\u00e9ntica\u00a0cal\u00e7otada, y con m\u00fasica de ambiente.<\/p>\n<p>Por otro lado, C\u00e1mara y Ayuntamiento de Valls, organizadores de la Fiesta, est\u00e1n trabajando en la marca\u00a0<strong>Cal\u00e7otada\u00a0Sostenible<\/strong>, un proyecto que qued\u00f3 paralizado con la\u00a0Covid-19\u00a0y que de cara a la edici\u00f3n de este a\u00f1o quiere potenciarse y ponerse en pr\u00e1ctica por unas\u00a0cal\u00e7otades\u00a0m\u00e1s reutilizables y con menos residuos. Finalmente, tambi\u00e9n se est\u00e1 trabajando en el distintivo \u201csello de\u00a0calidad\u00a0cal\u00e7otada\u00a0de Valls\u201d\u00a0que la C\u00e1mara de Comercio de Valls quiere impulsar con la\u00a0IGP\u00a0Cal\u00e7ot\u00a0de Valls. Como novedad tambi\u00e9n se crear\u00e1 la experiencia gastron\u00f3mica con la DO Tarragona\u00a0\u201cMaridaje de\u00a0cal\u00e7otades\u201d\u00a0con vinos y cavas del territorio.<\/p>\n<p>El acto se ha realizado en la sala Alt Camp de la C\u00e1mara y ha contado con el presidente de la C\u00e1mara de Comercio de Valls,\u00a0Josep M. Rovira, el secretario y gerente del ente,\u00a0Rafel Castells\u00a0i\u00a0Carles Sol\u00e9, respectivamente; la alcaldesa de Valls,\u00a0Dolors Farr\u00e9; los dos patrocinadores de la fiesta, el presidente de Castell de Oro,\u00a0Adri\u00e0\u00a0Rabad\u00e0, y el gerente de Salsas Frutos,\u00a0Francesc Sans;\u00a0el presidente de la\u00a0IGP\u00a0Cal\u00e7ot\u00a0de Valls,\u00a0Dalmaci\u00a0Clofent;\u00a0y el presidente y gerente de la Cooperativa Agr\u00edcola de Valls,\u00a0Joan Llorach\u00a0i\u00a0Joan Linares, respectivamente.<\/p>\n","protected":false},"excerpt":{"rendered":"<p>Castell d&#8217;Or apoya a la 41.\u00aa edici\u00f3n de la Gran Fiesta que se celebrar\u00e1 domingo 29 de enero del 2023 La\u00a0C\u00e1mara de Comercio e industria de Valls dio el pistoletazo de salida en la campa\u00f1a de promoci\u00f3n de la Gran Fiesta de la\u00a0Cal\u00e7otada\u00a02023 y a la temporada de\u00a0cal\u00e7otades,\u00a0junto con\u00a0el Ayuntamiento de Valls, los dos\u00a0patrocinadores de&hellip;&nbsp;<a href=\"https:\/\/castelldor.com\/es\/castell-dor-patrocinador-oficial-de-la-gran-fiesta-de-la-calcotada-de-valls\/\" rel=\"bookmark\">Read More &raquo;<span class=\"screen-reader-text\">Castell d&#8217;Or, patrocinador oficial de la Gran Fiesta de la Cal\u00e7otada de Valls<\/span><\/a><\/p>\n","protected":false},"author":2,"featured_media":129639,"comment_status":"open","ping_status":"closed","sticky":false,"template":"","format":"standard","meta":{"_acf_changed":false,"inline_featured_image":false,"neve_meta_sidebar":"","neve_meta_container":"","neve_meta_enable_content_width":"off","neve_meta_content_width":100,"neve_meta_title_alignment":"","neve_meta_author_avatar":"","neve_post_elements_order":"","neve_meta_disable_header":"","neve_meta_disable_footer":"","neve_meta_disable_title":"","neve_meta_reading_time":"","footnotes":""},"categories":[44],"tags":[],"class_list":["post-129635","post","type-post","status-publish","format-standard","has-post-thumbnail","hentry","category-actualidad"],"acf":[],"_links":{"self":[{"href":"https:\/\/castelldor.com\/es\/wp-json\/wp\/v2\/posts\/129635","targetHints":{"allow":["GET"]}}],"collection":[{"href":"https:\/\/castelldor.com\/es\/wp-json\/wp\/v2\/posts"}],"about":[{"href":"https:\/\/castelldor.com\/es\/wp-json\/wp\/v2\/types\/post"}],"author":[{"embeddable":true,"href":"https:\/\/castelldor.com\/es\/wp-json\/wp\/v2\/users\/2"}],"replies":[{"embeddable":true,"href":"https:\/\/castelldor.com\/es\/wp-json\/wp\/v2\/comments?post=129635"}],"version-history":[{"count":3,"href":"https:\/\/castelldor.com\/es\/wp-json\/wp\/v2\/posts\/129635\/revisions"}],"predecessor-version":[{"id":129642,"href":"https:\/\/castelldor.com\/es\/wp-json\/wp\/v2\/posts\/129635\/revisions\/129642"}],"wp:featuredmedia":[{"embeddable":true,"href":"https:\/\/castelldor.com\/es\/wp-json\/wp\/v2\/media\/129639"}],"wp:attachment":[{"href":"https:\/\/castelldor.com\/es\/wp-json\/wp\/v2\/media?parent=129635"}],"wp:term":[{"taxonomy":"category","embeddable":true,"href":"https:\/\/castelldor.com\/es\/wp-json\/wp\/v2\/categories?post=129635"},{"taxonomy":"post_tag","embeddable":true,"href":"https:\/\/castelldor.com\/es\/wp-json\/wp\/v2\/tags?post=129635"}],"curies":[{"name":"wp","href":"https:\/\/api.w.org\/{rel}","templated":true}]}}