{"id":141852,"date":"2026-02-03T11:11:26","date_gmt":"2026-02-03T10:11:26","guid":{"rendered":"https:\/\/castelldor.com\/castell-dor-arrenca-amb-exit-la-seva-participacio-a-la-barcelona-wine-week-2026\/"},"modified":"2026-02-05T11:17:22","modified_gmt":"2026-02-05T10:17:22","slug":"castell-dor-arrenca-amb-exit-la-seva-participacio-a-la-barcelona-wine-week-2026","status":"publish","type":"post","link":"https:\/\/castelldor.com\/en\/castell-dor-arrenca-amb-exit-la-seva-participacio-a-la-barcelona-wine-week-2026\/","title":{"rendered":"Castell d\u2019Or successfully concludes its participation in the BCNA Wine Week 2026"},"content":{"rendered":"<p data-start=\"871\" data-end=\"1024\">The new stand concept has symbolised a key moment for Castell d\u2019Or, consolidating its presence in one of the most prominent areas of Barcelona Wine Week.<\/p>\n<p data-start=\"1026\" data-end=\"1604\">With the fair now concluded, Castell d\u2019Or\u2019s participation in BWW comes to a close with a very positive overall assessment. Over the three days, the fair proved to be the ideal setting to reconnect with clients and industry friends, meet new professionals, establish new contacts and share meaningful conversations in an outstanding atmosphere, marked by good vibes, a sense of connection and enthusiasm for the world of wine and cava. This experience has reinforced the step forward taken by the group at this edition of BWW, positioning itself in this space for the first time.<\/p>\n<p data-start=\"815\" data-end=\"1241\">Castell d\u2019Or is once again present at Barcelona Wine Week, held from February 2 to 4, 2026, at the Montju\u00efc venue of Fira de Barcelona, with a larger, more modern, and fully customized stand located at <strong data-start=\"1017\" data-end=\"1057\">Hall 8, Level 0, Street D, Stand 188<\/strong>. This tailor-made space allows the group to showcase its project in a comprehensive way, highlight its visual identity, and emphasize the quality and diversity of its wines and cavas.<\/p>\n<p><iframe title=\"YouTube video player\" src=\"https:\/\/www.youtube.com\/embed\/Tfouble0sxU?si=ualhb0iWhWeFNDpZ\" width=\"560\" height=\"315\" frameborder=\"0\" allowfullscreen=\"allowfullscreen\"><\/iframe><\/p>\n<p data-start=\"1243\" data-end=\"1883\">The new stand concept represents a key moment for Castell d\u2019Or, strengthening its presence in one of the most outstanding areas of the fair and reinforcing its visibility both in national and international markets. Throughout the three days of the exhibition, Castell d\u2019Or\u2019s commercial team will welcome industry professionals to present the latest vintages ready for launch, as well as its extensive range of wines and cavas produced under different appellations of origin. Participation in BWW once again becomes a strategic opportunity to generate new business opportunities and consolidate relationships with distributors and importers.<\/p>\n<p data-start=\"1885\" data-end=\"2171\">During the first day of the fair, the group also offered a cocktail experience curated by <strong data-start=\"1975\" data-end=\"1998\">Bar Costa Barcelona<\/strong>, featuring a <strong data-start=\"2012\" data-end=\"2066\">strawberry mojito made with Castell d\u2019Or Ros\u00e9 Cava<\/strong>, accompanied by a live DJ set by <strong data-start=\"2100\" data-end=\"2110\">DJ Lia<\/strong>, which helped create a relaxed and sophisticated atmosphere.<\/p>\n<h3 data-start=\"2173\" data-end=\"2218\">NEW RELEASES AND STRATEGIC FOCUS FOR 2026<\/h3>\n<p data-start=\"2220\" data-end=\"2571\">Within the framework of the fair, Castell d\u2019Or unveiled several new products that reinforce its commitment to quality, sustainability, and strong ties to the territory. Among these innovations stands out a <strong data-start=\"2426\" data-end=\"2479\">single-varietal cava aged for more than 24 months<\/strong>, a distinctive and singular proposal designed to captivate visitors at Barcelona Wine Week.<\/p>\n<p data-start=\"2573\" data-end=\"3104\">This release is complemented by other notable offerings, such as the <strong data-start=\"2642\" data-end=\"2674\">DO Conca de Barber\u00e0 Red Wine<\/strong>, made from the indigenous <strong data-start=\"2701\" data-end=\"2711\">Trepat<\/strong> grape variety and aged for more than four months in oak barrels, giving it a marked personality and distinctive character. Additionally, in line with current market trends and with a clear commitment to low-alcohol and dealcoholized products, the group is expanding its range with <strong data-start=\"2993\" data-end=\"3018\">Sparkling Cabaret 0.0<\/strong>, a proposal that preserves the freshness, balance, and quality that define the brand.<\/p>\n<h3 data-start=\"3106\" data-end=\"3138\">INTERNATIONAL PROMOTION PLAN<\/h3>\n<p data-start=\"3140\" data-end=\"3599\">Participation in Barcelona Wine Week also marks the beginning of an ambitious international promotion plan for 2026, which includes trade missions and attendance at specialized fairs and exhibitions worldwide. In this context, Castell d\u2019Or will be present at <strong data-start=\"3399\" data-end=\"3413\">Wine Paris<\/strong> and <strong data-start=\"3418\" data-end=\"3440\">Prowein D\u00fcsseldorf<\/strong> next March, with the aim of continuing to introduce its wines and cavas to distributors, importers, retail chains, and professionals in the <strong data-start=\"3581\" data-end=\"3591\">Horeca<\/strong> sector.<\/p>\n","protected":false},"excerpt":{"rendered":"<p>The new stand concept has symbolised a key moment for Castell d\u2019Or, consolidating its presence in one of the most prominent areas of Barcelona Wine Week. With the fair now concluded, Castell d\u2019Or\u2019s participation in BWW comes to a close with a very positive overall assessment. Over the three days, the fair proved to be&hellip;&nbsp;<a href=\"https:\/\/castelldor.com\/en\/castell-dor-arrenca-amb-exit-la-seva-participacio-a-la-barcelona-wine-week-2026\/\" rel=\"bookmark\">Read More &raquo;<span class=\"screen-reader-text\">Castell d\u2019Or successfully concludes its participation in the BCNA Wine Week 2026<\/span><\/a><\/p>\n","protected":false},"author":2,"featured_media":141854,"comment_status":"closed","ping_status":"closed","sticky":false,"template":"","format":"standard","meta":{"_acf_changed":false,"inline_featured_image":false,"neve_meta_sidebar":"","neve_meta_container":"","neve_meta_enable_content_width":"off","neve_meta_content_width":70,"neve_meta_title_alignment":"","neve_meta_author_avatar":"","neve_post_elements_order":"","neve_meta_disable_header":"","neve_meta_disable_footer":"","neve_meta_disable_title":"","neve_meta_reading_time":"","footnotes":""},"categories":[45],"tags":[],"class_list":["post-141852","post","type-post","status-publish","format-standard","has-post-thumbnail","hentry","category-news"],"acf":[],"yoast_head":"<!-- This site is optimized with the Yoast SEO plugin v27.4 - https:\/\/yoast.com\/product\/yoast-seo-wordpress\/ -->\n<title>Castell d\u2019Or arrenca amb \u00e8xit a la Barcelona Wine Week 2026| Castell d&#039;Or<\/title>\n<meta name=\"description\" content=\"Castell d\u2019Or arrenca amb \u00e8xit la seva participaci\u00f3 a la Barcelona Wine Week 2026 amb un nou stand a l&#039;\u00e0rea de Brands.\" \/>\n<meta name=\"robots\" content=\"index, follow, max-snippet:-1, max-image-preview:large, max-video-preview:-1\" \/>\n<link rel=\"canonical\" href=\"https:\/\/castelldor.com\/en\/castell-dor-arrenca-amb-exit-la-seva-participacio-a-la-barcelona-wine-week-2026\/\" \/>\n<meta property=\"og:locale\" content=\"en_US\" \/>\n<meta property=\"og:type\" content=\"article\" \/>\n<meta property=\"og:title\" content=\"Castell d\u2019Or arrenca amb \u00e8xit a la Barcelona Wine Week 2026| Castell d&#039;Or\" \/>\n<meta property=\"og:description\" content=\"Castell d\u2019Or arrenca amb \u00e8xit la seva participaci\u00f3 a la Barcelona Wine Week 2026 amb un nou stand a l&#039;\u00e0rea de Brands.\" \/>\n<meta property=\"og:url\" content=\"https:\/\/castelldor.com\/en\/castell-dor-arrenca-amb-exit-la-seva-participacio-a-la-barcelona-wine-week-2026\/\" \/>\n<meta property=\"og:site_name\" content=\"Castell d&#039;Or\" \/>\n<meta property=\"article:published_time\" content=\"2026-02-03T10:11:26+00:00\" \/>\n<meta property=\"article:modified_time\" content=\"2026-02-05T10:17:22+00:00\" \/>\n<meta property=\"og:image\" content=\"https:\/\/castelldor.com\/wp-content\/uploads\/2026\/02\/bww-castelldor-16-of-16b.jpg\" \/>\n\t<meta property=\"og:image:width\" content=\"2000\" \/>\n\t<meta property=\"og:image:height\" content=\"1363\" \/>\n\t<meta property=\"og:image:type\" content=\"image\/jpeg\" \/>\n<meta name=\"author\" content=\"Cristina\" \/>\n<meta name=\"twitter:card\" content=\"summary_large_image\" \/>\n<meta name=\"twitter:label1\" content=\"Written by\" \/>\n\t<meta name=\"twitter:data1\" content=\"Cristina\" \/>\n\t<meta name=\"twitter:label2\" content=\"Est. reading time\" \/>\n\t<meta name=\"twitter:data2\" content=\"4 minutes\" \/>\n<script type=\"application\/ld+json\" class=\"yoast-schema-graph\">{\"@context\":\"https:\\\/\\\/schema.org\",\"@graph\":[{\"@type\":\"Article\",\"@id\":\"https:\\\/\\\/castelldor.com\\\/en\\\/castell-dor-arrenca-amb-exit-la-seva-participacio-a-la-barcelona-wine-week-2026\\\/#article\",\"isPartOf\":{\"@id\":\"https:\\\/\\\/castelldor.com\\\/en\\\/castell-dor-arrenca-amb-exit-la-seva-participacio-a-la-barcelona-wine-week-2026\\\/\"},\"author\":{\"name\":\"Cristina\",\"@id\":\"https:\\\/\\\/castelldor.com\\\/en\\\/#\\\/schema\\\/person\\\/3800fc91546b8fea5812fe762dd57eab\"},\"headline\":\"Castell d\u2019Or successfully concludes its participation in the BCNA Wine Week 2026\",\"datePublished\":\"2026-02-03T10:11:26+00:00\",\"dateModified\":\"2026-02-05T10:17:22+00:00\",\"mainEntityOfPage\":{\"@id\":\"https:\\\/\\\/castelldor.com\\\/en\\\/castell-dor-arrenca-amb-exit-la-seva-participacio-a-la-barcelona-wine-week-2026\\\/\"},\"wordCount\":559,\"publisher\":{\"@id\":\"https:\\\/\\\/castelldor.com\\\/en\\\/#organization\"},\"image\":{\"@id\":\"https:\\\/\\\/castelldor.com\\\/en\\\/castell-dor-arrenca-amb-exit-la-seva-participacio-a-la-barcelona-wine-week-2026\\\/#primaryimage\"},\"thumbnailUrl\":\"https:\\\/\\\/castelldor.com\\\/wp-content\\\/uploads\\\/2026\\\/02\\\/bww-castelldor-16-of-16b.jpg\",\"articleSection\":[\"News\"],\"inLanguage\":\"en-US\"},{\"@type\":\"WebPage\",\"@id\":\"https:\\\/\\\/castelldor.com\\\/en\\\/castell-dor-arrenca-amb-exit-la-seva-participacio-a-la-barcelona-wine-week-2026\\\/\",\"url\":\"https:\\\/\\\/castelldor.com\\\/en\\\/castell-dor-arrenca-amb-exit-la-seva-participacio-a-la-barcelona-wine-week-2026\\\/\",\"name\":\"Castell d\u2019Or arrenca amb \u00e8xit a la Barcelona Wine Week 2026| Castell d&#039;Or\",\"isPartOf\":{\"@id\":\"https:\\\/\\\/castelldor.com\\\/en\\\/#website\"},\"primaryImageOfPage\":{\"@id\":\"https:\\\/\\\/castelldor.com\\\/en\\\/castell-dor-arrenca-amb-exit-la-seva-participacio-a-la-barcelona-wine-week-2026\\\/#primaryimage\"},\"image\":{\"@id\":\"https:\\\/\\\/castelldor.com\\\/en\\\/castell-dor-arrenca-amb-exit-la-seva-participacio-a-la-barcelona-wine-week-2026\\\/#primaryimage\"},\"thumbnailUrl\":\"https:\\\/\\\/castelldor.com\\\/wp-content\\\/uploads\\\/2026\\\/02\\\/bww-castelldor-16-of-16b.jpg\",\"datePublished\":\"2026-02-03T10:11:26+00:00\",\"dateModified\":\"2026-02-05T10:17:22+00:00\",\"description\":\"Castell d\u2019Or arrenca amb \u00e8xit la seva participaci\u00f3 a la Barcelona Wine Week 2026 amb un nou stand a l'\u00e0rea de Brands.\",\"breadcrumb\":{\"@id\":\"https:\\\/\\\/castelldor.com\\\/en\\\/castell-dor-arrenca-amb-exit-la-seva-participacio-a-la-barcelona-wine-week-2026\\\/#breadcrumb\"},\"inLanguage\":\"en-US\",\"potentialAction\":[{\"@type\":\"ReadAction\",\"target\":[\"https:\\\/\\\/castelldor.com\\\/en\\\/castell-dor-arrenca-amb-exit-la-seva-participacio-a-la-barcelona-wine-week-2026\\\/\"]}]},{\"@type\":\"ImageObject\",\"inLanguage\":\"en-US\",\"@id\":\"https:\\\/\\\/castelldor.com\\\/en\\\/castell-dor-arrenca-amb-exit-la-seva-participacio-a-la-barcelona-wine-week-2026\\\/#primaryimage\",\"url\":\"https:\\\/\\\/castelldor.com\\\/wp-content\\\/uploads\\\/2026\\\/02\\\/bww-castelldor-16-of-16b.jpg\",\"contentUrl\":\"https:\\\/\\\/castelldor.com\\\/wp-content\\\/uploads\\\/2026\\\/02\\\/bww-castelldor-16-of-16b.jpg\",\"width\":2000,\"height\":1363},{\"@type\":\"BreadcrumbList\",\"@id\":\"https:\\\/\\\/castelldor.com\\\/en\\\/castell-dor-arrenca-amb-exit-la-seva-participacio-a-la-barcelona-wine-week-2026\\\/#breadcrumb\",\"itemListElement\":[{\"@type\":\"ListItem\",\"position\":1,\"name\":\"Inici\",\"item\":\"https:\\\/\\\/castelldor.com\\\/en\\\/\"},{\"@type\":\"ListItem\",\"position\":2,\"name\":\"Castell d\u2019Or successfully concludes its participation in the BCNA Wine Week 2026\"}]},{\"@type\":\"WebSite\",\"@id\":\"https:\\\/\\\/castelldor.com\\\/en\\\/#website\",\"url\":\"https:\\\/\\\/castelldor.com\\\/en\\\/\",\"name\":\"Castell d&#039;Or\",\"description\":\"Love people, Love wine\",\"publisher\":{\"@id\":\"https:\\\/\\\/castelldor.com\\\/en\\\/#organization\"},\"potentialAction\":[{\"@type\":\"SearchAction\",\"target\":{\"@type\":\"EntryPoint\",\"urlTemplate\":\"https:\\\/\\\/castelldor.com\\\/en\\\/?s={search_term_string}\"},\"query-input\":{\"@type\":\"PropertyValueSpecification\",\"valueRequired\":true,\"valueName\":\"search_term_string\"}}],\"inLanguage\":\"en-US\"},{\"@type\":\"Organization\",\"@id\":\"https:\\\/\\\/castelldor.com\\\/en\\\/#organization\",\"name\":\"Castell d'Or\",\"url\":\"https:\\\/\\\/castelldor.com\\\/en\\\/\",\"logo\":{\"@type\":\"ImageObject\",\"inLanguage\":\"en-US\",\"@id\":\"https:\\\/\\\/castelldor.com\\\/en\\\/#\\\/schema\\\/logo\\\/image\\\/\",\"url\":\"https:\\\/\\\/castelldor.com\\\/wp-content\\\/uploads\\\/2022\\\/08\\\/Castell-dor-blanc.svg\",\"contentUrl\":\"https:\\\/\\\/castelldor.com\\\/wp-content\\\/uploads\\\/2022\\\/08\\\/Castell-dor-blanc.svg\",\"width\":169,\"height\":61,\"caption\":\"Castell d'Or\"},\"image\":{\"@id\":\"https:\\\/\\\/castelldor.com\\\/en\\\/#\\\/schema\\\/logo\\\/image\\\/\"}},{\"@type\":\"Person\",\"@id\":\"https:\\\/\\\/castelldor.com\\\/en\\\/#\\\/schema\\\/person\\\/3800fc91546b8fea5812fe762dd57eab\",\"name\":\"Cristina\",\"image\":{\"@type\":\"ImageObject\",\"inLanguage\":\"en-US\",\"@id\":\"https:\\\/\\\/secure.gravatar.com\\\/avatar\\\/579c1860b6ddac6d2d774a241f04090d5c13b826525a5d2ed1cf72ca0cce4a17?s=96&d=mm&r=g\",\"url\":\"https:\\\/\\\/secure.gravatar.com\\\/avatar\\\/579c1860b6ddac6d2d774a241f04090d5c13b826525a5d2ed1cf72ca0cce4a17?s=96&d=mm&r=g\",\"contentUrl\":\"https:\\\/\\\/secure.gravatar.com\\\/avatar\\\/579c1860b6ddac6d2d774a241f04090d5c13b826525a5d2ed1cf72ca0cce4a17?s=96&d=mm&r=g\",\"caption\":\"Cristina\"}}]}<\/script>\n<!-- \/ Yoast SEO plugin. -->","yoast_head_json":{"title":"Castell d\u2019Or arrenca amb \u00e8xit a la Barcelona Wine Week 2026| Castell d&#039;Or","description":"Castell d\u2019Or arrenca amb \u00e8xit la seva participaci\u00f3 a la Barcelona Wine Week 2026 amb un nou stand a l'\u00e0rea de Brands.","robots":{"index":"index","follow":"follow","max-snippet":"max-snippet:-1","max-image-preview":"max-image-preview:large","max-video-preview":"max-video-preview:-1"},"canonical":"https:\/\/castelldor.com\/en\/castell-dor-arrenca-amb-exit-la-seva-participacio-a-la-barcelona-wine-week-2026\/","og_locale":"en_US","og_type":"article","og_title":"Castell d\u2019Or arrenca amb \u00e8xit a la Barcelona Wine Week 2026| Castell d&#039;Or","og_description":"Castell d\u2019Or arrenca amb \u00e8xit la seva participaci\u00f3 a la Barcelona Wine Week 2026 amb un nou stand a l'\u00e0rea de Brands.","og_url":"https:\/\/castelldor.com\/en\/castell-dor-arrenca-amb-exit-la-seva-participacio-a-la-barcelona-wine-week-2026\/","og_site_name":"Castell d&#039;Or","article_published_time":"2026-02-03T10:11:26+00:00","article_modified_time":"2026-02-05T10:17:22+00:00","og_image":[{"width":2000,"height":1363,"url":"https:\/\/castelldor.com\/wp-content\/uploads\/2026\/02\/bww-castelldor-16-of-16b.jpg","type":"image\/jpeg"}],"author":"Cristina","twitter_card":"summary_large_image","twitter_misc":{"Written by":"Cristina","Est. reading time":"4 minutes"},"schema":{"@context":"https:\/\/schema.org","@graph":[{"@type":"Article","@id":"https:\/\/castelldor.com\/en\/castell-dor-arrenca-amb-exit-la-seva-participacio-a-la-barcelona-wine-week-2026\/#article","isPartOf":{"@id":"https:\/\/castelldor.com\/en\/castell-dor-arrenca-amb-exit-la-seva-participacio-a-la-barcelona-wine-week-2026\/"},"author":{"name":"Cristina","@id":"https:\/\/castelldor.com\/en\/#\/schema\/person\/3800fc91546b8fea5812fe762dd57eab"},"headline":"Castell d\u2019Or successfully concludes its participation in the BCNA Wine Week 2026","datePublished":"2026-02-03T10:11:26+00:00","dateModified":"2026-02-05T10:17:22+00:00","mainEntityOfPage":{"@id":"https:\/\/castelldor.com\/en\/castell-dor-arrenca-amb-exit-la-seva-participacio-a-la-barcelona-wine-week-2026\/"},"wordCount":559,"publisher":{"@id":"https:\/\/castelldor.com\/en\/#organization"},"image":{"@id":"https:\/\/castelldor.com\/en\/castell-dor-arrenca-amb-exit-la-seva-participacio-a-la-barcelona-wine-week-2026\/#primaryimage"},"thumbnailUrl":"https:\/\/castelldor.com\/wp-content\/uploads\/2026\/02\/bww-castelldor-16-of-16b.jpg","articleSection":["News"],"inLanguage":"en-US"},{"@type":"WebPage","@id":"https:\/\/castelldor.com\/en\/castell-dor-arrenca-amb-exit-la-seva-participacio-a-la-barcelona-wine-week-2026\/","url":"https:\/\/castelldor.com\/en\/castell-dor-arrenca-amb-exit-la-seva-participacio-a-la-barcelona-wine-week-2026\/","name":"Castell d\u2019Or arrenca amb \u00e8xit a la Barcelona Wine Week 2026| Castell d&#039;Or","isPartOf":{"@id":"https:\/\/castelldor.com\/en\/#website"},"primaryImageOfPage":{"@id":"https:\/\/castelldor.com\/en\/castell-dor-arrenca-amb-exit-la-seva-participacio-a-la-barcelona-wine-week-2026\/#primaryimage"},"image":{"@id":"https:\/\/castelldor.com\/en\/castell-dor-arrenca-amb-exit-la-seva-participacio-a-la-barcelona-wine-week-2026\/#primaryimage"},"thumbnailUrl":"https:\/\/castelldor.com\/wp-content\/uploads\/2026\/02\/bww-castelldor-16-of-16b.jpg","datePublished":"2026-02-03T10:11:26+00:00","dateModified":"2026-02-05T10:17:22+00:00","description":"Castell d\u2019Or arrenca amb \u00e8xit la seva participaci\u00f3 a la Barcelona Wine Week 2026 amb un nou stand a l'\u00e0rea de Brands.","breadcrumb":{"@id":"https:\/\/castelldor.com\/en\/castell-dor-arrenca-amb-exit-la-seva-participacio-a-la-barcelona-wine-week-2026\/#breadcrumb"},"inLanguage":"en-US","potentialAction":[{"@type":"ReadAction","target":["https:\/\/castelldor.com\/en\/castell-dor-arrenca-amb-exit-la-seva-participacio-a-la-barcelona-wine-week-2026\/"]}]},{"@type":"ImageObject","inLanguage":"en-US","@id":"https:\/\/castelldor.com\/en\/castell-dor-arrenca-amb-exit-la-seva-participacio-a-la-barcelona-wine-week-2026\/#primaryimage","url":"https:\/\/castelldor.com\/wp-content\/uploads\/2026\/02\/bww-castelldor-16-of-16b.jpg","contentUrl":"https:\/\/castelldor.com\/wp-content\/uploads\/2026\/02\/bww-castelldor-16-of-16b.jpg","width":2000,"height":1363},{"@type":"BreadcrumbList","@id":"https:\/\/castelldor.com\/en\/castell-dor-arrenca-amb-exit-la-seva-participacio-a-la-barcelona-wine-week-2026\/#breadcrumb","itemListElement":[{"@type":"ListItem","position":1,"name":"Inici","item":"https:\/\/castelldor.com\/en\/"},{"@type":"ListItem","position":2,"name":"Castell d\u2019Or successfully concludes its participation in the BCNA Wine Week 2026"}]},{"@type":"WebSite","@id":"https:\/\/castelldor.com\/en\/#website","url":"https:\/\/castelldor.com\/en\/","name":"Castell d&#039;Or","description":"Love people, Love wine","publisher":{"@id":"https:\/\/castelldor.com\/en\/#organization"},"potentialAction":[{"@type":"SearchAction","target":{"@type":"EntryPoint","urlTemplate":"https:\/\/castelldor.com\/en\/?s={search_term_string}"},"query-input":{"@type":"PropertyValueSpecification","valueRequired":true,"valueName":"search_term_string"}}],"inLanguage":"en-US"},{"@type":"Organization","@id":"https:\/\/castelldor.com\/en\/#organization","name":"Castell d'Or","url":"https:\/\/castelldor.com\/en\/","logo":{"@type":"ImageObject","inLanguage":"en-US","@id":"https:\/\/castelldor.com\/en\/#\/schema\/logo\/image\/","url":"https:\/\/castelldor.com\/wp-content\/uploads\/2022\/08\/Castell-dor-blanc.svg","contentUrl":"https:\/\/castelldor.com\/wp-content\/uploads\/2022\/08\/Castell-dor-blanc.svg","width":169,"height":61,"caption":"Castell d'Or"},"image":{"@id":"https:\/\/castelldor.com\/en\/#\/schema\/logo\/image\/"}},{"@type":"Person","@id":"https:\/\/castelldor.com\/en\/#\/schema\/person\/3800fc91546b8fea5812fe762dd57eab","name":"Cristina","image":{"@type":"ImageObject","inLanguage":"en-US","@id":"https:\/\/secure.gravatar.com\/avatar\/579c1860b6ddac6d2d774a241f04090d5c13b826525a5d2ed1cf72ca0cce4a17?s=96&d=mm&r=g","url":"https:\/\/secure.gravatar.com\/avatar\/579c1860b6ddac6d2d774a241f04090d5c13b826525a5d2ed1cf72ca0cce4a17?s=96&d=mm&r=g","contentUrl":"https:\/\/secure.gravatar.com\/avatar\/579c1860b6ddac6d2d774a241f04090d5c13b826525a5d2ed1cf72ca0cce4a17?s=96&d=mm&r=g","caption":"Cristina"}}]}},"_links":{"self":[{"href":"https:\/\/castelldor.com\/en\/wp-json\/wp\/v2\/posts\/141852","targetHints":{"allow":["GET"]}}],"collection":[{"href":"https:\/\/castelldor.com\/en\/wp-json\/wp\/v2\/posts"}],"about":[{"href":"https:\/\/castelldor.com\/en\/wp-json\/wp\/v2\/types\/post"}],"author":[{"embeddable":true,"href":"https:\/\/castelldor.com\/en\/wp-json\/wp\/v2\/users\/2"}],"replies":[{"embeddable":true,"href":"https:\/\/castelldor.com\/en\/wp-json\/wp\/v2\/comments?post=141852"}],"version-history":[{"count":9,"href":"https:\/\/castelldor.com\/en\/wp-json\/wp\/v2\/posts\/141852\/revisions"}],"predecessor-version":[{"id":141916,"href":"https:\/\/castelldor.com\/en\/wp-json\/wp\/v2\/posts\/141852\/revisions\/141916"}],"wp:featuredmedia":[{"embeddable":true,"href":"https:\/\/castelldor.com\/en\/wp-json\/wp\/v2\/media\/141854"}],"wp:attachment":[{"href":"https:\/\/castelldor.com\/en\/wp-json\/wp\/v2\/media?parent=141852"}],"wp:term":[{"taxonomy":"category","embeddable":true,"href":"https:\/\/castelldor.com\/en\/wp-json\/wp\/v2\/categories?post=141852"},{"taxonomy":"post_tag","embeddable":true,"href":"https:\/\/castelldor.com\/en\/wp-json\/wp\/v2\/tags?post=141852"}],"curies":[{"name":"wp","href":"https:\/\/api.w.org\/{rel}","templated":true}]}}