{"id":138244,"date":"2024-10-23T11:41:03","date_gmt":"2024-10-23T09:41:03","guid":{"rendered":"https:\/\/castelldor.com\/un-any-mes-castell-dor-amb-la-calcotada-de-valls-i-el-territori\/"},"modified":"2024-10-23T13:18:41","modified_gmt":"2024-10-23T11:18:41","slug":"castell-dor-sponsors-the-2025-gran-fiesta-de-la-calcotada","status":"publish","type":"post","link":"https:\/\/castelldor.com\/en\/castell-dor-sponsors-the-2025-gran-fiesta-de-la-calcotada\/","title":{"rendered":"Once again, Castell d&#8217;Or with the Cal\u00e7otada de Valls and the region"},"content":{"rendered":"<p><strong>Castell d&#8217;Or reinforces its commitment to the region by participating for the fourth consecutive year as one of the main sponsors of the Gran <a href=\"https:\/\/festacalcotadavalls.cat\/\">Fiesta de la Cal\u00e7otada de Valls<\/a>, which will take place on Sunday, January 26, 2025.<\/strong><\/p>\n<p>The<a href=\"https:\/\/cambravalls.com\/\"> Valls Chamber of Commerce<\/a> presented the official image of the festival this morning, accompanied by the other sponsors, Europastry and Salses Fruits, and with the collaboration of the Valls City Council, the IGP Cal\u00e7ot de Valls, and the Valls Agricultural Cooperative.<\/p>\n<p>The <em>Gran Fiesta de la Cal\u00e7otada<\/em> is the premier gastronomic event in Catalonia, and Castell d&#8217;Or is involved as part of its strong support for local culture and products. As one of the main sponsoring companies, Castell d&#8217;Or will have a prominent presence in the promotion of the festival, strengthening its bond with the region and its commitment to values such as quality, tradition, and proximity.<\/p>\n<h3><strong>DETAILS OF THE UPCOMING EDITION<\/strong><\/h3>\n<p>In addition to the official presentation, more details about the program of activities will be revealed in the coming days, including parades, grilled cal\u00e7ot cooking demonstrations, and the popular cal\u00e7ot-eating and sauce-making contests. The popular tasting event is one of the most anticipated moments, with 3,500 tasting bags expected to be distributed, available through pre-sale and also on the day of the festival.<\/p>\n<p>The event was held at the Chamber of Commerce and was attended by the president of the Valls Chamber of Commerce, Josep M. Rovira; the Valls City Council&#8217;s tourism councilor, Joan Ibarra; the sponsors of the Gran Fiesta, Salses Fruits\u2019 manager, Francesc Sans; Castell d&#8217;Or\u2019s manager, Jordi Amell; Europastry\u2019s plant manager, Albert Llovera; the vice president of IGP Cal\u00e7ot de Valls, Isidre Coll; and the president of the Valls Agricultural Cooperative, Josep M. Aubareda.<\/p>\n<p>In Valls, cal\u00e7otadas are held from November to April, but the Gran Fiesta de la Cal\u00e7otada marks the start of the high season for cal\u00e7otadas. Over the next few days, various activities related to the festival will take place, and the program of traditional events, festivities, and contests related to the world of cal\u00e7ots will be announced: parades, grilled cal\u00e7ot demonstrations, the cal\u00e7otada market, contests for cal\u00e7ot growers, sauce-making, and cal\u00e7ot-eating competitions, popular tastings, among other activities.<\/p>\n","protected":false},"excerpt":{"rendered":"<p>Castell d&#8217;Or reinforces its commitment to the region by participating for the fourth consecutive year as one of the main sponsors of the Gran Fiesta de la Cal\u00e7otada de Valls, which will take place on Sunday, January 26, 2025. The Valls Chamber of Commerce presented the official image of the festival this morning, accompanied by&hellip;&nbsp;<a href=\"https:\/\/castelldor.com\/en\/castell-dor-sponsors-the-2025-gran-fiesta-de-la-calcotada\/\" rel=\"bookmark\">Read More &raquo;<span class=\"screen-reader-text\">Once again, Castell d&#8217;Or with the Cal\u00e7otada de Valls and the region<\/span><\/a><\/p>\n","protected":false},"author":2,"featured_media":138235,"comment_status":"closed","ping_status":"closed","sticky":false,"template":"","format":"standard","meta":{"_acf_changed":false,"inline_featured_image":false,"neve_meta_sidebar":"","neve_meta_container":"","neve_meta_enable_content_width":"off","neve_meta_content_width":70,"neve_meta_title_alignment":"","neve_meta_author_avatar":"","neve_post_elements_order":"","neve_meta_disable_header":"","neve_meta_disable_footer":"","neve_meta_disable_title":"","neve_meta_reading_time":"","footnotes":""},"categories":[45],"tags":[],"class_list":["post-138244","post","type-post","status-publish","format-standard","has-post-thumbnail","hentry","category-news"],"acf":[],"yoast_head":"<!-- This site is optimized with the Yoast SEO plugin v27.4 - https:\/\/yoast.com\/product\/yoast-seo-wordpress\/ -->\n<title>Castell d&#039;Or sponsors the 2025 Gran Fiesta de la Cal\u00e7otada | Castell d&#039;Or<\/title>\n<meta name=\"description\" content=\"Castell d&#039;Or is participating for the third consecutive year in the Cal\u00e7otada Festival of Valls, which will take place on January 26, 2025\" \/>\n<meta name=\"robots\" content=\"index, follow, max-snippet:-1, max-image-preview:large, max-video-preview:-1\" \/>\n<link rel=\"canonical\" href=\"https:\/\/castelldor.com\/en\/castell-dor-sponsors-the-2025-gran-fiesta-de-la-calcotada\/\" \/>\n<meta property=\"og:locale\" content=\"en_US\" \/>\n<meta property=\"og:type\" content=\"article\" \/>\n<meta property=\"og:title\" content=\"Castell d&#039;Or sponsors the 2025 Gran Fiesta de la Cal\u00e7otada | Castell d&#039;Or\" \/>\n<meta property=\"og:description\" content=\"Castell d&#039;Or is participating for the third consecutive year in the Cal\u00e7otada Festival of Valls, which will take place on January 26, 2025\" \/>\n<meta property=\"og:url\" content=\"https:\/\/castelldor.com\/en\/castell-dor-sponsors-the-2025-gran-fiesta-de-la-calcotada\/\" \/>\n<meta property=\"og:site_name\" content=\"Castell d&#039;Or\" \/>\n<meta property=\"article:published_time\" content=\"2024-10-23T09:41:03+00:00\" \/>\n<meta property=\"article:modified_time\" content=\"2024-10-23T11:18:41+00:00\" \/>\n<meta property=\"og:image\" content=\"https:\/\/castelldor.com\/wp-content\/uploads\/2024\/10\/FOTO2.jpg\" \/>\n\t<meta property=\"og:image:width\" content=\"1926\" \/>\n\t<meta property=\"og:image:height\" content=\"1260\" \/>\n\t<meta property=\"og:image:type\" content=\"image\/jpeg\" \/>\n<meta name=\"author\" content=\"Cristina\" \/>\n<meta name=\"twitter:card\" content=\"summary_large_image\" \/>\n<meta name=\"twitter:label1\" content=\"Written by\" \/>\n\t<meta name=\"twitter:data1\" content=\"Cristina\" \/>\n\t<meta name=\"twitter:label2\" content=\"Est. reading time\" \/>\n\t<meta name=\"twitter:data2\" content=\"3 minutes\" \/>\n<script type=\"application\/ld+json\" class=\"yoast-schema-graph\">{\"@context\":\"https:\\\/\\\/schema.org\",\"@graph\":[{\"@type\":\"Article\",\"@id\":\"https:\\\/\\\/castelldor.com\\\/en\\\/castell-dor-sponsors-the-2025-gran-fiesta-de-la-calcotada\\\/#article\",\"isPartOf\":{\"@id\":\"https:\\\/\\\/castelldor.com\\\/en\\\/castell-dor-sponsors-the-2025-gran-fiesta-de-la-calcotada\\\/\"},\"author\":{\"name\":\"Cristina\",\"@id\":\"https:\\\/\\\/castelldor.com\\\/en\\\/#\\\/schema\\\/person\\\/3800fc91546b8fea5812fe762dd57eab\"},\"headline\":\"Once again, Castell d&#8217;Or with the Cal\u00e7otada de Valls and the region\",\"datePublished\":\"2024-10-23T09:41:03+00:00\",\"dateModified\":\"2024-10-23T11:18:41+00:00\",\"mainEntityOfPage\":{\"@id\":\"https:\\\/\\\/castelldor.com\\\/en\\\/castell-dor-sponsors-the-2025-gran-fiesta-de-la-calcotada\\\/\"},\"wordCount\":398,\"publisher\":{\"@id\":\"https:\\\/\\\/castelldor.com\\\/en\\\/#organization\"},\"image\":{\"@id\":\"https:\\\/\\\/castelldor.com\\\/en\\\/castell-dor-sponsors-the-2025-gran-fiesta-de-la-calcotada\\\/#primaryimage\"},\"thumbnailUrl\":\"https:\\\/\\\/castelldor.com\\\/wp-content\\\/uploads\\\/2024\\\/10\\\/FOTO2.jpg\",\"articleSection\":[\"News\"],\"inLanguage\":\"en-US\"},{\"@type\":\"WebPage\",\"@id\":\"https:\\\/\\\/castelldor.com\\\/en\\\/castell-dor-sponsors-the-2025-gran-fiesta-de-la-calcotada\\\/\",\"url\":\"https:\\\/\\\/castelldor.com\\\/en\\\/castell-dor-sponsors-the-2025-gran-fiesta-de-la-calcotada\\\/\",\"name\":\"Castell d'Or sponsors the 2025 Gran Fiesta de la Cal\u00e7otada | Castell d&#039;Or\",\"isPartOf\":{\"@id\":\"https:\\\/\\\/castelldor.com\\\/en\\\/#website\"},\"primaryImageOfPage\":{\"@id\":\"https:\\\/\\\/castelldor.com\\\/en\\\/castell-dor-sponsors-the-2025-gran-fiesta-de-la-calcotada\\\/#primaryimage\"},\"image\":{\"@id\":\"https:\\\/\\\/castelldor.com\\\/en\\\/castell-dor-sponsors-the-2025-gran-fiesta-de-la-calcotada\\\/#primaryimage\"},\"thumbnailUrl\":\"https:\\\/\\\/castelldor.com\\\/wp-content\\\/uploads\\\/2024\\\/10\\\/FOTO2.jpg\",\"datePublished\":\"2024-10-23T09:41:03+00:00\",\"dateModified\":\"2024-10-23T11:18:41+00:00\",\"description\":\"Castell d'Or is participating for the third consecutive year in the Cal\u00e7otada Festival of Valls, which will take place on January 26, 2025\",\"breadcrumb\":{\"@id\":\"https:\\\/\\\/castelldor.com\\\/en\\\/castell-dor-sponsors-the-2025-gran-fiesta-de-la-calcotada\\\/#breadcrumb\"},\"inLanguage\":\"en-US\",\"potentialAction\":[{\"@type\":\"ReadAction\",\"target\":[\"https:\\\/\\\/castelldor.com\\\/en\\\/castell-dor-sponsors-the-2025-gran-fiesta-de-la-calcotada\\\/\"]}]},{\"@type\":\"ImageObject\",\"inLanguage\":\"en-US\",\"@id\":\"https:\\\/\\\/castelldor.com\\\/en\\\/castell-dor-sponsors-the-2025-gran-fiesta-de-la-calcotada\\\/#primaryimage\",\"url\":\"https:\\\/\\\/castelldor.com\\\/wp-content\\\/uploads\\\/2024\\\/10\\\/FOTO2.jpg\",\"contentUrl\":\"https:\\\/\\\/castelldor.com\\\/wp-content\\\/uploads\\\/2024\\\/10\\\/FOTO2.jpg\",\"width\":1926,\"height\":1260},{\"@type\":\"BreadcrumbList\",\"@id\":\"https:\\\/\\\/castelldor.com\\\/en\\\/castell-dor-sponsors-the-2025-gran-fiesta-de-la-calcotada\\\/#breadcrumb\",\"itemListElement\":[{\"@type\":\"ListItem\",\"position\":1,\"name\":\"Inici\",\"item\":\"https:\\\/\\\/castelldor.com\\\/en\\\/\"},{\"@type\":\"ListItem\",\"position\":2,\"name\":\"Once again, Castell d&#8217;Or with the Cal\u00e7otada de Valls and the region\"}]},{\"@type\":\"WebSite\",\"@id\":\"https:\\\/\\\/castelldor.com\\\/en\\\/#website\",\"url\":\"https:\\\/\\\/castelldor.com\\\/en\\\/\",\"name\":\"Castell d&#039;Or\",\"description\":\"Love people, Love wine\",\"publisher\":{\"@id\":\"https:\\\/\\\/castelldor.com\\\/en\\\/#organization\"},\"potentialAction\":[{\"@type\":\"SearchAction\",\"target\":{\"@type\":\"EntryPoint\",\"urlTemplate\":\"https:\\\/\\\/castelldor.com\\\/en\\\/?s={search_term_string}\"},\"query-input\":{\"@type\":\"PropertyValueSpecification\",\"valueRequired\":true,\"valueName\":\"search_term_string\"}}],\"inLanguage\":\"en-US\"},{\"@type\":\"Organization\",\"@id\":\"https:\\\/\\\/castelldor.com\\\/en\\\/#organization\",\"name\":\"Castell d'Or\",\"url\":\"https:\\\/\\\/castelldor.com\\\/en\\\/\",\"logo\":{\"@type\":\"ImageObject\",\"inLanguage\":\"en-US\",\"@id\":\"https:\\\/\\\/castelldor.com\\\/en\\\/#\\\/schema\\\/logo\\\/image\\\/\",\"url\":\"https:\\\/\\\/castelldor.com\\\/wp-content\\\/uploads\\\/2022\\\/08\\\/Castell-dor-blanc.svg\",\"contentUrl\":\"https:\\\/\\\/castelldor.com\\\/wp-content\\\/uploads\\\/2022\\\/08\\\/Castell-dor-blanc.svg\",\"width\":169,\"height\":61,\"caption\":\"Castell d'Or\"},\"image\":{\"@id\":\"https:\\\/\\\/castelldor.com\\\/en\\\/#\\\/schema\\\/logo\\\/image\\\/\"}},{\"@type\":\"Person\",\"@id\":\"https:\\\/\\\/castelldor.com\\\/en\\\/#\\\/schema\\\/person\\\/3800fc91546b8fea5812fe762dd57eab\",\"name\":\"Cristina\",\"image\":{\"@type\":\"ImageObject\",\"inLanguage\":\"en-US\",\"@id\":\"https:\\\/\\\/secure.gravatar.com\\\/avatar\\\/579c1860b6ddac6d2d774a241f04090d5c13b826525a5d2ed1cf72ca0cce4a17?s=96&d=mm&r=g\",\"url\":\"https:\\\/\\\/secure.gravatar.com\\\/avatar\\\/579c1860b6ddac6d2d774a241f04090d5c13b826525a5d2ed1cf72ca0cce4a17?s=96&d=mm&r=g\",\"contentUrl\":\"https:\\\/\\\/secure.gravatar.com\\\/avatar\\\/579c1860b6ddac6d2d774a241f04090d5c13b826525a5d2ed1cf72ca0cce4a17?s=96&d=mm&r=g\",\"caption\":\"Cristina\"}}]}<\/script>\n<!-- \/ Yoast SEO plugin. -->","yoast_head_json":{"title":"Castell d'Or sponsors the 2025 Gran Fiesta de la Cal\u00e7otada | Castell d&#039;Or","description":"Castell d'Or is participating for the third consecutive year in the Cal\u00e7otada Festival of Valls, which will take place on January 26, 2025","robots":{"index":"index","follow":"follow","max-snippet":"max-snippet:-1","max-image-preview":"max-image-preview:large","max-video-preview":"max-video-preview:-1"},"canonical":"https:\/\/castelldor.com\/en\/castell-dor-sponsors-the-2025-gran-fiesta-de-la-calcotada\/","og_locale":"en_US","og_type":"article","og_title":"Castell d'Or sponsors the 2025 Gran Fiesta de la Cal\u00e7otada | Castell d&#039;Or","og_description":"Castell d'Or is participating for the third consecutive year in the Cal\u00e7otada Festival of Valls, which will take place on January 26, 2025","og_url":"https:\/\/castelldor.com\/en\/castell-dor-sponsors-the-2025-gran-fiesta-de-la-calcotada\/","og_site_name":"Castell d&#039;Or","article_published_time":"2024-10-23T09:41:03+00:00","article_modified_time":"2024-10-23T11:18:41+00:00","og_image":[{"width":1926,"height":1260,"url":"https:\/\/castelldor.com\/wp-content\/uploads\/2024\/10\/FOTO2.jpg","type":"image\/jpeg"}],"author":"Cristina","twitter_card":"summary_large_image","twitter_misc":{"Written by":"Cristina","Est. reading time":"3 minutes"},"schema":{"@context":"https:\/\/schema.org","@graph":[{"@type":"Article","@id":"https:\/\/castelldor.com\/en\/castell-dor-sponsors-the-2025-gran-fiesta-de-la-calcotada\/#article","isPartOf":{"@id":"https:\/\/castelldor.com\/en\/castell-dor-sponsors-the-2025-gran-fiesta-de-la-calcotada\/"},"author":{"name":"Cristina","@id":"https:\/\/castelldor.com\/en\/#\/schema\/person\/3800fc91546b8fea5812fe762dd57eab"},"headline":"Once again, Castell d&#8217;Or with the Cal\u00e7otada de Valls and the region","datePublished":"2024-10-23T09:41:03+00:00","dateModified":"2024-10-23T11:18:41+00:00","mainEntityOfPage":{"@id":"https:\/\/castelldor.com\/en\/castell-dor-sponsors-the-2025-gran-fiesta-de-la-calcotada\/"},"wordCount":398,"publisher":{"@id":"https:\/\/castelldor.com\/en\/#organization"},"image":{"@id":"https:\/\/castelldor.com\/en\/castell-dor-sponsors-the-2025-gran-fiesta-de-la-calcotada\/#primaryimage"},"thumbnailUrl":"https:\/\/castelldor.com\/wp-content\/uploads\/2024\/10\/FOTO2.jpg","articleSection":["News"],"inLanguage":"en-US"},{"@type":"WebPage","@id":"https:\/\/castelldor.com\/en\/castell-dor-sponsors-the-2025-gran-fiesta-de-la-calcotada\/","url":"https:\/\/castelldor.com\/en\/castell-dor-sponsors-the-2025-gran-fiesta-de-la-calcotada\/","name":"Castell d'Or sponsors the 2025 Gran Fiesta de la Cal\u00e7otada | Castell d&#039;Or","isPartOf":{"@id":"https:\/\/castelldor.com\/en\/#website"},"primaryImageOfPage":{"@id":"https:\/\/castelldor.com\/en\/castell-dor-sponsors-the-2025-gran-fiesta-de-la-calcotada\/#primaryimage"},"image":{"@id":"https:\/\/castelldor.com\/en\/castell-dor-sponsors-the-2025-gran-fiesta-de-la-calcotada\/#primaryimage"},"thumbnailUrl":"https:\/\/castelldor.com\/wp-content\/uploads\/2024\/10\/FOTO2.jpg","datePublished":"2024-10-23T09:41:03+00:00","dateModified":"2024-10-23T11:18:41+00:00","description":"Castell d'Or is participating for the third consecutive year in the Cal\u00e7otada Festival of Valls, which will take place on January 26, 2025","breadcrumb":{"@id":"https:\/\/castelldor.com\/en\/castell-dor-sponsors-the-2025-gran-fiesta-de-la-calcotada\/#breadcrumb"},"inLanguage":"en-US","potentialAction":[{"@type":"ReadAction","target":["https:\/\/castelldor.com\/en\/castell-dor-sponsors-the-2025-gran-fiesta-de-la-calcotada\/"]}]},{"@type":"ImageObject","inLanguage":"en-US","@id":"https:\/\/castelldor.com\/en\/castell-dor-sponsors-the-2025-gran-fiesta-de-la-calcotada\/#primaryimage","url":"https:\/\/castelldor.com\/wp-content\/uploads\/2024\/10\/FOTO2.jpg","contentUrl":"https:\/\/castelldor.com\/wp-content\/uploads\/2024\/10\/FOTO2.jpg","width":1926,"height":1260},{"@type":"BreadcrumbList","@id":"https:\/\/castelldor.com\/en\/castell-dor-sponsors-the-2025-gran-fiesta-de-la-calcotada\/#breadcrumb","itemListElement":[{"@type":"ListItem","position":1,"name":"Inici","item":"https:\/\/castelldor.com\/en\/"},{"@type":"ListItem","position":2,"name":"Once again, Castell d&#8217;Or with the Cal\u00e7otada de Valls and the region"}]},{"@type":"WebSite","@id":"https:\/\/castelldor.com\/en\/#website","url":"https:\/\/castelldor.com\/en\/","name":"Castell d&#039;Or","description":"Love people, Love wine","publisher":{"@id":"https:\/\/castelldor.com\/en\/#organization"},"potentialAction":[{"@type":"SearchAction","target":{"@type":"EntryPoint","urlTemplate":"https:\/\/castelldor.com\/en\/?s={search_term_string}"},"query-input":{"@type":"PropertyValueSpecification","valueRequired":true,"valueName":"search_term_string"}}],"inLanguage":"en-US"},{"@type":"Organization","@id":"https:\/\/castelldor.com\/en\/#organization","name":"Castell d'Or","url":"https:\/\/castelldor.com\/en\/","logo":{"@type":"ImageObject","inLanguage":"en-US","@id":"https:\/\/castelldor.com\/en\/#\/schema\/logo\/image\/","url":"https:\/\/castelldor.com\/wp-content\/uploads\/2022\/08\/Castell-dor-blanc.svg","contentUrl":"https:\/\/castelldor.com\/wp-content\/uploads\/2022\/08\/Castell-dor-blanc.svg","width":169,"height":61,"caption":"Castell d'Or"},"image":{"@id":"https:\/\/castelldor.com\/en\/#\/schema\/logo\/image\/"}},{"@type":"Person","@id":"https:\/\/castelldor.com\/en\/#\/schema\/person\/3800fc91546b8fea5812fe762dd57eab","name":"Cristina","image":{"@type":"ImageObject","inLanguage":"en-US","@id":"https:\/\/secure.gravatar.com\/avatar\/579c1860b6ddac6d2d774a241f04090d5c13b826525a5d2ed1cf72ca0cce4a17?s=96&d=mm&r=g","url":"https:\/\/secure.gravatar.com\/avatar\/579c1860b6ddac6d2d774a241f04090d5c13b826525a5d2ed1cf72ca0cce4a17?s=96&d=mm&r=g","contentUrl":"https:\/\/secure.gravatar.com\/avatar\/579c1860b6ddac6d2d774a241f04090d5c13b826525a5d2ed1cf72ca0cce4a17?s=96&d=mm&r=g","caption":"Cristina"}}]}},"_links":{"self":[{"href":"https:\/\/castelldor.com\/en\/wp-json\/wp\/v2\/posts\/138244","targetHints":{"allow":["GET"]}}],"collection":[{"href":"https:\/\/castelldor.com\/en\/wp-json\/wp\/v2\/posts"}],"about":[{"href":"https:\/\/castelldor.com\/en\/wp-json\/wp\/v2\/types\/post"}],"author":[{"embeddable":true,"href":"https:\/\/castelldor.com\/en\/wp-json\/wp\/v2\/users\/2"}],"replies":[{"embeddable":true,"href":"https:\/\/castelldor.com\/en\/wp-json\/wp\/v2\/comments?post=138244"}],"version-history":[{"count":3,"href":"https:\/\/castelldor.com\/en\/wp-json\/wp\/v2\/posts\/138244\/revisions"}],"predecessor-version":[{"id":138254,"href":"https:\/\/castelldor.com\/en\/wp-json\/wp\/v2\/posts\/138244\/revisions\/138254"}],"wp:featuredmedia":[{"embeddable":true,"href":"https:\/\/castelldor.com\/en\/wp-json\/wp\/v2\/media\/138235"}],"wp:attachment":[{"href":"https:\/\/castelldor.com\/en\/wp-json\/wp\/v2\/media?parent=138244"}],"wp:term":[{"taxonomy":"category","embeddable":true,"href":"https:\/\/castelldor.com\/en\/wp-json\/wp\/v2\/categories?post=138244"},{"taxonomy":"post_tag","embeddable":true,"href":"https:\/\/castelldor.com\/en\/wp-json\/wp\/v2\/tags?post=138244"}],"curies":[{"name":"wp","href":"https:\/\/api.w.org\/{rel}","templated":true}]}}