{"id":137284,"date":"2024-07-09T13:29:21","date_gmt":"2024-07-09T11:29:21","guid":{"rendered":"https:\/\/castelldor.com\/el-dimecres-tapa-sesten-a-tota-la-comarca\/"},"modified":"2024-07-09T13:41:05","modified_gmt":"2024-07-09T11:41:05","slug":"el-dimecres-tapa-sesten-a-tota-la-comarca","status":"publish","type":"post","link":"https:\/\/castelldor.com\/en\/el-dimecres-tapa-sesten-a-tota-la-comarca\/","title":{"rendered":"Comen\u00e7a el Dimecres de Tapa amb la DO Conca de Barber\u00e0"},"content":{"rendered":"<section class=\"elementor-section elementor-top-section elementor-element elementor-element-5afe04 elementor-section-full_width elementor-section-height-default elementor-section-height-default\" data-id=\"5afe04\" data-element_type=\"section\">\n<div class=\"elementor-container elementor-column-gap-default\">\n<div class=\"elementor-column elementor-col-100 elementor-top-column elementor-element elementor-element-9a13aad\" data-id=\"9a13aad\" data-element_type=\"column\" data-settings=\"{&quot;background_background&quot;:&quot;classic&quot;}\">\n<div class=\"elementor-widget-wrap elementor-element-populated\">\n<section class=\"elementor-section elementor-inner-section elementor-element elementor-element-6c339593 elementor-section-content-middle elementor-section-boxed elementor-section-height-default elementor-section-height-default\" data-id=\"6c339593\" data-element_type=\"section\">\n<div class=\"elementor-container elementor-column-gap-default\">\n<div class=\"elementor-column elementor-col-100 elementor-inner-column elementor-element elementor-element-6a12321d\" data-id=\"6a12321d\" data-element_type=\"column\">\n<div class=\"elementor-widget-wrap elementor-element-populated\">\n<div class=\"elementor-element elementor-element-7537a1a7 elementor-widget__width-initial elementor-widget elementor-widget-heading animated fadeInUp\" data-id=\"7537a1a7\" data-element_type=\"widget\" data-settings=\"{&quot;_animation&quot;:&quot;fadeInUp&quot;}\" data-widget_type=\"heading.default\">\n<div class=\"elementor-widget-container\">\n<div class=\"elementor-heading-title elementor-size-default\"><strong>Castell d&#8217;Or hi ser\u00e0 present amb el seu vi Francol\u00ed de la DO Conca de Barber\u00e0<\/strong><\/div>\n<div><\/div>\n<\/div>\n<\/div>\n<\/div>\n<\/div>\n<\/div>\n<\/section>\n<\/div>\n<\/div>\n<\/div>\n<\/section>\n<section class=\"elementor-section elementor-top-section elementor-element elementor-element-29d41535 elementor-section-boxed elementor-section-height-default elementor-section-height-default\" data-id=\"29d41535\" data-element_type=\"section\">\n<div class=\"elementor-container elementor-column-gap-default\">\n<div class=\"elementor-column elementor-col-50 elementor-top-column elementor-element elementor-element-571e3e2 animated slideInUp\" data-id=\"571e3e2\" data-element_type=\"column\" data-settings=\"{&quot;background_background&quot;:&quot;classic&quot;,&quot;animation&quot;:&quot;slideInUp&quot;}\">\n<div class=\"elementor-widget-wrap elementor-element-populated\">\n<div class=\"elementor-element elementor-element-4d95f39c elementor-widget elementor-widget-theme-post-content\" data-id=\"4d95f39c\" data-element_type=\"widget\" data-widget_type=\"theme-post-content.default\">\n<div class=\"elementor-widget-container\">\n<p>Avui s\u2019ha presentat la 11a edici\u00f3 de la Ruta Gastron\u00f2mica<i>\u00a0<a href=\"https:\/\/aeht.es\/dimecrestapaconcadebarbera\/\">Dimecres Tapa. Ruta de Tapes<\/a> a La Conca de Barber\u00e0<\/i> a l\u2019Ajuntament de Montblanc. La presentaci\u00f3 ha comptat amb la pres\u00e8ncia d\u2019Oriol Palliss\u00f3, Alcalde de Montblanc; Ruth Ceperuelo, presidenta de l\u2019AEH Conca de Barber\u00e0;\u00a0\u00a0Ricard Sebasti\u00e0 Forast\u00e9, President de la <a href=\"https:\/\/www.doconcadebarbera.com\/\">DO Conca de Barber\u00e0<\/a>, Joan Canela, President del Consell Comarcal de la Conca de Barber\u00e0 i representants dels establiments i cellers participants.Durant la seva intervenci\u00f3, totes i tots ells han destacat la oportunitat que ofereix una ruta com aquesta per descobrir restaurants i vins del territori; aix\u00ed com la consolidaci\u00f3 i arrelament que ha aconseguit despr\u00e9s d\u2019onze edicions, convertint-se en un imprescindible dels estius de Montblanc i ara tamb\u00e9, de La Conca de Barber\u00e0.<\/p>\n<p>Aix\u00ed doncs,<strong>\u00a0la ruta comen\u00e7ar\u00e0 el proper 17 de juliol i s\u2019allargar\u00e0 fins 28 d\u2019agost. Durant gaireb\u00e9 tot l\u2019estiu, 16 restaurants serviran, cada dimecres a partir de les 19:30 h, tapes a 5 \u20ac acompanyades d\u2019una copa de vi de la D.O Conca de Barber\u00e0.<\/strong><\/p>\n<p>Una ruta que atrau, des de fa 11 anys, tan a la gent de la Conca i rodalies, com a turistes, ja que permet completar l\u2019experi\u00e8ncia tur\u00edstica amb una activitat gastron\u00f2mica. I que tamb\u00e9 serveix com a revulsiu per dinamitzar la comarca i el seu teixit empresarial i social, i aquest any, tamb\u00e9, per descobrir La Conca.<\/p>\n<p>Una altra de les novetats \u00e9s que aquest 2024, amb l\u2019objectiu de fomentar la visita a les diferents poblacions participants,\u00a0<strong>tots aquells qui degustin les tapes de 3 establiments de 3 poblacions diferents, entraran al sorteig d\u2019estades, visites o experi\u00e8ncies gastron\u00f2miques en establiments i\/o empreses de la Conca de Barber\u00e0.<\/strong><\/p>\n<\/div>\n<\/div>\n<\/div>\n<\/div>\n<\/div>\n<\/section>\n","protected":false},"excerpt":{"rendered":"<p>Castell d&#8217;Or hi ser\u00e0 present amb el seu vi Francol\u00ed de la DO Conca de Barber\u00e0 Avui s\u2019ha presentat la 11a edici\u00f3 de la Ruta Gastron\u00f2mica\u00a0Dimecres Tapa. Ruta de Tapes a La Conca de Barber\u00e0 a l\u2019Ajuntament de Montblanc. La presentaci\u00f3 ha comptat amb la pres\u00e8ncia d\u2019Oriol Palliss\u00f3, Alcalde de Montblanc; Ruth Ceperuelo, presidenta de&hellip;&nbsp;<a href=\"https:\/\/castelldor.com\/en\/el-dimecres-tapa-sesten-a-tota-la-comarca\/\" rel=\"bookmark\">Read More &raquo;<span class=\"screen-reader-text\">Comen\u00e7a el Dimecres de Tapa amb la DO Conca de Barber\u00e0<\/span><\/a><\/p>\n","protected":false},"author":2,"featured_media":137275,"comment_status":"closed","ping_status":"closed","sticky":false,"template":"","format":"standard","meta":{"_acf_changed":false,"inline_featured_image":false,"neve_meta_sidebar":"","neve_meta_container":"","neve_meta_enable_content_width":"off","neve_meta_content_width":70,"neve_meta_title_alignment":"","neve_meta_author_avatar":"","neve_post_elements_order":"","neve_meta_disable_header":"","neve_meta_disable_footer":"","neve_meta_disable_title":"","neve_meta_reading_time":"","footnotes":""},"categories":[45],"tags":[],"class_list":["post-137284","post","type-post","status-publish","format-standard","has-post-thumbnail","hentry","category-news"],"acf":[],"yoast_head":"<!-- This site is optimized with the Yoast SEO plugin v27.4 - https:\/\/yoast.com\/product\/yoast-seo-wordpress\/ -->\n<title>Comen\u00e7a el Dimecres de Tapa amb la DO Conca de Barber\u00e0 | Castell d&#039;Or<\/title>\n<meta name=\"description\" content=\"Dimecres de Tapa comen\u00e7ar\u00e0 el proper 17 de juliol i s\u2019allargar\u00e0 fins 28 d\u2019agost amb la DO Conca de Barber\u00e0.\" \/>\n<meta name=\"robots\" content=\"index, follow, max-snippet:-1, max-image-preview:large, max-video-preview:-1\" \/>\n<link rel=\"canonical\" href=\"https:\/\/castelldor.com\/en\/el-dimecres-tapa-sesten-a-tota-la-comarca\/\" \/>\n<meta property=\"og:locale\" content=\"en_US\" \/>\n<meta property=\"og:type\" content=\"article\" \/>\n<meta property=\"og:title\" content=\"Comen\u00e7a el Dimecres de Tapa amb la DO Conca de Barber\u00e0 | Castell d&#039;Or\" \/>\n<meta property=\"og:description\" content=\"Dimecres de Tapa comen\u00e7ar\u00e0 el proper 17 de juliol i s\u2019allargar\u00e0 fins 28 d\u2019agost amb la DO Conca de Barber\u00e0.\" \/>\n<meta property=\"og:url\" content=\"https:\/\/castelldor.com\/en\/el-dimecres-tapa-sesten-a-tota-la-comarca\/\" \/>\n<meta property=\"og:site_name\" content=\"Castell d&#039;Or\" \/>\n<meta property=\"article:published_time\" content=\"2024-07-09T11:29:21+00:00\" \/>\n<meta property=\"article:modified_time\" content=\"2024-07-09T11:41:05+00:00\" \/>\n<meta property=\"og:image\" content=\"https:\/\/castelldor.com\/wp-content\/uploads\/2024\/07\/2beb69e7-e0ac-433e-bfdb-cc1c95a94817.jpg\" \/>\n\t<meta property=\"og:image:width\" content=\"2048\" \/>\n\t<meta property=\"og:image:height\" content=\"1658\" \/>\n\t<meta property=\"og:image:type\" content=\"image\/jpeg\" \/>\n<meta name=\"author\" content=\"Cristina\" \/>\n<meta name=\"twitter:card\" content=\"summary_large_image\" \/>\n<meta name=\"twitter:label1\" content=\"Written by\" \/>\n\t<meta name=\"twitter:data1\" content=\"Cristina\" \/>\n\t<meta name=\"twitter:label2\" content=\"Est. reading time\" \/>\n\t<meta name=\"twitter:data2\" content=\"2 minutes\" \/>\n<script type=\"application\/ld+json\" class=\"yoast-schema-graph\">{\"@context\":\"https:\\\/\\\/schema.org\",\"@graph\":[{\"@type\":\"Article\",\"@id\":\"https:\\\/\\\/castelldor.com\\\/en\\\/el-dimecres-tapa-sesten-a-tota-la-comarca\\\/#article\",\"isPartOf\":{\"@id\":\"https:\\\/\\\/castelldor.com\\\/en\\\/el-dimecres-tapa-sesten-a-tota-la-comarca\\\/\"},\"author\":{\"name\":\"Cristina\",\"@id\":\"https:\\\/\\\/castelldor.com\\\/en\\\/#\\\/schema\\\/person\\\/3800fc91546b8fea5812fe762dd57eab\"},\"headline\":\"Comen\u00e7a el Dimecres de Tapa amb la DO Conca de Barber\u00e0\",\"datePublished\":\"2024-07-09T11:29:21+00:00\",\"dateModified\":\"2024-07-09T11:41:05+00:00\",\"mainEntityOfPage\":{\"@id\":\"https:\\\/\\\/castelldor.com\\\/en\\\/el-dimecres-tapa-sesten-a-tota-la-comarca\\\/\"},\"wordCount\":319,\"publisher\":{\"@id\":\"https:\\\/\\\/castelldor.com\\\/en\\\/#organization\"},\"image\":{\"@id\":\"https:\\\/\\\/castelldor.com\\\/en\\\/el-dimecres-tapa-sesten-a-tota-la-comarca\\\/#primaryimage\"},\"thumbnailUrl\":\"https:\\\/\\\/castelldor.com\\\/wp-content\\\/uploads\\\/2024\\\/07\\\/2beb69e7-e0ac-433e-bfdb-cc1c95a94817.jpg\",\"articleSection\":[\"News\"],\"inLanguage\":\"en-US\"},{\"@type\":\"WebPage\",\"@id\":\"https:\\\/\\\/castelldor.com\\\/en\\\/el-dimecres-tapa-sesten-a-tota-la-comarca\\\/\",\"url\":\"https:\\\/\\\/castelldor.com\\\/en\\\/el-dimecres-tapa-sesten-a-tota-la-comarca\\\/\",\"name\":\"Comen\u00e7a el Dimecres de Tapa amb la DO Conca de Barber\u00e0 | Castell d&#039;Or\",\"isPartOf\":{\"@id\":\"https:\\\/\\\/castelldor.com\\\/en\\\/#website\"},\"primaryImageOfPage\":{\"@id\":\"https:\\\/\\\/castelldor.com\\\/en\\\/el-dimecres-tapa-sesten-a-tota-la-comarca\\\/#primaryimage\"},\"image\":{\"@id\":\"https:\\\/\\\/castelldor.com\\\/en\\\/el-dimecres-tapa-sesten-a-tota-la-comarca\\\/#primaryimage\"},\"thumbnailUrl\":\"https:\\\/\\\/castelldor.com\\\/wp-content\\\/uploads\\\/2024\\\/07\\\/2beb69e7-e0ac-433e-bfdb-cc1c95a94817.jpg\",\"datePublished\":\"2024-07-09T11:29:21+00:00\",\"dateModified\":\"2024-07-09T11:41:05+00:00\",\"description\":\"Dimecres de Tapa comen\u00e7ar\u00e0 el proper 17 de juliol i s\u2019allargar\u00e0 fins 28 d\u2019agost amb la DO Conca de Barber\u00e0.\",\"breadcrumb\":{\"@id\":\"https:\\\/\\\/castelldor.com\\\/en\\\/el-dimecres-tapa-sesten-a-tota-la-comarca\\\/#breadcrumb\"},\"inLanguage\":\"en-US\",\"potentialAction\":[{\"@type\":\"ReadAction\",\"target\":[\"https:\\\/\\\/castelldor.com\\\/en\\\/el-dimecres-tapa-sesten-a-tota-la-comarca\\\/\"]}]},{\"@type\":\"ImageObject\",\"inLanguage\":\"en-US\",\"@id\":\"https:\\\/\\\/castelldor.com\\\/en\\\/el-dimecres-tapa-sesten-a-tota-la-comarca\\\/#primaryimage\",\"url\":\"https:\\\/\\\/castelldor.com\\\/wp-content\\\/uploads\\\/2024\\\/07\\\/2beb69e7-e0ac-433e-bfdb-cc1c95a94817.jpg\",\"contentUrl\":\"https:\\\/\\\/castelldor.com\\\/wp-content\\\/uploads\\\/2024\\\/07\\\/2beb69e7-e0ac-433e-bfdb-cc1c95a94817.jpg\",\"width\":2048,\"height\":1658},{\"@type\":\"BreadcrumbList\",\"@id\":\"https:\\\/\\\/castelldor.com\\\/en\\\/el-dimecres-tapa-sesten-a-tota-la-comarca\\\/#breadcrumb\",\"itemListElement\":[{\"@type\":\"ListItem\",\"position\":1,\"name\":\"Inici\",\"item\":\"https:\\\/\\\/castelldor.com\\\/en\\\/\"},{\"@type\":\"ListItem\",\"position\":2,\"name\":\"Comen\u00e7a el Dimecres de Tapa amb la DO Conca de Barber\u00e0\"}]},{\"@type\":\"WebSite\",\"@id\":\"https:\\\/\\\/castelldor.com\\\/en\\\/#website\",\"url\":\"https:\\\/\\\/castelldor.com\\\/en\\\/\",\"name\":\"Castell d&#039;Or\",\"description\":\"Love people, Love wine\",\"publisher\":{\"@id\":\"https:\\\/\\\/castelldor.com\\\/en\\\/#organization\"},\"potentialAction\":[{\"@type\":\"SearchAction\",\"target\":{\"@type\":\"EntryPoint\",\"urlTemplate\":\"https:\\\/\\\/castelldor.com\\\/en\\\/?s={search_term_string}\"},\"query-input\":{\"@type\":\"PropertyValueSpecification\",\"valueRequired\":true,\"valueName\":\"search_term_string\"}}],\"inLanguage\":\"en-US\"},{\"@type\":\"Organization\",\"@id\":\"https:\\\/\\\/castelldor.com\\\/en\\\/#organization\",\"name\":\"Castell d'Or\",\"url\":\"https:\\\/\\\/castelldor.com\\\/en\\\/\",\"logo\":{\"@type\":\"ImageObject\",\"inLanguage\":\"en-US\",\"@id\":\"https:\\\/\\\/castelldor.com\\\/en\\\/#\\\/schema\\\/logo\\\/image\\\/\",\"url\":\"https:\\\/\\\/castelldor.com\\\/wp-content\\\/uploads\\\/2022\\\/08\\\/Castell-dor-blanc.svg\",\"contentUrl\":\"https:\\\/\\\/castelldor.com\\\/wp-content\\\/uploads\\\/2022\\\/08\\\/Castell-dor-blanc.svg\",\"width\":169,\"height\":61,\"caption\":\"Castell d'Or\"},\"image\":{\"@id\":\"https:\\\/\\\/castelldor.com\\\/en\\\/#\\\/schema\\\/logo\\\/image\\\/\"}},{\"@type\":\"Person\",\"@id\":\"https:\\\/\\\/castelldor.com\\\/en\\\/#\\\/schema\\\/person\\\/3800fc91546b8fea5812fe762dd57eab\",\"name\":\"Cristina\",\"image\":{\"@type\":\"ImageObject\",\"inLanguage\":\"en-US\",\"@id\":\"https:\\\/\\\/secure.gravatar.com\\\/avatar\\\/579c1860b6ddac6d2d774a241f04090d5c13b826525a5d2ed1cf72ca0cce4a17?s=96&d=mm&r=g\",\"url\":\"https:\\\/\\\/secure.gravatar.com\\\/avatar\\\/579c1860b6ddac6d2d774a241f04090d5c13b826525a5d2ed1cf72ca0cce4a17?s=96&d=mm&r=g\",\"contentUrl\":\"https:\\\/\\\/secure.gravatar.com\\\/avatar\\\/579c1860b6ddac6d2d774a241f04090d5c13b826525a5d2ed1cf72ca0cce4a17?s=96&d=mm&r=g\",\"caption\":\"Cristina\"}}]}<\/script>\n<!-- \/ Yoast SEO plugin. -->","yoast_head_json":{"title":"Comen\u00e7a el Dimecres de Tapa amb la DO Conca de Barber\u00e0 | Castell d&#039;Or","description":"Dimecres de Tapa comen\u00e7ar\u00e0 el proper 17 de juliol i s\u2019allargar\u00e0 fins 28 d\u2019agost amb la DO Conca de Barber\u00e0.","robots":{"index":"index","follow":"follow","max-snippet":"max-snippet:-1","max-image-preview":"max-image-preview:large","max-video-preview":"max-video-preview:-1"},"canonical":"https:\/\/castelldor.com\/en\/el-dimecres-tapa-sesten-a-tota-la-comarca\/","og_locale":"en_US","og_type":"article","og_title":"Comen\u00e7a el Dimecres de Tapa amb la DO Conca de Barber\u00e0 | Castell d&#039;Or","og_description":"Dimecres de Tapa comen\u00e7ar\u00e0 el proper 17 de juliol i s\u2019allargar\u00e0 fins 28 d\u2019agost amb la DO Conca de Barber\u00e0.","og_url":"https:\/\/castelldor.com\/en\/el-dimecres-tapa-sesten-a-tota-la-comarca\/","og_site_name":"Castell d&#039;Or","article_published_time":"2024-07-09T11:29:21+00:00","article_modified_time":"2024-07-09T11:41:05+00:00","og_image":[{"width":2048,"height":1658,"url":"https:\/\/castelldor.com\/wp-content\/uploads\/2024\/07\/2beb69e7-e0ac-433e-bfdb-cc1c95a94817.jpg","type":"image\/jpeg"}],"author":"Cristina","twitter_card":"summary_large_image","twitter_misc":{"Written by":"Cristina","Est. reading time":"2 minutes"},"schema":{"@context":"https:\/\/schema.org","@graph":[{"@type":"Article","@id":"https:\/\/castelldor.com\/en\/el-dimecres-tapa-sesten-a-tota-la-comarca\/#article","isPartOf":{"@id":"https:\/\/castelldor.com\/en\/el-dimecres-tapa-sesten-a-tota-la-comarca\/"},"author":{"name":"Cristina","@id":"https:\/\/castelldor.com\/en\/#\/schema\/person\/3800fc91546b8fea5812fe762dd57eab"},"headline":"Comen\u00e7a el Dimecres de Tapa amb la DO Conca de Barber\u00e0","datePublished":"2024-07-09T11:29:21+00:00","dateModified":"2024-07-09T11:41:05+00:00","mainEntityOfPage":{"@id":"https:\/\/castelldor.com\/en\/el-dimecres-tapa-sesten-a-tota-la-comarca\/"},"wordCount":319,"publisher":{"@id":"https:\/\/castelldor.com\/en\/#organization"},"image":{"@id":"https:\/\/castelldor.com\/en\/el-dimecres-tapa-sesten-a-tota-la-comarca\/#primaryimage"},"thumbnailUrl":"https:\/\/castelldor.com\/wp-content\/uploads\/2024\/07\/2beb69e7-e0ac-433e-bfdb-cc1c95a94817.jpg","articleSection":["News"],"inLanguage":"en-US"},{"@type":"WebPage","@id":"https:\/\/castelldor.com\/en\/el-dimecres-tapa-sesten-a-tota-la-comarca\/","url":"https:\/\/castelldor.com\/en\/el-dimecres-tapa-sesten-a-tota-la-comarca\/","name":"Comen\u00e7a el Dimecres de Tapa amb la DO Conca de Barber\u00e0 | Castell d&#039;Or","isPartOf":{"@id":"https:\/\/castelldor.com\/en\/#website"},"primaryImageOfPage":{"@id":"https:\/\/castelldor.com\/en\/el-dimecres-tapa-sesten-a-tota-la-comarca\/#primaryimage"},"image":{"@id":"https:\/\/castelldor.com\/en\/el-dimecres-tapa-sesten-a-tota-la-comarca\/#primaryimage"},"thumbnailUrl":"https:\/\/castelldor.com\/wp-content\/uploads\/2024\/07\/2beb69e7-e0ac-433e-bfdb-cc1c95a94817.jpg","datePublished":"2024-07-09T11:29:21+00:00","dateModified":"2024-07-09T11:41:05+00:00","description":"Dimecres de Tapa comen\u00e7ar\u00e0 el proper 17 de juliol i s\u2019allargar\u00e0 fins 28 d\u2019agost amb la DO Conca de Barber\u00e0.","breadcrumb":{"@id":"https:\/\/castelldor.com\/en\/el-dimecres-tapa-sesten-a-tota-la-comarca\/#breadcrumb"},"inLanguage":"en-US","potentialAction":[{"@type":"ReadAction","target":["https:\/\/castelldor.com\/en\/el-dimecres-tapa-sesten-a-tota-la-comarca\/"]}]},{"@type":"ImageObject","inLanguage":"en-US","@id":"https:\/\/castelldor.com\/en\/el-dimecres-tapa-sesten-a-tota-la-comarca\/#primaryimage","url":"https:\/\/castelldor.com\/wp-content\/uploads\/2024\/07\/2beb69e7-e0ac-433e-bfdb-cc1c95a94817.jpg","contentUrl":"https:\/\/castelldor.com\/wp-content\/uploads\/2024\/07\/2beb69e7-e0ac-433e-bfdb-cc1c95a94817.jpg","width":2048,"height":1658},{"@type":"BreadcrumbList","@id":"https:\/\/castelldor.com\/en\/el-dimecres-tapa-sesten-a-tota-la-comarca\/#breadcrumb","itemListElement":[{"@type":"ListItem","position":1,"name":"Inici","item":"https:\/\/castelldor.com\/en\/"},{"@type":"ListItem","position":2,"name":"Comen\u00e7a el Dimecres de Tapa amb la DO Conca de Barber\u00e0"}]},{"@type":"WebSite","@id":"https:\/\/castelldor.com\/en\/#website","url":"https:\/\/castelldor.com\/en\/","name":"Castell d&#039;Or","description":"Love people, Love wine","publisher":{"@id":"https:\/\/castelldor.com\/en\/#organization"},"potentialAction":[{"@type":"SearchAction","target":{"@type":"EntryPoint","urlTemplate":"https:\/\/castelldor.com\/en\/?s={search_term_string}"},"query-input":{"@type":"PropertyValueSpecification","valueRequired":true,"valueName":"search_term_string"}}],"inLanguage":"en-US"},{"@type":"Organization","@id":"https:\/\/castelldor.com\/en\/#organization","name":"Castell d'Or","url":"https:\/\/castelldor.com\/en\/","logo":{"@type":"ImageObject","inLanguage":"en-US","@id":"https:\/\/castelldor.com\/en\/#\/schema\/logo\/image\/","url":"https:\/\/castelldor.com\/wp-content\/uploads\/2022\/08\/Castell-dor-blanc.svg","contentUrl":"https:\/\/castelldor.com\/wp-content\/uploads\/2022\/08\/Castell-dor-blanc.svg","width":169,"height":61,"caption":"Castell d'Or"},"image":{"@id":"https:\/\/castelldor.com\/en\/#\/schema\/logo\/image\/"}},{"@type":"Person","@id":"https:\/\/castelldor.com\/en\/#\/schema\/person\/3800fc91546b8fea5812fe762dd57eab","name":"Cristina","image":{"@type":"ImageObject","inLanguage":"en-US","@id":"https:\/\/secure.gravatar.com\/avatar\/579c1860b6ddac6d2d774a241f04090d5c13b826525a5d2ed1cf72ca0cce4a17?s=96&d=mm&r=g","url":"https:\/\/secure.gravatar.com\/avatar\/579c1860b6ddac6d2d774a241f04090d5c13b826525a5d2ed1cf72ca0cce4a17?s=96&d=mm&r=g","contentUrl":"https:\/\/secure.gravatar.com\/avatar\/579c1860b6ddac6d2d774a241f04090d5c13b826525a5d2ed1cf72ca0cce4a17?s=96&d=mm&r=g","caption":"Cristina"}}]}},"_links":{"self":[{"href":"https:\/\/castelldor.com\/en\/wp-json\/wp\/v2\/posts\/137284","targetHints":{"allow":["GET"]}}],"collection":[{"href":"https:\/\/castelldor.com\/en\/wp-json\/wp\/v2\/posts"}],"about":[{"href":"https:\/\/castelldor.com\/en\/wp-json\/wp\/v2\/types\/post"}],"author":[{"embeddable":true,"href":"https:\/\/castelldor.com\/en\/wp-json\/wp\/v2\/users\/2"}],"replies":[{"embeddable":true,"href":"https:\/\/castelldor.com\/en\/wp-json\/wp\/v2\/comments?post=137284"}],"version-history":[{"count":2,"href":"https:\/\/castelldor.com\/en\/wp-json\/wp\/v2\/posts\/137284\/revisions"}],"predecessor-version":[{"id":137292,"href":"https:\/\/castelldor.com\/en\/wp-json\/wp\/v2\/posts\/137284\/revisions\/137292"}],"wp:featuredmedia":[{"embeddable":true,"href":"https:\/\/castelldor.com\/en\/wp-json\/wp\/v2\/media\/137275"}],"wp:attachment":[{"href":"https:\/\/castelldor.com\/en\/wp-json\/wp\/v2\/media?parent=137284"}],"wp:term":[{"taxonomy":"category","embeddable":true,"href":"https:\/\/castelldor.com\/en\/wp-json\/wp\/v2\/categories?post=137284"},{"taxonomy":"post_tag","embeddable":true,"href":"https:\/\/castelldor.com\/en\/wp-json\/wp\/v2\/tags?post=137284"}],"curies":[{"name":"wp","href":"https:\/\/api.w.org\/{rel}","templated":true}]}}