{"id":137261,"date":"2024-07-02T11:26:27","date_gmt":"2024-07-02T09:26:27","guid":{"rendered":"https:\/\/castelldor.com\/castell-dor-i-ceolpe-renoven-el-conveni-de-collaboracio-com-a-estrategia-competitiva\/"},"modified":"2024-07-02T12:36:29","modified_gmt":"2024-07-02T10:36:29","slug":"castell-dor-i-ceolpe-renoven-el-conveni-de-collaboracio-com-a-estrategia-competitiva","status":"publish","type":"post","link":"https:\/\/castelldor.com\/en\/castell-dor-i-ceolpe-renoven-el-conveni-de-collaboracio-com-a-estrategia-competitiva\/","title":{"rendered":"Castell d\u2019Or i CEOLPE renoven el conveni de col\u00b7laboraci\u00f3 com a estrat\u00e8gia competitiva"},"content":{"rendered":"<p>El grup Castell d&#8217;Or renova l&#8217;acord de col\u00b7laboraci\u00f3 amb la cooperativa agr\u00e0ria <a href=\"http:\/\/ceolpe.com\/\">CEOLPE<\/a> amb l&#8217;objectiu de complementar-se i refor\u00e7ar la posici\u00f3 estrat\u00e8gica d&#8217;ambdues entitats en el mercat. El president de Castell d&#8217;Or, Adri\u00e0 Rabad\u00e0 i el president de <a href=\"http:\/\/ceolpe.com\/\">CEOLPE<\/a>, Pere Alb\u00e0, han signat recentment l&#8217;acord a les instal\u00b7lacions del grup vitivin\u00edcola.<\/p>\n<p>L&#8217;objectiu \u00e9s unir esfor\u00e7os, optimitzar els recursos i compartir coneixements per tal d&#8217;afavorir la comercialitzaci\u00f3 de la producci\u00f3, tant vin\u00edcola com ole\u00edcola d&#8217;ambdues entitats. D&#8217;aquesta manera les dues organitzacions volen aprofitar l&#8217;estructura i coneixement de l&#8217;altra. Entre els objectius que estableix el conveni estan la <strong>millora de processos de producci\u00f3, la prevenci\u00f3 en el malbaratament alimentari, la producci\u00f3 agr\u00edcola sostenible, la millora energ\u00e8tica en els processos i la millora en la digitalitzaci\u00f3 de les entitats<\/strong>.<\/p>\n<p>El president de Castell d&#8217;Or, Adri\u00e0 Rabad\u00e0, ha explicat que &#8220;<strong>despr\u00e9s de la bona experi\u00e8ncia obtinguda durant aquests anys, volem renovar la col\u00b7laboraci\u00f3 emmarcada en l&#8217;esperit cooperativista d&#8217;ambdues entitats<\/strong>&#8220;. Rabad\u00e0 ha volgut remarcar que \u201c<strong>aquesta alian\u00e7a estrat\u00e8gica ens permet impulsar la nostra competitivitat per\u00f2 tamb\u00e9 el comprom\u00eds amb la sostenibilitat en processos de producci\u00f3\u201d.<\/strong><\/p>\n<p>Per la seva part, el president de CEOLPE, Pere Alb\u00e0 ha destacat que &#8220;<strong>Castell d&#8217;Or t\u00e9 una gran xarxa de distribuci\u00f3 de productes vitivin\u00edcoles de m\u00e0xima qualitat en la qual pot encaixar perfectament l&#8217;oli d&#8217;oliva verge extra produ\u00eft a CEOLPE, l&#8217;oli i el cava s\u00f3n dos productes de la terra, amb una forta tradici\u00f3 al nostre territori en la que han treballat tots els nostres avantpassats i nosaltres hi hem de continuar treballant per aconseguir la m\u00e0xima qualitat<\/strong>&#8220;.<\/p>\n<p>Aquest conveni respon tamb\u00e9 a la cooperaci\u00f3 entre les dues entitats per a poder evolucionar i adaptar-se a les necessitats dels consumidors, que cada dia s\u00f3n m\u00e9s exigents quant a qualitat, responsabilitat social, empresarial i mediambiental.<\/p>\n<p>&nbsp;<\/p>\n<h2><strong>\u00a0<\/strong><strong>Pol\u00edtiques de <a href=\"https:\/\/castelldor.com\/en\/our-commitment\/\">sostenibilitat<\/a><\/strong><\/h2>\n<p>De fet, un dels aspectes m\u00e9s destacats d&#8217;aquest acord \u00e9s implantar de manera conjunta m\u00e9s accions encaminades a promoure una economia sostenible amb la finalitat de fer possible una major efici\u00e8ncia energ\u00e8tica. Les entitats aposten per fer un \u00fas m\u00e9s eficient i racional dels recursos, implantant en les seves pol\u00edtiques empresarials els principis de l&#8217;economia circular i bio sostenible, com ara, reduir el malbaratament de recursos, identificant i creant noves oportunitats de creixement econ\u00f2mic, impulsant la innovaci\u00f3 i la competitivitat, i implantant mesures que contribueixen a la lluita contra al canvi clim\u00e0tic i la limitaci\u00f3 dels impactes mediambientals derivats de la producci\u00f3. Aquest acord tindr\u00e0 una durada de cinc anys amb la possibilitat de pr\u00f2rroga posteriorment.<\/p>\n<h2><strong>CEOLPE, la cooperativa de l&#8217;oli des de 1998<\/strong><\/h2>\n<p>CEOLPE, SCCL, \u00e9s una cooperativa agr\u00e0ria de segon grau que t\u00e9 per objecte, d&#8217;entre altres, la recepci\u00f3 de les olives dels seus socis i la seva posterior transformaci\u00f3 mitjan\u00e7ant la utilitzaci\u00f3 de la m\u00e9s moderna tecnologia; comercialitzar l&#8217;oli obtingut i fomentar la concentraci\u00f3 de l&#8217;oferta i la posada en el mercat; aix\u00ed mateix, reduir costos de producci\u00f3 i valorar preus. Ceolpe, com a cooperativa de segon grau, t\u00e9 per objecte la intercooperaci\u00f3 i la integraci\u00f3 econ\u00f2mica i\/o empresarial dels seus membre. La seva base social est\u00e0 \u00edntegrament formada per cooperatives agr\u00e0ries de primer grau. CEOLPE, SCCL, \u00e9s una cooperativa de segon grau que neix a l&#8217;any 1988 com a CENTRE OLE\u00cdCOLA DEL PENED\u00c8S, SCCL (CEOLPE).<\/p>\n<p>&nbsp;<\/p>\n<h2><strong>Castell d&#8217;Or, la uni\u00f3 de 16 cellers<\/strong><\/h2>\n<p>Castell d\u2019Or est\u00e0 format per 16 cellers de diferents zones vitivin\u00edcoles del Pened\u00e8s, el Baix Pened\u00e8s, la Conca de Barber\u00e0, Alt Camp, Tarragona i Lleida. \u00c9s la uni\u00f3 de m\u00e9s de 2.200 fam\u00edlies d\u2019agricultors que des de fa m\u00e9s de cent anys, generaci\u00f3 rere generaci\u00f3, conreen la vinya i elaboren vins i caves amb qualitat i car\u00e0cter. Aquests cellers, amb una hist\u00f2ria centen\u00e0ria, aposten per unir els seus esfor\u00e7os i coneixements en els processos de producci\u00f3, elaboraci\u00f3, envasat i distribuci\u00f3 de vins, caves i olis pr\u00e8mium.<\/p>\n","protected":false},"excerpt":{"rendered":"<p>El grup Castell d&#8217;Or renova l&#8217;acord de col\u00b7laboraci\u00f3 amb la cooperativa agr\u00e0ria CEOLPE amb l&#8217;objectiu de complementar-se i refor\u00e7ar la posici\u00f3 estrat\u00e8gica d&#8217;ambdues entitats en el mercat. El president de Castell d&#8217;Or, Adri\u00e0 Rabad\u00e0 i el president de CEOLPE, Pere Alb\u00e0, han signat recentment l&#8217;acord a les instal\u00b7lacions del grup vitivin\u00edcola. L&#8217;objectiu \u00e9s unir esfor\u00e7os,&hellip;&nbsp;<a href=\"https:\/\/castelldor.com\/en\/castell-dor-i-ceolpe-renoven-el-conveni-de-collaboracio-com-a-estrategia-competitiva\/\" rel=\"bookmark\">Read More &raquo;<span class=\"screen-reader-text\">Castell d\u2019Or i CEOLPE renoven el conveni de col\u00b7laboraci\u00f3 com a estrat\u00e8gia competitiva<\/span><\/a><\/p>\n","protected":false},"author":2,"featured_media":137252,"comment_status":"closed","ping_status":"closed","sticky":false,"template":"","format":"standard","meta":{"_acf_changed":false,"inline_featured_image":false,"neve_meta_sidebar":"","neve_meta_container":"","neve_meta_enable_content_width":"off","neve_meta_content_width":70,"neve_meta_title_alignment":"","neve_meta_author_avatar":"","neve_post_elements_order":"","neve_meta_disable_header":"","neve_meta_disable_footer":"","neve_meta_disable_title":"","neve_meta_reading_time":"","footnotes":""},"categories":[45],"tags":[],"class_list":["post-137261","post","type-post","status-publish","format-standard","has-post-thumbnail","hentry","category-news"],"acf":[],"yoast_head":"<!-- This site is optimized with the Yoast SEO plugin v27.4 - https:\/\/yoast.com\/product\/yoast-seo-wordpress\/ -->\n<title>Castell d\u2019Or i CEOLPE renoven el conveni de col\u00b7laboraci\u00f3 | Castell d&#039;Or<\/title>\n<meta name=\"description\" content=\"El grup Castell d&#039;Or renova l&#039;acord de col\u00b7laboraci\u00f3 amb la cooperativa agr\u00e0ria CEOLPE amb l&#039;objectiu de complementar-se.\" \/>\n<meta name=\"robots\" content=\"index, follow, max-snippet:-1, max-image-preview:large, max-video-preview:-1\" \/>\n<link rel=\"canonical\" href=\"https:\/\/castelldor.com\/en\/castell-dor-i-ceolpe-renoven-el-conveni-de-collaboracio-com-a-estrategia-competitiva\/\" \/>\n<meta property=\"og:locale\" content=\"en_US\" \/>\n<meta property=\"og:type\" content=\"article\" \/>\n<meta property=\"og:title\" content=\"Castell d\u2019Or i CEOLPE renoven el conveni de col\u00b7laboraci\u00f3 | Castell d&#039;Or\" \/>\n<meta property=\"og:description\" content=\"El grup Castell d&#039;Or renova l&#039;acord de col\u00b7laboraci\u00f3 amb la cooperativa agr\u00e0ria CEOLPE amb l&#039;objectiu de complementar-se.\" \/>\n<meta property=\"og:url\" content=\"https:\/\/castelldor.com\/en\/castell-dor-i-ceolpe-renoven-el-conveni-de-collaboracio-com-a-estrategia-competitiva\/\" \/>\n<meta property=\"og:site_name\" content=\"Castell d&#039;Or\" \/>\n<meta property=\"article:published_time\" content=\"2024-07-02T09:26:27+00:00\" \/>\n<meta property=\"article:modified_time\" content=\"2024-07-02T10:36:29+00:00\" \/>\n<meta property=\"og:image\" content=\"https:\/\/castelldor.com\/wp-content\/uploads\/2024\/07\/d37f23ac-c0d9-4ba4-a3a1-637093cd1ac2.jpeg\" \/>\n\t<meta property=\"og:image:width\" content=\"1600\" \/>\n\t<meta property=\"og:image:height\" content=\"1204\" \/>\n\t<meta property=\"og:image:type\" content=\"image\/jpeg\" \/>\n<meta name=\"author\" content=\"Cristina\" \/>\n<meta name=\"twitter:card\" content=\"summary_large_image\" \/>\n<meta name=\"twitter:label1\" content=\"Written by\" \/>\n\t<meta name=\"twitter:data1\" content=\"Cristina\" \/>\n\t<meta name=\"twitter:label2\" content=\"Est. reading time\" \/>\n\t<meta name=\"twitter:data2\" content=\"4 minutes\" \/>\n<script type=\"application\/ld+json\" class=\"yoast-schema-graph\">{\"@context\":\"https:\\\/\\\/schema.org\",\"@graph\":[{\"@type\":\"Article\",\"@id\":\"https:\\\/\\\/castelldor.com\\\/en\\\/castell-dor-i-ceolpe-renoven-el-conveni-de-collaboracio-com-a-estrategia-competitiva\\\/#article\",\"isPartOf\":{\"@id\":\"https:\\\/\\\/castelldor.com\\\/en\\\/castell-dor-i-ceolpe-renoven-el-conveni-de-collaboracio-com-a-estrategia-competitiva\\\/\"},\"author\":{\"name\":\"Cristina\",\"@id\":\"https:\\\/\\\/castelldor.com\\\/en\\\/#\\\/schema\\\/person\\\/3800fc91546b8fea5812fe762dd57eab\"},\"headline\":\"Castell d\u2019Or i CEOLPE renoven el conveni de col\u00b7laboraci\u00f3 com a estrat\u00e8gia competitiva\",\"datePublished\":\"2024-07-02T09:26:27+00:00\",\"dateModified\":\"2024-07-02T10:36:29+00:00\",\"mainEntityOfPage\":{\"@id\":\"https:\\\/\\\/castelldor.com\\\/en\\\/castell-dor-i-ceolpe-renoven-el-conveni-de-collaboracio-com-a-estrategia-competitiva\\\/\"},\"wordCount\":724,\"publisher\":{\"@id\":\"https:\\\/\\\/castelldor.com\\\/en\\\/#organization\"},\"image\":{\"@id\":\"https:\\\/\\\/castelldor.com\\\/en\\\/castell-dor-i-ceolpe-renoven-el-conveni-de-collaboracio-com-a-estrategia-competitiva\\\/#primaryimage\"},\"thumbnailUrl\":\"https:\\\/\\\/castelldor.com\\\/wp-content\\\/uploads\\\/2024\\\/07\\\/d37f23ac-c0d9-4ba4-a3a1-637093cd1ac2.jpeg\",\"articleSection\":[\"News\"],\"inLanguage\":\"en-US\"},{\"@type\":\"WebPage\",\"@id\":\"https:\\\/\\\/castelldor.com\\\/en\\\/castell-dor-i-ceolpe-renoven-el-conveni-de-collaboracio-com-a-estrategia-competitiva\\\/\",\"url\":\"https:\\\/\\\/castelldor.com\\\/en\\\/castell-dor-i-ceolpe-renoven-el-conveni-de-collaboracio-com-a-estrategia-competitiva\\\/\",\"name\":\"Castell d\u2019Or i CEOLPE renoven el conveni de col\u00b7laboraci\u00f3 | Castell d&#039;Or\",\"isPartOf\":{\"@id\":\"https:\\\/\\\/castelldor.com\\\/en\\\/#website\"},\"primaryImageOfPage\":{\"@id\":\"https:\\\/\\\/castelldor.com\\\/en\\\/castell-dor-i-ceolpe-renoven-el-conveni-de-collaboracio-com-a-estrategia-competitiva\\\/#primaryimage\"},\"image\":{\"@id\":\"https:\\\/\\\/castelldor.com\\\/en\\\/castell-dor-i-ceolpe-renoven-el-conveni-de-collaboracio-com-a-estrategia-competitiva\\\/#primaryimage\"},\"thumbnailUrl\":\"https:\\\/\\\/castelldor.com\\\/wp-content\\\/uploads\\\/2024\\\/07\\\/d37f23ac-c0d9-4ba4-a3a1-637093cd1ac2.jpeg\",\"datePublished\":\"2024-07-02T09:26:27+00:00\",\"dateModified\":\"2024-07-02T10:36:29+00:00\",\"description\":\"El grup Castell d'Or renova l'acord de col\u00b7laboraci\u00f3 amb la cooperativa agr\u00e0ria CEOLPE amb l'objectiu de complementar-se.\",\"breadcrumb\":{\"@id\":\"https:\\\/\\\/castelldor.com\\\/en\\\/castell-dor-i-ceolpe-renoven-el-conveni-de-collaboracio-com-a-estrategia-competitiva\\\/#breadcrumb\"},\"inLanguage\":\"en-US\",\"potentialAction\":[{\"@type\":\"ReadAction\",\"target\":[\"https:\\\/\\\/castelldor.com\\\/en\\\/castell-dor-i-ceolpe-renoven-el-conveni-de-collaboracio-com-a-estrategia-competitiva\\\/\"]}]},{\"@type\":\"ImageObject\",\"inLanguage\":\"en-US\",\"@id\":\"https:\\\/\\\/castelldor.com\\\/en\\\/castell-dor-i-ceolpe-renoven-el-conveni-de-collaboracio-com-a-estrategia-competitiva\\\/#primaryimage\",\"url\":\"https:\\\/\\\/castelldor.com\\\/wp-content\\\/uploads\\\/2024\\\/07\\\/d37f23ac-c0d9-4ba4-a3a1-637093cd1ac2.jpeg\",\"contentUrl\":\"https:\\\/\\\/castelldor.com\\\/wp-content\\\/uploads\\\/2024\\\/07\\\/d37f23ac-c0d9-4ba4-a3a1-637093cd1ac2.jpeg\",\"width\":1600,\"height\":1204},{\"@type\":\"BreadcrumbList\",\"@id\":\"https:\\\/\\\/castelldor.com\\\/en\\\/castell-dor-i-ceolpe-renoven-el-conveni-de-collaboracio-com-a-estrategia-competitiva\\\/#breadcrumb\",\"itemListElement\":[{\"@type\":\"ListItem\",\"position\":1,\"name\":\"Inici\",\"item\":\"https:\\\/\\\/castelldor.com\\\/en\\\/\"},{\"@type\":\"ListItem\",\"position\":2,\"name\":\"Castell d\u2019Or i CEOLPE renoven el conveni de col\u00b7laboraci\u00f3 com a estrat\u00e8gia competitiva\"}]},{\"@type\":\"WebSite\",\"@id\":\"https:\\\/\\\/castelldor.com\\\/en\\\/#website\",\"url\":\"https:\\\/\\\/castelldor.com\\\/en\\\/\",\"name\":\"Castell d&#039;Or\",\"description\":\"Love people, Love wine\",\"publisher\":{\"@id\":\"https:\\\/\\\/castelldor.com\\\/en\\\/#organization\"},\"potentialAction\":[{\"@type\":\"SearchAction\",\"target\":{\"@type\":\"EntryPoint\",\"urlTemplate\":\"https:\\\/\\\/castelldor.com\\\/en\\\/?s={search_term_string}\"},\"query-input\":{\"@type\":\"PropertyValueSpecification\",\"valueRequired\":true,\"valueName\":\"search_term_string\"}}],\"inLanguage\":\"en-US\"},{\"@type\":\"Organization\",\"@id\":\"https:\\\/\\\/castelldor.com\\\/en\\\/#organization\",\"name\":\"Castell d'Or\",\"url\":\"https:\\\/\\\/castelldor.com\\\/en\\\/\",\"logo\":{\"@type\":\"ImageObject\",\"inLanguage\":\"en-US\",\"@id\":\"https:\\\/\\\/castelldor.com\\\/en\\\/#\\\/schema\\\/logo\\\/image\\\/\",\"url\":\"https:\\\/\\\/castelldor.com\\\/wp-content\\\/uploads\\\/2022\\\/08\\\/Castell-dor-blanc.svg\",\"contentUrl\":\"https:\\\/\\\/castelldor.com\\\/wp-content\\\/uploads\\\/2022\\\/08\\\/Castell-dor-blanc.svg\",\"width\":169,\"height\":61,\"caption\":\"Castell d'Or\"},\"image\":{\"@id\":\"https:\\\/\\\/castelldor.com\\\/en\\\/#\\\/schema\\\/logo\\\/image\\\/\"}},{\"@type\":\"Person\",\"@id\":\"https:\\\/\\\/castelldor.com\\\/en\\\/#\\\/schema\\\/person\\\/3800fc91546b8fea5812fe762dd57eab\",\"name\":\"Cristina\",\"image\":{\"@type\":\"ImageObject\",\"inLanguage\":\"en-US\",\"@id\":\"https:\\\/\\\/secure.gravatar.com\\\/avatar\\\/579c1860b6ddac6d2d774a241f04090d5c13b826525a5d2ed1cf72ca0cce4a17?s=96&d=mm&r=g\",\"url\":\"https:\\\/\\\/secure.gravatar.com\\\/avatar\\\/579c1860b6ddac6d2d774a241f04090d5c13b826525a5d2ed1cf72ca0cce4a17?s=96&d=mm&r=g\",\"contentUrl\":\"https:\\\/\\\/secure.gravatar.com\\\/avatar\\\/579c1860b6ddac6d2d774a241f04090d5c13b826525a5d2ed1cf72ca0cce4a17?s=96&d=mm&r=g\",\"caption\":\"Cristina\"}}]}<\/script>\n<!-- \/ Yoast SEO plugin. -->","yoast_head_json":{"title":"Castell d\u2019Or i CEOLPE renoven el conveni de col\u00b7laboraci\u00f3 | Castell d&#039;Or","description":"El grup Castell d'Or renova l'acord de col\u00b7laboraci\u00f3 amb la cooperativa agr\u00e0ria CEOLPE amb l'objectiu de complementar-se.","robots":{"index":"index","follow":"follow","max-snippet":"max-snippet:-1","max-image-preview":"max-image-preview:large","max-video-preview":"max-video-preview:-1"},"canonical":"https:\/\/castelldor.com\/en\/castell-dor-i-ceolpe-renoven-el-conveni-de-collaboracio-com-a-estrategia-competitiva\/","og_locale":"en_US","og_type":"article","og_title":"Castell d\u2019Or i CEOLPE renoven el conveni de col\u00b7laboraci\u00f3 | Castell d&#039;Or","og_description":"El grup Castell d'Or renova l'acord de col\u00b7laboraci\u00f3 amb la cooperativa agr\u00e0ria CEOLPE amb l'objectiu de complementar-se.","og_url":"https:\/\/castelldor.com\/en\/castell-dor-i-ceolpe-renoven-el-conveni-de-collaboracio-com-a-estrategia-competitiva\/","og_site_name":"Castell d&#039;Or","article_published_time":"2024-07-02T09:26:27+00:00","article_modified_time":"2024-07-02T10:36:29+00:00","og_image":[{"width":1600,"height":1204,"url":"https:\/\/castelldor.com\/wp-content\/uploads\/2024\/07\/d37f23ac-c0d9-4ba4-a3a1-637093cd1ac2.jpeg","type":"image\/jpeg"}],"author":"Cristina","twitter_card":"summary_large_image","twitter_misc":{"Written by":"Cristina","Est. reading time":"4 minutes"},"schema":{"@context":"https:\/\/schema.org","@graph":[{"@type":"Article","@id":"https:\/\/castelldor.com\/en\/castell-dor-i-ceolpe-renoven-el-conveni-de-collaboracio-com-a-estrategia-competitiva\/#article","isPartOf":{"@id":"https:\/\/castelldor.com\/en\/castell-dor-i-ceolpe-renoven-el-conveni-de-collaboracio-com-a-estrategia-competitiva\/"},"author":{"name":"Cristina","@id":"https:\/\/castelldor.com\/en\/#\/schema\/person\/3800fc91546b8fea5812fe762dd57eab"},"headline":"Castell d\u2019Or i CEOLPE renoven el conveni de col\u00b7laboraci\u00f3 com a estrat\u00e8gia competitiva","datePublished":"2024-07-02T09:26:27+00:00","dateModified":"2024-07-02T10:36:29+00:00","mainEntityOfPage":{"@id":"https:\/\/castelldor.com\/en\/castell-dor-i-ceolpe-renoven-el-conveni-de-collaboracio-com-a-estrategia-competitiva\/"},"wordCount":724,"publisher":{"@id":"https:\/\/castelldor.com\/en\/#organization"},"image":{"@id":"https:\/\/castelldor.com\/en\/castell-dor-i-ceolpe-renoven-el-conveni-de-collaboracio-com-a-estrategia-competitiva\/#primaryimage"},"thumbnailUrl":"https:\/\/castelldor.com\/wp-content\/uploads\/2024\/07\/d37f23ac-c0d9-4ba4-a3a1-637093cd1ac2.jpeg","articleSection":["News"],"inLanguage":"en-US"},{"@type":"WebPage","@id":"https:\/\/castelldor.com\/en\/castell-dor-i-ceolpe-renoven-el-conveni-de-collaboracio-com-a-estrategia-competitiva\/","url":"https:\/\/castelldor.com\/en\/castell-dor-i-ceolpe-renoven-el-conveni-de-collaboracio-com-a-estrategia-competitiva\/","name":"Castell d\u2019Or i CEOLPE renoven el conveni de col\u00b7laboraci\u00f3 | Castell d&#039;Or","isPartOf":{"@id":"https:\/\/castelldor.com\/en\/#website"},"primaryImageOfPage":{"@id":"https:\/\/castelldor.com\/en\/castell-dor-i-ceolpe-renoven-el-conveni-de-collaboracio-com-a-estrategia-competitiva\/#primaryimage"},"image":{"@id":"https:\/\/castelldor.com\/en\/castell-dor-i-ceolpe-renoven-el-conveni-de-collaboracio-com-a-estrategia-competitiva\/#primaryimage"},"thumbnailUrl":"https:\/\/castelldor.com\/wp-content\/uploads\/2024\/07\/d37f23ac-c0d9-4ba4-a3a1-637093cd1ac2.jpeg","datePublished":"2024-07-02T09:26:27+00:00","dateModified":"2024-07-02T10:36:29+00:00","description":"El grup Castell d'Or renova l'acord de col\u00b7laboraci\u00f3 amb la cooperativa agr\u00e0ria CEOLPE amb l'objectiu de complementar-se.","breadcrumb":{"@id":"https:\/\/castelldor.com\/en\/castell-dor-i-ceolpe-renoven-el-conveni-de-collaboracio-com-a-estrategia-competitiva\/#breadcrumb"},"inLanguage":"en-US","potentialAction":[{"@type":"ReadAction","target":["https:\/\/castelldor.com\/en\/castell-dor-i-ceolpe-renoven-el-conveni-de-collaboracio-com-a-estrategia-competitiva\/"]}]},{"@type":"ImageObject","inLanguage":"en-US","@id":"https:\/\/castelldor.com\/en\/castell-dor-i-ceolpe-renoven-el-conveni-de-collaboracio-com-a-estrategia-competitiva\/#primaryimage","url":"https:\/\/castelldor.com\/wp-content\/uploads\/2024\/07\/d37f23ac-c0d9-4ba4-a3a1-637093cd1ac2.jpeg","contentUrl":"https:\/\/castelldor.com\/wp-content\/uploads\/2024\/07\/d37f23ac-c0d9-4ba4-a3a1-637093cd1ac2.jpeg","width":1600,"height":1204},{"@type":"BreadcrumbList","@id":"https:\/\/castelldor.com\/en\/castell-dor-i-ceolpe-renoven-el-conveni-de-collaboracio-com-a-estrategia-competitiva\/#breadcrumb","itemListElement":[{"@type":"ListItem","position":1,"name":"Inici","item":"https:\/\/castelldor.com\/en\/"},{"@type":"ListItem","position":2,"name":"Castell d\u2019Or i CEOLPE renoven el conveni de col\u00b7laboraci\u00f3 com a estrat\u00e8gia competitiva"}]},{"@type":"WebSite","@id":"https:\/\/castelldor.com\/en\/#website","url":"https:\/\/castelldor.com\/en\/","name":"Castell d&#039;Or","description":"Love people, Love wine","publisher":{"@id":"https:\/\/castelldor.com\/en\/#organization"},"potentialAction":[{"@type":"SearchAction","target":{"@type":"EntryPoint","urlTemplate":"https:\/\/castelldor.com\/en\/?s={search_term_string}"},"query-input":{"@type":"PropertyValueSpecification","valueRequired":true,"valueName":"search_term_string"}}],"inLanguage":"en-US"},{"@type":"Organization","@id":"https:\/\/castelldor.com\/en\/#organization","name":"Castell d'Or","url":"https:\/\/castelldor.com\/en\/","logo":{"@type":"ImageObject","inLanguage":"en-US","@id":"https:\/\/castelldor.com\/en\/#\/schema\/logo\/image\/","url":"https:\/\/castelldor.com\/wp-content\/uploads\/2022\/08\/Castell-dor-blanc.svg","contentUrl":"https:\/\/castelldor.com\/wp-content\/uploads\/2022\/08\/Castell-dor-blanc.svg","width":169,"height":61,"caption":"Castell d'Or"},"image":{"@id":"https:\/\/castelldor.com\/en\/#\/schema\/logo\/image\/"}},{"@type":"Person","@id":"https:\/\/castelldor.com\/en\/#\/schema\/person\/3800fc91546b8fea5812fe762dd57eab","name":"Cristina","image":{"@type":"ImageObject","inLanguage":"en-US","@id":"https:\/\/secure.gravatar.com\/avatar\/579c1860b6ddac6d2d774a241f04090d5c13b826525a5d2ed1cf72ca0cce4a17?s=96&d=mm&r=g","url":"https:\/\/secure.gravatar.com\/avatar\/579c1860b6ddac6d2d774a241f04090d5c13b826525a5d2ed1cf72ca0cce4a17?s=96&d=mm&r=g","contentUrl":"https:\/\/secure.gravatar.com\/avatar\/579c1860b6ddac6d2d774a241f04090d5c13b826525a5d2ed1cf72ca0cce4a17?s=96&d=mm&r=g","caption":"Cristina"}}]}},"_links":{"self":[{"href":"https:\/\/castelldor.com\/en\/wp-json\/wp\/v2\/posts\/137261","targetHints":{"allow":["GET"]}}],"collection":[{"href":"https:\/\/castelldor.com\/en\/wp-json\/wp\/v2\/posts"}],"about":[{"href":"https:\/\/castelldor.com\/en\/wp-json\/wp\/v2\/types\/post"}],"author":[{"embeddable":true,"href":"https:\/\/castelldor.com\/en\/wp-json\/wp\/v2\/users\/2"}],"replies":[{"embeddable":true,"href":"https:\/\/castelldor.com\/en\/wp-json\/wp\/v2\/comments?post=137261"}],"version-history":[{"count":1,"href":"https:\/\/castelldor.com\/en\/wp-json\/wp\/v2\/posts\/137261\/revisions"}],"predecessor-version":[{"id":137266,"href":"https:\/\/castelldor.com\/en\/wp-json\/wp\/v2\/posts\/137261\/revisions\/137266"}],"wp:featuredmedia":[{"embeddable":true,"href":"https:\/\/castelldor.com\/en\/wp-json\/wp\/v2\/media\/137252"}],"wp:attachment":[{"href":"https:\/\/castelldor.com\/en\/wp-json\/wp\/v2\/media?parent=137261"}],"wp:term":[{"taxonomy":"category","embeddable":true,"href":"https:\/\/castelldor.com\/en\/wp-json\/wp\/v2\/categories?post=137261"},{"taxonomy":"post_tag","embeddable":true,"href":"https:\/\/castelldor.com\/en\/wp-json\/wp\/v2\/tags?post=137261"}],"curies":[{"name":"wp","href":"https:\/\/api.w.org\/{rel}","templated":true}]}}