{"id":136665,"date":"2024-05-20T15:40:32","date_gmt":"2024-05-20T13:40:32","guid":{"rendered":"https:\/\/castelldor.com\/castell-dor-acull-una-nova-activitat-dins-de-la-primavera-del-cava\/"},"modified":"2024-05-22T08:49:10","modified_gmt":"2024-05-22T06:49:10","slug":"castell-dor-acull-una-nova-activitat-dins-de-la-primavera-del-cava","status":"publish","type":"post","link":"https:\/\/castelldor.com\/en\/castell-dor-acull-una-nova-activitat-dins-de-la-primavera-del-cava\/","title":{"rendered":"Castell d\u2019Or acull una nova activitat dins de la Primavera del Cava"},"content":{"rendered":"<header class=\"interior-header\">Castell d\u2019Or ha acollit aquest diumenge 19 de maig, una nova edici\u00f3 de <strong>La Primavera del Cava<\/strong>, en la qual els assistents han pogut gaudir d\u2019un tast de tres caves de la firma amb l\u2019acompanyament d\u2019un aperitiu amb formatges i embotits gurmets.A m\u00e9s, la proposta <strong>Rhythm &amp; Cava<\/strong> tamb\u00e9 ha incl\u00f2s una sessi\u00f3 musical del duo ac\u00fastic <strong>Pepper and Soul<\/strong>, amb un repertori dels temes de les grans estrelles musicals de tots els temps. Durant l&#8217;esdeveniment, va haver un ambient festiu i la gent va gaudir tant de la m\u00fasica com de l&#8217;ambient, creant una experi\u00e8ncia agradable per a tots els presents.<\/header>\n<header><\/header>\n<header><\/header>\n<header><\/header>\n<header><\/header>\n<header><\/header>\n<header><\/header>\n<header><\/header>\n<header class=\"interior-header\">Cal destacar que aquesta iniciativa s&#8217;emmarca en la proposta que impulsa <strong><a href=\"https:\/\/aecava.com\/ca\/\">l\u2019AECAVA<\/a>, l\u2019Associaci\u00f3 d\u2019Elaboradors de Cava,<\/strong> on han participat un total de setze cellers amb activitats diverses de la comarca de l\u2019Alt Camp, Conca de Barber\u00e0, Alt Pened\u00e8s i Alella.\u00a0Les activitats de <a href=\"http:\/\/www.laprimaveradelcava.com\/\"><strong>La Primavera del Cava<\/strong><\/a>, pensades per a tots els p\u00fablics, a prop de les vinyes, amb aforaments redu\u00efts i reserva pr\u00e8via. Per a tenir m\u00e9s informaci\u00f3 i comprar entrades:\u00a0<a href=\"http:\/\/www.laprimaveradelcava.com\/\">www.laprimaveradelcava.com<\/a>\u00a0<\/header>\n<header class=\"interior-header\">En total, un grup de 18 cellers elaboradors de Cava ubicats a l\u2019Alt Pened\u00e8s, l\u2019Alt Camp, Alella i la Conca de Barber\u00e0, participen a la sisena edici\u00f3 de\u00a0<a href=\"http:\/\/www.laprimaveradelcava.com\/\">La Primavera del Cava<\/a>.<\/header>\n<div class=\"interior-main\">\n<div class=\"interior-main__content\">\n<p>&nbsp;<\/p>\n<p>&nbsp;<\/p>\n<\/div>\n<\/div>\n","protected":false},"excerpt":{"rendered":"<p>Castell d\u2019Or ha acollit aquest diumenge 19 de maig, una nova edici\u00f3 de La Primavera del Cava, en la qual els assistents han pogut gaudir d\u2019un tast de tres caves de la firma amb l\u2019acompanyament d\u2019un aperitiu amb formatges i embotits gurmets.A m\u00e9s, la proposta Rhythm &amp; Cava tamb\u00e9 ha incl\u00f2s una sessi\u00f3 musical del&hellip;&nbsp;<a href=\"https:\/\/castelldor.com\/en\/castell-dor-acull-una-nova-activitat-dins-de-la-primavera-del-cava\/\" rel=\"bookmark\">Read More &raquo;<span class=\"screen-reader-text\">Castell d\u2019Or acull una nova activitat dins de la Primavera del Cava<\/span><\/a><\/p>\n","protected":false},"author":2,"featured_media":136725,"comment_status":"closed","ping_status":"closed","sticky":false,"template":"","format":"standard","meta":{"_acf_changed":false,"inline_featured_image":false,"neve_meta_sidebar":"","neve_meta_container":"","neve_meta_enable_content_width":"off","neve_meta_content_width":70,"neve_meta_title_alignment":"","neve_meta_author_avatar":"","neve_post_elements_order":"","neve_meta_disable_header":"","neve_meta_disable_footer":"","neve_meta_disable_title":"","neve_meta_reading_time":"","footnotes":""},"categories":[45],"tags":[],"class_list":["post-136665","post","type-post","status-publish","format-standard","has-post-thumbnail","hentry","category-news"],"acf":[],"yoast_head":"<!-- This site is optimized with the Yoast SEO plugin v27.4 - https:\/\/yoast.com\/product\/yoast-seo-wordpress\/ -->\n<title>Castell d\u2019Or acull una nova activitat dins de la Primavera del Cava | Castell d&#039;Or<\/title>\n<meta name=\"description\" content=\"Castell d\u2019Or ha acollit una nova edici\u00f3 de La Primavera del Cava, en la qual els assistents han pogut gaudir d\u2019un tast de tres caves.\" \/>\n<meta name=\"robots\" content=\"index, follow, max-snippet:-1, max-image-preview:large, max-video-preview:-1\" \/>\n<link rel=\"canonical\" href=\"https:\/\/castelldor.com\/en\/castell-dor-acull-una-nova-activitat-dins-de-la-primavera-del-cava\/\" \/>\n<meta property=\"og:locale\" content=\"en_US\" \/>\n<meta property=\"og:type\" content=\"article\" \/>\n<meta property=\"og:title\" content=\"Castell d\u2019Or acull una nova activitat dins de la Primavera del Cava | Castell d&#039;Or\" \/>\n<meta property=\"og:description\" content=\"Castell d\u2019Or ha acollit una nova edici\u00f3 de La Primavera del Cava, en la qual els assistents han pogut gaudir d\u2019un tast de tres caves.\" \/>\n<meta property=\"og:url\" content=\"https:\/\/castelldor.com\/en\/castell-dor-acull-una-nova-activitat-dins-de-la-primavera-del-cava\/\" \/>\n<meta property=\"og:site_name\" content=\"Castell d&#039;Or\" \/>\n<meta property=\"article:published_time\" content=\"2024-05-20T13:40:32+00:00\" \/>\n<meta property=\"article:modified_time\" content=\"2024-05-22T06:49:10+00:00\" \/>\n<meta property=\"og:image\" content=\"https:\/\/castelldor.com\/wp-content\/uploads\/2024\/05\/MG_3608.jpg\" \/>\n\t<meta property=\"og:image:width\" content=\"1600\" \/>\n\t<meta property=\"og:image:height\" content=\"1066\" \/>\n\t<meta property=\"og:image:type\" content=\"image\/jpeg\" \/>\n<meta name=\"author\" content=\"Cristina\" \/>\n<meta name=\"twitter:card\" content=\"summary_large_image\" \/>\n<meta name=\"twitter:label1\" content=\"Written by\" \/>\n\t<meta name=\"twitter:data1\" content=\"Cristina\" \/>\n\t<meta name=\"twitter:label2\" content=\"Est. reading time\" \/>\n\t<meta name=\"twitter:data2\" content=\"2 minutes\" \/>\n<script type=\"application\/ld+json\" class=\"yoast-schema-graph\">{\"@context\":\"https:\\\/\\\/schema.org\",\"@graph\":[{\"@type\":\"Article\",\"@id\":\"https:\\\/\\\/castelldor.com\\\/en\\\/castell-dor-acull-una-nova-activitat-dins-de-la-primavera-del-cava\\\/#article\",\"isPartOf\":{\"@id\":\"https:\\\/\\\/castelldor.com\\\/en\\\/castell-dor-acull-una-nova-activitat-dins-de-la-primavera-del-cava\\\/\"},\"author\":{\"name\":\"Cristina\",\"@id\":\"https:\\\/\\\/castelldor.com\\\/en\\\/#\\\/schema\\\/person\\\/3800fc91546b8fea5812fe762dd57eab\"},\"headline\":\"Castell d\u2019Or acull una nova activitat dins de la Primavera del Cava\",\"datePublished\":\"2024-05-20T13:40:32+00:00\",\"dateModified\":\"2024-05-22T06:49:10+00:00\",\"mainEntityOfPage\":{\"@id\":\"https:\\\/\\\/castelldor.com\\\/en\\\/castell-dor-acull-una-nova-activitat-dins-de-la-primavera-del-cava\\\/\"},\"wordCount\":247,\"publisher\":{\"@id\":\"https:\\\/\\\/castelldor.com\\\/en\\\/#organization\"},\"image\":{\"@id\":\"https:\\\/\\\/castelldor.com\\\/en\\\/castell-dor-acull-una-nova-activitat-dins-de-la-primavera-del-cava\\\/#primaryimage\"},\"thumbnailUrl\":\"https:\\\/\\\/castelldor.com\\\/wp-content\\\/uploads\\\/2024\\\/05\\\/MG_3608.jpg\",\"articleSection\":[\"News\"],\"inLanguage\":\"en-US\"},{\"@type\":\"WebPage\",\"@id\":\"https:\\\/\\\/castelldor.com\\\/en\\\/castell-dor-acull-una-nova-activitat-dins-de-la-primavera-del-cava\\\/\",\"url\":\"https:\\\/\\\/castelldor.com\\\/en\\\/castell-dor-acull-una-nova-activitat-dins-de-la-primavera-del-cava\\\/\",\"name\":\"Castell d\u2019Or acull una nova activitat dins de la Primavera del Cava | Castell d&#039;Or\",\"isPartOf\":{\"@id\":\"https:\\\/\\\/castelldor.com\\\/en\\\/#website\"},\"primaryImageOfPage\":{\"@id\":\"https:\\\/\\\/castelldor.com\\\/en\\\/castell-dor-acull-una-nova-activitat-dins-de-la-primavera-del-cava\\\/#primaryimage\"},\"image\":{\"@id\":\"https:\\\/\\\/castelldor.com\\\/en\\\/castell-dor-acull-una-nova-activitat-dins-de-la-primavera-del-cava\\\/#primaryimage\"},\"thumbnailUrl\":\"https:\\\/\\\/castelldor.com\\\/wp-content\\\/uploads\\\/2024\\\/05\\\/MG_3608.jpg\",\"datePublished\":\"2024-05-20T13:40:32+00:00\",\"dateModified\":\"2024-05-22T06:49:10+00:00\",\"description\":\"Castell d\u2019Or ha acollit una nova edici\u00f3 de La Primavera del Cava, en la qual els assistents han pogut gaudir d\u2019un tast de tres caves.\",\"breadcrumb\":{\"@id\":\"https:\\\/\\\/castelldor.com\\\/en\\\/castell-dor-acull-una-nova-activitat-dins-de-la-primavera-del-cava\\\/#breadcrumb\"},\"inLanguage\":\"en-US\",\"potentialAction\":[{\"@type\":\"ReadAction\",\"target\":[\"https:\\\/\\\/castelldor.com\\\/en\\\/castell-dor-acull-una-nova-activitat-dins-de-la-primavera-del-cava\\\/\"]}]},{\"@type\":\"ImageObject\",\"inLanguage\":\"en-US\",\"@id\":\"https:\\\/\\\/castelldor.com\\\/en\\\/castell-dor-acull-una-nova-activitat-dins-de-la-primavera-del-cava\\\/#primaryimage\",\"url\":\"https:\\\/\\\/castelldor.com\\\/wp-content\\\/uploads\\\/2024\\\/05\\\/MG_3608.jpg\",\"contentUrl\":\"https:\\\/\\\/castelldor.com\\\/wp-content\\\/uploads\\\/2024\\\/05\\\/MG_3608.jpg\",\"width\":1600,\"height\":1066},{\"@type\":\"BreadcrumbList\",\"@id\":\"https:\\\/\\\/castelldor.com\\\/en\\\/castell-dor-acull-una-nova-activitat-dins-de-la-primavera-del-cava\\\/#breadcrumb\",\"itemListElement\":[{\"@type\":\"ListItem\",\"position\":1,\"name\":\"Inici\",\"item\":\"https:\\\/\\\/castelldor.com\\\/en\\\/\"},{\"@type\":\"ListItem\",\"position\":2,\"name\":\"Castell d\u2019Or acull una nova activitat dins de la Primavera del Cava\"}]},{\"@type\":\"WebSite\",\"@id\":\"https:\\\/\\\/castelldor.com\\\/en\\\/#website\",\"url\":\"https:\\\/\\\/castelldor.com\\\/en\\\/\",\"name\":\"Castell d&#039;Or\",\"description\":\"Love people, Love wine\",\"publisher\":{\"@id\":\"https:\\\/\\\/castelldor.com\\\/en\\\/#organization\"},\"potentialAction\":[{\"@type\":\"SearchAction\",\"target\":{\"@type\":\"EntryPoint\",\"urlTemplate\":\"https:\\\/\\\/castelldor.com\\\/en\\\/?s={search_term_string}\"},\"query-input\":{\"@type\":\"PropertyValueSpecification\",\"valueRequired\":true,\"valueName\":\"search_term_string\"}}],\"inLanguage\":\"en-US\"},{\"@type\":\"Organization\",\"@id\":\"https:\\\/\\\/castelldor.com\\\/en\\\/#organization\",\"name\":\"Castell d'Or\",\"url\":\"https:\\\/\\\/castelldor.com\\\/en\\\/\",\"logo\":{\"@type\":\"ImageObject\",\"inLanguage\":\"en-US\",\"@id\":\"https:\\\/\\\/castelldor.com\\\/en\\\/#\\\/schema\\\/logo\\\/image\\\/\",\"url\":\"https:\\\/\\\/castelldor.com\\\/wp-content\\\/uploads\\\/2022\\\/08\\\/Castell-dor-blanc.svg\",\"contentUrl\":\"https:\\\/\\\/castelldor.com\\\/wp-content\\\/uploads\\\/2022\\\/08\\\/Castell-dor-blanc.svg\",\"width\":169,\"height\":61,\"caption\":\"Castell d'Or\"},\"image\":{\"@id\":\"https:\\\/\\\/castelldor.com\\\/en\\\/#\\\/schema\\\/logo\\\/image\\\/\"}},{\"@type\":\"Person\",\"@id\":\"https:\\\/\\\/castelldor.com\\\/en\\\/#\\\/schema\\\/person\\\/3800fc91546b8fea5812fe762dd57eab\",\"name\":\"Cristina\",\"image\":{\"@type\":\"ImageObject\",\"inLanguage\":\"en-US\",\"@id\":\"https:\\\/\\\/secure.gravatar.com\\\/avatar\\\/579c1860b6ddac6d2d774a241f04090d5c13b826525a5d2ed1cf72ca0cce4a17?s=96&d=mm&r=g\",\"url\":\"https:\\\/\\\/secure.gravatar.com\\\/avatar\\\/579c1860b6ddac6d2d774a241f04090d5c13b826525a5d2ed1cf72ca0cce4a17?s=96&d=mm&r=g\",\"contentUrl\":\"https:\\\/\\\/secure.gravatar.com\\\/avatar\\\/579c1860b6ddac6d2d774a241f04090d5c13b826525a5d2ed1cf72ca0cce4a17?s=96&d=mm&r=g\",\"caption\":\"Cristina\"}}]}<\/script>\n<!-- \/ Yoast SEO plugin. -->","yoast_head_json":{"title":"Castell d\u2019Or acull una nova activitat dins de la Primavera del Cava | Castell d&#039;Or","description":"Castell d\u2019Or ha acollit una nova edici\u00f3 de La Primavera del Cava, en la qual els assistents han pogut gaudir d\u2019un tast de tres caves.","robots":{"index":"index","follow":"follow","max-snippet":"max-snippet:-1","max-image-preview":"max-image-preview:large","max-video-preview":"max-video-preview:-1"},"canonical":"https:\/\/castelldor.com\/en\/castell-dor-acull-una-nova-activitat-dins-de-la-primavera-del-cava\/","og_locale":"en_US","og_type":"article","og_title":"Castell d\u2019Or acull una nova activitat dins de la Primavera del Cava | Castell d&#039;Or","og_description":"Castell d\u2019Or ha acollit una nova edici\u00f3 de La Primavera del Cava, en la qual els assistents han pogut gaudir d\u2019un tast de tres caves.","og_url":"https:\/\/castelldor.com\/en\/castell-dor-acull-una-nova-activitat-dins-de-la-primavera-del-cava\/","og_site_name":"Castell d&#039;Or","article_published_time":"2024-05-20T13:40:32+00:00","article_modified_time":"2024-05-22T06:49:10+00:00","og_image":[{"width":1600,"height":1066,"url":"https:\/\/castelldor.com\/wp-content\/uploads\/2024\/05\/MG_3608.jpg","type":"image\/jpeg"}],"author":"Cristina","twitter_card":"summary_large_image","twitter_misc":{"Written by":"Cristina","Est. reading time":"2 minutes"},"schema":{"@context":"https:\/\/schema.org","@graph":[{"@type":"Article","@id":"https:\/\/castelldor.com\/en\/castell-dor-acull-una-nova-activitat-dins-de-la-primavera-del-cava\/#article","isPartOf":{"@id":"https:\/\/castelldor.com\/en\/castell-dor-acull-una-nova-activitat-dins-de-la-primavera-del-cava\/"},"author":{"name":"Cristina","@id":"https:\/\/castelldor.com\/en\/#\/schema\/person\/3800fc91546b8fea5812fe762dd57eab"},"headline":"Castell d\u2019Or acull una nova activitat dins de la Primavera del Cava","datePublished":"2024-05-20T13:40:32+00:00","dateModified":"2024-05-22T06:49:10+00:00","mainEntityOfPage":{"@id":"https:\/\/castelldor.com\/en\/castell-dor-acull-una-nova-activitat-dins-de-la-primavera-del-cava\/"},"wordCount":247,"publisher":{"@id":"https:\/\/castelldor.com\/en\/#organization"},"image":{"@id":"https:\/\/castelldor.com\/en\/castell-dor-acull-una-nova-activitat-dins-de-la-primavera-del-cava\/#primaryimage"},"thumbnailUrl":"https:\/\/castelldor.com\/wp-content\/uploads\/2024\/05\/MG_3608.jpg","articleSection":["News"],"inLanguage":"en-US"},{"@type":"WebPage","@id":"https:\/\/castelldor.com\/en\/castell-dor-acull-una-nova-activitat-dins-de-la-primavera-del-cava\/","url":"https:\/\/castelldor.com\/en\/castell-dor-acull-una-nova-activitat-dins-de-la-primavera-del-cava\/","name":"Castell d\u2019Or acull una nova activitat dins de la Primavera del Cava | Castell d&#039;Or","isPartOf":{"@id":"https:\/\/castelldor.com\/en\/#website"},"primaryImageOfPage":{"@id":"https:\/\/castelldor.com\/en\/castell-dor-acull-una-nova-activitat-dins-de-la-primavera-del-cava\/#primaryimage"},"image":{"@id":"https:\/\/castelldor.com\/en\/castell-dor-acull-una-nova-activitat-dins-de-la-primavera-del-cava\/#primaryimage"},"thumbnailUrl":"https:\/\/castelldor.com\/wp-content\/uploads\/2024\/05\/MG_3608.jpg","datePublished":"2024-05-20T13:40:32+00:00","dateModified":"2024-05-22T06:49:10+00:00","description":"Castell d\u2019Or ha acollit una nova edici\u00f3 de La Primavera del Cava, en la qual els assistents han pogut gaudir d\u2019un tast de tres caves.","breadcrumb":{"@id":"https:\/\/castelldor.com\/en\/castell-dor-acull-una-nova-activitat-dins-de-la-primavera-del-cava\/#breadcrumb"},"inLanguage":"en-US","potentialAction":[{"@type":"ReadAction","target":["https:\/\/castelldor.com\/en\/castell-dor-acull-una-nova-activitat-dins-de-la-primavera-del-cava\/"]}]},{"@type":"ImageObject","inLanguage":"en-US","@id":"https:\/\/castelldor.com\/en\/castell-dor-acull-una-nova-activitat-dins-de-la-primavera-del-cava\/#primaryimage","url":"https:\/\/castelldor.com\/wp-content\/uploads\/2024\/05\/MG_3608.jpg","contentUrl":"https:\/\/castelldor.com\/wp-content\/uploads\/2024\/05\/MG_3608.jpg","width":1600,"height":1066},{"@type":"BreadcrumbList","@id":"https:\/\/castelldor.com\/en\/castell-dor-acull-una-nova-activitat-dins-de-la-primavera-del-cava\/#breadcrumb","itemListElement":[{"@type":"ListItem","position":1,"name":"Inici","item":"https:\/\/castelldor.com\/en\/"},{"@type":"ListItem","position":2,"name":"Castell d\u2019Or acull una nova activitat dins de la Primavera del Cava"}]},{"@type":"WebSite","@id":"https:\/\/castelldor.com\/en\/#website","url":"https:\/\/castelldor.com\/en\/","name":"Castell d&#039;Or","description":"Love people, Love wine","publisher":{"@id":"https:\/\/castelldor.com\/en\/#organization"},"potentialAction":[{"@type":"SearchAction","target":{"@type":"EntryPoint","urlTemplate":"https:\/\/castelldor.com\/en\/?s={search_term_string}"},"query-input":{"@type":"PropertyValueSpecification","valueRequired":true,"valueName":"search_term_string"}}],"inLanguage":"en-US"},{"@type":"Organization","@id":"https:\/\/castelldor.com\/en\/#organization","name":"Castell d'Or","url":"https:\/\/castelldor.com\/en\/","logo":{"@type":"ImageObject","inLanguage":"en-US","@id":"https:\/\/castelldor.com\/en\/#\/schema\/logo\/image\/","url":"https:\/\/castelldor.com\/wp-content\/uploads\/2022\/08\/Castell-dor-blanc.svg","contentUrl":"https:\/\/castelldor.com\/wp-content\/uploads\/2022\/08\/Castell-dor-blanc.svg","width":169,"height":61,"caption":"Castell d'Or"},"image":{"@id":"https:\/\/castelldor.com\/en\/#\/schema\/logo\/image\/"}},{"@type":"Person","@id":"https:\/\/castelldor.com\/en\/#\/schema\/person\/3800fc91546b8fea5812fe762dd57eab","name":"Cristina","image":{"@type":"ImageObject","inLanguage":"en-US","@id":"https:\/\/secure.gravatar.com\/avatar\/579c1860b6ddac6d2d774a241f04090d5c13b826525a5d2ed1cf72ca0cce4a17?s=96&d=mm&r=g","url":"https:\/\/secure.gravatar.com\/avatar\/579c1860b6ddac6d2d774a241f04090d5c13b826525a5d2ed1cf72ca0cce4a17?s=96&d=mm&r=g","contentUrl":"https:\/\/secure.gravatar.com\/avatar\/579c1860b6ddac6d2d774a241f04090d5c13b826525a5d2ed1cf72ca0cce4a17?s=96&d=mm&r=g","caption":"Cristina"}}]}},"_links":{"self":[{"href":"https:\/\/castelldor.com\/en\/wp-json\/wp\/v2\/posts\/136665","targetHints":{"allow":["GET"]}}],"collection":[{"href":"https:\/\/castelldor.com\/en\/wp-json\/wp\/v2\/posts"}],"about":[{"href":"https:\/\/castelldor.com\/en\/wp-json\/wp\/v2\/types\/post"}],"author":[{"embeddable":true,"href":"https:\/\/castelldor.com\/en\/wp-json\/wp\/v2\/users\/2"}],"replies":[{"embeddable":true,"href":"https:\/\/castelldor.com\/en\/wp-json\/wp\/v2\/comments?post=136665"}],"version-history":[{"count":8,"href":"https:\/\/castelldor.com\/en\/wp-json\/wp\/v2\/posts\/136665\/revisions"}],"predecessor-version":[{"id":136736,"href":"https:\/\/castelldor.com\/en\/wp-json\/wp\/v2\/posts\/136665\/revisions\/136736"}],"wp:featuredmedia":[{"embeddable":true,"href":"https:\/\/castelldor.com\/en\/wp-json\/wp\/v2\/media\/136725"}],"wp:attachment":[{"href":"https:\/\/castelldor.com\/en\/wp-json\/wp\/v2\/media?parent=136665"}],"wp:term":[{"taxonomy":"category","embeddable":true,"href":"https:\/\/castelldor.com\/en\/wp-json\/wp\/v2\/categories?post=136665"},{"taxonomy":"post_tag","embeddable":true,"href":"https:\/\/castelldor.com\/en\/wp-json\/wp\/v2\/tags?post=136665"}],"curies":[{"name":"wp","href":"https:\/\/api.w.org\/{rel}","templated":true}]}}