{"id":135749,"date":"2024-03-25T14:10:28","date_gmt":"2024-03-25T13:10:28","guid":{"rendered":"https:\/\/castelldor.com\/el-president-de-la-generalitat-visita-les-installacions-de-castell-dor\/"},"modified":"2024-04-10T13:12:40","modified_gmt":"2024-04-10T11:12:40","slug":"the-president-from-catalan-goverment-has-visited-castell-dor","status":"publish","type":"post","link":"https:\/\/castelldor.com\/en\/the-president-from-catalan-goverment-has-visited-castell-dor\/","title":{"rendered":"The President from Catalan Goverment has visited Castell d&#8217;Or"},"content":{"rendered":"<div class=\"w-full text-token-text-primary\" data-testid=\"conversation-turn-2\">\n<div class=\"px-4 py-2 justify-center text-base md:gap-6 m-auto\">\n<div class=\"flex flex-1 text-base mx-auto gap-3 md:px-5 lg:px-1 xl:px-5 md:max-w-3xl lg:max-w-[40rem] xl:max-w-[48rem] group\">\n<div class=\"flex-shrink-0 flex flex-col relative items-end\">\n<div>\n<div class=\"pt-0.5\">\n<div class=\"gizmo-shadow-stroke flex h-6 w-6 items-center justify-center overflow-hidden rounded-full\">The President from Catalan Goverment, Pere Aragon\u00e8s i Garcia, has visited today the facilities of Castell d\u2019Or in Vila-rodona (Alt Camp) accompanied by the President of Castell d\u2019Or, Adri\u00e0 Rabad\u00e0, and the group&#8217;s CEO, Jordi Amell. Also present on this visit were other prominent members such as the territorial delegate of the Government in Tarragona, \u00c0ngel Xifr\u00e8, the director of the Territorial Services in Tarragona, Gl\u00f2ria Tibau, or the vice president of FCAC, Xavier Pi\u00e9, along with the mayor of Vila-rodona, representatives from the Valls Chamber, and other authorities. Also present were representatives of the cooperatives that make up Castell d\u2019Or.<\/div>\n<\/div>\n<\/div>\n<\/div>\n<\/div>\n<\/div>\n<\/div>\n<div class=\"w-full text-token-text-primary\" data-testid=\"conversation-turn-3\">\n<div class=\"px-4 py-2 justify-center text-base md:gap-6 m-auto\">\n<div class=\"flex flex-1 text-base mx-auto gap-3 md:px-5 lg:px-1 xl:px-5 md:max-w-3xl lg:max-w-[40rem] xl:max-w-[48rem] group final-completion\">\n<div class=\"relative flex w-full flex-col agent-turn\">\n<div class=\"flex-col gap-1 md:gap-3\">\n<div class=\"flex flex-grow flex-col max-w-full\">\n<div class=\"min-h-[20px] text-message flex flex-col items-start gap-3 whitespace-pre-wrap break-words [.text-message+&amp;]:mt-5 overflow-x-auto\" data-message-author-role=\"assistant\" data-message-id=\"43f06e2f-67ba-49a0-a6e2-fb4157ec034a\">\n<div class=\"markdown prose w-full break-words dark:prose-invert light\">\n<p>During the visit, President Aragon\u00e8s toured the facilities and had the opportunity to firsthand experience the production process of the group&#8217;s products, as well as its objectives, values, and philosophy. Currently, Castell d\u2019Or has a production capacity of 20 million bottles, as well as a logistic warehouse of 1,840 square meters.<\/p>\n<p>The President of Castell d\u2019Or, Adri\u00e0 Rabad\u00e0, wanted to highlight &#8220;the importance of the cooperative project for the territory and for the wine sector,&#8221; and added &#8220;that the main objective is to generate value so that viticulturists can live decently from the land.&#8221; The President emphasized the cooperative spirit that characterizes Castell d\u2019Or, highlighting its role in the modernization and advancement of the agricultural sector.<\/p>\n<\/div>\n<h2><strong>Castell d\u2019Or, the union of 16 wineries<\/strong><\/h2>\n<p>Castell d\u2019Or was born in 2005 from the union of different wineries from different wine regions of Pened\u00e8s, Conca de Barber\u00e0, Priorat, Tarragona, Terra Alta, and Montsant. There are currently a total of 16 wineries that are part of one of Catalonia\u2019s most representative groups. They work together, combining their efforts and knowledge in the production,\u00a0 packaging and distribution of wines, cavas, and olive oils, raising the standard of quality of their products to obtain recognition and prestige for their brands around the world.<\/p>\n<\/div>\n<\/div>\n<\/div>\n<\/div>\n<\/div>\n<\/div>\n<\/div>\n","protected":false},"excerpt":{"rendered":"<p>The President from Catalan Goverment, Pere Aragon\u00e8s i Garcia, has visited today the facilities of Castell d\u2019Or in Vila-rodona (Alt Camp) accompanied by the President of Castell d\u2019Or, Adri\u00e0 Rabad\u00e0, and the group&#8217;s CEO, Jordi Amell. Also present on this visit were other prominent members such as the territorial delegate of the Government in Tarragona,&hellip;&nbsp;<a href=\"https:\/\/castelldor.com\/en\/the-president-from-catalan-goverment-has-visited-castell-dor\/\" rel=\"bookmark\">Read More &raquo;<span class=\"screen-reader-text\">The President from Catalan Goverment has visited Castell d&#8217;Or<\/span><\/a><\/p>\n","protected":false},"author":2,"featured_media":135729,"comment_status":"closed","ping_status":"closed","sticky":false,"template":"","format":"standard","meta":{"_acf_changed":false,"inline_featured_image":false,"neve_meta_sidebar":"","neve_meta_container":"","neve_meta_enable_content_width":"off","neve_meta_content_width":70,"neve_meta_title_alignment":"","neve_meta_author_avatar":"","neve_post_elements_order":"","neve_meta_disable_header":"","neve_meta_disable_footer":"","neve_meta_disable_title":"","neve_meta_reading_time":"","footnotes":""},"categories":[45],"tags":[],"class_list":["post-135749","post","type-post","status-publish","format-standard","has-post-thumbnail","hentry","category-news"],"acf":[],"yoast_head":"<!-- This site is optimized with the Yoast SEO plugin v27.4 - https:\/\/yoast.com\/product\/yoast-seo-wordpress\/ -->\n<title>The President from Catalan Goverment has visited Castell d&#039;Or| Castell d&#039;Or<\/title>\n<meta name=\"description\" content=\"The President of the Catalan Government has visited Castell d&#039;Or, a project created by the union of 16 cooperatives.\" \/>\n<meta name=\"robots\" content=\"index, follow, max-snippet:-1, max-image-preview:large, max-video-preview:-1\" \/>\n<link rel=\"canonical\" href=\"https:\/\/castelldor.com\/en\/the-president-from-catalan-goverment-has-visited-castell-dor\/\" \/>\n<meta property=\"og:locale\" content=\"en_US\" \/>\n<meta property=\"og:type\" content=\"article\" \/>\n<meta property=\"og:title\" content=\"The President from Catalan Goverment has visited Castell d&#039;Or| Castell d&#039;Or\" \/>\n<meta property=\"og:description\" content=\"The President of the Catalan Government has visited Castell d&#039;Or, a project created by the union of 16 cooperatives.\" \/>\n<meta property=\"og:url\" content=\"https:\/\/castelldor.com\/en\/the-president-from-catalan-goverment-has-visited-castell-dor\/\" \/>\n<meta property=\"og:site_name\" content=\"Castell d&#039;Or\" \/>\n<meta property=\"article:published_time\" content=\"2024-03-25T13:10:28+00:00\" \/>\n<meta property=\"article:modified_time\" content=\"2024-04-10T11:12:40+00:00\" \/>\n<meta property=\"og:image\" content=\"https:\/\/castelldor.com\/wp-content\/uploads\/2024\/03\/47059ed3-271e-4d99-b0b3-c275c81dc9a8.jpeg\" \/>\n\t<meta property=\"og:image:width\" content=\"1280\" \/>\n\t<meta property=\"og:image:height\" content=\"853\" \/>\n\t<meta property=\"og:image:type\" content=\"image\/jpeg\" \/>\n<meta name=\"author\" content=\"Cristina\" \/>\n<meta name=\"twitter:card\" content=\"summary_large_image\" \/>\n<meta name=\"twitter:label1\" content=\"Written by\" \/>\n\t<meta name=\"twitter:data1\" content=\"Cristina\" \/>\n\t<meta name=\"twitter:label2\" content=\"Est. reading time\" \/>\n\t<meta name=\"twitter:data2\" content=\"2 minutes\" \/>\n<script type=\"application\/ld+json\" class=\"yoast-schema-graph\">{\"@context\":\"https:\\\/\\\/schema.org\",\"@graph\":[{\"@type\":\"Article\",\"@id\":\"https:\\\/\\\/castelldor.com\\\/en\\\/the-president-from-catalan-goverment-has-visited-castell-dor\\\/#article\",\"isPartOf\":{\"@id\":\"https:\\\/\\\/castelldor.com\\\/en\\\/the-president-from-catalan-goverment-has-visited-castell-dor\\\/\"},\"author\":{\"name\":\"Cristina\",\"@id\":\"https:\\\/\\\/castelldor.com\\\/en\\\/#\\\/schema\\\/person\\\/3800fc91546b8fea5812fe762dd57eab\"},\"headline\":\"The President from Catalan Goverment has visited Castell d&#8217;Or\",\"datePublished\":\"2024-03-25T13:10:28+00:00\",\"dateModified\":\"2024-04-10T11:12:40+00:00\",\"mainEntityOfPage\":{\"@id\":\"https:\\\/\\\/castelldor.com\\\/en\\\/the-president-from-catalan-goverment-has-visited-castell-dor\\\/\"},\"wordCount\":328,\"publisher\":{\"@id\":\"https:\\\/\\\/castelldor.com\\\/en\\\/#organization\"},\"image\":{\"@id\":\"https:\\\/\\\/castelldor.com\\\/en\\\/the-president-from-catalan-goverment-has-visited-castell-dor\\\/#primaryimage\"},\"thumbnailUrl\":\"https:\\\/\\\/castelldor.com\\\/wp-content\\\/uploads\\\/2024\\\/03\\\/47059ed3-271e-4d99-b0b3-c275c81dc9a8.jpeg\",\"articleSection\":[\"News\"],\"inLanguage\":\"en-US\"},{\"@type\":\"WebPage\",\"@id\":\"https:\\\/\\\/castelldor.com\\\/en\\\/the-president-from-catalan-goverment-has-visited-castell-dor\\\/\",\"url\":\"https:\\\/\\\/castelldor.com\\\/en\\\/the-president-from-catalan-goverment-has-visited-castell-dor\\\/\",\"name\":\"The President from Catalan Goverment has visited Castell d'Or| Castell d&#039;Or\",\"isPartOf\":{\"@id\":\"https:\\\/\\\/castelldor.com\\\/en\\\/#website\"},\"primaryImageOfPage\":{\"@id\":\"https:\\\/\\\/castelldor.com\\\/en\\\/the-president-from-catalan-goverment-has-visited-castell-dor\\\/#primaryimage\"},\"image\":{\"@id\":\"https:\\\/\\\/castelldor.com\\\/en\\\/the-president-from-catalan-goverment-has-visited-castell-dor\\\/#primaryimage\"},\"thumbnailUrl\":\"https:\\\/\\\/castelldor.com\\\/wp-content\\\/uploads\\\/2024\\\/03\\\/47059ed3-271e-4d99-b0b3-c275c81dc9a8.jpeg\",\"datePublished\":\"2024-03-25T13:10:28+00:00\",\"dateModified\":\"2024-04-10T11:12:40+00:00\",\"description\":\"The President of the Catalan Government has visited Castell d'Or, a project created by the union of 16 cooperatives.\",\"breadcrumb\":{\"@id\":\"https:\\\/\\\/castelldor.com\\\/en\\\/the-president-from-catalan-goverment-has-visited-castell-dor\\\/#breadcrumb\"},\"inLanguage\":\"en-US\",\"potentialAction\":[{\"@type\":\"ReadAction\",\"target\":[\"https:\\\/\\\/castelldor.com\\\/en\\\/the-president-from-catalan-goverment-has-visited-castell-dor\\\/\"]}]},{\"@type\":\"ImageObject\",\"inLanguage\":\"en-US\",\"@id\":\"https:\\\/\\\/castelldor.com\\\/en\\\/the-president-from-catalan-goverment-has-visited-castell-dor\\\/#primaryimage\",\"url\":\"https:\\\/\\\/castelldor.com\\\/wp-content\\\/uploads\\\/2024\\\/03\\\/47059ed3-271e-4d99-b0b3-c275c81dc9a8.jpeg\",\"contentUrl\":\"https:\\\/\\\/castelldor.com\\\/wp-content\\\/uploads\\\/2024\\\/03\\\/47059ed3-271e-4d99-b0b3-c275c81dc9a8.jpeg\",\"width\":1280,\"height\":853},{\"@type\":\"BreadcrumbList\",\"@id\":\"https:\\\/\\\/castelldor.com\\\/en\\\/the-president-from-catalan-goverment-has-visited-castell-dor\\\/#breadcrumb\",\"itemListElement\":[{\"@type\":\"ListItem\",\"position\":1,\"name\":\"Inici\",\"item\":\"https:\\\/\\\/castelldor.com\\\/en\\\/\"},{\"@type\":\"ListItem\",\"position\":2,\"name\":\"The President from Catalan Goverment has visited Castell d&#8217;Or\"}]},{\"@type\":\"WebSite\",\"@id\":\"https:\\\/\\\/castelldor.com\\\/en\\\/#website\",\"url\":\"https:\\\/\\\/castelldor.com\\\/en\\\/\",\"name\":\"Castell d&#039;Or\",\"description\":\"Love people, Love wine\",\"publisher\":{\"@id\":\"https:\\\/\\\/castelldor.com\\\/en\\\/#organization\"},\"potentialAction\":[{\"@type\":\"SearchAction\",\"target\":{\"@type\":\"EntryPoint\",\"urlTemplate\":\"https:\\\/\\\/castelldor.com\\\/en\\\/?s={search_term_string}\"},\"query-input\":{\"@type\":\"PropertyValueSpecification\",\"valueRequired\":true,\"valueName\":\"search_term_string\"}}],\"inLanguage\":\"en-US\"},{\"@type\":\"Organization\",\"@id\":\"https:\\\/\\\/castelldor.com\\\/en\\\/#organization\",\"name\":\"Castell d'Or\",\"url\":\"https:\\\/\\\/castelldor.com\\\/en\\\/\",\"logo\":{\"@type\":\"ImageObject\",\"inLanguage\":\"en-US\",\"@id\":\"https:\\\/\\\/castelldor.com\\\/en\\\/#\\\/schema\\\/logo\\\/image\\\/\",\"url\":\"https:\\\/\\\/castelldor.com\\\/wp-content\\\/uploads\\\/2022\\\/08\\\/Castell-dor-blanc.svg\",\"contentUrl\":\"https:\\\/\\\/castelldor.com\\\/wp-content\\\/uploads\\\/2022\\\/08\\\/Castell-dor-blanc.svg\",\"width\":169,\"height\":61,\"caption\":\"Castell d'Or\"},\"image\":{\"@id\":\"https:\\\/\\\/castelldor.com\\\/en\\\/#\\\/schema\\\/logo\\\/image\\\/\"}},{\"@type\":\"Person\",\"@id\":\"https:\\\/\\\/castelldor.com\\\/en\\\/#\\\/schema\\\/person\\\/3800fc91546b8fea5812fe762dd57eab\",\"name\":\"Cristina\",\"image\":{\"@type\":\"ImageObject\",\"inLanguage\":\"en-US\",\"@id\":\"https:\\\/\\\/secure.gravatar.com\\\/avatar\\\/579c1860b6ddac6d2d774a241f04090d5c13b826525a5d2ed1cf72ca0cce4a17?s=96&d=mm&r=g\",\"url\":\"https:\\\/\\\/secure.gravatar.com\\\/avatar\\\/579c1860b6ddac6d2d774a241f04090d5c13b826525a5d2ed1cf72ca0cce4a17?s=96&d=mm&r=g\",\"contentUrl\":\"https:\\\/\\\/secure.gravatar.com\\\/avatar\\\/579c1860b6ddac6d2d774a241f04090d5c13b826525a5d2ed1cf72ca0cce4a17?s=96&d=mm&r=g\",\"caption\":\"Cristina\"}}]}<\/script>\n<!-- \/ Yoast SEO plugin. -->","yoast_head_json":{"title":"The President from Catalan Goverment has visited Castell d'Or| Castell d&#039;Or","description":"The President of the Catalan Government has visited Castell d'Or, a project created by the union of 16 cooperatives.","robots":{"index":"index","follow":"follow","max-snippet":"max-snippet:-1","max-image-preview":"max-image-preview:large","max-video-preview":"max-video-preview:-1"},"canonical":"https:\/\/castelldor.com\/en\/the-president-from-catalan-goverment-has-visited-castell-dor\/","og_locale":"en_US","og_type":"article","og_title":"The President from Catalan Goverment has visited Castell d'Or| Castell d&#039;Or","og_description":"The President of the Catalan Government has visited Castell d'Or, a project created by the union of 16 cooperatives.","og_url":"https:\/\/castelldor.com\/en\/the-president-from-catalan-goverment-has-visited-castell-dor\/","og_site_name":"Castell d&#039;Or","article_published_time":"2024-03-25T13:10:28+00:00","article_modified_time":"2024-04-10T11:12:40+00:00","og_image":[{"width":1280,"height":853,"url":"https:\/\/castelldor.com\/wp-content\/uploads\/2024\/03\/47059ed3-271e-4d99-b0b3-c275c81dc9a8.jpeg","type":"image\/jpeg"}],"author":"Cristina","twitter_card":"summary_large_image","twitter_misc":{"Written by":"Cristina","Est. reading time":"2 minutes"},"schema":{"@context":"https:\/\/schema.org","@graph":[{"@type":"Article","@id":"https:\/\/castelldor.com\/en\/the-president-from-catalan-goverment-has-visited-castell-dor\/#article","isPartOf":{"@id":"https:\/\/castelldor.com\/en\/the-president-from-catalan-goverment-has-visited-castell-dor\/"},"author":{"name":"Cristina","@id":"https:\/\/castelldor.com\/en\/#\/schema\/person\/3800fc91546b8fea5812fe762dd57eab"},"headline":"The President from Catalan Goverment has visited Castell d&#8217;Or","datePublished":"2024-03-25T13:10:28+00:00","dateModified":"2024-04-10T11:12:40+00:00","mainEntityOfPage":{"@id":"https:\/\/castelldor.com\/en\/the-president-from-catalan-goverment-has-visited-castell-dor\/"},"wordCount":328,"publisher":{"@id":"https:\/\/castelldor.com\/en\/#organization"},"image":{"@id":"https:\/\/castelldor.com\/en\/the-president-from-catalan-goverment-has-visited-castell-dor\/#primaryimage"},"thumbnailUrl":"https:\/\/castelldor.com\/wp-content\/uploads\/2024\/03\/47059ed3-271e-4d99-b0b3-c275c81dc9a8.jpeg","articleSection":["News"],"inLanguage":"en-US"},{"@type":"WebPage","@id":"https:\/\/castelldor.com\/en\/the-president-from-catalan-goverment-has-visited-castell-dor\/","url":"https:\/\/castelldor.com\/en\/the-president-from-catalan-goverment-has-visited-castell-dor\/","name":"The President from Catalan Goverment has visited Castell d'Or| Castell d&#039;Or","isPartOf":{"@id":"https:\/\/castelldor.com\/en\/#website"},"primaryImageOfPage":{"@id":"https:\/\/castelldor.com\/en\/the-president-from-catalan-goverment-has-visited-castell-dor\/#primaryimage"},"image":{"@id":"https:\/\/castelldor.com\/en\/the-president-from-catalan-goverment-has-visited-castell-dor\/#primaryimage"},"thumbnailUrl":"https:\/\/castelldor.com\/wp-content\/uploads\/2024\/03\/47059ed3-271e-4d99-b0b3-c275c81dc9a8.jpeg","datePublished":"2024-03-25T13:10:28+00:00","dateModified":"2024-04-10T11:12:40+00:00","description":"The President of the Catalan Government has visited Castell d'Or, a project created by the union of 16 cooperatives.","breadcrumb":{"@id":"https:\/\/castelldor.com\/en\/the-president-from-catalan-goverment-has-visited-castell-dor\/#breadcrumb"},"inLanguage":"en-US","potentialAction":[{"@type":"ReadAction","target":["https:\/\/castelldor.com\/en\/the-president-from-catalan-goverment-has-visited-castell-dor\/"]}]},{"@type":"ImageObject","inLanguage":"en-US","@id":"https:\/\/castelldor.com\/en\/the-president-from-catalan-goverment-has-visited-castell-dor\/#primaryimage","url":"https:\/\/castelldor.com\/wp-content\/uploads\/2024\/03\/47059ed3-271e-4d99-b0b3-c275c81dc9a8.jpeg","contentUrl":"https:\/\/castelldor.com\/wp-content\/uploads\/2024\/03\/47059ed3-271e-4d99-b0b3-c275c81dc9a8.jpeg","width":1280,"height":853},{"@type":"BreadcrumbList","@id":"https:\/\/castelldor.com\/en\/the-president-from-catalan-goverment-has-visited-castell-dor\/#breadcrumb","itemListElement":[{"@type":"ListItem","position":1,"name":"Inici","item":"https:\/\/castelldor.com\/en\/"},{"@type":"ListItem","position":2,"name":"The President from Catalan Goverment has visited Castell d&#8217;Or"}]},{"@type":"WebSite","@id":"https:\/\/castelldor.com\/en\/#website","url":"https:\/\/castelldor.com\/en\/","name":"Castell d&#039;Or","description":"Love people, Love wine","publisher":{"@id":"https:\/\/castelldor.com\/en\/#organization"},"potentialAction":[{"@type":"SearchAction","target":{"@type":"EntryPoint","urlTemplate":"https:\/\/castelldor.com\/en\/?s={search_term_string}"},"query-input":{"@type":"PropertyValueSpecification","valueRequired":true,"valueName":"search_term_string"}}],"inLanguage":"en-US"},{"@type":"Organization","@id":"https:\/\/castelldor.com\/en\/#organization","name":"Castell d'Or","url":"https:\/\/castelldor.com\/en\/","logo":{"@type":"ImageObject","inLanguage":"en-US","@id":"https:\/\/castelldor.com\/en\/#\/schema\/logo\/image\/","url":"https:\/\/castelldor.com\/wp-content\/uploads\/2022\/08\/Castell-dor-blanc.svg","contentUrl":"https:\/\/castelldor.com\/wp-content\/uploads\/2022\/08\/Castell-dor-blanc.svg","width":169,"height":61,"caption":"Castell d'Or"},"image":{"@id":"https:\/\/castelldor.com\/en\/#\/schema\/logo\/image\/"}},{"@type":"Person","@id":"https:\/\/castelldor.com\/en\/#\/schema\/person\/3800fc91546b8fea5812fe762dd57eab","name":"Cristina","image":{"@type":"ImageObject","inLanguage":"en-US","@id":"https:\/\/secure.gravatar.com\/avatar\/579c1860b6ddac6d2d774a241f04090d5c13b826525a5d2ed1cf72ca0cce4a17?s=96&d=mm&r=g","url":"https:\/\/secure.gravatar.com\/avatar\/579c1860b6ddac6d2d774a241f04090d5c13b826525a5d2ed1cf72ca0cce4a17?s=96&d=mm&r=g","contentUrl":"https:\/\/secure.gravatar.com\/avatar\/579c1860b6ddac6d2d774a241f04090d5c13b826525a5d2ed1cf72ca0cce4a17?s=96&d=mm&r=g","caption":"Cristina"}}]}},"_links":{"self":[{"href":"https:\/\/castelldor.com\/en\/wp-json\/wp\/v2\/posts\/135749","targetHints":{"allow":["GET"]}}],"collection":[{"href":"https:\/\/castelldor.com\/en\/wp-json\/wp\/v2\/posts"}],"about":[{"href":"https:\/\/castelldor.com\/en\/wp-json\/wp\/v2\/types\/post"}],"author":[{"embeddable":true,"href":"https:\/\/castelldor.com\/en\/wp-json\/wp\/v2\/users\/2"}],"replies":[{"embeddable":true,"href":"https:\/\/castelldor.com\/en\/wp-json\/wp\/v2\/comments?post=135749"}],"version-history":[{"count":8,"href":"https:\/\/castelldor.com\/en\/wp-json\/wp\/v2\/posts\/135749\/revisions"}],"predecessor-version":[{"id":136138,"href":"https:\/\/castelldor.com\/en\/wp-json\/wp\/v2\/posts\/135749\/revisions\/136138"}],"wp:featuredmedia":[{"embeddable":true,"href":"https:\/\/castelldor.com\/en\/wp-json\/wp\/v2\/media\/135729"}],"wp:attachment":[{"href":"https:\/\/castelldor.com\/en\/wp-json\/wp\/v2\/media?parent=135749"}],"wp:term":[{"taxonomy":"category","embeddable":true,"href":"https:\/\/castelldor.com\/en\/wp-json\/wp\/v2\/categories?post=135749"},{"taxonomy":"post_tag","embeddable":true,"href":"https:\/\/castelldor.com\/en\/wp-json\/wp\/v2\/tags?post=135749"}],"curies":[{"name":"wp","href":"https:\/\/api.w.org\/{rel}","templated":true}]}}